{"id":19240,"date":"2014-09-15T08:19:45","date_gmt":"2014-09-15T11:19:45","guid":{"rendered":"https:\/\/www.blogsoestado.com\/danielmatos\/?p=19240"},"modified":"2014-09-15T08:19:45","modified_gmt":"2014-09-15T11:19:45","slug":"degustacao-de-ostras-e-pratos-a-base-de-peixe-encerra-semana-de-incentivo-ao-consumo-de-pescado","status":"publish","type":"post","link":"https:\/\/www.blogsoestado.com\/danielmatos\/degustacao-de-ostras-e-pratos-a-base-de-peixe-encerra-semana-de-incentivo-ao-consumo-de-pescado\/","title":{"rendered":"Degusta\u00e7\u00e3o de ostras e pratos \u00e0 base de peixe encerra Semana de Incentivo ao Consumo de Pescado"},"content":{"rendered":"<figure id=\"attachment_19241\" aria-describedby=\"caption-attachment-19241\" style=\"width: 640px\" class=\"wp-caption aligncenter\"><a href=\"https:\/\/www.blogsoestado.com\/danielmatos\/files\/2014\/09\/pa\u00e7o-peixe.jpg\"><img fetchpriority=\"high\" decoding=\"async\" class=\"size-full wp-image-19241\" src=\"https:\/\/www.blogsoestado.com\/danielmatos\/files\/2014\/09\/pa\u00e7o-peixe.jpg\" alt=\"A programa\u00e7\u00e3o ainda contou com palestras para os presentes sobre as propriedades nutritivas do peixe\" width=\"640\" height=\"427\" \/><\/a><figcaption id=\"caption-attachment-19241\" class=\"wp-caption-text\">A programa\u00e7\u00e3o, que contou com a presen\u00e7a do prefeito Josemar.\u00a0tamb\u00e9m\u00a0teve palestras\u00a0sobre as propriedades nutritivas do peixe<\/figcaption><\/figure>\n<p>A programa\u00e7\u00e3o da Semana Nacional de Incentivo ao consumo do Pescado encerrou nesta sexta-feira, 12, na Pra\u00e7a Nossa Senhora da Luz, em Pa\u00e7o do Lumiar. Na oportunidade, houve degusta\u00e7\u00e3o de ostra e tamb\u00e9m de pratos variados feitos a base do pescado, al\u00e9m de palestra mostrando a import\u00e2ncia do peixe na dieta de crian\u00e7as e adultos.<\/p>\n<p>O prefeito de Pa\u00e7o do Lumiar, Josemar Sobreiro Oliveira, destacou o trabalho feito na Fazenda de Ostras, em Pecuapara, regi\u00e3o de Timbuba: \u201c\u00c9 um projeto desenvolvido pela Secretaria Municipal de Agricultura, Pesca e Abastecimento &#8211; Semapa, em parceria com a Universidade Federal do Maranh\u00e3o \u2013 UFMA, que envolve as comunidades do Moj\u00f3, Igua\u00edba, Timbuba. \u00c9 uma produ\u00e7\u00e3o em larga escala e o mais importante nesse processo \u00e9 a qualidade do produto que chega ao consumidor final\u201d.<\/p>\n<p>O presidente da Associa\u00e7\u00e3o de Pescadores e Marisqueiras de Pa\u00e7o do Lumiar, Josu\u00e9 Pereira, falou que a classe \u00e9 organizada e valorizada: \u201cTemos a casa das Marisqueiras, contribu\u00edmos com o meio ambiente aproveitando ostras, escamas de peixes variados e outros mariscos para o artesanato e as cascas de ostras j\u00e1 mortas que sobram s\u00e3o transformadas em p\u00f3 de ostra. E somos valorizados, recebemos o Registro Geral de Pesca e nossas marisqueiras tem direito at\u00e9 ao defeso\u201d, informou.<\/p>\n<p>A secret\u00e1ria municipal da Semapa, Rosany Aranha, ressaltou que este \u00e9 o segundo ano do Projeto em Pa\u00e7o do Lumiar: \u201cO envolvimento e a receptividade tem sido bons. \u00c9 importante conscientizar da import\u00e2ncia do consumo, e tamb\u00e9m queremos mostrar o polo pesqueiro que possu\u00edmos e fazer com que nossa produ\u00e7\u00e3o chegue em todas as mesas\u201d.<\/p>\n<p>Estavam presentes ao evento o representante do Minist\u00e9rio da Pesca, Marcos Cordeiro e a representante da Secretaria Estadual de Pesca e Aquicultura, F\u00e1tima Duarte. Al\u00e9m da comunidade e alunos da rede p\u00fablica municipal.<\/p>\n","protected":false},"excerpt":{"rendered":"<p>A programa\u00e7\u00e3o da Semana Nacional de Incentivo ao consumo do Pescado encerrou nesta sexta-feira, 12, na Pra\u00e7a Nossa Senhora da [&hellip;]<\/p>\n","protected":false},"author":0,"featured_media":0,"comment_status":"open","ping_status":"open","sticky":false,"template":"","format":"standard","meta":{"site-sidebar-layout":"default","site-content-layout":"","ast-site-content-layout":"default","site-content-style":"default","site-sidebar-style":"default","ast-global-header-display":"","ast-banner-title-visibility":"","ast-main-header-display":"","ast-hfb-above-header-display":"","ast-hfb-below-header-display":"","ast-hfb-mobile-header-display":"","site-post-title":"","ast-breadcrumbs-content":"","ast-featured-img":"","footer-sml-layout":"","ast-disable-related-posts":"","theme-transparent-header-meta":"","adv-header-id-meta":"","stick-header-meta":"","header-above-stick-meta":"","header-main-stick-meta":"","header-below-stick-meta":"","astra-migrate-meta-layouts":"default","ast-page-background-enabled":"default","ast-page-background-meta":{"desktop":{"background-color":"var(--ast-global-color-5)","background-image":"","background-repeat":"repeat","background-position":"center center","background-size":"auto","background-attachment":"scroll","background-type":"","background-media":"","overlay-type":"","overlay-color":"","overlay-opacity":"","overlay-gradient":""},"tablet":{"background-color":"","background-image":"","background-repeat":"repeat","background-position":"center center","background-size":"auto","background-attachment":"scroll","background-type":"","background-media":"","overlay-type":"","overlay-color":"","overlay-opacity":"","overlay-gradient":""},"mobile":{"background-color":"","background-image":"","background-repeat":"repeat","background-position":"center center","background-size":"auto","background-attachment":"scroll","background-type":"","background-media":"","overlay-type":"","overlay-color":"","overlay-opacity":"","overlay-gradient":""}},"ast-content-background-meta":{"desktop":{"background-color":"var(--ast-global-color-4)","background-image":"","background-repeat":"repeat","background-position":"center center","background-size":"auto","background-attachment":"scroll","background-type":"","background-media":"","overlay-type":"","overlay-color":"","overlay-opacity":"","overlay-gradient":""},"tablet":{"background-color":"var(--ast-global-color-4)","background-image":"","background-repeat":"repeat","background-position":"center center","background-size":"auto","background-attachment":"scroll","background-type":"","background-media":"","overlay-type":"","overlay-color":"","overlay-opacity":"","overlay-gradient":""},"mobile":{"background-color":"var(--ast-global-color-4)","background-image":"","background-repeat":"repeat","background-position":"center center","background-size":"auto","background-attachment":"scroll","background-type":"","background-media":"","overlay-type":"","overlay-color":"","overlay-opacity":"","overlay-gradient":""}},"footnotes":""},"categories":[1],"tags":[],"class_list":["post-19240","post","type-post","status-publish","format-standard","hentry","category-sem-categoria"],"yoast_head":"<!-- This site is optimized with the Yoast SEO plugin v26.6 - https:\/\/yoast.com\/wordpress\/plugins\/seo\/ -->\n<title>Degusta\u00e7\u00e3o de ostras e pratos \u00e0 base de peixe encerra Semana de Incentivo ao Consumo de Pescado - Daniel Matos<\/title>\n<meta name=\"robots\" content=\"index, follow, max-snippet:-1, max-image-preview:large, max-video-preview:-1\" \/>\n<link rel=\"canonical\" href=\"https:\/\/www.blogsoestado.com\/danielmatos\/degustacao-de-ostras-e-pratos-a-base-de-peixe-encerra-semana-de-incentivo-ao-consumo-de-pescado\/\" \/>\n<meta property=\"og:locale\" content=\"pt_BR\" \/>\n<meta property=\"og:type\" content=\"article\" \/>\n<meta property=\"og:title\" content=\"Degusta\u00e7\u00e3o de ostras e pratos \u00e0 base de peixe encerra Semana de Incentivo ao Consumo de Pescado - Daniel Matos\" \/>\n<meta property=\"og:description\" content=\"A programa\u00e7\u00e3o da Semana Nacional de Incentivo ao consumo do Pescado encerrou nesta sexta-feira, 12, na Pra\u00e7a Nossa Senhora da [&hellip;]\" \/>\n<meta property=\"og:url\" content=\"https:\/\/www.blogsoestado.com\/danielmatos\/degustacao-de-ostras-e-pratos-a-base-de-peixe-encerra-semana-de-incentivo-ao-consumo-de-pescado\/\" \/>\n<meta property=\"og:site_name\" content=\"Daniel Matos\" \/>\n<meta property=\"article:published_time\" content=\"2014-09-15T11:19:45+00:00\" \/>\n<meta name=\"twitter:card\" content=\"summary_large_image\" \/>\n<meta name=\"twitter:label1\" content=\"Est. tempo de leitura\" \/>\n\t<meta name=\"twitter:data1\" content=\"2 minutos\" \/>\n<script type=\"application\/ld+json\" class=\"yoast-schema-graph\">{\"@context\":\"https:\/\/schema.org\",\"@graph\":[{\"@type\":\"WebPage\",\"@id\":\"https:\/\/www.blogsoestado.com\/danielmatos\/degustacao-de-ostras-e-pratos-a-base-de-peixe-encerra-semana-de-incentivo-ao-consumo-de-pescado\/\",\"url\":\"https:\/\/www.blogsoestado.com\/danielmatos\/degustacao-de-ostras-e-pratos-a-base-de-peixe-encerra-semana-de-incentivo-ao-consumo-de-pescado\/\",\"name\":\"Degusta\u00e7\u00e3o de ostras e pratos \u00e0 base de peixe encerra Semana de Incentivo ao Consumo de Pescado - Daniel Matos\",\"isPartOf\":{\"@id\":\"https:\/\/www.blogsoestado.com\/danielmatos\/#website\"},\"datePublished\":\"2014-09-15T11:19:45+00:00\",\"author\":{\"@id\":\"\"},\"breadcrumb\":{\"@id\":\"https:\/\/www.blogsoestado.com\/danielmatos\/degustacao-de-ostras-e-pratos-a-base-de-peixe-encerra-semana-de-incentivo-ao-consumo-de-pescado\/#breadcrumb\"},\"inLanguage\":\"pt-BR\",\"potentialAction\":[{\"@type\":\"ReadAction\",\"target\":[\"https:\/\/www.blogsoestado.com\/danielmatos\/degustacao-de-ostras-e-pratos-a-base-de-peixe-encerra-semana-de-incentivo-ao-consumo-de-pescado\/\"]}]},{\"@type\":\"BreadcrumbList\",\"@id\":\"https:\/\/www.blogsoestado.com\/danielmatos\/degustacao-de-ostras-e-pratos-a-base-de-peixe-encerra-semana-de-incentivo-ao-consumo-de-pescado\/#breadcrumb\",\"itemListElement\":[{\"@type\":\"ListItem\",\"position\":1,\"name\":\"In\u00edcio\",\"item\":\"https:\/\/www.blogsoestado.com\/danielmatos\/\"},{\"@type\":\"ListItem\",\"position\":2,\"name\":\"Degusta\u00e7\u00e3o de ostras e pratos \u00e0 base de peixe encerra Semana de Incentivo ao Consumo de Pescado\"}]},{\"@type\":\"WebSite\",\"@id\":\"https:\/\/www.blogsoestado.com\/danielmatos\/#website\",\"url\":\"https:\/\/www.blogsoestado.com\/danielmatos\/\",\"name\":\"Daniel Matos\",\"description\":\"\",\"potentialAction\":[{\"@type\":\"SearchAction\",\"target\":{\"@type\":\"EntryPoint\",\"urlTemplate\":\"https:\/\/www.blogsoestado.com\/danielmatos\/?s={search_term_string}\"},\"query-input\":{\"@type\":\"PropertyValueSpecification\",\"valueRequired\":true,\"valueName\":\"search_term_string\"}}],\"inLanguage\":\"pt-BR\"}]}<\/script>\n<!-- \/ Yoast SEO plugin. -->","yoast_head_json":{"title":"Degusta\u00e7\u00e3o de ostras e pratos \u00e0 base de peixe encerra Semana de Incentivo ao Consumo de Pescado - Daniel Matos","robots":{"index":"index","follow":"follow","max-snippet":"max-snippet:-1","max-image-preview":"max-image-preview:large","max-video-preview":"max-video-preview:-1"},"canonical":"https:\/\/www.blogsoestado.com\/danielmatos\/degustacao-de-ostras-e-pratos-a-base-de-peixe-encerra-semana-de-incentivo-ao-consumo-de-pescado\/","og_locale":"pt_BR","og_type":"article","og_title":"Degusta\u00e7\u00e3o de ostras e pratos \u00e0 base de peixe encerra Semana de Incentivo ao Consumo de Pescado - Daniel Matos","og_description":"A programa\u00e7\u00e3o da Semana Nacional de Incentivo ao consumo do Pescado encerrou nesta sexta-feira, 12, na Pra\u00e7a Nossa Senhora da [&hellip;]","og_url":"https:\/\/www.blogsoestado.com\/danielmatos\/degustacao-de-ostras-e-pratos-a-base-de-peixe-encerra-semana-de-incentivo-ao-consumo-de-pescado\/","og_site_name":"Daniel Matos","article_published_time":"2014-09-15T11:19:45+00:00","twitter_card":"summary_large_image","twitter_misc":{"Est. tempo de leitura":"2 minutos"},"schema":{"@context":"https:\/\/schema.org","@graph":[{"@type":"WebPage","@id":"https:\/\/www.blogsoestado.com\/danielmatos\/degustacao-de-ostras-e-pratos-a-base-de-peixe-encerra-semana-de-incentivo-ao-consumo-de-pescado\/","url":"https:\/\/www.blogsoestado.com\/danielmatos\/degustacao-de-ostras-e-pratos-a-base-de-peixe-encerra-semana-de-incentivo-ao-consumo-de-pescado\/","name":"Degusta\u00e7\u00e3o de ostras e pratos \u00e0 base de peixe encerra Semana de Incentivo ao Consumo de Pescado - Daniel Matos","isPartOf":{"@id":"https:\/\/www.blogsoestado.com\/danielmatos\/#website"},"datePublished":"2014-09-15T11:19:45+00:00","author":{"@id":""},"breadcrumb":{"@id":"https:\/\/www.blogsoestado.com\/danielmatos\/degustacao-de-ostras-e-pratos-a-base-de-peixe-encerra-semana-de-incentivo-ao-consumo-de-pescado\/#breadcrumb"},"inLanguage":"pt-BR","potentialAction":[{"@type":"ReadAction","target":["https:\/\/www.blogsoestado.com\/danielmatos\/degustacao-de-ostras-e-pratos-a-base-de-peixe-encerra-semana-de-incentivo-ao-consumo-de-pescado\/"]}]},{"@type":"BreadcrumbList","@id":"https:\/\/www.blogsoestado.com\/danielmatos\/degustacao-de-ostras-e-pratos-a-base-de-peixe-encerra-semana-de-incentivo-ao-consumo-de-pescado\/#breadcrumb","itemListElement":[{"@type":"ListItem","position":1,"name":"In\u00edcio","item":"https:\/\/www.blogsoestado.com\/danielmatos\/"},{"@type":"ListItem","position":2,"name":"Degusta\u00e7\u00e3o de ostras e pratos \u00e0 base de peixe encerra Semana de Incentivo ao Consumo de Pescado"}]},{"@type":"WebSite","@id":"https:\/\/www.blogsoestado.com\/danielmatos\/#website","url":"https:\/\/www.blogsoestado.com\/danielmatos\/","name":"Daniel Matos","description":"","potentialAction":[{"@type":"SearchAction","target":{"@type":"EntryPoint","urlTemplate":"https:\/\/www.blogsoestado.com\/danielmatos\/?s={search_term_string}"},"query-input":{"@type":"PropertyValueSpecification","valueRequired":true,"valueName":"search_term_string"}}],"inLanguage":"pt-BR"}]}},"jetpack_featured_media_url":"","_links":{"self":[{"href":"https:\/\/www.blogsoestado.com\/danielmatos\/wp-json\/wp\/v2\/posts\/19240","targetHints":{"allow":["GET"]}}],"collection":[{"href":"https:\/\/www.blogsoestado.com\/danielmatos\/wp-json\/wp\/v2\/posts"}],"about":[{"href":"https:\/\/www.blogsoestado.com\/danielmatos\/wp-json\/wp\/v2\/types\/post"}],"replies":[{"embeddable":true,"href":"https:\/\/www.blogsoestado.com\/danielmatos\/wp-json\/wp\/v2\/comments?post=19240"}],"version-history":[{"count":0,"href":"https:\/\/www.blogsoestado.com\/danielmatos\/wp-json\/wp\/v2\/posts\/19240\/revisions"}],"wp:attachment":[{"href":"https:\/\/www.blogsoestado.com\/danielmatos\/wp-json\/wp\/v2\/media?parent=19240"}],"wp:term":[{"taxonomy":"category","embeddable":true,"href":"https:\/\/www.blogsoestado.com\/danielmatos\/wp-json\/wp\/v2\/categories?post=19240"},{"taxonomy":"post_tag","embeddable":true,"href":"https:\/\/www.blogsoestado.com\/danielmatos\/wp-json\/wp\/v2\/tags?post=19240"}],"curies":[{"name":"wp","href":"https:\/\/api.w.org\/{rel}","templated":true}]}}