{"id":19246,"date":"2014-09-15T10:47:54","date_gmt":"2014-09-15T13:47:54","guid":{"rendered":"https:\/\/www.blogsoestado.com\/danielmatos\/?p=19246"},"modified":"2014-09-15T10:47:54","modified_gmt":"2014-09-15T13:47:54","slug":"preso-diretor-da-casa-de-detencao-de-pedrinhas","status":"publish","type":"post","link":"https:\/\/www.blogsoestado.com\/danielmatos\/preso-diretor-da-casa-de-detencao-de-pedrinhas\/","title":{"rendered":"Preso diretor da Casa de Deten\u00e7\u00e3o de Pedrinhas"},"content":{"rendered":"<figure id=\"attachment_19247\" aria-describedby=\"caption-attachment-19247\" style=\"width: 448px\" class=\"wp-caption alignright\"><a href=\"https:\/\/www.blogsoestado.com\/danielmatos\/files\/2014\/09\/barcelos.jpg\"><img fetchpriority=\"high\" decoding=\"async\" class=\"size-full wp-image-19247\" src=\"https:\/\/www.blogsoestado.com\/danielmatos\/files\/2014\/09\/barcelos.jpg\" alt=\"Cl\u00e1udio Barcelos \u00e9 acusado de facilitar fuga de presos\" width=\"448\" height=\"336\" \/><\/a><figcaption id=\"caption-attachment-19247\" class=\"wp-caption-text\">Diretor da Cadet, Cl\u00e1udio Barcelos, \u00e9 acusado de facilitar fuga de presos (<strong>Foto:<\/strong>\u00a0Blog SJnoticiasma)<\/figcaption><\/figure>\n<p>O diretor da Casa de Deten\u00e7\u00e3o (Cadet) de Pedrinhas, Cl\u00e1udio Barcelos, acaba de ser preso em uma opera\u00e7\u00e3o da Superintend\u00eancia Estadual de Investiga\u00e7\u00f5es Criminais (Seic), segundo informa\u00e7\u00e3o do rep\u00f3rter Domingos Ribeiro, da R\u00e1dio Mirante AM. Ele \u00e9 acusado de ter facilitado a fuga de tr\u00eas presos.<\/p>\n<p>A opera\u00e7\u00e3o que resultou na pris\u00e3o de Cl\u00e1udio foi comandada pelo delegado Roberto Larrat. Segundo as investiga\u00e7\u00f5es, ele teria recebido cerca de R$ 300 mil para facilitar a fuga\u00a0de tr\u00eas assaltantes de banco.<\/p>\n<p>Cl\u00e1udio foi o segundo diretor da Cadet\u00a0preso em um ano e meio sob a acusa\u00e7\u00e3o de facilitar fuga de presos.\u00a0Em mar\u00e7o de 2013, o ex-diretor do pres\u00eddio M\u00e1rcio Wendel Reis foi detido por suspeita de ter recebido uma determinada quantia para permitir que\u00a0um\u00a0arrombador de caixa eletr\u00f4nico deixasse a cadeia.<\/p>\n<p>Em entrevistas, Cl\u00e1udio Barcelos sempre destacava\u00a0o &#8220;clima de paz, ordem e seguran\u00e7a na Cadet&#8221;,\u00a0destoando totalmente da realidade das demais unidades prisionais do Complexo de Pedrinhas,\u00a0provavelmente para n\u00e3o chamar a aten\u00e7\u00e3o para irregularidades cometidas no pres\u00eddio.<\/p>\n<p>A Secretaria de Estado de Justi\u00e7a e Administra\u00e7\u00e3o Penitenci\u00e1ria (Sejap) dever\u00e1 se pronunciar sobre o caso nas pr\u00f3ximas horas.<\/p>\n","protected":false},"excerpt":{"rendered":"<p>O diretor da Casa de Deten\u00e7\u00e3o (Cadet) de Pedrinhas, Cl\u00e1udio Barcelos, acaba de ser preso em uma opera\u00e7\u00e3o da Superintend\u00eancia [&hellip;]<\/p>\n","protected":false},"author":0,"featured_media":0,"comment_status":"open","ping_status":"open","sticky":false,"template":"","format":"standard","meta":{"site-sidebar-layout":"default","site-content-layout":"","ast-site-content-layout":"default","site-content-style":"default","site-sidebar-style":"default","ast-global-header-display":"","ast-banner-title-visibility":"","ast-main-header-display":"","ast-hfb-above-header-display":"","ast-hfb-below-header-display":"","ast-hfb-mobile-header-display":"","site-post-title":"","ast-breadcrumbs-content":"","ast-featured-img":"","footer-sml-layout":"","ast-disable-related-posts":"","theme-transparent-header-meta":"","adv-header-id-meta":"","stick-header-meta":"","header-above-stick-meta":"","header-main-stick-meta":"","header-below-stick-meta":"","astra-migrate-meta-layouts":"default","ast-page-background-enabled":"default","ast-page-background-meta":{"desktop":{"background-color":"var(--ast-global-color-5)","background-image":"","background-repeat":"repeat","background-position":"center center","background-size":"auto","background-attachment":"scroll","background-type":"","background-media":"","overlay-type":"","overlay-color":"","overlay-opacity":"","overlay-gradient":""},"tablet":{"background-color":"","background-image":"","background-repeat":"repeat","background-position":"center center","background-size":"auto","background-attachment":"scroll","background-type":"","background-media":"","overlay-type":"","overlay-color":"","overlay-opacity":"","overlay-gradient":""},"mobile":{"background-color":"","background-image":"","background-repeat":"repeat","background-position":"center center","background-size":"auto","background-attachment":"scroll","background-type":"","background-media":"","overlay-type":"","overlay-color":"","overlay-opacity":"","overlay-gradient":""}},"ast-content-background-meta":{"desktop":{"background-color":"var(--ast-global-color-4)","background-image":"","background-repeat":"repeat","background-position":"center center","background-size":"auto","background-attachment":"scroll","background-type":"","background-media":"","overlay-type":"","overlay-color":"","overlay-opacity":"","overlay-gradient":""},"tablet":{"background-color":"var(--ast-global-color-4)","background-image":"","background-repeat":"repeat","background-position":"center center","background-size":"auto","background-attachment":"scroll","background-type":"","background-media":"","overlay-type":"","overlay-color":"","overlay-opacity":"","overlay-gradient":""},"mobile":{"background-color":"var(--ast-global-color-4)","background-image":"","background-repeat":"repeat","background-position":"center center","background-size":"auto","background-attachment":"scroll","background-type":"","background-media":"","overlay-type":"","overlay-color":"","overlay-opacity":"","overlay-gradient":""}},"footnotes":""},"categories":[1],"tags":[],"class_list":["post-19246","post","type-post","status-publish","format-standard","hentry","category-sem-categoria"],"yoast_head":"<!-- This site is optimized with the Yoast SEO plugin v26.6 - https:\/\/yoast.com\/wordpress\/plugins\/seo\/ -->\n<title>Preso diretor da Casa de Deten\u00e7\u00e3o de Pedrinhas - Daniel Matos<\/title>\n<meta name=\"robots\" content=\"index, follow, max-snippet:-1, max-image-preview:large, max-video-preview:-1\" \/>\n<link rel=\"canonical\" href=\"https:\/\/www.blogsoestado.com\/danielmatos\/preso-diretor-da-casa-de-detencao-de-pedrinhas\/\" \/>\n<meta property=\"og:locale\" content=\"pt_BR\" \/>\n<meta property=\"og:type\" content=\"article\" \/>\n<meta property=\"og:title\" content=\"Preso diretor da Casa de Deten\u00e7\u00e3o de Pedrinhas - Daniel Matos\" \/>\n<meta property=\"og:description\" content=\"O diretor da Casa de Deten\u00e7\u00e3o (Cadet) de Pedrinhas, Cl\u00e1udio Barcelos, acaba de ser preso em uma opera\u00e7\u00e3o da Superintend\u00eancia [&hellip;]\" \/>\n<meta property=\"og:url\" content=\"https:\/\/www.blogsoestado.com\/danielmatos\/preso-diretor-da-casa-de-detencao-de-pedrinhas\/\" \/>\n<meta property=\"og:site_name\" content=\"Daniel Matos\" \/>\n<meta property=\"article:published_time\" content=\"2014-09-15T13:47:54+00:00\" \/>\n<meta property=\"og:image\" content=\"https:\/\/www.blogsoestado.com\/danielmatos\/files\/2014\/09\/barcelos.jpg\" \/>\n<meta name=\"twitter:card\" content=\"summary_large_image\" \/>\n<meta name=\"twitter:label1\" content=\"Est. tempo de leitura\" \/>\n\t<meta name=\"twitter:data1\" content=\"1 minuto\" \/>\n<script type=\"application\/ld+json\" class=\"yoast-schema-graph\">{\"@context\":\"https:\/\/schema.org\",\"@graph\":[{\"@type\":\"WebPage\",\"@id\":\"https:\/\/www.blogsoestado.com\/danielmatos\/preso-diretor-da-casa-de-detencao-de-pedrinhas\/\",\"url\":\"https:\/\/www.blogsoestado.com\/danielmatos\/preso-diretor-da-casa-de-detencao-de-pedrinhas\/\",\"name\":\"Preso diretor da Casa de Deten\u00e7\u00e3o de Pedrinhas - Daniel Matos\",\"isPartOf\":{\"@id\":\"https:\/\/www.blogsoestado.com\/danielmatos\/#website\"},\"primaryImageOfPage\":{\"@id\":\"https:\/\/www.blogsoestado.com\/danielmatos\/preso-diretor-da-casa-de-detencao-de-pedrinhas\/#primaryimage\"},\"image\":{\"@id\":\"https:\/\/www.blogsoestado.com\/danielmatos\/preso-diretor-da-casa-de-detencao-de-pedrinhas\/#primaryimage\"},\"thumbnailUrl\":\"https:\/\/www.blogsoestado.com\/danielmatos\/files\/2014\/09\/barcelos.jpg\",\"datePublished\":\"2014-09-15T13:47:54+00:00\",\"author\":{\"@id\":\"\"},\"breadcrumb\":{\"@id\":\"https:\/\/www.blogsoestado.com\/danielmatos\/preso-diretor-da-casa-de-detencao-de-pedrinhas\/#breadcrumb\"},\"inLanguage\":\"pt-BR\",\"potentialAction\":[{\"@type\":\"ReadAction\",\"target\":[\"https:\/\/www.blogsoestado.com\/danielmatos\/preso-diretor-da-casa-de-detencao-de-pedrinhas\/\"]}]},{\"@type\":\"ImageObject\",\"inLanguage\":\"pt-BR\",\"@id\":\"https:\/\/www.blogsoestado.com\/danielmatos\/preso-diretor-da-casa-de-detencao-de-pedrinhas\/#primaryimage\",\"url\":\"https:\/\/www.blogsoestado.com\/danielmatos\/files\/2014\/09\/barcelos.jpg\",\"contentUrl\":\"https:\/\/www.blogsoestado.com\/danielmatos\/files\/2014\/09\/barcelos.jpg\"},{\"@type\":\"BreadcrumbList\",\"@id\":\"https:\/\/www.blogsoestado.com\/danielmatos\/preso-diretor-da-casa-de-detencao-de-pedrinhas\/#breadcrumb\",\"itemListElement\":[{\"@type\":\"ListItem\",\"position\":1,\"name\":\"In\u00edcio\",\"item\":\"https:\/\/www.blogsoestado.com\/danielmatos\/\"},{\"@type\":\"ListItem\",\"position\":2,\"name\":\"Preso diretor da Casa de Deten\u00e7\u00e3o de Pedrinhas\"}]},{\"@type\":\"WebSite\",\"@id\":\"https:\/\/www.blogsoestado.com\/danielmatos\/#website\",\"url\":\"https:\/\/www.blogsoestado.com\/danielmatos\/\",\"name\":\"Daniel Matos\",\"description\":\"\",\"potentialAction\":[{\"@type\":\"SearchAction\",\"target\":{\"@type\":\"EntryPoint\",\"urlTemplate\":\"https:\/\/www.blogsoestado.com\/danielmatos\/?s={search_term_string}\"},\"query-input\":{\"@type\":\"PropertyValueSpecification\",\"valueRequired\":true,\"valueName\":\"search_term_string\"}}],\"inLanguage\":\"pt-BR\"}]}<\/script>\n<!-- \/ Yoast SEO plugin. -->","yoast_head_json":{"title":"Preso diretor da Casa de Deten\u00e7\u00e3o de Pedrinhas - Daniel Matos","robots":{"index":"index","follow":"follow","max-snippet":"max-snippet:-1","max-image-preview":"max-image-preview:large","max-video-preview":"max-video-preview:-1"},"canonical":"https:\/\/www.blogsoestado.com\/danielmatos\/preso-diretor-da-casa-de-detencao-de-pedrinhas\/","og_locale":"pt_BR","og_type":"article","og_title":"Preso diretor da Casa de Deten\u00e7\u00e3o de Pedrinhas - Daniel Matos","og_description":"O diretor da Casa de Deten\u00e7\u00e3o (Cadet) de Pedrinhas, Cl\u00e1udio Barcelos, acaba de ser preso em uma opera\u00e7\u00e3o da Superintend\u00eancia [&hellip;]","og_url":"https:\/\/www.blogsoestado.com\/danielmatos\/preso-diretor-da-casa-de-detencao-de-pedrinhas\/","og_site_name":"Daniel Matos","article_published_time":"2014-09-15T13:47:54+00:00","og_image":[{"url":"https:\/\/www.blogsoestado.com\/danielmatos\/files\/2014\/09\/barcelos.jpg","type":"","width":"","height":""}],"twitter_card":"summary_large_image","twitter_misc":{"Est. tempo de leitura":"1 minuto"},"schema":{"@context":"https:\/\/schema.org","@graph":[{"@type":"WebPage","@id":"https:\/\/www.blogsoestado.com\/danielmatos\/preso-diretor-da-casa-de-detencao-de-pedrinhas\/","url":"https:\/\/www.blogsoestado.com\/danielmatos\/preso-diretor-da-casa-de-detencao-de-pedrinhas\/","name":"Preso diretor da Casa de Deten\u00e7\u00e3o de Pedrinhas - Daniel Matos","isPartOf":{"@id":"https:\/\/www.blogsoestado.com\/danielmatos\/#website"},"primaryImageOfPage":{"@id":"https:\/\/www.blogsoestado.com\/danielmatos\/preso-diretor-da-casa-de-detencao-de-pedrinhas\/#primaryimage"},"image":{"@id":"https:\/\/www.blogsoestado.com\/danielmatos\/preso-diretor-da-casa-de-detencao-de-pedrinhas\/#primaryimage"},"thumbnailUrl":"https:\/\/www.blogsoestado.com\/danielmatos\/files\/2014\/09\/barcelos.jpg","datePublished":"2014-09-15T13:47:54+00:00","author":{"@id":""},"breadcrumb":{"@id":"https:\/\/www.blogsoestado.com\/danielmatos\/preso-diretor-da-casa-de-detencao-de-pedrinhas\/#breadcrumb"},"inLanguage":"pt-BR","potentialAction":[{"@type":"ReadAction","target":["https:\/\/www.blogsoestado.com\/danielmatos\/preso-diretor-da-casa-de-detencao-de-pedrinhas\/"]}]},{"@type":"ImageObject","inLanguage":"pt-BR","@id":"https:\/\/www.blogsoestado.com\/danielmatos\/preso-diretor-da-casa-de-detencao-de-pedrinhas\/#primaryimage","url":"https:\/\/www.blogsoestado.com\/danielmatos\/files\/2014\/09\/barcelos.jpg","contentUrl":"https:\/\/www.blogsoestado.com\/danielmatos\/files\/2014\/09\/barcelos.jpg"},{"@type":"BreadcrumbList","@id":"https:\/\/www.blogsoestado.com\/danielmatos\/preso-diretor-da-casa-de-detencao-de-pedrinhas\/#breadcrumb","itemListElement":[{"@type":"ListItem","position":1,"name":"In\u00edcio","item":"https:\/\/www.blogsoestado.com\/danielmatos\/"},{"@type":"ListItem","position":2,"name":"Preso diretor da Casa de Deten\u00e7\u00e3o de Pedrinhas"}]},{"@type":"WebSite","@id":"https:\/\/www.blogsoestado.com\/danielmatos\/#website","url":"https:\/\/www.blogsoestado.com\/danielmatos\/","name":"Daniel Matos","description":"","potentialAction":[{"@type":"SearchAction","target":{"@type":"EntryPoint","urlTemplate":"https:\/\/www.blogsoestado.com\/danielmatos\/?s={search_term_string}"},"query-input":{"@type":"PropertyValueSpecification","valueRequired":true,"valueName":"search_term_string"}}],"inLanguage":"pt-BR"}]}},"jetpack_featured_media_url":"","_links":{"self":[{"href":"https:\/\/www.blogsoestado.com\/danielmatos\/wp-json\/wp\/v2\/posts\/19246","targetHints":{"allow":["GET"]}}],"collection":[{"href":"https:\/\/www.blogsoestado.com\/danielmatos\/wp-json\/wp\/v2\/posts"}],"about":[{"href":"https:\/\/www.blogsoestado.com\/danielmatos\/wp-json\/wp\/v2\/types\/post"}],"replies":[{"embeddable":true,"href":"https:\/\/www.blogsoestado.com\/danielmatos\/wp-json\/wp\/v2\/comments?post=19246"}],"version-history":[{"count":0,"href":"https:\/\/www.blogsoestado.com\/danielmatos\/wp-json\/wp\/v2\/posts\/19246\/revisions"}],"wp:attachment":[{"href":"https:\/\/www.blogsoestado.com\/danielmatos\/wp-json\/wp\/v2\/media?parent=19246"}],"wp:term":[{"taxonomy":"category","embeddable":true,"href":"https:\/\/www.blogsoestado.com\/danielmatos\/wp-json\/wp\/v2\/categories?post=19246"},{"taxonomy":"post_tag","embeddable":true,"href":"https:\/\/www.blogsoestado.com\/danielmatos\/wp-json\/wp\/v2\/tags?post=19246"}],"curies":[{"name":"wp","href":"https:\/\/api.w.org\/{rel}","templated":true}]}}