{"id":19253,"date":"2014-09-15T17:09:17","date_gmt":"2014-09-15T20:09:17","guid":{"rendered":"https:\/\/www.blogsoestado.com\/danielmatos\/?p=19253"},"modified":"2014-09-15T17:09:17","modified_gmt":"2014-09-15T20:09:17","slug":"em-arame-lobao-filho-une-adversarios-politicos-em-apoio-a-sua-candidatura","status":"publish","type":"post","link":"https:\/\/www.blogsoestado.com\/danielmatos\/em-arame-lobao-filho-une-adversarios-politicos-em-apoio-a-sua-candidatura\/","title":{"rendered":"Em Arame, Lob\u00e3o Filho une advers\u00e1rios pol\u00edticos em apoio \u00e0 sua candidatura"},"content":{"rendered":"<figure id=\"attachment_19254\" aria-describedby=\"caption-attachment-19254\" style=\"width: 640px\" class=\"wp-caption aligncenter\"><a href=\"https:\/\/www.blogsoestado.com\/danielmatos\/files\/2014\/09\/lobao-arame.jpg\"><img fetchpriority=\"high\" decoding=\"async\" class=\"size-full wp-image-19254\" src=\"https:\/\/www.blogsoestado.com\/danielmatos\/files\/2014\/09\/lobao-arame.jpg\" alt=\"\u201c\u00c9 mais uma li\u00e7\u00e3o que vou levar comigo desta campanha: uni\u00e3o de lideran\u00e7as em torno do meu nome\u201d\" width=\"640\" height=\"351\" \/><\/a><figcaption id=\"caption-attachment-19254\" class=\"wp-caption-text\">\u201c\u00c9 mais uma li\u00e7\u00e3o que vou levar comigo desta campanha: uni\u00e3o de lideran\u00e7as em torno do meu nome\u201d, disse Lob\u00e3o \u00e0 multid\u00e3o<\/figcaption><\/figure>\n<p>O prefeito do munic\u00edpio de Arame, Marcelo Faria (PMDB), e o vereador Elias Jos\u00e9 Ribeiro, o Dudu (PSDB) \u2013advers\u00e1rios pol\u00edticos na Regi\u00e3o \u2013 subiram no palanque da coliga\u00e7\u00e3o \u201cPra Frente Maranh\u00e3o\u201d, neste domingo (19), em apoio ao candidato a governador Lob\u00e3o Filho (PMDB). \u201c\u00c9 mais uma li\u00e7\u00e3o que vou levar comigo desta campanha: uni\u00e3o de lideran\u00e7as em torno do meu nome. Arame d\u00e1 um exemplo de democracia\u201d, declarou o candidato peemedebista.<\/p>\n<p>Durante o com\u00edcio, o senador Lob\u00e3o Filho apresentou propostas de gera\u00e7\u00e3o de emprego e de oportunidades aos jovens maranhenses, constru\u00e7\u00e3o de creches para permitir que as m\u00e3es possam trabalhar, al\u00e9m de qualifica\u00e7\u00e3o para as mulheres e constru\u00e7\u00e3o de Casas Maria da Penha.<\/p>\n<p>\u201cAprendi a construir e a fazer acontecer. Vamos governar com metas e objetivos claros. Faremos uma verdadeira revolu\u00e7\u00e3o nas vias urbanas das cidades, trarei bloquetes para todas as ruas de Arame. No meu governo, n\u00e3o teremos mais ruas de pi\u00e7arras em nenhuma cidade do Maranh\u00e3o\u201d, garantiu o candidato peemedebista.<\/p>\n<p>O vereador tucano Dudu decidiu n\u00e3o apoiar o candidato escolhido por seu partido e abriu um comit\u00ea de apoio a Lob\u00e3o Filho na cidade. \u201cLevanto a bandeira de Lob\u00e3o Filho porque acredito nele, sei que ele \u00e9 um jovem preparado e vai trazer o t\u00e3o sonhado desenvolvimento para o nosso munic\u00edpio\u201d, justificou.<\/p>\n<figure id=\"attachment_19255\" aria-describedby=\"caption-attachment-19255\" style=\"width: 640px\" class=\"wp-caption aligncenter\"><a href=\"https:\/\/www.blogsoestado.com\/danielmatos\/files\/2014\/09\/lobao-arame2.jpg\"><img decoding=\"async\" class=\"size-full wp-image-19255\" src=\"https:\/\/www.blogsoestado.com\/danielmatos\/files\/2014\/09\/lobao-arame2.jpg\" alt=\"Carreata de Lob\u00e3o Filho atraiu multid\u00e3o, comprovando mais uma vez crescimento da campanha do peemedebista\" width=\"640\" height=\"470\" \/><\/a><figcaption id=\"caption-attachment-19255\" class=\"wp-caption-text\">Carreata de Lob\u00e3o Filho atraiu multid\u00e3o, comprovando mais uma vez o crescimento da campanha do peemedebista<\/figcaption><\/figure>\n<p>O prefeito Marcelo Faria reiterou que \u201co que est\u00e1 em jogo \u00e9 a elei\u00e7\u00e3o do nosso governador, n\u00e3o podemos pensar em oposi\u00e7\u00e3o local agora. Jamais vou empatar um vereador de falar, porque, aqui, qualquer pessoa tem o direito de se expressar sem ser humilhado. Nesse palanque h\u00e1 respeito e democracia\u201d.<\/p>\n<p>Ap\u00f3s ter participado de mais tr\u00eas carreatas nos munic\u00edpios de Vitorino Freire, Paulo Ramos e Maraj\u00e1 do Sena, Lob\u00e3o Filho encontrou disposi\u00e7\u00e3o no coro dos aramenses: \u201cPra frente, Maranh\u00e3o\u201d. \u201cCheguei aqui cansado, mas o carinho que recebi de voc\u00eas me encheu de energia e motiva\u00e7\u00e3o\u201d, agradeceu o candidato ao governo.<\/p>\n<p>Ainda no munic\u00edpio de Arame, Lob\u00e3o Filho participou de ato conduzido pelo l\u00edder pol\u00edtico Ludemir Bonfim, onde afirmou seu compromisso com os menores munic\u00edpios e com uma gest\u00e3o municipalista.<\/p>\n","protected":false},"excerpt":{"rendered":"<p>O prefeito do munic\u00edpio de Arame, Marcelo Faria (PMDB), e o vereador Elias Jos\u00e9 Ribeiro, o Dudu (PSDB) \u2013advers\u00e1rios pol\u00edticos [&hellip;]<\/p>\n","protected":false},"author":0,"featured_media":0,"comment_status":"open","ping_status":"open","sticky":false,"template":"","format":"standard","meta":{"site-sidebar-layout":"default","site-content-layout":"","ast-site-content-layout":"default","site-content-style":"default","site-sidebar-style":"default","ast-global-header-display":"","ast-banner-title-visibility":"","ast-main-header-display":"","ast-hfb-above-header-display":"","ast-hfb-below-header-display":"","ast-hfb-mobile-header-display":"","site-post-title":"","ast-breadcrumbs-content":"","ast-featured-img":"","footer-sml-layout":"","ast-disable-related-posts":"","theme-transparent-header-meta":"","adv-header-id-meta":"","stick-header-meta":"","header-above-stick-meta":"","header-main-stick-meta":"","header-below-stick-meta":"","astra-migrate-meta-layouts":"default","ast-page-background-enabled":"default","ast-page-background-meta":{"desktop":{"background-color":"var(--ast-global-color-5)","background-image":"","background-repeat":"repeat","background-position":"center center","background-size":"auto","background-attachment":"scroll","background-type":"","background-media":"","overlay-type":"","overlay-color":"","overlay-opacity":"","overlay-gradient":""},"tablet":{"background-color":"","background-image":"","background-repeat":"repeat","background-position":"center center","background-size":"auto","background-attachment":"scroll","background-type":"","background-media":"","overlay-type":"","overlay-color":"","overlay-opacity":"","overlay-gradient":""},"mobile":{"background-color":"","background-image":"","background-repeat":"repeat","background-position":"center center","background-size":"auto","background-attachment":"scroll","background-type":"","background-media":"","overlay-type":"","overlay-color":"","overlay-opacity":"","overlay-gradient":""}},"ast-content-background-meta":{"desktop":{"background-color":"var(--ast-global-color-4)","background-image":"","background-repeat":"repeat","background-position":"center center","background-size":"auto","background-attachment":"scroll","background-type":"","background-media":"","overlay-type":"","overlay-color":"","overlay-opacity":"","overlay-gradient":""},"tablet":{"background-color":"var(--ast-global-color-4)","background-image":"","background-repeat":"repeat","background-position":"center center","background-size":"auto","background-attachment":"scroll","background-type":"","background-media":"","overlay-type":"","overlay-color":"","overlay-opacity":"","overlay-gradient":""},"mobile":{"background-color":"var(--ast-global-color-4)","background-image":"","background-repeat":"repeat","background-position":"center center","background-size":"auto","background-attachment":"scroll","background-type":"","background-media":"","overlay-type":"","overlay-color":"","overlay-opacity":"","overlay-gradient":""}},"footnotes":""},"categories":[1],"tags":[],"class_list":["post-19253","post","type-post","status-publish","format-standard","hentry","category-sem-categoria"],"yoast_head":"<!-- This site is optimized with the Yoast SEO plugin v26.6 - https:\/\/yoast.com\/wordpress\/plugins\/seo\/ -->\n<title>Em Arame, Lob\u00e3o Filho une advers\u00e1rios pol\u00edticos em apoio \u00e0 sua candidatura - Daniel Matos<\/title>\n<meta name=\"robots\" content=\"index, follow, max-snippet:-1, max-image-preview:large, max-video-preview:-1\" \/>\n<link rel=\"canonical\" href=\"https:\/\/www.blogsoestado.com\/danielmatos\/em-arame-lobao-filho-une-adversarios-politicos-em-apoio-a-sua-candidatura\/\" \/>\n<meta property=\"og:locale\" content=\"pt_BR\" \/>\n<meta property=\"og:type\" content=\"article\" \/>\n<meta property=\"og:title\" content=\"Em Arame, Lob\u00e3o Filho une advers\u00e1rios pol\u00edticos em apoio \u00e0 sua candidatura - Daniel Matos\" \/>\n<meta property=\"og:description\" content=\"O prefeito do munic\u00edpio de Arame, Marcelo Faria (PMDB), e o vereador Elias Jos\u00e9 Ribeiro, o Dudu (PSDB) \u2013advers\u00e1rios pol\u00edticos [&hellip;]\" \/>\n<meta property=\"og:url\" content=\"https:\/\/www.blogsoestado.com\/danielmatos\/em-arame-lobao-filho-une-adversarios-politicos-em-apoio-a-sua-candidatura\/\" \/>\n<meta property=\"og:site_name\" content=\"Daniel Matos\" \/>\n<meta property=\"article:published_time\" content=\"2014-09-15T20:09:17+00:00\" \/>\n<meta property=\"og:image\" content=\"https:\/\/www.blogsoestado.com\/danielmatos\/files\/2014\/09\/lobao-arame.jpg\" \/>\n<meta name=\"twitter:card\" content=\"summary_large_image\" \/>\n<meta name=\"twitter:label1\" content=\"Est. tempo de leitura\" \/>\n\t<meta name=\"twitter:data1\" content=\"2 minutos\" \/>\n<script type=\"application\/ld+json\" class=\"yoast-schema-graph\">{\"@context\":\"https:\/\/schema.org\",\"@graph\":[{\"@type\":\"WebPage\",\"@id\":\"https:\/\/www.blogsoestado.com\/danielmatos\/em-arame-lobao-filho-une-adversarios-politicos-em-apoio-a-sua-candidatura\/\",\"url\":\"https:\/\/www.blogsoestado.com\/danielmatos\/em-arame-lobao-filho-une-adversarios-politicos-em-apoio-a-sua-candidatura\/\",\"name\":\"Em Arame, Lob\u00e3o Filho une advers\u00e1rios pol\u00edticos em apoio \u00e0 sua candidatura - Daniel Matos\",\"isPartOf\":{\"@id\":\"https:\/\/www.blogsoestado.com\/danielmatos\/#website\"},\"primaryImageOfPage\":{\"@id\":\"https:\/\/www.blogsoestado.com\/danielmatos\/em-arame-lobao-filho-une-adversarios-politicos-em-apoio-a-sua-candidatura\/#primaryimage\"},\"image\":{\"@id\":\"https:\/\/www.blogsoestado.com\/danielmatos\/em-arame-lobao-filho-une-adversarios-politicos-em-apoio-a-sua-candidatura\/#primaryimage\"},\"thumbnailUrl\":\"https:\/\/www.blogsoestado.com\/danielmatos\/files\/2014\/09\/lobao-arame.jpg\",\"datePublished\":\"2014-09-15T20:09:17+00:00\",\"author\":{\"@id\":\"\"},\"breadcrumb\":{\"@id\":\"https:\/\/www.blogsoestado.com\/danielmatos\/em-arame-lobao-filho-une-adversarios-politicos-em-apoio-a-sua-candidatura\/#breadcrumb\"},\"inLanguage\":\"pt-BR\",\"potentialAction\":[{\"@type\":\"ReadAction\",\"target\":[\"https:\/\/www.blogsoestado.com\/danielmatos\/em-arame-lobao-filho-une-adversarios-politicos-em-apoio-a-sua-candidatura\/\"]}]},{\"@type\":\"ImageObject\",\"inLanguage\":\"pt-BR\",\"@id\":\"https:\/\/www.blogsoestado.com\/danielmatos\/em-arame-lobao-filho-une-adversarios-politicos-em-apoio-a-sua-candidatura\/#primaryimage\",\"url\":\"https:\/\/www.blogsoestado.com\/danielmatos\/files\/2014\/09\/lobao-arame.jpg\",\"contentUrl\":\"https:\/\/www.blogsoestado.com\/danielmatos\/files\/2014\/09\/lobao-arame.jpg\"},{\"@type\":\"BreadcrumbList\",\"@id\":\"https:\/\/www.blogsoestado.com\/danielmatos\/em-arame-lobao-filho-une-adversarios-politicos-em-apoio-a-sua-candidatura\/#breadcrumb\",\"itemListElement\":[{\"@type\":\"ListItem\",\"position\":1,\"name\":\"In\u00edcio\",\"item\":\"https:\/\/www.blogsoestado.com\/danielmatos\/\"},{\"@type\":\"ListItem\",\"position\":2,\"name\":\"Em Arame, Lob\u00e3o Filho une advers\u00e1rios pol\u00edticos em apoio \u00e0 sua candidatura\"}]},{\"@type\":\"WebSite\",\"@id\":\"https:\/\/www.blogsoestado.com\/danielmatos\/#website\",\"url\":\"https:\/\/www.blogsoestado.com\/danielmatos\/\",\"name\":\"Daniel Matos\",\"description\":\"\",\"potentialAction\":[{\"@type\":\"SearchAction\",\"target\":{\"@type\":\"EntryPoint\",\"urlTemplate\":\"https:\/\/www.blogsoestado.com\/danielmatos\/?s={search_term_string}\"},\"query-input\":{\"@type\":\"PropertyValueSpecification\",\"valueRequired\":true,\"valueName\":\"search_term_string\"}}],\"inLanguage\":\"pt-BR\"}]}<\/script>\n<!-- \/ Yoast SEO plugin. -->","yoast_head_json":{"title":"Em Arame, Lob\u00e3o Filho une advers\u00e1rios pol\u00edticos em apoio \u00e0 sua candidatura - Daniel Matos","robots":{"index":"index","follow":"follow","max-snippet":"max-snippet:-1","max-image-preview":"max-image-preview:large","max-video-preview":"max-video-preview:-1"},"canonical":"https:\/\/www.blogsoestado.com\/danielmatos\/em-arame-lobao-filho-une-adversarios-politicos-em-apoio-a-sua-candidatura\/","og_locale":"pt_BR","og_type":"article","og_title":"Em Arame, Lob\u00e3o Filho une advers\u00e1rios pol\u00edticos em apoio \u00e0 sua candidatura - Daniel Matos","og_description":"O prefeito do munic\u00edpio de Arame, Marcelo Faria (PMDB), e o vereador Elias Jos\u00e9 Ribeiro, o Dudu (PSDB) \u2013advers\u00e1rios pol\u00edticos [&hellip;]","og_url":"https:\/\/www.blogsoestado.com\/danielmatos\/em-arame-lobao-filho-une-adversarios-politicos-em-apoio-a-sua-candidatura\/","og_site_name":"Daniel Matos","article_published_time":"2014-09-15T20:09:17+00:00","og_image":[{"url":"https:\/\/www.blogsoestado.com\/danielmatos\/files\/2014\/09\/lobao-arame.jpg","type":"","width":"","height":""}],"twitter_card":"summary_large_image","twitter_misc":{"Est. tempo de leitura":"2 minutos"},"schema":{"@context":"https:\/\/schema.org","@graph":[{"@type":"WebPage","@id":"https:\/\/www.blogsoestado.com\/danielmatos\/em-arame-lobao-filho-une-adversarios-politicos-em-apoio-a-sua-candidatura\/","url":"https:\/\/www.blogsoestado.com\/danielmatos\/em-arame-lobao-filho-une-adversarios-politicos-em-apoio-a-sua-candidatura\/","name":"Em Arame, Lob\u00e3o Filho une advers\u00e1rios pol\u00edticos em apoio \u00e0 sua candidatura - Daniel Matos","isPartOf":{"@id":"https:\/\/www.blogsoestado.com\/danielmatos\/#website"},"primaryImageOfPage":{"@id":"https:\/\/www.blogsoestado.com\/danielmatos\/em-arame-lobao-filho-une-adversarios-politicos-em-apoio-a-sua-candidatura\/#primaryimage"},"image":{"@id":"https:\/\/www.blogsoestado.com\/danielmatos\/em-arame-lobao-filho-une-adversarios-politicos-em-apoio-a-sua-candidatura\/#primaryimage"},"thumbnailUrl":"https:\/\/www.blogsoestado.com\/danielmatos\/files\/2014\/09\/lobao-arame.jpg","datePublished":"2014-09-15T20:09:17+00:00","author":{"@id":""},"breadcrumb":{"@id":"https:\/\/www.blogsoestado.com\/danielmatos\/em-arame-lobao-filho-une-adversarios-politicos-em-apoio-a-sua-candidatura\/#breadcrumb"},"inLanguage":"pt-BR","potentialAction":[{"@type":"ReadAction","target":["https:\/\/www.blogsoestado.com\/danielmatos\/em-arame-lobao-filho-une-adversarios-politicos-em-apoio-a-sua-candidatura\/"]}]},{"@type":"ImageObject","inLanguage":"pt-BR","@id":"https:\/\/www.blogsoestado.com\/danielmatos\/em-arame-lobao-filho-une-adversarios-politicos-em-apoio-a-sua-candidatura\/#primaryimage","url":"https:\/\/www.blogsoestado.com\/danielmatos\/files\/2014\/09\/lobao-arame.jpg","contentUrl":"https:\/\/www.blogsoestado.com\/danielmatos\/files\/2014\/09\/lobao-arame.jpg"},{"@type":"BreadcrumbList","@id":"https:\/\/www.blogsoestado.com\/danielmatos\/em-arame-lobao-filho-une-adversarios-politicos-em-apoio-a-sua-candidatura\/#breadcrumb","itemListElement":[{"@type":"ListItem","position":1,"name":"In\u00edcio","item":"https:\/\/www.blogsoestado.com\/danielmatos\/"},{"@type":"ListItem","position":2,"name":"Em Arame, Lob\u00e3o Filho une advers\u00e1rios pol\u00edticos em apoio \u00e0 sua candidatura"}]},{"@type":"WebSite","@id":"https:\/\/www.blogsoestado.com\/danielmatos\/#website","url":"https:\/\/www.blogsoestado.com\/danielmatos\/","name":"Daniel Matos","description":"","potentialAction":[{"@type":"SearchAction","target":{"@type":"EntryPoint","urlTemplate":"https:\/\/www.blogsoestado.com\/danielmatos\/?s={search_term_string}"},"query-input":{"@type":"PropertyValueSpecification","valueRequired":true,"valueName":"search_term_string"}}],"inLanguage":"pt-BR"}]}},"jetpack_featured_media_url":"","_links":{"self":[{"href":"https:\/\/www.blogsoestado.com\/danielmatos\/wp-json\/wp\/v2\/posts\/19253","targetHints":{"allow":["GET"]}}],"collection":[{"href":"https:\/\/www.blogsoestado.com\/danielmatos\/wp-json\/wp\/v2\/posts"}],"about":[{"href":"https:\/\/www.blogsoestado.com\/danielmatos\/wp-json\/wp\/v2\/types\/post"}],"replies":[{"embeddable":true,"href":"https:\/\/www.blogsoestado.com\/danielmatos\/wp-json\/wp\/v2\/comments?post=19253"}],"version-history":[{"count":0,"href":"https:\/\/www.blogsoestado.com\/danielmatos\/wp-json\/wp\/v2\/posts\/19253\/revisions"}],"wp:attachment":[{"href":"https:\/\/www.blogsoestado.com\/danielmatos\/wp-json\/wp\/v2\/media?parent=19253"}],"wp:term":[{"taxonomy":"category","embeddable":true,"href":"https:\/\/www.blogsoestado.com\/danielmatos\/wp-json\/wp\/v2\/categories?post=19253"},{"taxonomy":"post_tag","embeddable":true,"href":"https:\/\/www.blogsoestado.com\/danielmatos\/wp-json\/wp\/v2\/tags?post=19253"}],"curies":[{"name":"wp","href":"https:\/\/api.w.org\/{rel}","templated":true}]}}