{"id":19263,"date":"2014-09-16T08:41:21","date_gmt":"2014-09-16T11:41:21","guid":{"rendered":"https:\/\/www.blogsoestado.com\/danielmatos\/?p=19263"},"modified":"2014-09-16T08:41:21","modified_gmt":"2014-09-16T11:41:21","slug":"prefeitura-de-sao-luis-abre-inscricoes-para-processo-seletivo-da-area-da-saude","status":"publish","type":"post","link":"https:\/\/www.blogsoestado.com\/danielmatos\/prefeitura-de-sao-luis-abre-inscricoes-para-processo-seletivo-da-area-da-saude\/","title":{"rendered":"Prefeitura de S\u00e3o Lu\u00eds abre inscri\u00e7\u00f5es para processo seletivo da \u00e1rea da sa\u00fade"},"content":{"rendered":"<p>A Prefeitura de S\u00e3o Lu\u00eds, por meio da Secretaria de Sa\u00fade (Semus), iniciou nesta segunda-feira (15) as inscri\u00e7\u00f5es para o seletivo na \u00e1rea da sa\u00fade. Est\u00e3o abertas 307 vagas para profissionais em n\u00edvel fundamental, m\u00e9dio e superior, em v\u00e1rias categorias. Os sal\u00e1rios variam de R$ 980 a R$ 7,6 mil. O seletivo tem como finalidade o recrutamento de pessoal e o contrato ter\u00e1 dura\u00e7\u00e3o de um ano. O seletivo de profissionais integra a reestrutura\u00e7\u00e3o da rede de sa\u00fade, planejada pela gest\u00e3o do prefeito Edivaldo.<\/p>\n<p>De acordo com a titular da Semus, Helena Duailibe, a meta \u00e9 ampliar as pol\u00edticas p\u00fablicas de sa\u00fade, como o Programa de Sa\u00fade na Fam\u00edlia, amplia\u00e7\u00e3o do programa de Sa\u00fade em Estrat\u00e9gia Bucal, do programa Melhor em Casa, entre outros. \u201cCom as novas contrata\u00e7\u00f5es, visamos ampliar e fortalecer as a\u00e7\u00f5es na aten\u00e7\u00e3o b\u00e1sica \u00e0 sa\u00fade, uma recomenda\u00e7\u00e3o do prefeito Edivaldo Holanda J\u00fanior\u201d, disse Helena.<\/p>\n<p>O processo de inscri\u00e7\u00e3o \u00e9 gratuito e ser\u00e1 realizado online com valida\u00e7\u00e3o presencial. O formul\u00e1rio para as inscri\u00e7\u00f5es j\u00e1 est\u00e1 dispon\u00edvel no site da Prefeitura (<a href=\"http:\/\/www.saoluis.ma.gov.br\" target=\"_blank\">www.saoluis.ma.gov.br<\/a>), no link &#8220;Editais&#8221;. Os interessados dever\u00e3o imprimir o comprovante de inscri\u00e7\u00e3o e, juntamente com os documentos solicitados para o cargo pretendido, entreg\u00e1-lo na Escola de Governo e Gest\u00e3o Municipal (Eggem), na Rua das Andirobas, no Renascen\u00e7a I, at\u00e9 o dia 26 deste m\u00eas.<\/p>\n<p>O atendimento ser\u00e1 realizado de segunda a sexta-feira, das 8h30 \u00e0s 12h e das 14h \u00e0s 18h. Antes de efetuar a inscri\u00e7\u00e3o, o candidato dever\u00e1 conhecer os termos do edital e certificar-se de que preenche todos os requisitos exigidos para o exerc\u00edcio da fun\u00e7\u00e3o. A sele\u00e7\u00e3o dos inscritos ser\u00e1 feita atrav\u00e9s da an\u00e1lise dos curr\u00edculos conforme crit\u00e9rios definidos atrav\u00e9s do edital em conson\u00e2ncia com cada cargo. O resultado da sele\u00e7\u00e3o est\u00e1 previsto para o dia 27 de outubro.<\/p>\n<p>Segundo a secret\u00e1ria adjunta da Semus, Silvia Viana, a contrata\u00e7\u00e3o dos profissionais selecionados ser\u00e1 imediata. Foram disponibilizadas vagas para cirurgi\u00e3o dentista; auxiliar de sa\u00fade; t\u00e9cnico em pr\u00f3tese dent\u00e1ria; auxiliar de pr\u00f3tese dent\u00e1ria; m\u00e9dico generalista e outras especialidades da medicina; fonoaudi\u00f3logo; nutricionista; terapeuta ocupacional; t\u00e9cnico em enfermagem; assistente social; psic\u00f3logo; agente social; motorista; educador f\u00edsico; farmac\u00eautico; psiquiatra; auxiliar de servi\u00e7os gerais e cozinheiro.<\/p>\n<p><strong>Fonte:<\/strong> Secretaria Municipal de Comunica\u00e7\u00e3o (Secom)<\/p>\n","protected":false},"excerpt":{"rendered":"<p>A Prefeitura de S\u00e3o Lu\u00eds, por meio da Secretaria de Sa\u00fade (Semus), iniciou nesta segunda-feira (15) as inscri\u00e7\u00f5es para o [&hellip;]<\/p>\n","protected":false},"author":0,"featured_media":0,"comment_status":"open","ping_status":"open","sticky":false,"template":"","format":"standard","meta":{"site-sidebar-layout":"default","site-content-layout":"","ast-site-content-layout":"default","site-content-style":"default","site-sidebar-style":"default","ast-global-header-display":"","ast-banner-title-visibility":"","ast-main-header-display":"","ast-hfb-above-header-display":"","ast-hfb-below-header-display":"","ast-hfb-mobile-header-display":"","site-post-title":"","ast-breadcrumbs-content":"","ast-featured-img":"","footer-sml-layout":"","ast-disable-related-posts":"","theme-transparent-header-meta":"","adv-header-id-meta":"","stick-header-meta":"","header-above-stick-meta":"","header-main-stick-meta":"","header-below-stick-meta":"","astra-migrate-meta-layouts":"default","ast-page-background-enabled":"default","ast-page-background-meta":{"desktop":{"background-color":"var(--ast-global-color-5)","background-image":"","background-repeat":"repeat","background-position":"center center","background-size":"auto","background-attachment":"scroll","background-type":"","background-media":"","overlay-type":"","overlay-color":"","overlay-opacity":"","overlay-gradient":""},"tablet":{"background-color":"","background-image":"","background-repeat":"repeat","background-position":"center center","background-size":"auto","background-attachment":"scroll","background-type":"","background-media":"","overlay-type":"","overlay-color":"","overlay-opacity":"","overlay-gradient":""},"mobile":{"background-color":"","background-image":"","background-repeat":"repeat","background-position":"center center","background-size":"auto","background-attachment":"scroll","background-type":"","background-media":"","overlay-type":"","overlay-color":"","overlay-opacity":"","overlay-gradient":""}},"ast-content-background-meta":{"desktop":{"background-color":"var(--ast-global-color-4)","background-image":"","background-repeat":"repeat","background-position":"center center","background-size":"auto","background-attachment":"scroll","background-type":"","background-media":"","overlay-type":"","overlay-color":"","overlay-opacity":"","overlay-gradient":""},"tablet":{"background-color":"var(--ast-global-color-4)","background-image":"","background-repeat":"repeat","background-position":"center center","background-size":"auto","background-attachment":"scroll","background-type":"","background-media":"","overlay-type":"","overlay-color":"","overlay-opacity":"","overlay-gradient":""},"mobile":{"background-color":"var(--ast-global-color-4)","background-image":"","background-repeat":"repeat","background-position":"center center","background-size":"auto","background-attachment":"scroll","background-type":"","background-media":"","overlay-type":"","overlay-color":"","overlay-opacity":"","overlay-gradient":""}},"footnotes":""},"categories":[1],"tags":[],"class_list":["post-19263","post","type-post","status-publish","format-standard","hentry","category-sem-categoria"],"yoast_head":"<!-- This site is optimized with the Yoast SEO plugin v26.6 - https:\/\/yoast.com\/wordpress\/plugins\/seo\/ -->\n<title>Prefeitura de S\u00e3o Lu\u00eds abre inscri\u00e7\u00f5es para processo seletivo da \u00e1rea da sa\u00fade - Daniel Matos<\/title>\n<meta name=\"robots\" content=\"index, follow, max-snippet:-1, max-image-preview:large, max-video-preview:-1\" \/>\n<link rel=\"canonical\" href=\"https:\/\/www.blogsoestado.com\/danielmatos\/prefeitura-de-sao-luis-abre-inscricoes-para-processo-seletivo-da-area-da-saude\/\" \/>\n<meta property=\"og:locale\" content=\"pt_BR\" \/>\n<meta property=\"og:type\" content=\"article\" \/>\n<meta property=\"og:title\" content=\"Prefeitura de S\u00e3o Lu\u00eds abre inscri\u00e7\u00f5es para processo seletivo da \u00e1rea da sa\u00fade - Daniel Matos\" \/>\n<meta property=\"og:description\" content=\"A Prefeitura de S\u00e3o Lu\u00eds, por meio da Secretaria de Sa\u00fade (Semus), iniciou nesta segunda-feira (15) as inscri\u00e7\u00f5es para o [&hellip;]\" \/>\n<meta property=\"og:url\" content=\"https:\/\/www.blogsoestado.com\/danielmatos\/prefeitura-de-sao-luis-abre-inscricoes-para-processo-seletivo-da-area-da-saude\/\" \/>\n<meta property=\"og:site_name\" content=\"Daniel Matos\" \/>\n<meta property=\"article:published_time\" content=\"2014-09-16T11:41:21+00:00\" \/>\n<meta name=\"twitter:card\" content=\"summary_large_image\" \/>\n<meta name=\"twitter:label1\" content=\"Est. tempo de leitura\" \/>\n\t<meta name=\"twitter:data1\" content=\"2 minutos\" \/>\n<script type=\"application\/ld+json\" class=\"yoast-schema-graph\">{\"@context\":\"https:\/\/schema.org\",\"@graph\":[{\"@type\":\"WebPage\",\"@id\":\"https:\/\/www.blogsoestado.com\/danielmatos\/prefeitura-de-sao-luis-abre-inscricoes-para-processo-seletivo-da-area-da-saude\/\",\"url\":\"https:\/\/www.blogsoestado.com\/danielmatos\/prefeitura-de-sao-luis-abre-inscricoes-para-processo-seletivo-da-area-da-saude\/\",\"name\":\"Prefeitura de S\u00e3o Lu\u00eds abre inscri\u00e7\u00f5es para processo seletivo da \u00e1rea da sa\u00fade - Daniel Matos\",\"isPartOf\":{\"@id\":\"https:\/\/www.blogsoestado.com\/danielmatos\/#website\"},\"datePublished\":\"2014-09-16T11:41:21+00:00\",\"author\":{\"@id\":\"\"},\"breadcrumb\":{\"@id\":\"https:\/\/www.blogsoestado.com\/danielmatos\/prefeitura-de-sao-luis-abre-inscricoes-para-processo-seletivo-da-area-da-saude\/#breadcrumb\"},\"inLanguage\":\"pt-BR\",\"potentialAction\":[{\"@type\":\"ReadAction\",\"target\":[\"https:\/\/www.blogsoestado.com\/danielmatos\/prefeitura-de-sao-luis-abre-inscricoes-para-processo-seletivo-da-area-da-saude\/\"]}]},{\"@type\":\"BreadcrumbList\",\"@id\":\"https:\/\/www.blogsoestado.com\/danielmatos\/prefeitura-de-sao-luis-abre-inscricoes-para-processo-seletivo-da-area-da-saude\/#breadcrumb\",\"itemListElement\":[{\"@type\":\"ListItem\",\"position\":1,\"name\":\"In\u00edcio\",\"item\":\"https:\/\/www.blogsoestado.com\/danielmatos\/\"},{\"@type\":\"ListItem\",\"position\":2,\"name\":\"Prefeitura de S\u00e3o Lu\u00eds abre inscri\u00e7\u00f5es para processo seletivo da \u00e1rea da sa\u00fade\"}]},{\"@type\":\"WebSite\",\"@id\":\"https:\/\/www.blogsoestado.com\/danielmatos\/#website\",\"url\":\"https:\/\/www.blogsoestado.com\/danielmatos\/\",\"name\":\"Daniel Matos\",\"description\":\"\",\"potentialAction\":[{\"@type\":\"SearchAction\",\"target\":{\"@type\":\"EntryPoint\",\"urlTemplate\":\"https:\/\/www.blogsoestado.com\/danielmatos\/?s={search_term_string}\"},\"query-input\":{\"@type\":\"PropertyValueSpecification\",\"valueRequired\":true,\"valueName\":\"search_term_string\"}}],\"inLanguage\":\"pt-BR\"}]}<\/script>\n<!-- \/ Yoast SEO plugin. -->","yoast_head_json":{"title":"Prefeitura de S\u00e3o Lu\u00eds abre inscri\u00e7\u00f5es para processo seletivo da \u00e1rea da sa\u00fade - Daniel Matos","robots":{"index":"index","follow":"follow","max-snippet":"max-snippet:-1","max-image-preview":"max-image-preview:large","max-video-preview":"max-video-preview:-1"},"canonical":"https:\/\/www.blogsoestado.com\/danielmatos\/prefeitura-de-sao-luis-abre-inscricoes-para-processo-seletivo-da-area-da-saude\/","og_locale":"pt_BR","og_type":"article","og_title":"Prefeitura de S\u00e3o Lu\u00eds abre inscri\u00e7\u00f5es para processo seletivo da \u00e1rea da sa\u00fade - Daniel Matos","og_description":"A Prefeitura de S\u00e3o Lu\u00eds, por meio da Secretaria de Sa\u00fade (Semus), iniciou nesta segunda-feira (15) as inscri\u00e7\u00f5es para o [&hellip;]","og_url":"https:\/\/www.blogsoestado.com\/danielmatos\/prefeitura-de-sao-luis-abre-inscricoes-para-processo-seletivo-da-area-da-saude\/","og_site_name":"Daniel Matos","article_published_time":"2014-09-16T11:41:21+00:00","twitter_card":"summary_large_image","twitter_misc":{"Est. tempo de leitura":"2 minutos"},"schema":{"@context":"https:\/\/schema.org","@graph":[{"@type":"WebPage","@id":"https:\/\/www.blogsoestado.com\/danielmatos\/prefeitura-de-sao-luis-abre-inscricoes-para-processo-seletivo-da-area-da-saude\/","url":"https:\/\/www.blogsoestado.com\/danielmatos\/prefeitura-de-sao-luis-abre-inscricoes-para-processo-seletivo-da-area-da-saude\/","name":"Prefeitura de S\u00e3o Lu\u00eds abre inscri\u00e7\u00f5es para processo seletivo da \u00e1rea da sa\u00fade - Daniel Matos","isPartOf":{"@id":"https:\/\/www.blogsoestado.com\/danielmatos\/#website"},"datePublished":"2014-09-16T11:41:21+00:00","author":{"@id":""},"breadcrumb":{"@id":"https:\/\/www.blogsoestado.com\/danielmatos\/prefeitura-de-sao-luis-abre-inscricoes-para-processo-seletivo-da-area-da-saude\/#breadcrumb"},"inLanguage":"pt-BR","potentialAction":[{"@type":"ReadAction","target":["https:\/\/www.blogsoestado.com\/danielmatos\/prefeitura-de-sao-luis-abre-inscricoes-para-processo-seletivo-da-area-da-saude\/"]}]},{"@type":"BreadcrumbList","@id":"https:\/\/www.blogsoestado.com\/danielmatos\/prefeitura-de-sao-luis-abre-inscricoes-para-processo-seletivo-da-area-da-saude\/#breadcrumb","itemListElement":[{"@type":"ListItem","position":1,"name":"In\u00edcio","item":"https:\/\/www.blogsoestado.com\/danielmatos\/"},{"@type":"ListItem","position":2,"name":"Prefeitura de S\u00e3o Lu\u00eds abre inscri\u00e7\u00f5es para processo seletivo da \u00e1rea da sa\u00fade"}]},{"@type":"WebSite","@id":"https:\/\/www.blogsoestado.com\/danielmatos\/#website","url":"https:\/\/www.blogsoestado.com\/danielmatos\/","name":"Daniel Matos","description":"","potentialAction":[{"@type":"SearchAction","target":{"@type":"EntryPoint","urlTemplate":"https:\/\/www.blogsoestado.com\/danielmatos\/?s={search_term_string}"},"query-input":{"@type":"PropertyValueSpecification","valueRequired":true,"valueName":"search_term_string"}}],"inLanguage":"pt-BR"}]}},"jetpack_featured_media_url":"","_links":{"self":[{"href":"https:\/\/www.blogsoestado.com\/danielmatos\/wp-json\/wp\/v2\/posts\/19263","targetHints":{"allow":["GET"]}}],"collection":[{"href":"https:\/\/www.blogsoestado.com\/danielmatos\/wp-json\/wp\/v2\/posts"}],"about":[{"href":"https:\/\/www.blogsoestado.com\/danielmatos\/wp-json\/wp\/v2\/types\/post"}],"replies":[{"embeddable":true,"href":"https:\/\/www.blogsoestado.com\/danielmatos\/wp-json\/wp\/v2\/comments?post=19263"}],"version-history":[{"count":0,"href":"https:\/\/www.blogsoestado.com\/danielmatos\/wp-json\/wp\/v2\/posts\/19263\/revisions"}],"wp:attachment":[{"href":"https:\/\/www.blogsoestado.com\/danielmatos\/wp-json\/wp\/v2\/media?parent=19263"}],"wp:term":[{"taxonomy":"category","embeddable":true,"href":"https:\/\/www.blogsoestado.com\/danielmatos\/wp-json\/wp\/v2\/categories?post=19263"},{"taxonomy":"post_tag","embeddable":true,"href":"https:\/\/www.blogsoestado.com\/danielmatos\/wp-json\/wp\/v2\/tags?post=19263"}],"curies":[{"name":"wp","href":"https:\/\/api.w.org\/{rel}","templated":true}]}}