{"id":19267,"date":"2014-09-16T12:10:38","date_gmt":"2014-09-16T15:10:38","guid":{"rendered":"https:\/\/www.blogsoestado.com\/danielmatos\/?p=19267"},"modified":"2014-09-16T12:10:38","modified_gmt":"2014-09-16T15:10:38","slug":"pastor-evangelico-candidato-a-deputado-pede-oracoes-por-diretor-da-cadet-preso","status":"publish","type":"post","link":"https:\/\/www.blogsoestado.com\/danielmatos\/pastor-evangelico-candidato-a-deputado-pede-oracoes-por-diretor-da-cadet-preso\/","title":{"rendered":"Pastor evang\u00e9lico candidato a deputado pede ora\u00e7\u00f5es por diretor da Cadet preso"},"content":{"rendered":"<p><a href=\"https:\/\/www.blogsoestado.com\/danielmatos\/files\/2014\/09\/pastor-marcos-nascimento.jpg\"><img fetchpriority=\"high\" decoding=\"async\" class=\"alignright size-full wp-image-19268\" src=\"https:\/\/www.blogsoestado.com\/danielmatos\/files\/2014\/09\/pastor-marcos-nascimento.jpg\" alt=\"pastor marcos nascimento\" width=\"498\" height=\"315\" \/><\/a>O pastor evang\u00e9lico\u00a0Marcos Nascimento, que concorre a uma vaga de deputado federal pelo PTC, postou hoje em sua p\u00e1gina no Facebook uma mensagem de solidariedade ao ex-diretor da Casa de Deten\u00e7\u00e3o de Pedrinhas Cl\u00e1udio Henrique Barcelos, preso ontem pela Superintend\u00eancia Estadual de Investiga\u00e7\u00f5es Criminais (Seic) sob suspeita de facilita\u00e7\u00e3o de fuga de presos em troca de vantagem financeira.<\/p>\n<p>Chamando Barcelos de irm\u00e3o, Marcos Nascimento, que \u00e9 l\u00edder da Igreja Assembleia de Deus Tempo de Avivamento, demonstrou estar aflito com a situa\u00e7\u00e3o enfrentada por ele. &#8220;continuo pedindo ora\u00e7\u00e3o por nosso irm\u00e3o Cl\u00e1udio Barcelos&#8221;, postou.<\/p>\n<p>Acusado de ter recebido R$ 350 mil para permitir a fuga de integrantes de uma quadrilha de assaltantes de banco, Barcelos j\u00e1 teria liberado cerca de 30 detentos s\u00f3 este ano.<\/p>\n<p>O ex-diretor da Cadet est\u00e1 recolhido em uma cela individual no pres\u00eddio do Comando Geral da Pol\u00edcia Militar, conhecido como Manel\u00e3o.<\/p>\n","protected":false},"excerpt":{"rendered":"<p>O pastor evang\u00e9lico\u00a0Marcos Nascimento, que concorre a uma vaga de deputado federal pelo PTC, postou hoje em sua p\u00e1gina no [&hellip;]<\/p>\n","protected":false},"author":0,"featured_media":0,"comment_status":"open","ping_status":"open","sticky":false,"template":"","format":"standard","meta":{"site-sidebar-layout":"default","site-content-layout":"","ast-site-content-layout":"default","site-content-style":"default","site-sidebar-style":"default","ast-global-header-display":"","ast-banner-title-visibility":"","ast-main-header-display":"","ast-hfb-above-header-display":"","ast-hfb-below-header-display":"","ast-hfb-mobile-header-display":"","site-post-title":"","ast-breadcrumbs-content":"","ast-featured-img":"","footer-sml-layout":"","ast-disable-related-posts":"","theme-transparent-header-meta":"","adv-header-id-meta":"","stick-header-meta":"","header-above-stick-meta":"","header-main-stick-meta":"","header-below-stick-meta":"","astra-migrate-meta-layouts":"default","ast-page-background-enabled":"default","ast-page-background-meta":{"desktop":{"background-color":"var(--ast-global-color-5)","background-image":"","background-repeat":"repeat","background-position":"center center","background-size":"auto","background-attachment":"scroll","background-type":"","background-media":"","overlay-type":"","overlay-color":"","overlay-opacity":"","overlay-gradient":""},"tablet":{"background-color":"","background-image":"","background-repeat":"repeat","background-position":"center center","background-size":"auto","background-attachment":"scroll","background-type":"","background-media":"","overlay-type":"","overlay-color":"","overlay-opacity":"","overlay-gradient":""},"mobile":{"background-color":"","background-image":"","background-repeat":"repeat","background-position":"center center","background-size":"auto","background-attachment":"scroll","background-type":"","background-media":"","overlay-type":"","overlay-color":"","overlay-opacity":"","overlay-gradient":""}},"ast-content-background-meta":{"desktop":{"background-color":"var(--ast-global-color-4)","background-image":"","background-repeat":"repeat","background-position":"center center","background-size":"auto","background-attachment":"scroll","background-type":"","background-media":"","overlay-type":"","overlay-color":"","overlay-opacity":"","overlay-gradient":""},"tablet":{"background-color":"var(--ast-global-color-4)","background-image":"","background-repeat":"repeat","background-position":"center center","background-size":"auto","background-attachment":"scroll","background-type":"","background-media":"","overlay-type":"","overlay-color":"","overlay-opacity":"","overlay-gradient":""},"mobile":{"background-color":"var(--ast-global-color-4)","background-image":"","background-repeat":"repeat","background-position":"center center","background-size":"auto","background-attachment":"scroll","background-type":"","background-media":"","overlay-type":"","overlay-color":"","overlay-opacity":"","overlay-gradient":""}},"footnotes":""},"categories":[1],"tags":[],"class_list":["post-19267","post","type-post","status-publish","format-standard","hentry","category-sem-categoria"],"yoast_head":"<!-- This site is optimized with the Yoast SEO plugin v26.6 - https:\/\/yoast.com\/wordpress\/plugins\/seo\/ -->\n<title>Pastor evang\u00e9lico candidato a deputado pede ora\u00e7\u00f5es por diretor da Cadet preso - Daniel Matos<\/title>\n<meta name=\"robots\" content=\"index, follow, max-snippet:-1, max-image-preview:large, max-video-preview:-1\" \/>\n<link rel=\"canonical\" href=\"https:\/\/www.blogsoestado.com\/danielmatos\/pastor-evangelico-candidato-a-deputado-pede-oracoes-por-diretor-da-cadet-preso\/\" \/>\n<meta property=\"og:locale\" content=\"pt_BR\" \/>\n<meta property=\"og:type\" content=\"article\" \/>\n<meta property=\"og:title\" content=\"Pastor evang\u00e9lico candidato a deputado pede ora\u00e7\u00f5es por diretor da Cadet preso - Daniel Matos\" \/>\n<meta property=\"og:description\" content=\"O pastor evang\u00e9lico\u00a0Marcos Nascimento, que concorre a uma vaga de deputado federal pelo PTC, postou hoje em sua p\u00e1gina no [&hellip;]\" \/>\n<meta property=\"og:url\" content=\"https:\/\/www.blogsoestado.com\/danielmatos\/pastor-evangelico-candidato-a-deputado-pede-oracoes-por-diretor-da-cadet-preso\/\" \/>\n<meta property=\"og:site_name\" content=\"Daniel Matos\" \/>\n<meta property=\"article:published_time\" content=\"2014-09-16T15:10:38+00:00\" \/>\n<meta property=\"og:image\" content=\"https:\/\/www.blogsoestado.com\/danielmatos\/files\/2014\/09\/pastor-marcos-nascimento.jpg\" \/>\n<meta name=\"twitter:card\" content=\"summary_large_image\" \/>\n<meta name=\"twitter:label1\" content=\"Est. tempo de leitura\" \/>\n\t<meta name=\"twitter:data1\" content=\"1 minuto\" \/>\n<script type=\"application\/ld+json\" class=\"yoast-schema-graph\">{\"@context\":\"https:\/\/schema.org\",\"@graph\":[{\"@type\":\"WebPage\",\"@id\":\"https:\/\/www.blogsoestado.com\/danielmatos\/pastor-evangelico-candidato-a-deputado-pede-oracoes-por-diretor-da-cadet-preso\/\",\"url\":\"https:\/\/www.blogsoestado.com\/danielmatos\/pastor-evangelico-candidato-a-deputado-pede-oracoes-por-diretor-da-cadet-preso\/\",\"name\":\"Pastor evang\u00e9lico candidato a deputado pede ora\u00e7\u00f5es por diretor da Cadet preso - Daniel Matos\",\"isPartOf\":{\"@id\":\"https:\/\/www.blogsoestado.com\/danielmatos\/#website\"},\"primaryImageOfPage\":{\"@id\":\"https:\/\/www.blogsoestado.com\/danielmatos\/pastor-evangelico-candidato-a-deputado-pede-oracoes-por-diretor-da-cadet-preso\/#primaryimage\"},\"image\":{\"@id\":\"https:\/\/www.blogsoestado.com\/danielmatos\/pastor-evangelico-candidato-a-deputado-pede-oracoes-por-diretor-da-cadet-preso\/#primaryimage\"},\"thumbnailUrl\":\"https:\/\/www.blogsoestado.com\/danielmatos\/files\/2014\/09\/pastor-marcos-nascimento.jpg\",\"datePublished\":\"2014-09-16T15:10:38+00:00\",\"author\":{\"@id\":\"\"},\"breadcrumb\":{\"@id\":\"https:\/\/www.blogsoestado.com\/danielmatos\/pastor-evangelico-candidato-a-deputado-pede-oracoes-por-diretor-da-cadet-preso\/#breadcrumb\"},\"inLanguage\":\"pt-BR\",\"potentialAction\":[{\"@type\":\"ReadAction\",\"target\":[\"https:\/\/www.blogsoestado.com\/danielmatos\/pastor-evangelico-candidato-a-deputado-pede-oracoes-por-diretor-da-cadet-preso\/\"]}]},{\"@type\":\"ImageObject\",\"inLanguage\":\"pt-BR\",\"@id\":\"https:\/\/www.blogsoestado.com\/danielmatos\/pastor-evangelico-candidato-a-deputado-pede-oracoes-por-diretor-da-cadet-preso\/#primaryimage\",\"url\":\"https:\/\/www.blogsoestado.com\/danielmatos\/files\/2014\/09\/pastor-marcos-nascimento.jpg\",\"contentUrl\":\"https:\/\/www.blogsoestado.com\/danielmatos\/files\/2014\/09\/pastor-marcos-nascimento.jpg\"},{\"@type\":\"BreadcrumbList\",\"@id\":\"https:\/\/www.blogsoestado.com\/danielmatos\/pastor-evangelico-candidato-a-deputado-pede-oracoes-por-diretor-da-cadet-preso\/#breadcrumb\",\"itemListElement\":[{\"@type\":\"ListItem\",\"position\":1,\"name\":\"In\u00edcio\",\"item\":\"https:\/\/www.blogsoestado.com\/danielmatos\/\"},{\"@type\":\"ListItem\",\"position\":2,\"name\":\"Pastor evang\u00e9lico candidato a deputado pede ora\u00e7\u00f5es por diretor da Cadet preso\"}]},{\"@type\":\"WebSite\",\"@id\":\"https:\/\/www.blogsoestado.com\/danielmatos\/#website\",\"url\":\"https:\/\/www.blogsoestado.com\/danielmatos\/\",\"name\":\"Daniel Matos\",\"description\":\"\",\"potentialAction\":[{\"@type\":\"SearchAction\",\"target\":{\"@type\":\"EntryPoint\",\"urlTemplate\":\"https:\/\/www.blogsoestado.com\/danielmatos\/?s={search_term_string}\"},\"query-input\":{\"@type\":\"PropertyValueSpecification\",\"valueRequired\":true,\"valueName\":\"search_term_string\"}}],\"inLanguage\":\"pt-BR\"}]}<\/script>\n<!-- \/ Yoast SEO plugin. -->","yoast_head_json":{"title":"Pastor evang\u00e9lico candidato a deputado pede ora\u00e7\u00f5es por diretor da Cadet preso - Daniel Matos","robots":{"index":"index","follow":"follow","max-snippet":"max-snippet:-1","max-image-preview":"max-image-preview:large","max-video-preview":"max-video-preview:-1"},"canonical":"https:\/\/www.blogsoestado.com\/danielmatos\/pastor-evangelico-candidato-a-deputado-pede-oracoes-por-diretor-da-cadet-preso\/","og_locale":"pt_BR","og_type":"article","og_title":"Pastor evang\u00e9lico candidato a deputado pede ora\u00e7\u00f5es por diretor da Cadet preso - Daniel Matos","og_description":"O pastor evang\u00e9lico\u00a0Marcos Nascimento, que concorre a uma vaga de deputado federal pelo PTC, postou hoje em sua p\u00e1gina no [&hellip;]","og_url":"https:\/\/www.blogsoestado.com\/danielmatos\/pastor-evangelico-candidato-a-deputado-pede-oracoes-por-diretor-da-cadet-preso\/","og_site_name":"Daniel Matos","article_published_time":"2014-09-16T15:10:38+00:00","og_image":[{"url":"https:\/\/www.blogsoestado.com\/danielmatos\/files\/2014\/09\/pastor-marcos-nascimento.jpg","type":"","width":"","height":""}],"twitter_card":"summary_large_image","twitter_misc":{"Est. tempo de leitura":"1 minuto"},"schema":{"@context":"https:\/\/schema.org","@graph":[{"@type":"WebPage","@id":"https:\/\/www.blogsoestado.com\/danielmatos\/pastor-evangelico-candidato-a-deputado-pede-oracoes-por-diretor-da-cadet-preso\/","url":"https:\/\/www.blogsoestado.com\/danielmatos\/pastor-evangelico-candidato-a-deputado-pede-oracoes-por-diretor-da-cadet-preso\/","name":"Pastor evang\u00e9lico candidato a deputado pede ora\u00e7\u00f5es por diretor da Cadet preso - Daniel Matos","isPartOf":{"@id":"https:\/\/www.blogsoestado.com\/danielmatos\/#website"},"primaryImageOfPage":{"@id":"https:\/\/www.blogsoestado.com\/danielmatos\/pastor-evangelico-candidato-a-deputado-pede-oracoes-por-diretor-da-cadet-preso\/#primaryimage"},"image":{"@id":"https:\/\/www.blogsoestado.com\/danielmatos\/pastor-evangelico-candidato-a-deputado-pede-oracoes-por-diretor-da-cadet-preso\/#primaryimage"},"thumbnailUrl":"https:\/\/www.blogsoestado.com\/danielmatos\/files\/2014\/09\/pastor-marcos-nascimento.jpg","datePublished":"2014-09-16T15:10:38+00:00","author":{"@id":""},"breadcrumb":{"@id":"https:\/\/www.blogsoestado.com\/danielmatos\/pastor-evangelico-candidato-a-deputado-pede-oracoes-por-diretor-da-cadet-preso\/#breadcrumb"},"inLanguage":"pt-BR","potentialAction":[{"@type":"ReadAction","target":["https:\/\/www.blogsoestado.com\/danielmatos\/pastor-evangelico-candidato-a-deputado-pede-oracoes-por-diretor-da-cadet-preso\/"]}]},{"@type":"ImageObject","inLanguage":"pt-BR","@id":"https:\/\/www.blogsoestado.com\/danielmatos\/pastor-evangelico-candidato-a-deputado-pede-oracoes-por-diretor-da-cadet-preso\/#primaryimage","url":"https:\/\/www.blogsoestado.com\/danielmatos\/files\/2014\/09\/pastor-marcos-nascimento.jpg","contentUrl":"https:\/\/www.blogsoestado.com\/danielmatos\/files\/2014\/09\/pastor-marcos-nascimento.jpg"},{"@type":"BreadcrumbList","@id":"https:\/\/www.blogsoestado.com\/danielmatos\/pastor-evangelico-candidato-a-deputado-pede-oracoes-por-diretor-da-cadet-preso\/#breadcrumb","itemListElement":[{"@type":"ListItem","position":1,"name":"In\u00edcio","item":"https:\/\/www.blogsoestado.com\/danielmatos\/"},{"@type":"ListItem","position":2,"name":"Pastor evang\u00e9lico candidato a deputado pede ora\u00e7\u00f5es por diretor da Cadet preso"}]},{"@type":"WebSite","@id":"https:\/\/www.blogsoestado.com\/danielmatos\/#website","url":"https:\/\/www.blogsoestado.com\/danielmatos\/","name":"Daniel Matos","description":"","potentialAction":[{"@type":"SearchAction","target":{"@type":"EntryPoint","urlTemplate":"https:\/\/www.blogsoestado.com\/danielmatos\/?s={search_term_string}"},"query-input":{"@type":"PropertyValueSpecification","valueRequired":true,"valueName":"search_term_string"}}],"inLanguage":"pt-BR"}]}},"jetpack_featured_media_url":"","_links":{"self":[{"href":"https:\/\/www.blogsoestado.com\/danielmatos\/wp-json\/wp\/v2\/posts\/19267","targetHints":{"allow":["GET"]}}],"collection":[{"href":"https:\/\/www.blogsoestado.com\/danielmatos\/wp-json\/wp\/v2\/posts"}],"about":[{"href":"https:\/\/www.blogsoestado.com\/danielmatos\/wp-json\/wp\/v2\/types\/post"}],"replies":[{"embeddable":true,"href":"https:\/\/www.blogsoestado.com\/danielmatos\/wp-json\/wp\/v2\/comments?post=19267"}],"version-history":[{"count":0,"href":"https:\/\/www.blogsoestado.com\/danielmatos\/wp-json\/wp\/v2\/posts\/19267\/revisions"}],"wp:attachment":[{"href":"https:\/\/www.blogsoestado.com\/danielmatos\/wp-json\/wp\/v2\/media?parent=19267"}],"wp:term":[{"taxonomy":"category","embeddable":true,"href":"https:\/\/www.blogsoestado.com\/danielmatos\/wp-json\/wp\/v2\/categories?post=19267"},{"taxonomy":"post_tag","embeddable":true,"href":"https:\/\/www.blogsoestado.com\/danielmatos\/wp-json\/wp\/v2\/tags?post=19267"}],"curies":[{"name":"wp","href":"https:\/\/api.w.org\/{rel}","templated":true}]}}