{"id":19270,"date":"2014-09-16T15:50:05","date_gmt":"2014-09-16T18:50:05","guid":{"rendered":"https:\/\/www.blogsoestado.com\/danielmatos\/?p=19270"},"modified":"2014-09-16T15:50:05","modified_gmt":"2014-09-16T18:50:05","slug":"plano-municipal-de-residuos-solidos-de-paco-do-lumiar-e-discutido-em-audiencia-publica","status":"publish","type":"post","link":"https:\/\/www.blogsoestado.com\/danielmatos\/plano-municipal-de-residuos-solidos-de-paco-do-lumiar-e-discutido-em-audiencia-publica\/","title":{"rendered":"Plano Municipal de Res\u00edduos S\u00f3lidos de Pa\u00e7o do Lumiar \u00e9 discutido em audi\u00eancia p\u00fablica"},"content":{"rendered":"<figure id=\"attachment_19271\" aria-describedby=\"caption-attachment-19271\" style=\"width: 640px\" class=\"wp-caption aligncenter\"><a href=\"https:\/\/www.blogsoestado.com\/danielmatos\/files\/2014\/09\/pa\u00e7o-res\u00edduos.jpg\"><img fetchpriority=\"high\" decoding=\"async\" class=\"size-full wp-image-19271\" src=\"https:\/\/www.blogsoestado.com\/danielmatos\/files\/2014\/09\/pa\u00e7o-res\u00edduos.jpg\" alt=\"Catadores, sociedade civil organizada e \u00f3rg\u00e3os do meio ambiente municipal e estadual se reuniram para discutir o Plano de Res\u00edduos de Pa\u00e7o do Lumiar\" width=\"640\" height=\"480\" \/><\/a><figcaption id=\"caption-attachment-19271\" class=\"wp-caption-text\">Catadores, sociedade civil organizada e \u00f3rg\u00e3os do meio ambiente municipal e estadual se reuniram para discutir o Plano de Res\u00edduos de Pa\u00e7o do Lumiar<\/figcaption><\/figure>\n<p>Foi realizada nesta segunda-feira, 15, a audi\u00eancia p\u00fablica do Plano Municipal de Res\u00edduos S\u00f3lidos de Pa\u00e7o do Lumiar. A audi\u00eancia contou com a participa\u00e7\u00e3o da Secretaria de Estado de Meio Ambiente, Coordena\u00e7\u00e3o Municipal de Meio Ambiente, catadores de lixo e sociedade civil organizada.<\/p>\n<p>Na abertura do evento o coordenador de Meio Ambiente de Pa\u00e7o do Lumiar, Ronald Abreu, enfatizou que o munic\u00edpio sai na frente, e que este o objetivo da audi\u00eancia \u00e9 apresentar e discutir com a popula\u00e7\u00e3o o que cont\u00e9m o Plano. \u201cPa\u00e7o do Lumiar \u00e9 o primeiro munic\u00edpio do Maranh\u00e3o que est\u00e1 realizando audi\u00eancia p\u00fablica. O plano foi apresentado no prazo, em 2012, mas teve que passar por revis\u00e3o\u201d, explicou.<\/p>\n<p>De acordo com Ronald Abreu, o Plano de Res\u00edduos S\u00f3lidos do munic\u00edpio deve seguir as seguintes diretrizes: Organizar o sistema de coleta e gera\u00e7\u00e3o de res\u00edduos dentro do munic\u00edpio; trabalhar com a educa\u00e7\u00e3o ambiental nas escolas e comunidade; organizar as cooperativas de catadores; e instalar o aterro sanit\u00e1rio.<\/p>\n<p>Presente no evento, o secret\u00e1rio estadual adjunto de Meio Ambiente, Cesar Carneiro, ressaltou a import\u00e2ncia da presen\u00e7a da comunidade na audi\u00eancia. \u201cAs audi\u00eancias permitem a participa\u00e7\u00e3o popular, a participa\u00e7\u00e3o de entidades e organiza\u00e7\u00f5es de diversos segmentos e aperfei\u00e7oamento de uma pol\u00edtica p\u00fablica importante que \u00e9 a de gest\u00e3o de res\u00edduos\u201d, destacou.<\/p>\n<p>O representante dos catadores de lixo, Walbenilson Silva resumiu o sentimento dos presentes. \u201c\u00c9 um orgulho para n\u00f3s, catadores, fazer parte desse momento. Que venha para melhorar a vida da popula\u00e7\u00e3o\u201d, disse.<\/p>\n<p>A pr\u00f3xima audi\u00eancia p\u00fablica ser\u00e1 realizada em Igua\u00edba, onde est\u00e1 localizado o lix\u00e3o do munic\u00edpio.<\/p>\n","protected":false},"excerpt":{"rendered":"<p>Foi realizada nesta segunda-feira, 15, a audi\u00eancia p\u00fablica do Plano Municipal de Res\u00edduos S\u00f3lidos de Pa\u00e7o do Lumiar. A audi\u00eancia [&hellip;]<\/p>\n","protected":false},"author":0,"featured_media":0,"comment_status":"open","ping_status":"open","sticky":false,"template":"","format":"standard","meta":{"site-sidebar-layout":"default","site-content-layout":"","ast-site-content-layout":"default","site-content-style":"default","site-sidebar-style":"default","ast-global-header-display":"","ast-banner-title-visibility":"","ast-main-header-display":"","ast-hfb-above-header-display":"","ast-hfb-below-header-display":"","ast-hfb-mobile-header-display":"","site-post-title":"","ast-breadcrumbs-content":"","ast-featured-img":"","footer-sml-layout":"","ast-disable-related-posts":"","theme-transparent-header-meta":"","adv-header-id-meta":"","stick-header-meta":"","header-above-stick-meta":"","header-main-stick-meta":"","header-below-stick-meta":"","astra-migrate-meta-layouts":"default","ast-page-background-enabled":"default","ast-page-background-meta":{"desktop":{"background-color":"var(--ast-global-color-5)","background-image":"","background-repeat":"repeat","background-position":"center center","background-size":"auto","background-attachment":"scroll","background-type":"","background-media":"","overlay-type":"","overlay-color":"","overlay-opacity":"","overlay-gradient":""},"tablet":{"background-color":"","background-image":"","background-repeat":"repeat","background-position":"center center","background-size":"auto","background-attachment":"scroll","background-type":"","background-media":"","overlay-type":"","overlay-color":"","overlay-opacity":"","overlay-gradient":""},"mobile":{"background-color":"","background-image":"","background-repeat":"repeat","background-position":"center center","background-size":"auto","background-attachment":"scroll","background-type":"","background-media":"","overlay-type":"","overlay-color":"","overlay-opacity":"","overlay-gradient":""}},"ast-content-background-meta":{"desktop":{"background-color":"var(--ast-global-color-4)","background-image":"","background-repeat":"repeat","background-position":"center center","background-size":"auto","background-attachment":"scroll","background-type":"","background-media":"","overlay-type":"","overlay-color":"","overlay-opacity":"","overlay-gradient":""},"tablet":{"background-color":"var(--ast-global-color-4)","background-image":"","background-repeat":"repeat","background-position":"center center","background-size":"auto","background-attachment":"scroll","background-type":"","background-media":"","overlay-type":"","overlay-color":"","overlay-opacity":"","overlay-gradient":""},"mobile":{"background-color":"var(--ast-global-color-4)","background-image":"","background-repeat":"repeat","background-position":"center center","background-size":"auto","background-attachment":"scroll","background-type":"","background-media":"","overlay-type":"","overlay-color":"","overlay-opacity":"","overlay-gradient":""}},"footnotes":""},"categories":[1],"tags":[],"class_list":["post-19270","post","type-post","status-publish","format-standard","hentry","category-sem-categoria"],"yoast_head":"<!-- This site is optimized with the Yoast SEO plugin v26.6 - https:\/\/yoast.com\/wordpress\/plugins\/seo\/ -->\n<title>Plano Municipal de Res\u00edduos S\u00f3lidos de Pa\u00e7o do Lumiar \u00e9 discutido em audi\u00eancia p\u00fablica - Daniel Matos<\/title>\n<meta name=\"robots\" content=\"index, follow, max-snippet:-1, max-image-preview:large, max-video-preview:-1\" \/>\n<link rel=\"canonical\" href=\"https:\/\/www.blogsoestado.com\/danielmatos\/plano-municipal-de-residuos-solidos-de-paco-do-lumiar-e-discutido-em-audiencia-publica\/\" \/>\n<meta property=\"og:locale\" content=\"pt_BR\" \/>\n<meta property=\"og:type\" content=\"article\" \/>\n<meta property=\"og:title\" content=\"Plano Municipal de Res\u00edduos S\u00f3lidos de Pa\u00e7o do Lumiar \u00e9 discutido em audi\u00eancia p\u00fablica - Daniel Matos\" \/>\n<meta property=\"og:description\" content=\"Foi realizada nesta segunda-feira, 15, a audi\u00eancia p\u00fablica do Plano Municipal de Res\u00edduos S\u00f3lidos de Pa\u00e7o do Lumiar. A audi\u00eancia [&hellip;]\" \/>\n<meta property=\"og:url\" content=\"https:\/\/www.blogsoestado.com\/danielmatos\/plano-municipal-de-residuos-solidos-de-paco-do-lumiar-e-discutido-em-audiencia-publica\/\" \/>\n<meta property=\"og:site_name\" content=\"Daniel Matos\" \/>\n<meta property=\"article:published_time\" content=\"2014-09-16T18:50:05+00:00\" \/>\n<meta name=\"twitter:card\" content=\"summary_large_image\" \/>\n<meta name=\"twitter:label1\" content=\"Est. tempo de leitura\" \/>\n\t<meta name=\"twitter:data1\" content=\"2 minutos\" \/>\n<script type=\"application\/ld+json\" class=\"yoast-schema-graph\">{\"@context\":\"https:\/\/schema.org\",\"@graph\":[{\"@type\":\"WebPage\",\"@id\":\"https:\/\/www.blogsoestado.com\/danielmatos\/plano-municipal-de-residuos-solidos-de-paco-do-lumiar-e-discutido-em-audiencia-publica\/\",\"url\":\"https:\/\/www.blogsoestado.com\/danielmatos\/plano-municipal-de-residuos-solidos-de-paco-do-lumiar-e-discutido-em-audiencia-publica\/\",\"name\":\"Plano Municipal de Res\u00edduos S\u00f3lidos de Pa\u00e7o do Lumiar \u00e9 discutido em audi\u00eancia p\u00fablica - Daniel Matos\",\"isPartOf\":{\"@id\":\"https:\/\/www.blogsoestado.com\/danielmatos\/#website\"},\"datePublished\":\"2014-09-16T18:50:05+00:00\",\"author\":{\"@id\":\"\"},\"breadcrumb\":{\"@id\":\"https:\/\/www.blogsoestado.com\/danielmatos\/plano-municipal-de-residuos-solidos-de-paco-do-lumiar-e-discutido-em-audiencia-publica\/#breadcrumb\"},\"inLanguage\":\"pt-BR\",\"potentialAction\":[{\"@type\":\"ReadAction\",\"target\":[\"https:\/\/www.blogsoestado.com\/danielmatos\/plano-municipal-de-residuos-solidos-de-paco-do-lumiar-e-discutido-em-audiencia-publica\/\"]}]},{\"@type\":\"BreadcrumbList\",\"@id\":\"https:\/\/www.blogsoestado.com\/danielmatos\/plano-municipal-de-residuos-solidos-de-paco-do-lumiar-e-discutido-em-audiencia-publica\/#breadcrumb\",\"itemListElement\":[{\"@type\":\"ListItem\",\"position\":1,\"name\":\"In\u00edcio\",\"item\":\"https:\/\/www.blogsoestado.com\/danielmatos\/\"},{\"@type\":\"ListItem\",\"position\":2,\"name\":\"Plano Municipal de Res\u00edduos S\u00f3lidos de Pa\u00e7o do Lumiar \u00e9 discutido em audi\u00eancia p\u00fablica\"}]},{\"@type\":\"WebSite\",\"@id\":\"https:\/\/www.blogsoestado.com\/danielmatos\/#website\",\"url\":\"https:\/\/www.blogsoestado.com\/danielmatos\/\",\"name\":\"Daniel Matos\",\"description\":\"\",\"potentialAction\":[{\"@type\":\"SearchAction\",\"target\":{\"@type\":\"EntryPoint\",\"urlTemplate\":\"https:\/\/www.blogsoestado.com\/danielmatos\/?s={search_term_string}\"},\"query-input\":{\"@type\":\"PropertyValueSpecification\",\"valueRequired\":true,\"valueName\":\"search_term_string\"}}],\"inLanguage\":\"pt-BR\"}]}<\/script>\n<!-- \/ Yoast SEO plugin. -->","yoast_head_json":{"title":"Plano Municipal de Res\u00edduos S\u00f3lidos de Pa\u00e7o do Lumiar \u00e9 discutido em audi\u00eancia p\u00fablica - Daniel Matos","robots":{"index":"index","follow":"follow","max-snippet":"max-snippet:-1","max-image-preview":"max-image-preview:large","max-video-preview":"max-video-preview:-1"},"canonical":"https:\/\/www.blogsoestado.com\/danielmatos\/plano-municipal-de-residuos-solidos-de-paco-do-lumiar-e-discutido-em-audiencia-publica\/","og_locale":"pt_BR","og_type":"article","og_title":"Plano Municipal de Res\u00edduos S\u00f3lidos de Pa\u00e7o do Lumiar \u00e9 discutido em audi\u00eancia p\u00fablica - Daniel Matos","og_description":"Foi realizada nesta segunda-feira, 15, a audi\u00eancia p\u00fablica do Plano Municipal de Res\u00edduos S\u00f3lidos de Pa\u00e7o do Lumiar. A audi\u00eancia [&hellip;]","og_url":"https:\/\/www.blogsoestado.com\/danielmatos\/plano-municipal-de-residuos-solidos-de-paco-do-lumiar-e-discutido-em-audiencia-publica\/","og_site_name":"Daniel Matos","article_published_time":"2014-09-16T18:50:05+00:00","twitter_card":"summary_large_image","twitter_misc":{"Est. tempo de leitura":"2 minutos"},"schema":{"@context":"https:\/\/schema.org","@graph":[{"@type":"WebPage","@id":"https:\/\/www.blogsoestado.com\/danielmatos\/plano-municipal-de-residuos-solidos-de-paco-do-lumiar-e-discutido-em-audiencia-publica\/","url":"https:\/\/www.blogsoestado.com\/danielmatos\/plano-municipal-de-residuos-solidos-de-paco-do-lumiar-e-discutido-em-audiencia-publica\/","name":"Plano Municipal de Res\u00edduos S\u00f3lidos de Pa\u00e7o do Lumiar \u00e9 discutido em audi\u00eancia p\u00fablica - Daniel Matos","isPartOf":{"@id":"https:\/\/www.blogsoestado.com\/danielmatos\/#website"},"datePublished":"2014-09-16T18:50:05+00:00","author":{"@id":""},"breadcrumb":{"@id":"https:\/\/www.blogsoestado.com\/danielmatos\/plano-municipal-de-residuos-solidos-de-paco-do-lumiar-e-discutido-em-audiencia-publica\/#breadcrumb"},"inLanguage":"pt-BR","potentialAction":[{"@type":"ReadAction","target":["https:\/\/www.blogsoestado.com\/danielmatos\/plano-municipal-de-residuos-solidos-de-paco-do-lumiar-e-discutido-em-audiencia-publica\/"]}]},{"@type":"BreadcrumbList","@id":"https:\/\/www.blogsoestado.com\/danielmatos\/plano-municipal-de-residuos-solidos-de-paco-do-lumiar-e-discutido-em-audiencia-publica\/#breadcrumb","itemListElement":[{"@type":"ListItem","position":1,"name":"In\u00edcio","item":"https:\/\/www.blogsoestado.com\/danielmatos\/"},{"@type":"ListItem","position":2,"name":"Plano Municipal de Res\u00edduos S\u00f3lidos de Pa\u00e7o do Lumiar \u00e9 discutido em audi\u00eancia p\u00fablica"}]},{"@type":"WebSite","@id":"https:\/\/www.blogsoestado.com\/danielmatos\/#website","url":"https:\/\/www.blogsoestado.com\/danielmatos\/","name":"Daniel Matos","description":"","potentialAction":[{"@type":"SearchAction","target":{"@type":"EntryPoint","urlTemplate":"https:\/\/www.blogsoestado.com\/danielmatos\/?s={search_term_string}"},"query-input":{"@type":"PropertyValueSpecification","valueRequired":true,"valueName":"search_term_string"}}],"inLanguage":"pt-BR"}]}},"jetpack_featured_media_url":"","_links":{"self":[{"href":"https:\/\/www.blogsoestado.com\/danielmatos\/wp-json\/wp\/v2\/posts\/19270","targetHints":{"allow":["GET"]}}],"collection":[{"href":"https:\/\/www.blogsoestado.com\/danielmatos\/wp-json\/wp\/v2\/posts"}],"about":[{"href":"https:\/\/www.blogsoestado.com\/danielmatos\/wp-json\/wp\/v2\/types\/post"}],"replies":[{"embeddable":true,"href":"https:\/\/www.blogsoestado.com\/danielmatos\/wp-json\/wp\/v2\/comments?post=19270"}],"version-history":[{"count":0,"href":"https:\/\/www.blogsoestado.com\/danielmatos\/wp-json\/wp\/v2\/posts\/19270\/revisions"}],"wp:attachment":[{"href":"https:\/\/www.blogsoestado.com\/danielmatos\/wp-json\/wp\/v2\/media?parent=19270"}],"wp:term":[{"taxonomy":"category","embeddable":true,"href":"https:\/\/www.blogsoestado.com\/danielmatos\/wp-json\/wp\/v2\/categories?post=19270"},{"taxonomy":"post_tag","embeddable":true,"href":"https:\/\/www.blogsoestado.com\/danielmatos\/wp-json\/wp\/v2\/tags?post=19270"}],"curies":[{"name":"wp","href":"https:\/\/api.w.org\/{rel}","templated":true}]}}