{"id":19282,"date":"2014-09-17T09:07:10","date_gmt":"2014-09-17T12:07:10","guid":{"rendered":"https:\/\/www.blogsoestado.com\/danielmatos\/?p=19282"},"modified":"2014-09-17T09:07:10","modified_gmt":"2014-09-17T12:07:10","slug":"michel-temer-reafirma-apoio-de-dilma-a-lobao-filho","status":"publish","type":"post","link":"https:\/\/www.blogsoestado.com\/danielmatos\/michel-temer-reafirma-apoio-de-dilma-a-lobao-filho\/","title":{"rendered":"Michel Temer reafirma apoio de Dilma a Lob\u00e3o Filho"},"content":{"rendered":"<figure id=\"attachment_19283\" aria-describedby=\"caption-attachment-19283\" style=\"width: 640px\" class=\"wp-caption aligncenter\"><a href=\"https:\/\/www.blogsoestado.com\/danielmatos\/files\/2014\/09\/lobao-temer.jpg\"><img fetchpriority=\"high\" decoding=\"async\" class=\"size-full wp-image-19283\" src=\"https:\/\/www.blogsoestado.com\/danielmatos\/files\/2014\/09\/lobao-temer.jpg\" alt=\"Encontro refor\u00e7ou o compromisso de dezenas prefeitos, deputados, ex-prefeitos, vereadores e lideran\u00e7as de todo o Maranh\u00e3o que querem, em janeiro de 2015, Lob\u00e3o Filho no Pal\u00e1cio dos Le\u00f5es\" width=\"640\" height=\"335\" \/><\/a><figcaption id=\"caption-attachment-19283\" class=\"wp-caption-text\">Encontro refor\u00e7ou o compromisso de dezenas prefeitos, deputados, ex-prefeitos, vereadores e lideran\u00e7as de todo o Maranh\u00e3o que querem, em janeiro de 2015, Lob\u00e3o Filho no Pal\u00e1cio dos Le\u00f5es<\/figcaption><\/figure>\n<p>O vice-presidente do Brasil e presidente do PMDB, Michel Temer participou na noite desta ter\u00e7a-feira (16) de um ato pol\u00edtico, em S\u00e3o Lu\u00eds, onde afirmou seu total apoio a candidatura de Lob\u00e3o Filho ao governo do Maranh\u00e3o, e ao Senado Federal, do Gast\u00e3o Vieira. Encontro de conclama\u00e7\u00e3o para a virada eleitoral que refor\u00e7ou o compromisso de dezenas prefeitos, deputados, ex-prefeitos, vereadores e lideran\u00e7as de todo o Maranh\u00e3o que querem, em janeiro de 2015, Lob\u00e3o Filho no Pal\u00e1cio dos Le\u00f5es.<\/p>\n<p>\u201cVim ao Maranh\u00e3o dar uma demonstra\u00e7\u00e3o e confirmar o apoio do Governo Federal, da presidenta Dilma, para a candidatura do senador Lob\u00e3o Filho, que se habilita pela sua experi\u00eancia adquirida no Senado Federal e por todo o trabalho que pode fazer, pela sua juventude, neste Estado\u201d, afirmou o vice-presidente Michel Temer. \u201cEstamos fechado com Lob\u00e3o Filho governador\u201d, acrescentou o presidente do PMDB.<\/p>\n<p>Para Michel Temer n\u00e3o h\u00e1 outro voto nas pr\u00f3ximas elei\u00e7\u00f5es que n\u00e3o seja para Dilma presidenta, Lob\u00e3o governador e Gast\u00e3o Vieira senador, ou seja governo federal e estadual. \u201cQuero dizer aos prefeitos, vereadores, demais pol\u00edticos de suma import\u00e2ncia deste estado, que Lob\u00e3o Filho \u00e9 o melhor para o Maranh\u00e3o\u201d.<\/p>\n<p>Lob\u00e3o Filho que subiu ao palanque acompanhado da ministra da ministra de Rela\u00e7\u00f5es Institucionais, a petista Ideli Salvati \u2013 que representou a presidente Dilma, do senador Jos\u00e9 Sarney, da governadora do Maranh\u00e3o, Roseana Sarney, enfatizou a presen\u00e7a de ilustres pol\u00edticos em prol de sua candidatura.<\/p>\n<p>\u201cTrazemos para este ato pol\u00edtico toda a classe pol\u00edtica do estado e tamb\u00e9m do governo federal. Honra-me a presen\u00e7a do vice Michel Tamer, que nos faz trabalhar ainda mais rumo \u00e0 virada, rumo \u00e0 vit\u00f3ria. \u00c9 sempre pra frente Maranh\u00e3o\u201d, afirmou Lob\u00e3o Filho.<\/p>\n<p><strong>Prefeitos<\/strong><\/p>\n<p>Mais de 100 prefeitos compareceram no ato pol\u00edtico em apoio a candidatura do Lob\u00e3o Filho, em que estiveram presentes, o vice-presidente da Rep\u00fablica Michel Temer (PMDB) e dever\u00e1 ter a participa\u00e7\u00e3o da ministra de Rela\u00e7\u00f5es Institucionais, a petista Ideli Salvati. O evento ocorre na Batuque Brasil, a partir das 19h, na Cohama.<\/p>\n<p>\u201cTemos 195 prefeitos do lado, da nossa coliga\u00e7\u00e3o Pra Frente Maranh\u00e3o, em todo o Estado, o que faz deste encontro um com\u00edcio das lideran\u00e7as mais importantes do estado\u201d, enumerou o candidato Lob\u00e3o Filho.<\/p>\n<p>A prefeita de Lago da Pedra, Maura Jorge, falou em nome dos prefeitos que prestigiaram o ato pol\u00edtico. \u201cLob\u00e3o Filho est\u00e1 preparado para assumir o governo, pois j\u00e1 mostrou que com a sua garra saber\u00e1 construir uma nova hist\u00f3ria no Maranh\u00e3o, consolidada por toda essa lideran\u00e7a que est\u00e1 lhe apoiando\u201d, afirmou.<\/p>\n<p>Lob\u00e3o Filho destacou ainda no encontro com prefeitos e lideran\u00e7as pol\u00edticas do Maranh\u00e3o, que contou com a presen\u00e7a do vice-presidente Michel Temer, o apoio dos maranhenses na reelei\u00e7\u00e3o da presidente Dilma. \u201cLeve a mensagem para a presidente Dilma que o Maranh\u00e3o vai votar em peso para reeleg\u00ea-la. A classe pol\u00edtica dar\u00e1 a resposta nas ruas em defesa dos jovens, dos idosos e do desenvolvimento do nosso estado\u201d.<\/p>\n<p><strong>Sarney<\/strong><\/p>\n<p>J\u00e1 o ex-presidente do Brasil, Jos\u00e9 Sarney, destacou em seu discurso a juventude de Lob\u00e3o Filho e a sua vontade de trazer o empreendedorismo para o estado. \u201cVislumbro em sua juventude muita garra para ajudar o nosso povo\u201d.<\/p>\n<p>Representado Dilma Rousseff, a ministra Ideli Salvati, falou da satisfa\u00e7\u00e3o de estar representando a presidenta do Brasil, porque no Maranh\u00e3o por ser um importante estado e que sempre esteve ao lado do governo federal.<\/p>\n<p>\u201cDilma, Lula e eu mesmo tenho amigos aqui no Maranh\u00e3o em todos os momentos, principalmente nos mais dif\u00edceis. Neste estado a presidente Dilma teve 79% dos votos que a elegeram. N\u00e3o tenho a menor duvida que aqui o Lob\u00e3o Filho, vai continuar trabalhando no desenvolvimento e compromisso na melhoria a vida dos maranhenses. No Maranh\u00e3o, todos somos Lob\u00e3o Filho\u201d.<\/p>\n<p>Para Roseana Sarney, o momento \u00e9 de todos mostrarem, votando em Lob\u00e3o Filho, que o Maranh\u00e3o est\u00e1 no caminho certo para um futuro pr\u00f3ximo de melhor qualidade de vida para os maranhenses. \u201cS\u00f3 existe uma pessoa que pode dar continuidade nos programas que fizemos e que poder\u00e1 fazer ainda mais pelo povo maranhense: \u00e9 Lob\u00e3o Filho e para o Senado, Gast\u00e3o Vieira. A nossa presidente \u00e9 Dilma\u201d, disse.<\/p>\n","protected":false},"excerpt":{"rendered":"<p>O vice-presidente do Brasil e presidente do PMDB, Michel Temer participou na noite desta ter\u00e7a-feira (16) de um ato pol\u00edtico, [&hellip;]<\/p>\n","protected":false},"author":0,"featured_media":0,"comment_status":"open","ping_status":"open","sticky":false,"template":"","format":"standard","meta":{"site-sidebar-layout":"default","site-content-layout":"","ast-site-content-layout":"default","site-content-style":"default","site-sidebar-style":"default","ast-global-header-display":"","ast-banner-title-visibility":"","ast-main-header-display":"","ast-hfb-above-header-display":"","ast-hfb-below-header-display":"","ast-hfb-mobile-header-display":"","site-post-title":"","ast-breadcrumbs-content":"","ast-featured-img":"","footer-sml-layout":"","ast-disable-related-posts":"","theme-transparent-header-meta":"","adv-header-id-meta":"","stick-header-meta":"","header-above-stick-meta":"","header-main-stick-meta":"","header-below-stick-meta":"","astra-migrate-meta-layouts":"default","ast-page-background-enabled":"default","ast-page-background-meta":{"desktop":{"background-color":"var(--ast-global-color-5)","background-image":"","background-repeat":"repeat","background-position":"center center","background-size":"auto","background-attachment":"scroll","background-type":"","background-media":"","overlay-type":"","overlay-color":"","overlay-opacity":"","overlay-gradient":""},"tablet":{"background-color":"","background-image":"","background-repeat":"repeat","background-position":"center center","background-size":"auto","background-attachment":"scroll","background-type":"","background-media":"","overlay-type":"","overlay-color":"","overlay-opacity":"","overlay-gradient":""},"mobile":{"background-color":"","background-image":"","background-repeat":"repeat","background-position":"center center","background-size":"auto","background-attachment":"scroll","background-type":"","background-media":"","overlay-type":"","overlay-color":"","overlay-opacity":"","overlay-gradient":""}},"ast-content-background-meta":{"desktop":{"background-color":"var(--ast-global-color-4)","background-image":"","background-repeat":"repeat","background-position":"center center","background-size":"auto","background-attachment":"scroll","background-type":"","background-media":"","overlay-type":"","overlay-color":"","overlay-opacity":"","overlay-gradient":""},"tablet":{"background-color":"var(--ast-global-color-4)","background-image":"","background-repeat":"repeat","background-position":"center center","background-size":"auto","background-attachment":"scroll","background-type":"","background-media":"","overlay-type":"","overlay-color":"","overlay-opacity":"","overlay-gradient":""},"mobile":{"background-color":"var(--ast-global-color-4)","background-image":"","background-repeat":"repeat","background-position":"center center","background-size":"auto","background-attachment":"scroll","background-type":"","background-media":"","overlay-type":"","overlay-color":"","overlay-opacity":"","overlay-gradient":""}},"footnotes":""},"categories":[1],"tags":[],"class_list":["post-19282","post","type-post","status-publish","format-standard","hentry","category-sem-categoria"],"yoast_head":"<!-- This site is optimized with the Yoast SEO plugin v26.6 - https:\/\/yoast.com\/wordpress\/plugins\/seo\/ -->\n<title>Michel Temer reafirma apoio de Dilma a Lob\u00e3o Filho - Daniel Matos<\/title>\n<meta name=\"robots\" content=\"index, follow, max-snippet:-1, max-image-preview:large, max-video-preview:-1\" \/>\n<link rel=\"canonical\" href=\"https:\/\/www.blogsoestado.com\/danielmatos\/michel-temer-reafirma-apoio-de-dilma-a-lobao-filho\/\" \/>\n<meta property=\"og:locale\" content=\"pt_BR\" \/>\n<meta property=\"og:type\" content=\"article\" \/>\n<meta property=\"og:title\" content=\"Michel Temer reafirma apoio de Dilma a Lob\u00e3o Filho - Daniel Matos\" \/>\n<meta property=\"og:description\" content=\"O vice-presidente do Brasil e presidente do PMDB, Michel Temer participou na noite desta ter\u00e7a-feira (16) de um ato pol\u00edtico, [&hellip;]\" \/>\n<meta property=\"og:url\" content=\"https:\/\/www.blogsoestado.com\/danielmatos\/michel-temer-reafirma-apoio-de-dilma-a-lobao-filho\/\" \/>\n<meta property=\"og:site_name\" content=\"Daniel Matos\" \/>\n<meta property=\"article:published_time\" content=\"2014-09-17T12:07:10+00:00\" \/>\n<meta property=\"og:image\" content=\"https:\/\/www.blogsoestado.com\/danielmatos\/files\/2014\/09\/lobao-temer.jpg\" \/>\n<meta name=\"twitter:card\" content=\"summary_large_image\" \/>\n<meta name=\"twitter:label1\" content=\"Est. tempo de leitura\" \/>\n\t<meta name=\"twitter:data1\" content=\"4 minutos\" \/>\n<script type=\"application\/ld+json\" class=\"yoast-schema-graph\">{\"@context\":\"https:\/\/schema.org\",\"@graph\":[{\"@type\":\"WebPage\",\"@id\":\"https:\/\/www.blogsoestado.com\/danielmatos\/michel-temer-reafirma-apoio-de-dilma-a-lobao-filho\/\",\"url\":\"https:\/\/www.blogsoestado.com\/danielmatos\/michel-temer-reafirma-apoio-de-dilma-a-lobao-filho\/\",\"name\":\"Michel Temer reafirma apoio de Dilma a Lob\u00e3o Filho - Daniel Matos\",\"isPartOf\":{\"@id\":\"https:\/\/www.blogsoestado.com\/danielmatos\/#website\"},\"primaryImageOfPage\":{\"@id\":\"https:\/\/www.blogsoestado.com\/danielmatos\/michel-temer-reafirma-apoio-de-dilma-a-lobao-filho\/#primaryimage\"},\"image\":{\"@id\":\"https:\/\/www.blogsoestado.com\/danielmatos\/michel-temer-reafirma-apoio-de-dilma-a-lobao-filho\/#primaryimage\"},\"thumbnailUrl\":\"https:\/\/www.blogsoestado.com\/danielmatos\/files\/2014\/09\/lobao-temer.jpg\",\"datePublished\":\"2014-09-17T12:07:10+00:00\",\"author\":{\"@id\":\"\"},\"breadcrumb\":{\"@id\":\"https:\/\/www.blogsoestado.com\/danielmatos\/michel-temer-reafirma-apoio-de-dilma-a-lobao-filho\/#breadcrumb\"},\"inLanguage\":\"pt-BR\",\"potentialAction\":[{\"@type\":\"ReadAction\",\"target\":[\"https:\/\/www.blogsoestado.com\/danielmatos\/michel-temer-reafirma-apoio-de-dilma-a-lobao-filho\/\"]}]},{\"@type\":\"ImageObject\",\"inLanguage\":\"pt-BR\",\"@id\":\"https:\/\/www.blogsoestado.com\/danielmatos\/michel-temer-reafirma-apoio-de-dilma-a-lobao-filho\/#primaryimage\",\"url\":\"https:\/\/www.blogsoestado.com\/danielmatos\/files\/2014\/09\/lobao-temer.jpg\",\"contentUrl\":\"https:\/\/www.blogsoestado.com\/danielmatos\/files\/2014\/09\/lobao-temer.jpg\"},{\"@type\":\"BreadcrumbList\",\"@id\":\"https:\/\/www.blogsoestado.com\/danielmatos\/michel-temer-reafirma-apoio-de-dilma-a-lobao-filho\/#breadcrumb\",\"itemListElement\":[{\"@type\":\"ListItem\",\"position\":1,\"name\":\"In\u00edcio\",\"item\":\"https:\/\/www.blogsoestado.com\/danielmatos\/\"},{\"@type\":\"ListItem\",\"position\":2,\"name\":\"Michel Temer reafirma apoio de Dilma a Lob\u00e3o Filho\"}]},{\"@type\":\"WebSite\",\"@id\":\"https:\/\/www.blogsoestado.com\/danielmatos\/#website\",\"url\":\"https:\/\/www.blogsoestado.com\/danielmatos\/\",\"name\":\"Daniel Matos\",\"description\":\"\",\"potentialAction\":[{\"@type\":\"SearchAction\",\"target\":{\"@type\":\"EntryPoint\",\"urlTemplate\":\"https:\/\/www.blogsoestado.com\/danielmatos\/?s={search_term_string}\"},\"query-input\":{\"@type\":\"PropertyValueSpecification\",\"valueRequired\":true,\"valueName\":\"search_term_string\"}}],\"inLanguage\":\"pt-BR\"}]}<\/script>\n<!-- \/ Yoast SEO plugin. -->","yoast_head_json":{"title":"Michel Temer reafirma apoio de Dilma a Lob\u00e3o Filho - Daniel Matos","robots":{"index":"index","follow":"follow","max-snippet":"max-snippet:-1","max-image-preview":"max-image-preview:large","max-video-preview":"max-video-preview:-1"},"canonical":"https:\/\/www.blogsoestado.com\/danielmatos\/michel-temer-reafirma-apoio-de-dilma-a-lobao-filho\/","og_locale":"pt_BR","og_type":"article","og_title":"Michel Temer reafirma apoio de Dilma a Lob\u00e3o Filho - Daniel Matos","og_description":"O vice-presidente do Brasil e presidente do PMDB, Michel Temer participou na noite desta ter\u00e7a-feira (16) de um ato pol\u00edtico, [&hellip;]","og_url":"https:\/\/www.blogsoestado.com\/danielmatos\/michel-temer-reafirma-apoio-de-dilma-a-lobao-filho\/","og_site_name":"Daniel Matos","article_published_time":"2014-09-17T12:07:10+00:00","og_image":[{"url":"https:\/\/www.blogsoestado.com\/danielmatos\/files\/2014\/09\/lobao-temer.jpg","type":"","width":"","height":""}],"twitter_card":"summary_large_image","twitter_misc":{"Est. tempo de leitura":"4 minutos"},"schema":{"@context":"https:\/\/schema.org","@graph":[{"@type":"WebPage","@id":"https:\/\/www.blogsoestado.com\/danielmatos\/michel-temer-reafirma-apoio-de-dilma-a-lobao-filho\/","url":"https:\/\/www.blogsoestado.com\/danielmatos\/michel-temer-reafirma-apoio-de-dilma-a-lobao-filho\/","name":"Michel Temer reafirma apoio de Dilma a Lob\u00e3o Filho - Daniel Matos","isPartOf":{"@id":"https:\/\/www.blogsoestado.com\/danielmatos\/#website"},"primaryImageOfPage":{"@id":"https:\/\/www.blogsoestado.com\/danielmatos\/michel-temer-reafirma-apoio-de-dilma-a-lobao-filho\/#primaryimage"},"image":{"@id":"https:\/\/www.blogsoestado.com\/danielmatos\/michel-temer-reafirma-apoio-de-dilma-a-lobao-filho\/#primaryimage"},"thumbnailUrl":"https:\/\/www.blogsoestado.com\/danielmatos\/files\/2014\/09\/lobao-temer.jpg","datePublished":"2014-09-17T12:07:10+00:00","author":{"@id":""},"breadcrumb":{"@id":"https:\/\/www.blogsoestado.com\/danielmatos\/michel-temer-reafirma-apoio-de-dilma-a-lobao-filho\/#breadcrumb"},"inLanguage":"pt-BR","potentialAction":[{"@type":"ReadAction","target":["https:\/\/www.blogsoestado.com\/danielmatos\/michel-temer-reafirma-apoio-de-dilma-a-lobao-filho\/"]}]},{"@type":"ImageObject","inLanguage":"pt-BR","@id":"https:\/\/www.blogsoestado.com\/danielmatos\/michel-temer-reafirma-apoio-de-dilma-a-lobao-filho\/#primaryimage","url":"https:\/\/www.blogsoestado.com\/danielmatos\/files\/2014\/09\/lobao-temer.jpg","contentUrl":"https:\/\/www.blogsoestado.com\/danielmatos\/files\/2014\/09\/lobao-temer.jpg"},{"@type":"BreadcrumbList","@id":"https:\/\/www.blogsoestado.com\/danielmatos\/michel-temer-reafirma-apoio-de-dilma-a-lobao-filho\/#breadcrumb","itemListElement":[{"@type":"ListItem","position":1,"name":"In\u00edcio","item":"https:\/\/www.blogsoestado.com\/danielmatos\/"},{"@type":"ListItem","position":2,"name":"Michel Temer reafirma apoio de Dilma a Lob\u00e3o Filho"}]},{"@type":"WebSite","@id":"https:\/\/www.blogsoestado.com\/danielmatos\/#website","url":"https:\/\/www.blogsoestado.com\/danielmatos\/","name":"Daniel Matos","description":"","potentialAction":[{"@type":"SearchAction","target":{"@type":"EntryPoint","urlTemplate":"https:\/\/www.blogsoestado.com\/danielmatos\/?s={search_term_string}"},"query-input":{"@type":"PropertyValueSpecification","valueRequired":true,"valueName":"search_term_string"}}],"inLanguage":"pt-BR"}]}},"jetpack_featured_media_url":"","_links":{"self":[{"href":"https:\/\/www.blogsoestado.com\/danielmatos\/wp-json\/wp\/v2\/posts\/19282","targetHints":{"allow":["GET"]}}],"collection":[{"href":"https:\/\/www.blogsoestado.com\/danielmatos\/wp-json\/wp\/v2\/posts"}],"about":[{"href":"https:\/\/www.blogsoestado.com\/danielmatos\/wp-json\/wp\/v2\/types\/post"}],"replies":[{"embeddable":true,"href":"https:\/\/www.blogsoestado.com\/danielmatos\/wp-json\/wp\/v2\/comments?post=19282"}],"version-history":[{"count":0,"href":"https:\/\/www.blogsoestado.com\/danielmatos\/wp-json\/wp\/v2\/posts\/19282\/revisions"}],"wp:attachment":[{"href":"https:\/\/www.blogsoestado.com\/danielmatos\/wp-json\/wp\/v2\/media?parent=19282"}],"wp:term":[{"taxonomy":"category","embeddable":true,"href":"https:\/\/www.blogsoestado.com\/danielmatos\/wp-json\/wp\/v2\/categories?post=19282"},{"taxonomy":"post_tag","embeddable":true,"href":"https:\/\/www.blogsoestado.com\/danielmatos\/wp-json\/wp\/v2\/tags?post=19282"}],"curies":[{"name":"wp","href":"https:\/\/api.w.org\/{rel}","templated":true}]}}