{"id":19298,"date":"2014-09-17T15:31:21","date_gmt":"2014-09-17T18:31:21","guid":{"rendered":"https:\/\/www.blogsoestado.com\/danielmatos\/?p=19298"},"modified":"2014-09-17T15:31:21","modified_gmt":"2014-09-17T18:31:21","slug":"policiais-civis-cruzam-os-bracos-por-dois-dias","status":"publish","type":"post","link":"https:\/\/www.blogsoestado.com\/danielmatos\/policiais-civis-cruzam-os-bracos-por-dois-dias\/","title":{"rendered":"Policiais civis cruzam os bra\u00e7os por dois dias"},"content":{"rendered":"<figure id=\"attachment_19299\" aria-describedby=\"caption-attachment-19299\" style=\"width: 448px\" class=\"wp-caption alignright\"><a href=\"https:\/\/www.blogsoestado.com\/danielmatos\/files\/2014\/09\/policiais-param.jpg\"><img fetchpriority=\"high\" decoding=\"async\" class=\"size-full wp-image-19299\" src=\"https:\/\/www.blogsoestado.com\/danielmatos\/files\/2014\/09\/policiais-param.jpg\" alt=\"Policiais reivindicam Gratifica\u00e7\u00e3o de Dedica\u00e7\u00e3o Exclusiva e melhoria da estrutura de delegacias\" width=\"448\" height=\"299\" \/><\/a><figcaption id=\"caption-attachment-19299\" class=\"wp-caption-text\">Policiais reivindicam gratifica\u00e7\u00e3o por\u00a0dedica\u00e7\u00e3o exclusiva, melhoria da estrutura de delegacias e aumento do efetivo<\/figcaption><\/figure>\n<p>O Sindicato dos Policiais Civis do Maranh\u00e3o (Sinpol) e a Associa\u00e7\u00e3o dos Servidores da Policia Civil do Estado do Maranh\u00e3o (Aspcema) j\u00e1 est\u00e3o prontos para dar in\u00edcio \u00e0 paralisa\u00e7\u00e3o de 48h dos policiais civis do Estado do Maranh\u00e3o, nestes dias 18 e 19 de setembro. A a\u00e7\u00e3o foi deliberada durante a Assembleia Geral realizada no dia 12 de setembro. Amanh\u00e3 \u00e0s 7h, a categoria estar\u00e1 reunida em frente ao Plant\u00e3o Central da REFFSA, como forma de mobiliza\u00e7\u00e3o da sociedade.<\/p>\n<p>Logo em seguida, j\u00e1 est\u00e1 agendada nova data de paralisa\u00e7\u00e3o, a ser realizada nos dias 24, 25 e 26 de setembro. Ap\u00f3s as elei\u00e7\u00f5es, os Policiais Civis ir\u00e3o parar as atividades novamente, dessa vez com uma semana, de 13 a 17 de outubro. Caso nenhuma das reivindica\u00e7\u00f5es sejam atendidas, j\u00e1 est\u00e1 convocada nova Assembleia Geral para o dia 17 de outubro, onde ser\u00e1 deliberada greve geral por tempo indeterminado.<\/p>\n<p>Entre as principais pautas de reivindica\u00e7\u00e3o est\u00e1 o n\u00e3o cumprimento do Estado da implanta\u00e7\u00e3o da Gratifica\u00e7\u00e3o de Dedica\u00e7\u00e3o Exclusiva, cuja senten\u00e7a transita em julgado. Al\u00e9m disso, s\u00e3o v\u00e1rias as dificuldades enfrentadas pela categoria na capital e no interior do Estado, principalmente a falta de estrutura das delegacias. O efetivo reduzido tamb\u00e9m tem se tornado um problema cada vez mais evidente, contribuindo para a instaura\u00e7\u00e3o do caos na Seguran\u00e7a P\u00fablica do Estado.<\/p>\n","protected":false},"excerpt":{"rendered":"<p>O Sindicato dos Policiais Civis do Maranh\u00e3o (Sinpol) e a Associa\u00e7\u00e3o dos Servidores da Policia Civil do Estado do Maranh\u00e3o [&hellip;]<\/p>\n","protected":false},"author":0,"featured_media":0,"comment_status":"open","ping_status":"open","sticky":false,"template":"","format":"standard","meta":{"site-sidebar-layout":"default","site-content-layout":"","ast-site-content-layout":"default","site-content-style":"default","site-sidebar-style":"default","ast-global-header-display":"","ast-banner-title-visibility":"","ast-main-header-display":"","ast-hfb-above-header-display":"","ast-hfb-below-header-display":"","ast-hfb-mobile-header-display":"","site-post-title":"","ast-breadcrumbs-content":"","ast-featured-img":"","footer-sml-layout":"","ast-disable-related-posts":"","theme-transparent-header-meta":"","adv-header-id-meta":"","stick-header-meta":"","header-above-stick-meta":"","header-main-stick-meta":"","header-below-stick-meta":"","astra-migrate-meta-layouts":"default","ast-page-background-enabled":"default","ast-page-background-meta":{"desktop":{"background-color":"var(--ast-global-color-5)","background-image":"","background-repeat":"repeat","background-position":"center center","background-size":"auto","background-attachment":"scroll","background-type":"","background-media":"","overlay-type":"","overlay-color":"","overlay-opacity":"","overlay-gradient":""},"tablet":{"background-color":"","background-image":"","background-repeat":"repeat","background-position":"center center","background-size":"auto","background-attachment":"scroll","background-type":"","background-media":"","overlay-type":"","overlay-color":"","overlay-opacity":"","overlay-gradient":""},"mobile":{"background-color":"","background-image":"","background-repeat":"repeat","background-position":"center center","background-size":"auto","background-attachment":"scroll","background-type":"","background-media":"","overlay-type":"","overlay-color":"","overlay-opacity":"","overlay-gradient":""}},"ast-content-background-meta":{"desktop":{"background-color":"var(--ast-global-color-4)","background-image":"","background-repeat":"repeat","background-position":"center center","background-size":"auto","background-attachment":"scroll","background-type":"","background-media":"","overlay-type":"","overlay-color":"","overlay-opacity":"","overlay-gradient":""},"tablet":{"background-color":"var(--ast-global-color-4)","background-image":"","background-repeat":"repeat","background-position":"center center","background-size":"auto","background-attachment":"scroll","background-type":"","background-media":"","overlay-type":"","overlay-color":"","overlay-opacity":"","overlay-gradient":""},"mobile":{"background-color":"var(--ast-global-color-4)","background-image":"","background-repeat":"repeat","background-position":"center center","background-size":"auto","background-attachment":"scroll","background-type":"","background-media":"","overlay-type":"","overlay-color":"","overlay-opacity":"","overlay-gradient":""}},"footnotes":""},"categories":[1],"tags":[],"class_list":["post-19298","post","type-post","status-publish","format-standard","hentry","category-sem-categoria"],"yoast_head":"<!-- This site is optimized with the Yoast SEO plugin v26.6 - https:\/\/yoast.com\/wordpress\/plugins\/seo\/ -->\n<title>Policiais civis cruzam os bra\u00e7os por dois dias - Daniel Matos<\/title>\n<meta name=\"robots\" content=\"index, follow, max-snippet:-1, max-image-preview:large, max-video-preview:-1\" \/>\n<link rel=\"canonical\" href=\"https:\/\/www.blogsoestado.com\/danielmatos\/policiais-civis-cruzam-os-bracos-por-dois-dias\/\" \/>\n<meta property=\"og:locale\" content=\"pt_BR\" \/>\n<meta property=\"og:type\" content=\"article\" \/>\n<meta property=\"og:title\" content=\"Policiais civis cruzam os bra\u00e7os por dois dias - Daniel Matos\" \/>\n<meta property=\"og:description\" content=\"O Sindicato dos Policiais Civis do Maranh\u00e3o (Sinpol) e a Associa\u00e7\u00e3o dos Servidores da Policia Civil do Estado do Maranh\u00e3o [&hellip;]\" \/>\n<meta property=\"og:url\" content=\"https:\/\/www.blogsoestado.com\/danielmatos\/policiais-civis-cruzam-os-bracos-por-dois-dias\/\" \/>\n<meta property=\"og:site_name\" content=\"Daniel Matos\" \/>\n<meta property=\"article:published_time\" content=\"2014-09-17T18:31:21+00:00\" \/>\n<meta property=\"og:image\" content=\"https:\/\/www.blogsoestado.com\/danielmatos\/files\/2014\/09\/policiais-param.jpg\" \/>\n<meta name=\"twitter:card\" content=\"summary_large_image\" \/>\n<meta name=\"twitter:label1\" content=\"Est. tempo de leitura\" \/>\n\t<meta name=\"twitter:data1\" content=\"1 minuto\" \/>\n<script type=\"application\/ld+json\" class=\"yoast-schema-graph\">{\"@context\":\"https:\/\/schema.org\",\"@graph\":[{\"@type\":\"WebPage\",\"@id\":\"https:\/\/www.blogsoestado.com\/danielmatos\/policiais-civis-cruzam-os-bracos-por-dois-dias\/\",\"url\":\"https:\/\/www.blogsoestado.com\/danielmatos\/policiais-civis-cruzam-os-bracos-por-dois-dias\/\",\"name\":\"Policiais civis cruzam os bra\u00e7os por dois dias - Daniel Matos\",\"isPartOf\":{\"@id\":\"https:\/\/www.blogsoestado.com\/danielmatos\/#website\"},\"primaryImageOfPage\":{\"@id\":\"https:\/\/www.blogsoestado.com\/danielmatos\/policiais-civis-cruzam-os-bracos-por-dois-dias\/#primaryimage\"},\"image\":{\"@id\":\"https:\/\/www.blogsoestado.com\/danielmatos\/policiais-civis-cruzam-os-bracos-por-dois-dias\/#primaryimage\"},\"thumbnailUrl\":\"https:\/\/www.blogsoestado.com\/danielmatos\/files\/2014\/09\/policiais-param.jpg\",\"datePublished\":\"2014-09-17T18:31:21+00:00\",\"author\":{\"@id\":\"\"},\"breadcrumb\":{\"@id\":\"https:\/\/www.blogsoestado.com\/danielmatos\/policiais-civis-cruzam-os-bracos-por-dois-dias\/#breadcrumb\"},\"inLanguage\":\"pt-BR\",\"potentialAction\":[{\"@type\":\"ReadAction\",\"target\":[\"https:\/\/www.blogsoestado.com\/danielmatos\/policiais-civis-cruzam-os-bracos-por-dois-dias\/\"]}]},{\"@type\":\"ImageObject\",\"inLanguage\":\"pt-BR\",\"@id\":\"https:\/\/www.blogsoestado.com\/danielmatos\/policiais-civis-cruzam-os-bracos-por-dois-dias\/#primaryimage\",\"url\":\"https:\/\/www.blogsoestado.com\/danielmatos\/files\/2014\/09\/policiais-param.jpg\",\"contentUrl\":\"https:\/\/www.blogsoestado.com\/danielmatos\/files\/2014\/09\/policiais-param.jpg\"},{\"@type\":\"BreadcrumbList\",\"@id\":\"https:\/\/www.blogsoestado.com\/danielmatos\/policiais-civis-cruzam-os-bracos-por-dois-dias\/#breadcrumb\",\"itemListElement\":[{\"@type\":\"ListItem\",\"position\":1,\"name\":\"In\u00edcio\",\"item\":\"https:\/\/www.blogsoestado.com\/danielmatos\/\"},{\"@type\":\"ListItem\",\"position\":2,\"name\":\"Policiais civis cruzam os bra\u00e7os por dois dias\"}]},{\"@type\":\"WebSite\",\"@id\":\"https:\/\/www.blogsoestado.com\/danielmatos\/#website\",\"url\":\"https:\/\/www.blogsoestado.com\/danielmatos\/\",\"name\":\"Daniel Matos\",\"description\":\"\",\"potentialAction\":[{\"@type\":\"SearchAction\",\"target\":{\"@type\":\"EntryPoint\",\"urlTemplate\":\"https:\/\/www.blogsoestado.com\/danielmatos\/?s={search_term_string}\"},\"query-input\":{\"@type\":\"PropertyValueSpecification\",\"valueRequired\":true,\"valueName\":\"search_term_string\"}}],\"inLanguage\":\"pt-BR\"}]}<\/script>\n<!-- \/ Yoast SEO plugin. -->","yoast_head_json":{"title":"Policiais civis cruzam os bra\u00e7os por dois dias - Daniel Matos","robots":{"index":"index","follow":"follow","max-snippet":"max-snippet:-1","max-image-preview":"max-image-preview:large","max-video-preview":"max-video-preview:-1"},"canonical":"https:\/\/www.blogsoestado.com\/danielmatos\/policiais-civis-cruzam-os-bracos-por-dois-dias\/","og_locale":"pt_BR","og_type":"article","og_title":"Policiais civis cruzam os bra\u00e7os por dois dias - Daniel Matos","og_description":"O Sindicato dos Policiais Civis do Maranh\u00e3o (Sinpol) e a Associa\u00e7\u00e3o dos Servidores da Policia Civil do Estado do Maranh\u00e3o [&hellip;]","og_url":"https:\/\/www.blogsoestado.com\/danielmatos\/policiais-civis-cruzam-os-bracos-por-dois-dias\/","og_site_name":"Daniel Matos","article_published_time":"2014-09-17T18:31:21+00:00","og_image":[{"url":"https:\/\/www.blogsoestado.com\/danielmatos\/files\/2014\/09\/policiais-param.jpg","type":"","width":"","height":""}],"twitter_card":"summary_large_image","twitter_misc":{"Est. tempo de leitura":"1 minuto"},"schema":{"@context":"https:\/\/schema.org","@graph":[{"@type":"WebPage","@id":"https:\/\/www.blogsoestado.com\/danielmatos\/policiais-civis-cruzam-os-bracos-por-dois-dias\/","url":"https:\/\/www.blogsoestado.com\/danielmatos\/policiais-civis-cruzam-os-bracos-por-dois-dias\/","name":"Policiais civis cruzam os bra\u00e7os por dois dias - Daniel Matos","isPartOf":{"@id":"https:\/\/www.blogsoestado.com\/danielmatos\/#website"},"primaryImageOfPage":{"@id":"https:\/\/www.blogsoestado.com\/danielmatos\/policiais-civis-cruzam-os-bracos-por-dois-dias\/#primaryimage"},"image":{"@id":"https:\/\/www.blogsoestado.com\/danielmatos\/policiais-civis-cruzam-os-bracos-por-dois-dias\/#primaryimage"},"thumbnailUrl":"https:\/\/www.blogsoestado.com\/danielmatos\/files\/2014\/09\/policiais-param.jpg","datePublished":"2014-09-17T18:31:21+00:00","author":{"@id":""},"breadcrumb":{"@id":"https:\/\/www.blogsoestado.com\/danielmatos\/policiais-civis-cruzam-os-bracos-por-dois-dias\/#breadcrumb"},"inLanguage":"pt-BR","potentialAction":[{"@type":"ReadAction","target":["https:\/\/www.blogsoestado.com\/danielmatos\/policiais-civis-cruzam-os-bracos-por-dois-dias\/"]}]},{"@type":"ImageObject","inLanguage":"pt-BR","@id":"https:\/\/www.blogsoestado.com\/danielmatos\/policiais-civis-cruzam-os-bracos-por-dois-dias\/#primaryimage","url":"https:\/\/www.blogsoestado.com\/danielmatos\/files\/2014\/09\/policiais-param.jpg","contentUrl":"https:\/\/www.blogsoestado.com\/danielmatos\/files\/2014\/09\/policiais-param.jpg"},{"@type":"BreadcrumbList","@id":"https:\/\/www.blogsoestado.com\/danielmatos\/policiais-civis-cruzam-os-bracos-por-dois-dias\/#breadcrumb","itemListElement":[{"@type":"ListItem","position":1,"name":"In\u00edcio","item":"https:\/\/www.blogsoestado.com\/danielmatos\/"},{"@type":"ListItem","position":2,"name":"Policiais civis cruzam os bra\u00e7os por dois dias"}]},{"@type":"WebSite","@id":"https:\/\/www.blogsoestado.com\/danielmatos\/#website","url":"https:\/\/www.blogsoestado.com\/danielmatos\/","name":"Daniel Matos","description":"","potentialAction":[{"@type":"SearchAction","target":{"@type":"EntryPoint","urlTemplate":"https:\/\/www.blogsoestado.com\/danielmatos\/?s={search_term_string}"},"query-input":{"@type":"PropertyValueSpecification","valueRequired":true,"valueName":"search_term_string"}}],"inLanguage":"pt-BR"}]}},"jetpack_featured_media_url":"","_links":{"self":[{"href":"https:\/\/www.blogsoestado.com\/danielmatos\/wp-json\/wp\/v2\/posts\/19298","targetHints":{"allow":["GET"]}}],"collection":[{"href":"https:\/\/www.blogsoestado.com\/danielmatos\/wp-json\/wp\/v2\/posts"}],"about":[{"href":"https:\/\/www.blogsoestado.com\/danielmatos\/wp-json\/wp\/v2\/types\/post"}],"replies":[{"embeddable":true,"href":"https:\/\/www.blogsoestado.com\/danielmatos\/wp-json\/wp\/v2\/comments?post=19298"}],"version-history":[{"count":0,"href":"https:\/\/www.blogsoestado.com\/danielmatos\/wp-json\/wp\/v2\/posts\/19298\/revisions"}],"wp:attachment":[{"href":"https:\/\/www.blogsoestado.com\/danielmatos\/wp-json\/wp\/v2\/media?parent=19298"}],"wp:term":[{"taxonomy":"category","embeddable":true,"href":"https:\/\/www.blogsoestado.com\/danielmatos\/wp-json\/wp\/v2\/categories?post=19298"},{"taxonomy":"post_tag","embeddable":true,"href":"https:\/\/www.blogsoestado.com\/danielmatos\/wp-json\/wp\/v2\/tags?post=19298"}],"curies":[{"name":"wp","href":"https:\/\/api.w.org\/{rel}","templated":true}]}}