{"id":19305,"date":"2014-09-17T16:15:07","date_gmt":"2014-09-17T19:15:07","guid":{"rendered":"https:\/\/www.blogsoestado.com\/danielmatos\/?p=19305"},"modified":"2014-09-17T16:15:07","modified_gmt":"2014-09-17T19:15:07","slug":"lobao-filho-comemora-50-anos-com-missa-na-igreja-de-s-j-de-ribamar","status":"publish","type":"post","link":"https:\/\/www.blogsoestado.com\/danielmatos\/lobao-filho-comemora-50-anos-com-missa-na-igreja-de-s-j-de-ribamar\/","title":{"rendered":"Lob\u00e3o Filho comemora 50 anos com missa na igreja de S.J. de Ribamar"},"content":{"rendered":"<figure id=\"attachment_19306\" aria-describedby=\"caption-attachment-19306\" style=\"width: 640px\" class=\"wp-caption aligncenter\"><a href=\"https:\/\/www.blogsoestado.com\/danielmatos\/files\/2014\/09\/missa-lobao.png\"><img fetchpriority=\"high\" decoding=\"async\" class=\"size-full wp-image-19306\" src=\"https:\/\/www.blogsoestado.com\/danielmatos\/files\/2014\/09\/missa-lobao.png\" alt=\"Igreja ficou lotada de familiares, amigos e populares que foram parabenizar o senador Lob\u00e3o Filho pelo seu meio s\u00e9culo de vida\" width=\"640\" height=\"280\" \/><\/a><figcaption id=\"caption-attachment-19306\" class=\"wp-caption-text\">Igreja ficou lotada de familiares, amigos e populares que foram parabenizar o senador Lob\u00e3o Filho pelo seu meio s\u00e9culo de vida<\/figcaption><\/figure>\n<p>Uma Missa em A\u00e7\u00e3o de Gra\u00e7as, celebrada pelo padre Gutemberg na manh\u00e3 desta quarta-feira (17), no Santu\u00e1rio de S\u00e3o Jos\u00e9 de Ribamar, marcou as comemora\u00e7\u00f5es dos 50 anos do candidato ao governo do Maranh\u00e3o, Lob\u00e3o Filho. A igreja estava lotada de familiares, amigos e tamb\u00e9m de populares que foram parabenizar o senador da Republica pelo seu meio s\u00e9culo de vida.<\/p>\n<p>O candidato peemedebista Lob\u00e3o Filho se emocionou ao relembrar o acidente de carro ocorrido em 2011 que quase tirou sua vida. &#8220;Logo ap\u00f3s o acidente vim aqui nesta mesma igreja agradecer a Deus por ter me dado uma nova oportunidade de viver&#8221;.<\/p>\n<p>O senador Lob\u00e3o Filho reafirmou a sua luta por um Maranh\u00e3o mais moderno e de inclus\u00e3o social que, no seu governo, vai trabalhar pela melhoraria da qualidade de vida dos maranhenses, em todas as \u00e1reas sociais e econ\u00f4micas. &#8220;Tenho um compromisso com Deus e com o povo do meu Estado que \u00e9 de devolver com boas a\u00e7\u00f5es a todos os maranhenses a vida que Deus me deu novamente&#8221;, disse o candidato da coliga\u00e7\u00e3o \u201cPra Frente Maranh\u00e3o\u201d ao Governo do estado.<\/p>\n<p>O celebrante Gutemberg e o cantor Clay Viana ainda homenagearam, durante a celebra\u00e7\u00e3o, o casal Lob\u00e3o Filho e Paulinha Lob\u00e3o pelos 30 anos de matrim\u00f4nio, completados na ultima ter\u00e7a-feira (16).<\/p>\n<p>Ao fim da Missa de A\u00e7\u00e3o de Gra\u00e7as, Lob\u00e3o Filho foi cumprimentado pela popula\u00e7\u00e3o local, que retribu\u00ed com afetuosos abra\u00e7os, desejando-lhe sa\u00fade e vit\u00f3ria no dia 05 de outubro, data que ocorrer\u00e1 as elei\u00e7\u00f5es em todo o pa\u00eds.<\/p>\n","protected":false},"excerpt":{"rendered":"<p>Uma Missa em A\u00e7\u00e3o de Gra\u00e7as, celebrada pelo padre Gutemberg na manh\u00e3 desta quarta-feira (17), no Santu\u00e1rio de S\u00e3o Jos\u00e9 [&hellip;]<\/p>\n","protected":false},"author":0,"featured_media":0,"comment_status":"open","ping_status":"open","sticky":false,"template":"","format":"standard","meta":{"site-sidebar-layout":"default","site-content-layout":"","ast-site-content-layout":"default","site-content-style":"default","site-sidebar-style":"default","ast-global-header-display":"","ast-banner-title-visibility":"","ast-main-header-display":"","ast-hfb-above-header-display":"","ast-hfb-below-header-display":"","ast-hfb-mobile-header-display":"","site-post-title":"","ast-breadcrumbs-content":"","ast-featured-img":"","footer-sml-layout":"","ast-disable-related-posts":"","theme-transparent-header-meta":"","adv-header-id-meta":"","stick-header-meta":"","header-above-stick-meta":"","header-main-stick-meta":"","header-below-stick-meta":"","astra-migrate-meta-layouts":"default","ast-page-background-enabled":"default","ast-page-background-meta":{"desktop":{"background-color":"var(--ast-global-color-5)","background-image":"","background-repeat":"repeat","background-position":"center center","background-size":"auto","background-attachment":"scroll","background-type":"","background-media":"","overlay-type":"","overlay-color":"","overlay-opacity":"","overlay-gradient":""},"tablet":{"background-color":"","background-image":"","background-repeat":"repeat","background-position":"center center","background-size":"auto","background-attachment":"scroll","background-type":"","background-media":"","overlay-type":"","overlay-color":"","overlay-opacity":"","overlay-gradient":""},"mobile":{"background-color":"","background-image":"","background-repeat":"repeat","background-position":"center center","background-size":"auto","background-attachment":"scroll","background-type":"","background-media":"","overlay-type":"","overlay-color":"","overlay-opacity":"","overlay-gradient":""}},"ast-content-background-meta":{"desktop":{"background-color":"var(--ast-global-color-4)","background-image":"","background-repeat":"repeat","background-position":"center center","background-size":"auto","background-attachment":"scroll","background-type":"","background-media":"","overlay-type":"","overlay-color":"","overlay-opacity":"","overlay-gradient":""},"tablet":{"background-color":"var(--ast-global-color-4)","background-image":"","background-repeat":"repeat","background-position":"center center","background-size":"auto","background-attachment":"scroll","background-type":"","background-media":"","overlay-type":"","overlay-color":"","overlay-opacity":"","overlay-gradient":""},"mobile":{"background-color":"var(--ast-global-color-4)","background-image":"","background-repeat":"repeat","background-position":"center center","background-size":"auto","background-attachment":"scroll","background-type":"","background-media":"","overlay-type":"","overlay-color":"","overlay-opacity":"","overlay-gradient":""}},"footnotes":""},"categories":[1],"tags":[],"class_list":["post-19305","post","type-post","status-publish","format-standard","hentry","category-sem-categoria"],"yoast_head":"<!-- This site is optimized with the Yoast SEO plugin v26.6 - https:\/\/yoast.com\/wordpress\/plugins\/seo\/ -->\n<title>Lob\u00e3o Filho comemora 50 anos com missa na igreja de S.J. de Ribamar - Daniel Matos<\/title>\n<meta name=\"robots\" content=\"index, follow, max-snippet:-1, max-image-preview:large, max-video-preview:-1\" \/>\n<link rel=\"canonical\" href=\"https:\/\/www.blogsoestado.com\/danielmatos\/lobao-filho-comemora-50-anos-com-missa-na-igreja-de-s-j-de-ribamar\/\" \/>\n<meta property=\"og:locale\" content=\"pt_BR\" \/>\n<meta property=\"og:type\" content=\"article\" \/>\n<meta property=\"og:title\" content=\"Lob\u00e3o Filho comemora 50 anos com missa na igreja de S.J. de Ribamar - Daniel Matos\" \/>\n<meta property=\"og:description\" content=\"Uma Missa em A\u00e7\u00e3o de Gra\u00e7as, celebrada pelo padre Gutemberg na manh\u00e3 desta quarta-feira (17), no Santu\u00e1rio de S\u00e3o Jos\u00e9 [&hellip;]\" \/>\n<meta property=\"og:url\" content=\"https:\/\/www.blogsoestado.com\/danielmatos\/lobao-filho-comemora-50-anos-com-missa-na-igreja-de-s-j-de-ribamar\/\" \/>\n<meta property=\"og:site_name\" content=\"Daniel Matos\" \/>\n<meta property=\"article:published_time\" content=\"2014-09-17T19:15:07+00:00\" \/>\n<meta property=\"og:image\" content=\"https:\/\/www.blogsoestado.com\/danielmatos\/files\/2014\/09\/missa-lobao.png\" \/>\n<meta name=\"twitter:card\" content=\"summary_large_image\" \/>\n<meta name=\"twitter:label1\" content=\"Est. tempo de leitura\" \/>\n\t<meta name=\"twitter:data1\" content=\"2 minutos\" \/>\n<script type=\"application\/ld+json\" class=\"yoast-schema-graph\">{\"@context\":\"https:\/\/schema.org\",\"@graph\":[{\"@type\":\"WebPage\",\"@id\":\"https:\/\/www.blogsoestado.com\/danielmatos\/lobao-filho-comemora-50-anos-com-missa-na-igreja-de-s-j-de-ribamar\/\",\"url\":\"https:\/\/www.blogsoestado.com\/danielmatos\/lobao-filho-comemora-50-anos-com-missa-na-igreja-de-s-j-de-ribamar\/\",\"name\":\"Lob\u00e3o Filho comemora 50 anos com missa na igreja de S.J. de Ribamar - Daniel Matos\",\"isPartOf\":{\"@id\":\"https:\/\/www.blogsoestado.com\/danielmatos\/#website\"},\"primaryImageOfPage\":{\"@id\":\"https:\/\/www.blogsoestado.com\/danielmatos\/lobao-filho-comemora-50-anos-com-missa-na-igreja-de-s-j-de-ribamar\/#primaryimage\"},\"image\":{\"@id\":\"https:\/\/www.blogsoestado.com\/danielmatos\/lobao-filho-comemora-50-anos-com-missa-na-igreja-de-s-j-de-ribamar\/#primaryimage\"},\"thumbnailUrl\":\"https:\/\/www.blogsoestado.com\/danielmatos\/files\/2014\/09\/missa-lobao.png\",\"datePublished\":\"2014-09-17T19:15:07+00:00\",\"author\":{\"@id\":\"\"},\"breadcrumb\":{\"@id\":\"https:\/\/www.blogsoestado.com\/danielmatos\/lobao-filho-comemora-50-anos-com-missa-na-igreja-de-s-j-de-ribamar\/#breadcrumb\"},\"inLanguage\":\"pt-BR\",\"potentialAction\":[{\"@type\":\"ReadAction\",\"target\":[\"https:\/\/www.blogsoestado.com\/danielmatos\/lobao-filho-comemora-50-anos-com-missa-na-igreja-de-s-j-de-ribamar\/\"]}]},{\"@type\":\"ImageObject\",\"inLanguage\":\"pt-BR\",\"@id\":\"https:\/\/www.blogsoestado.com\/danielmatos\/lobao-filho-comemora-50-anos-com-missa-na-igreja-de-s-j-de-ribamar\/#primaryimage\",\"url\":\"https:\/\/www.blogsoestado.com\/danielmatos\/files\/2014\/09\/missa-lobao.png\",\"contentUrl\":\"https:\/\/www.blogsoestado.com\/danielmatos\/files\/2014\/09\/missa-lobao.png\"},{\"@type\":\"BreadcrumbList\",\"@id\":\"https:\/\/www.blogsoestado.com\/danielmatos\/lobao-filho-comemora-50-anos-com-missa-na-igreja-de-s-j-de-ribamar\/#breadcrumb\",\"itemListElement\":[{\"@type\":\"ListItem\",\"position\":1,\"name\":\"In\u00edcio\",\"item\":\"https:\/\/www.blogsoestado.com\/danielmatos\/\"},{\"@type\":\"ListItem\",\"position\":2,\"name\":\"Lob\u00e3o Filho comemora 50 anos com missa na igreja de S.J. de Ribamar\"}]},{\"@type\":\"WebSite\",\"@id\":\"https:\/\/www.blogsoestado.com\/danielmatos\/#website\",\"url\":\"https:\/\/www.blogsoestado.com\/danielmatos\/\",\"name\":\"Daniel Matos\",\"description\":\"\",\"potentialAction\":[{\"@type\":\"SearchAction\",\"target\":{\"@type\":\"EntryPoint\",\"urlTemplate\":\"https:\/\/www.blogsoestado.com\/danielmatos\/?s={search_term_string}\"},\"query-input\":{\"@type\":\"PropertyValueSpecification\",\"valueRequired\":true,\"valueName\":\"search_term_string\"}}],\"inLanguage\":\"pt-BR\"}]}<\/script>\n<!-- \/ Yoast SEO plugin. -->","yoast_head_json":{"title":"Lob\u00e3o Filho comemora 50 anos com missa na igreja de S.J. de Ribamar - Daniel Matos","robots":{"index":"index","follow":"follow","max-snippet":"max-snippet:-1","max-image-preview":"max-image-preview:large","max-video-preview":"max-video-preview:-1"},"canonical":"https:\/\/www.blogsoestado.com\/danielmatos\/lobao-filho-comemora-50-anos-com-missa-na-igreja-de-s-j-de-ribamar\/","og_locale":"pt_BR","og_type":"article","og_title":"Lob\u00e3o Filho comemora 50 anos com missa na igreja de S.J. de Ribamar - Daniel Matos","og_description":"Uma Missa em A\u00e7\u00e3o de Gra\u00e7as, celebrada pelo padre Gutemberg na manh\u00e3 desta quarta-feira (17), no Santu\u00e1rio de S\u00e3o Jos\u00e9 [&hellip;]","og_url":"https:\/\/www.blogsoestado.com\/danielmatos\/lobao-filho-comemora-50-anos-com-missa-na-igreja-de-s-j-de-ribamar\/","og_site_name":"Daniel Matos","article_published_time":"2014-09-17T19:15:07+00:00","og_image":[{"url":"https:\/\/www.blogsoestado.com\/danielmatos\/files\/2014\/09\/missa-lobao.png","type":"","width":"","height":""}],"twitter_card":"summary_large_image","twitter_misc":{"Est. tempo de leitura":"2 minutos"},"schema":{"@context":"https:\/\/schema.org","@graph":[{"@type":"WebPage","@id":"https:\/\/www.blogsoestado.com\/danielmatos\/lobao-filho-comemora-50-anos-com-missa-na-igreja-de-s-j-de-ribamar\/","url":"https:\/\/www.blogsoestado.com\/danielmatos\/lobao-filho-comemora-50-anos-com-missa-na-igreja-de-s-j-de-ribamar\/","name":"Lob\u00e3o Filho comemora 50 anos com missa na igreja de S.J. de Ribamar - Daniel Matos","isPartOf":{"@id":"https:\/\/www.blogsoestado.com\/danielmatos\/#website"},"primaryImageOfPage":{"@id":"https:\/\/www.blogsoestado.com\/danielmatos\/lobao-filho-comemora-50-anos-com-missa-na-igreja-de-s-j-de-ribamar\/#primaryimage"},"image":{"@id":"https:\/\/www.blogsoestado.com\/danielmatos\/lobao-filho-comemora-50-anos-com-missa-na-igreja-de-s-j-de-ribamar\/#primaryimage"},"thumbnailUrl":"https:\/\/www.blogsoestado.com\/danielmatos\/files\/2014\/09\/missa-lobao.png","datePublished":"2014-09-17T19:15:07+00:00","author":{"@id":""},"breadcrumb":{"@id":"https:\/\/www.blogsoestado.com\/danielmatos\/lobao-filho-comemora-50-anos-com-missa-na-igreja-de-s-j-de-ribamar\/#breadcrumb"},"inLanguage":"pt-BR","potentialAction":[{"@type":"ReadAction","target":["https:\/\/www.blogsoestado.com\/danielmatos\/lobao-filho-comemora-50-anos-com-missa-na-igreja-de-s-j-de-ribamar\/"]}]},{"@type":"ImageObject","inLanguage":"pt-BR","@id":"https:\/\/www.blogsoestado.com\/danielmatos\/lobao-filho-comemora-50-anos-com-missa-na-igreja-de-s-j-de-ribamar\/#primaryimage","url":"https:\/\/www.blogsoestado.com\/danielmatos\/files\/2014\/09\/missa-lobao.png","contentUrl":"https:\/\/www.blogsoestado.com\/danielmatos\/files\/2014\/09\/missa-lobao.png"},{"@type":"BreadcrumbList","@id":"https:\/\/www.blogsoestado.com\/danielmatos\/lobao-filho-comemora-50-anos-com-missa-na-igreja-de-s-j-de-ribamar\/#breadcrumb","itemListElement":[{"@type":"ListItem","position":1,"name":"In\u00edcio","item":"https:\/\/www.blogsoestado.com\/danielmatos\/"},{"@type":"ListItem","position":2,"name":"Lob\u00e3o Filho comemora 50 anos com missa na igreja de S.J. de Ribamar"}]},{"@type":"WebSite","@id":"https:\/\/www.blogsoestado.com\/danielmatos\/#website","url":"https:\/\/www.blogsoestado.com\/danielmatos\/","name":"Daniel Matos","description":"","potentialAction":[{"@type":"SearchAction","target":{"@type":"EntryPoint","urlTemplate":"https:\/\/www.blogsoestado.com\/danielmatos\/?s={search_term_string}"},"query-input":{"@type":"PropertyValueSpecification","valueRequired":true,"valueName":"search_term_string"}}],"inLanguage":"pt-BR"}]}},"jetpack_featured_media_url":"","_links":{"self":[{"href":"https:\/\/www.blogsoestado.com\/danielmatos\/wp-json\/wp\/v2\/posts\/19305","targetHints":{"allow":["GET"]}}],"collection":[{"href":"https:\/\/www.blogsoestado.com\/danielmatos\/wp-json\/wp\/v2\/posts"}],"about":[{"href":"https:\/\/www.blogsoestado.com\/danielmatos\/wp-json\/wp\/v2\/types\/post"}],"replies":[{"embeddable":true,"href":"https:\/\/www.blogsoestado.com\/danielmatos\/wp-json\/wp\/v2\/comments?post=19305"}],"version-history":[{"count":0,"href":"https:\/\/www.blogsoestado.com\/danielmatos\/wp-json\/wp\/v2\/posts\/19305\/revisions"}],"wp:attachment":[{"href":"https:\/\/www.blogsoestado.com\/danielmatos\/wp-json\/wp\/v2\/media?parent=19305"}],"wp:term":[{"taxonomy":"category","embeddable":true,"href":"https:\/\/www.blogsoestado.com\/danielmatos\/wp-json\/wp\/v2\/categories?post=19305"},{"taxonomy":"post_tag","embeddable":true,"href":"https:\/\/www.blogsoestado.com\/danielmatos\/wp-json\/wp\/v2\/tags?post=19305"}],"curies":[{"name":"wp","href":"https:\/\/api.w.org\/{rel}","templated":true}]}}