{"id":19308,"date":"2014-09-17T16:12:33","date_gmt":"2014-09-17T19:12:33","guid":{"rendered":"https:\/\/www.blogsoestado.com\/danielmatos\/?p=19308"},"modified":"2014-09-17T16:12:33","modified_gmt":"2014-09-17T19:12:33","slug":"reitores-apresentam-reivindicacoes-a-dilma-e-declaram-apoio-a-sua-reeleicao","status":"publish","type":"post","link":"https:\/\/www.blogsoestado.com\/danielmatos\/reitores-apresentam-reivindicacoes-a-dilma-e-declaram-apoio-a-sua-reeleicao\/","title":{"rendered":"Reitores apresentam reivindica\u00e7\u00f5es a Dilma e declaram apoio \u00e0 sua reelei\u00e7\u00e3o"},"content":{"rendered":"<figure id=\"attachment_19309\" aria-describedby=\"caption-attachment-19309\" style=\"width: 377px\" class=\"wp-caption alignleft\"><a href=\"https:\/\/www.blogsoestado.com\/danielmatos\/files\/2014\/09\/natalino-dilma.jpg\"><img fetchpriority=\"high\" decoding=\"async\" class=\"size-full wp-image-19309\" src=\"https:\/\/www.blogsoestado.com\/danielmatos\/files\/2014\/09\/natalino-dilma.jpg\" alt=\"Reitor da UFMA, Natalino Salgado, com a presidente Dilma Rousseff \" width=\"377\" height=\"336\" \/><\/a><figcaption id=\"caption-attachment-19309\" class=\"wp-caption-text\">Reitor da UFMA, Natalino Salgado, com a presidente Dilma Rousseff<\/figcaption><\/figure>\n<p><strong>Bras\u00edlia<\/strong> \u2013 Em reuni\u00e3o de trabalho, no Pal\u00e1cio da Alvorada, em Bras\u00edlia, 54 reitores de universidades federais apresentaram \u00e0 presidente Dilma Rousseff uma s\u00e9rie de reivindica\u00e7\u00f5es para o ensino superior, resultantes das necessidades vivenciadas pelas institui\u00e7\u00f5es, tendo como base o processo de expans\u00e3o.<\/p>\n<p>Foi o segundo encontro dos reitores com a presidente Dilma para discutir a continuidade do projeto de expans\u00e3o das IFES para os pr\u00f3ximos dez anos. O primeiro aconteceu em 21 de maio, oportunidade em que os dirigentes das IFES propuseram a manuten\u00e7\u00e3o da pol\u00edtica de expans\u00e3o, sobretudo, para as regi\u00f5es mais carentes e isoladas do pa\u00eds e, principalmente, para os munic\u00edpios que precisam de investimentos p\u00fablicos para a \u00e1rea da educa\u00e7\u00e3o.<\/p>\n<p>Nas duas oportunidades, a presidente ressaltou o seu compromisso com a educa\u00e7\u00e3o e defendeu a destina\u00e7\u00e3o de 75% dos recursos oriundos da explora\u00e7\u00e3o do pr\u00e9-sal para a \u00e1rea, assim como 25% para a sa\u00fade. Ao tomar conhecimento dos seis eixos de discuss\u00e3o propostos pelos reitores, por meio de um programa de investimentos a partir de 2015 e a cria\u00e7\u00e3o de uma agenda de desenvolvimento, Dilma demonstrou a sua preocupa\u00e7\u00e3o com a situa\u00e7\u00e3o da educa\u00e7\u00e3o no Brasil, tido como princ\u00edpio estrat\u00e9gico b\u00e1sico para o desenvolvimento de todas as outras \u00e1reas econ\u00f4micas e sociais.<\/p>\n<p>Presentes \u00e0 reuni\u00e3o, o ministro da Educa\u00e7\u00e3o, Henrique Paim, e o ministro da Ci\u00eancia e Tecnologia, Cl\u00e9lio Campolina, refor\u00e7aram a an\u00e1lise feita pelos reitores e reafirmaram o seu apoio aos pontos apontados pelos dirigentes das IFES. Uma pauta comum a todos os dirigentes \u00e9, por exemplo, a id\u00e9ia de que a expans\u00e3o do ensino superior precisa continuar porque o Pa\u00eds precisa avan\u00e7ar na \u00e1rea da educa\u00e7\u00e3o para que o desenvolvimento nacional seja universal e acess\u00edvel a todos.<\/p>\n<figure id=\"attachment_19310\" aria-describedby=\"caption-attachment-19310\" style=\"width: 640px\" class=\"wp-caption aligncenter\"><a href=\"https:\/\/www.blogsoestado.com\/danielmatos\/files\/2014\/09\/reitores-e-Dilma.jpg\"><img decoding=\"async\" class=\"size-full wp-image-19310\" src=\"https:\/\/www.blogsoestado.com\/danielmatos\/files\/2014\/09\/reitores-e-Dilma.jpg\" alt=\"Presidente Dilma Rousseff durante encontra com reitores de universidades federais, que lhe declararam apoio\" width=\"640\" height=\"416\" \/><\/a><figcaption id=\"caption-attachment-19310\" class=\"wp-caption-text\">Presidente Dilma Rousseff durante encontra com reitores de universidades federais, que declararam apoio \u00e0 sua reelei\u00e7\u00e3o<\/figcaption><\/figure>\n<p>\u201cMas, \u00e9 necess\u00e1rio que algumas corre\u00e7\u00f5es sejam feitas e, para isso, propomos um planejamento de a\u00e7\u00f5es e destina\u00e7\u00e3o de recursos a curto, m\u00e9dio e longo prazo. Precisamos expandir com qualidade e n\u00e3o somente com quantidade, e expandir significa atender a todas as dimens\u00f5es propostas pelo governo federal ao projeto de expans\u00e3o\u201d, analisou o reitor da UFMA, Natalino Salgado Filho.<\/p>\n<p>Para os dirigentes das IFES, a continua\u00e7\u00e3o dessas pol\u00edticas devem servir para fundamentar o seu apoio \u00e0 perman\u00eancia do atual modelo de gest\u00e3o p\u00fablica da administra\u00e7\u00e3o federal. Os dirigentes entendem que as mudan\u00e7as ocorridas na educa\u00e7\u00e3o superior h\u00e1 uma d\u00e9cada serviram como impulsos vitais para a reestrutura\u00e7\u00e3o da educa\u00e7\u00e3o e n\u00e3o h\u00e1 como voltar atr\u00e1s. Por isso, a inten\u00e7\u00e3o dos representantes da \u00e1rea \u00e9 manterem-se unidos para que o governo federal mantenha as pol\u00edticas em andamento. Para a manuten\u00e7\u00e3o desse projeto os reitores presentes \u00e0 reuni\u00e3o manifestaram, unanimemente, apoio \u00e0 reelei\u00e7\u00e3o da presidente Dilma.<\/p>\n","protected":false},"excerpt":{"rendered":"<p>Bras\u00edlia \u2013 Em reuni\u00e3o de trabalho, no Pal\u00e1cio da Alvorada, em Bras\u00edlia, 54 reitores de universidades federais apresentaram \u00e0 presidente [&hellip;]<\/p>\n","protected":false},"author":0,"featured_media":0,"comment_status":"open","ping_status":"open","sticky":false,"template":"","format":"standard","meta":{"site-sidebar-layout":"default","site-content-layout":"","ast-site-content-layout":"default","site-content-style":"default","site-sidebar-style":"default","ast-global-header-display":"","ast-banner-title-visibility":"","ast-main-header-display":"","ast-hfb-above-header-display":"","ast-hfb-below-header-display":"","ast-hfb-mobile-header-display":"","site-post-title":"","ast-breadcrumbs-content":"","ast-featured-img":"","footer-sml-layout":"","ast-disable-related-posts":"","theme-transparent-header-meta":"","adv-header-id-meta":"","stick-header-meta":"","header-above-stick-meta":"","header-main-stick-meta":"","header-below-stick-meta":"","astra-migrate-meta-layouts":"default","ast-page-background-enabled":"default","ast-page-background-meta":{"desktop":{"background-color":"var(--ast-global-color-5)","background-image":"","background-repeat":"repeat","background-position":"center center","background-size":"auto","background-attachment":"scroll","background-type":"","background-media":"","overlay-type":"","overlay-color":"","overlay-opacity":"","overlay-gradient":""},"tablet":{"background-color":"","background-image":"","background-repeat":"repeat","background-position":"center center","background-size":"auto","background-attachment":"scroll","background-type":"","background-media":"","overlay-type":"","overlay-color":"","overlay-opacity":"","overlay-gradient":""},"mobile":{"background-color":"","background-image":"","background-repeat":"repeat","background-position":"center center","background-size":"auto","background-attachment":"scroll","background-type":"","background-media":"","overlay-type":"","overlay-color":"","overlay-opacity":"","overlay-gradient":""}},"ast-content-background-meta":{"desktop":{"background-color":"var(--ast-global-color-4)","background-image":"","background-repeat":"repeat","background-position":"center center","background-size":"auto","background-attachment":"scroll","background-type":"","background-media":"","overlay-type":"","overlay-color":"","overlay-opacity":"","overlay-gradient":""},"tablet":{"background-color":"var(--ast-global-color-4)","background-image":"","background-repeat":"repeat","background-position":"center center","background-size":"auto","background-attachment":"scroll","background-type":"","background-media":"","overlay-type":"","overlay-color":"","overlay-opacity":"","overlay-gradient":""},"mobile":{"background-color":"var(--ast-global-color-4)","background-image":"","background-repeat":"repeat","background-position":"center center","background-size":"auto","background-attachment":"scroll","background-type":"","background-media":"","overlay-type":"","overlay-color":"","overlay-opacity":"","overlay-gradient":""}},"footnotes":""},"categories":[1],"tags":[],"class_list":["post-19308","post","type-post","status-publish","format-standard","hentry","category-sem-categoria"],"yoast_head":"<!-- This site is optimized with the Yoast SEO plugin v26.6 - https:\/\/yoast.com\/wordpress\/plugins\/seo\/ -->\n<title>Reitores apresentam reivindica\u00e7\u00f5es a Dilma e declaram apoio \u00e0 sua reelei\u00e7\u00e3o - Daniel Matos<\/title>\n<meta name=\"robots\" content=\"index, follow, max-snippet:-1, max-image-preview:large, max-video-preview:-1\" \/>\n<link rel=\"canonical\" href=\"https:\/\/www.blogsoestado.com\/danielmatos\/reitores-apresentam-reivindicacoes-a-dilma-e-declaram-apoio-a-sua-reeleicao\/\" \/>\n<meta property=\"og:locale\" content=\"pt_BR\" \/>\n<meta property=\"og:type\" content=\"article\" \/>\n<meta property=\"og:title\" content=\"Reitores apresentam reivindica\u00e7\u00f5es a Dilma e declaram apoio \u00e0 sua reelei\u00e7\u00e3o - Daniel Matos\" \/>\n<meta property=\"og:description\" content=\"Bras\u00edlia \u2013 Em reuni\u00e3o de trabalho, no Pal\u00e1cio da Alvorada, em Bras\u00edlia, 54 reitores de universidades federais apresentaram \u00e0 presidente [&hellip;]\" \/>\n<meta property=\"og:url\" content=\"https:\/\/www.blogsoestado.com\/danielmatos\/reitores-apresentam-reivindicacoes-a-dilma-e-declaram-apoio-a-sua-reeleicao\/\" \/>\n<meta property=\"og:site_name\" content=\"Daniel Matos\" \/>\n<meta property=\"article:published_time\" content=\"2014-09-17T19:12:33+00:00\" \/>\n<meta property=\"og:image\" content=\"https:\/\/www.blogsoestado.com\/danielmatos\/files\/2014\/09\/natalino-dilma.jpg\" \/>\n<meta name=\"twitter:card\" content=\"summary_large_image\" \/>\n<meta name=\"twitter:label1\" content=\"Est. tempo de leitura\" \/>\n\t<meta name=\"twitter:data1\" content=\"3 minutos\" \/>\n<script type=\"application\/ld+json\" class=\"yoast-schema-graph\">{\"@context\":\"https:\/\/schema.org\",\"@graph\":[{\"@type\":\"WebPage\",\"@id\":\"https:\/\/www.blogsoestado.com\/danielmatos\/reitores-apresentam-reivindicacoes-a-dilma-e-declaram-apoio-a-sua-reeleicao\/\",\"url\":\"https:\/\/www.blogsoestado.com\/danielmatos\/reitores-apresentam-reivindicacoes-a-dilma-e-declaram-apoio-a-sua-reeleicao\/\",\"name\":\"Reitores apresentam reivindica\u00e7\u00f5es a Dilma e declaram apoio \u00e0 sua reelei\u00e7\u00e3o - Daniel Matos\",\"isPartOf\":{\"@id\":\"https:\/\/www.blogsoestado.com\/danielmatos\/#website\"},\"primaryImageOfPage\":{\"@id\":\"https:\/\/www.blogsoestado.com\/danielmatos\/reitores-apresentam-reivindicacoes-a-dilma-e-declaram-apoio-a-sua-reeleicao\/#primaryimage\"},\"image\":{\"@id\":\"https:\/\/www.blogsoestado.com\/danielmatos\/reitores-apresentam-reivindicacoes-a-dilma-e-declaram-apoio-a-sua-reeleicao\/#primaryimage\"},\"thumbnailUrl\":\"https:\/\/www.blogsoestado.com\/danielmatos\/files\/2014\/09\/natalino-dilma.jpg\",\"datePublished\":\"2014-09-17T19:12:33+00:00\",\"author\":{\"@id\":\"\"},\"breadcrumb\":{\"@id\":\"https:\/\/www.blogsoestado.com\/danielmatos\/reitores-apresentam-reivindicacoes-a-dilma-e-declaram-apoio-a-sua-reeleicao\/#breadcrumb\"},\"inLanguage\":\"pt-BR\",\"potentialAction\":[{\"@type\":\"ReadAction\",\"target\":[\"https:\/\/www.blogsoestado.com\/danielmatos\/reitores-apresentam-reivindicacoes-a-dilma-e-declaram-apoio-a-sua-reeleicao\/\"]}]},{\"@type\":\"ImageObject\",\"inLanguage\":\"pt-BR\",\"@id\":\"https:\/\/www.blogsoestado.com\/danielmatos\/reitores-apresentam-reivindicacoes-a-dilma-e-declaram-apoio-a-sua-reeleicao\/#primaryimage\",\"url\":\"https:\/\/www.blogsoestado.com\/danielmatos\/files\/2014\/09\/natalino-dilma.jpg\",\"contentUrl\":\"https:\/\/www.blogsoestado.com\/danielmatos\/files\/2014\/09\/natalino-dilma.jpg\"},{\"@type\":\"BreadcrumbList\",\"@id\":\"https:\/\/www.blogsoestado.com\/danielmatos\/reitores-apresentam-reivindicacoes-a-dilma-e-declaram-apoio-a-sua-reeleicao\/#breadcrumb\",\"itemListElement\":[{\"@type\":\"ListItem\",\"position\":1,\"name\":\"In\u00edcio\",\"item\":\"https:\/\/www.blogsoestado.com\/danielmatos\/\"},{\"@type\":\"ListItem\",\"position\":2,\"name\":\"Reitores apresentam reivindica\u00e7\u00f5es a Dilma e declaram apoio \u00e0 sua reelei\u00e7\u00e3o\"}]},{\"@type\":\"WebSite\",\"@id\":\"https:\/\/www.blogsoestado.com\/danielmatos\/#website\",\"url\":\"https:\/\/www.blogsoestado.com\/danielmatos\/\",\"name\":\"Daniel Matos\",\"description\":\"\",\"potentialAction\":[{\"@type\":\"SearchAction\",\"target\":{\"@type\":\"EntryPoint\",\"urlTemplate\":\"https:\/\/www.blogsoestado.com\/danielmatos\/?s={search_term_string}\"},\"query-input\":{\"@type\":\"PropertyValueSpecification\",\"valueRequired\":true,\"valueName\":\"search_term_string\"}}],\"inLanguage\":\"pt-BR\"}]}<\/script>\n<!-- \/ Yoast SEO plugin. -->","yoast_head_json":{"title":"Reitores apresentam reivindica\u00e7\u00f5es a Dilma e declaram apoio \u00e0 sua reelei\u00e7\u00e3o - Daniel Matos","robots":{"index":"index","follow":"follow","max-snippet":"max-snippet:-1","max-image-preview":"max-image-preview:large","max-video-preview":"max-video-preview:-1"},"canonical":"https:\/\/www.blogsoestado.com\/danielmatos\/reitores-apresentam-reivindicacoes-a-dilma-e-declaram-apoio-a-sua-reeleicao\/","og_locale":"pt_BR","og_type":"article","og_title":"Reitores apresentam reivindica\u00e7\u00f5es a Dilma e declaram apoio \u00e0 sua reelei\u00e7\u00e3o - Daniel Matos","og_description":"Bras\u00edlia \u2013 Em reuni\u00e3o de trabalho, no Pal\u00e1cio da Alvorada, em Bras\u00edlia, 54 reitores de universidades federais apresentaram \u00e0 presidente [&hellip;]","og_url":"https:\/\/www.blogsoestado.com\/danielmatos\/reitores-apresentam-reivindicacoes-a-dilma-e-declaram-apoio-a-sua-reeleicao\/","og_site_name":"Daniel Matos","article_published_time":"2014-09-17T19:12:33+00:00","og_image":[{"url":"https:\/\/www.blogsoestado.com\/danielmatos\/files\/2014\/09\/natalino-dilma.jpg","type":"","width":"","height":""}],"twitter_card":"summary_large_image","twitter_misc":{"Est. tempo de leitura":"3 minutos"},"schema":{"@context":"https:\/\/schema.org","@graph":[{"@type":"WebPage","@id":"https:\/\/www.blogsoestado.com\/danielmatos\/reitores-apresentam-reivindicacoes-a-dilma-e-declaram-apoio-a-sua-reeleicao\/","url":"https:\/\/www.blogsoestado.com\/danielmatos\/reitores-apresentam-reivindicacoes-a-dilma-e-declaram-apoio-a-sua-reeleicao\/","name":"Reitores apresentam reivindica\u00e7\u00f5es a Dilma e declaram apoio \u00e0 sua reelei\u00e7\u00e3o - Daniel Matos","isPartOf":{"@id":"https:\/\/www.blogsoestado.com\/danielmatos\/#website"},"primaryImageOfPage":{"@id":"https:\/\/www.blogsoestado.com\/danielmatos\/reitores-apresentam-reivindicacoes-a-dilma-e-declaram-apoio-a-sua-reeleicao\/#primaryimage"},"image":{"@id":"https:\/\/www.blogsoestado.com\/danielmatos\/reitores-apresentam-reivindicacoes-a-dilma-e-declaram-apoio-a-sua-reeleicao\/#primaryimage"},"thumbnailUrl":"https:\/\/www.blogsoestado.com\/danielmatos\/files\/2014\/09\/natalino-dilma.jpg","datePublished":"2014-09-17T19:12:33+00:00","author":{"@id":""},"breadcrumb":{"@id":"https:\/\/www.blogsoestado.com\/danielmatos\/reitores-apresentam-reivindicacoes-a-dilma-e-declaram-apoio-a-sua-reeleicao\/#breadcrumb"},"inLanguage":"pt-BR","potentialAction":[{"@type":"ReadAction","target":["https:\/\/www.blogsoestado.com\/danielmatos\/reitores-apresentam-reivindicacoes-a-dilma-e-declaram-apoio-a-sua-reeleicao\/"]}]},{"@type":"ImageObject","inLanguage":"pt-BR","@id":"https:\/\/www.blogsoestado.com\/danielmatos\/reitores-apresentam-reivindicacoes-a-dilma-e-declaram-apoio-a-sua-reeleicao\/#primaryimage","url":"https:\/\/www.blogsoestado.com\/danielmatos\/files\/2014\/09\/natalino-dilma.jpg","contentUrl":"https:\/\/www.blogsoestado.com\/danielmatos\/files\/2014\/09\/natalino-dilma.jpg"},{"@type":"BreadcrumbList","@id":"https:\/\/www.blogsoestado.com\/danielmatos\/reitores-apresentam-reivindicacoes-a-dilma-e-declaram-apoio-a-sua-reeleicao\/#breadcrumb","itemListElement":[{"@type":"ListItem","position":1,"name":"In\u00edcio","item":"https:\/\/www.blogsoestado.com\/danielmatos\/"},{"@type":"ListItem","position":2,"name":"Reitores apresentam reivindica\u00e7\u00f5es a Dilma e declaram apoio \u00e0 sua reelei\u00e7\u00e3o"}]},{"@type":"WebSite","@id":"https:\/\/www.blogsoestado.com\/danielmatos\/#website","url":"https:\/\/www.blogsoestado.com\/danielmatos\/","name":"Daniel Matos","description":"","potentialAction":[{"@type":"SearchAction","target":{"@type":"EntryPoint","urlTemplate":"https:\/\/www.blogsoestado.com\/danielmatos\/?s={search_term_string}"},"query-input":{"@type":"PropertyValueSpecification","valueRequired":true,"valueName":"search_term_string"}}],"inLanguage":"pt-BR"}]}},"jetpack_featured_media_url":"","_links":{"self":[{"href":"https:\/\/www.blogsoestado.com\/danielmatos\/wp-json\/wp\/v2\/posts\/19308","targetHints":{"allow":["GET"]}}],"collection":[{"href":"https:\/\/www.blogsoestado.com\/danielmatos\/wp-json\/wp\/v2\/posts"}],"about":[{"href":"https:\/\/www.blogsoestado.com\/danielmatos\/wp-json\/wp\/v2\/types\/post"}],"replies":[{"embeddable":true,"href":"https:\/\/www.blogsoestado.com\/danielmatos\/wp-json\/wp\/v2\/comments?post=19308"}],"version-history":[{"count":0,"href":"https:\/\/www.blogsoestado.com\/danielmatos\/wp-json\/wp\/v2\/posts\/19308\/revisions"}],"wp:attachment":[{"href":"https:\/\/www.blogsoestado.com\/danielmatos\/wp-json\/wp\/v2\/media?parent=19308"}],"wp:term":[{"taxonomy":"category","embeddable":true,"href":"https:\/\/www.blogsoestado.com\/danielmatos\/wp-json\/wp\/v2\/categories?post=19308"},{"taxonomy":"post_tag","embeddable":true,"href":"https:\/\/www.blogsoestado.com\/danielmatos\/wp-json\/wp\/v2\/tags?post=19308"}],"curies":[{"name":"wp","href":"https:\/\/api.w.org\/{rel}","templated":true}]}}