{"id":19328,"date":"2014-09-19T07:48:08","date_gmt":"2014-09-19T10:48:08","guid":{"rendered":"https:\/\/www.blogsoestado.com\/danielmatos\/?p=19328"},"modified":"2014-09-19T07:48:08","modified_gmt":"2014-09-19T10:48:08","slug":"prefeitura-abre-programacao-da-semana-nacional-de-transito","status":"publish","type":"post","link":"https:\/\/www.blogsoestado.com\/danielmatos\/prefeitura-abre-programacao-da-semana-nacional-de-transito\/","title":{"rendered":"Prefeitura abre programa\u00e7\u00e3o da Semana Nacional de Tr\u00e2nsito"},"content":{"rendered":"<figure id=\"attachment_19329\" aria-describedby=\"caption-attachment-19329\" style=\"width: 640px\" class=\"wp-caption aligncenter\"><a href=\"https:\/\/www.blogsoestado.com\/danielmatos\/files\/2014\/09\/semana-transito.jpg\"><img fetchpriority=\"high\" decoding=\"async\" class=\"size-full wp-image-19329\" src=\"https:\/\/www.blogsoestado.com\/danielmatos\/files\/2014\/09\/semana-transito.jpg\" alt=\"Primeiro dia do evento contou com semin\u00e1rio e palestra sobre medidas para seguran\u00e7a no tr\u00e2nsito\" width=\"640\" height=\"426\" \/><\/a><figcaption id=\"caption-attachment-19329\" class=\"wp-caption-text\">Primeiro dia do\u00a0evento contou com semin\u00e1rio e palestra sobre medidas para seguran\u00e7a no tr\u00e2nsito<\/figcaption><\/figure>\n<p>A Prefeitura de S\u00e3o Lu\u00eds deu in\u00edcio, nesta quinta-feira (18), \u00e0 agenda de atividades pela Semana Nacional de Tr\u00e2nsito. A programa\u00e7\u00e3o deste primeiro dia do evento contou com o Semin\u00e1rio de Comunica\u00e7\u00e3o e Sa\u00fade para o Tr\u00e2nsito no Maranh\u00e3o, onde o secret\u00e1rio de Tr\u00e2nsito e Transportes (SMTT), Canind\u00e9 Barros, destacou as obras e a\u00e7\u00f5es educativas que est\u00e3o sendo desenvolvidas no tr\u00e2nsito da capital. O evento ocorreu no Hotel Veleiros, Ponta D\u2019Areia.<\/p>\n<p>\u201cEssa \u00e9 uma campanha em n\u00edvel nacional e mundial que direciona nossas aten\u00e7\u00f5es para o pedestre. N\u00f3s estamos realizando v\u00e1rias a\u00e7\u00f5es que beneficiar\u00e3o o pedestre e essa campanha vem acompanhar as a\u00e7\u00f5es determinadas pelo prefeito Edivaldo Holanda J\u00fanior para maior mobilidade e tamb\u00e9m seguran\u00e7a no tr\u00e2nsito de S\u00e3o Lu\u00eds\u201d, afirmou.<\/p>\n<p>O secret\u00e1rio adjunto da SMTT, Israel Pethrus, enfatizou durante explana\u00e7\u00e3o as importantes obras que est\u00e3o sendo realizadas nas principais vias da capital. Entre essas a\u00e7\u00f5es est\u00e3o as interven\u00e7\u00f5es na Avenida dos Portugueses e Avenida Vitorino Freire; Avenida Jer\u00f4nimo de Albuquerque, na Curva do 90; Avenida Guajajaras e Louren\u00e7o Vieira da Silva, entre outras.<\/p>\n<p>A arquiteta e urbanista, N\u00e1dia Rodrigues, ministrou a palestra \u201cCidade para as pessoas: prote\u00e7\u00e3o e prioridade ao pedestre. Foi realizada ainda uma mesa-redonda sobre o \u201cPoder de comunica\u00e7\u00e3o na educa\u00e7\u00e3o para o tr\u00e2nsito\u201d, tendo como mediadores o presidente da Funda\u00e7\u00e3o Municipal de cultura, Francisco Gon\u00e7alves, e o coordenador municipal de Educa\u00e7\u00e3o para o Tr\u00e2nsito da SMTT, Francisco Moura dos Santos.<\/p>\n<p>A Secretaria Municipal de Sa\u00fade (Semus) tamb\u00e9m contribuiu destacando as atividades do projeto Vida no Tr\u00e2nsito, que possui abrang\u00eancia global e tem como meta reduzir em at\u00e9 50% o \u00edndice de acidentes em ruas e avenidas da cidade. Na ocasi\u00e3o, a superintendente de Vigil\u00e2ncia Epidemiol\u00f3gica e Sanit\u00e1ria da Semus, Terezinha Lobo, detalhou as a\u00e7\u00f5es realizadas para o aux\u00edlio no tr\u00e2nsito atrav\u00e9s da Divis\u00e3o de Doen\u00e7as e Agravos N\u00e3o Transmiss\u00edveis (DANTs). \u201cAtrav\u00e9s deste departamento, temos como meta formular propostas que contribuam com as mortes n\u00e3o relacionadas a doen\u00e7as, como \u00e9 o caso dos \u00f3bitos registrados no tr\u00e2nsito. Atuamos, neste sentido, de forma conjunta com os \u00f3rg\u00e3os competentes de tr\u00e2nsito, em especial, a SMTT\u201d, informou.<\/p>\n<p><strong>Programa\u00e7\u00e3o<\/strong><\/p>\n<p>A programa\u00e7\u00e3o da Semana Nacional de Tr\u00e2nsito em S\u00e3o Lu\u00eds \u00e9 organizada atrav\u00e9s da Secretaria de Tr\u00e2nsito e Transportes (SMTT) em parceria com o Comit\u00ea Vida no Tr\u00e2nsito. O tema deste ano \u00e9 \u201cD\u00e9cada Mundial de A\u00e7\u00f5es para a Seguran\u00e7a do Tr\u00e2nsito \u2013 2011\/2020: Cidade para as pessoas: Prote\u00e7\u00e3o e Prioridade ao Pedestre\u201d. As atividades ser\u00e3o realizadas at\u00e9 a pr\u00f3xima quinta-feira (25) e tem como objetivo a redu\u00e7\u00e3o dos acidentes de tr\u00e2nsito.<\/p>\n<p>Nesta sexta-feira (19), a partir das 10h30, ser\u00e1 realizado o lan\u00e7amento da Campanha Permanente para Motociclistas em S\u00e3o Lu\u00eds, promovida pela Loja Ma\u00e7\u00f4nica e o SOS Vidas. O evento ser\u00e1 realizado na sede da Gran Loja Ma\u00e7\u00f4nica, no Bequim\u00e3o. A campanha vai tratar de medidas fundamentais no comportamento de motociclistas como postura, uso adequado de equipamentos, respeito \u00e0 sinaliza\u00e7\u00e3o, visando um tr\u00e2nsito mais humano e a redu\u00e7\u00e3o da ocupa\u00e7\u00e3o dos leitos hospitalares no Brasil, atualmente ocupados por 71% de acidentes decorrentes de motos.<\/p>\n<p><strong>Fonte:<\/strong> Secretaria Municipal de Comunica\u00e7\u00e3o (Secom)<\/p>\n","protected":false},"excerpt":{"rendered":"<p>A Prefeitura de S\u00e3o Lu\u00eds deu in\u00edcio, nesta quinta-feira (18), \u00e0 agenda de atividades pela Semana Nacional de Tr\u00e2nsito. A [&hellip;]<\/p>\n","protected":false},"author":0,"featured_media":0,"comment_status":"open","ping_status":"open","sticky":false,"template":"","format":"standard","meta":{"site-sidebar-layout":"default","site-content-layout":"","ast-site-content-layout":"default","site-content-style":"default","site-sidebar-style":"default","ast-global-header-display":"","ast-banner-title-visibility":"","ast-main-header-display":"","ast-hfb-above-header-display":"","ast-hfb-below-header-display":"","ast-hfb-mobile-header-display":"","site-post-title":"","ast-breadcrumbs-content":"","ast-featured-img":"","footer-sml-layout":"","ast-disable-related-posts":"","theme-transparent-header-meta":"","adv-header-id-meta":"","stick-header-meta":"","header-above-stick-meta":"","header-main-stick-meta":"","header-below-stick-meta":"","astra-migrate-meta-layouts":"default","ast-page-background-enabled":"default","ast-page-background-meta":{"desktop":{"background-color":"var(--ast-global-color-5)","background-image":"","background-repeat":"repeat","background-position":"center center","background-size":"auto","background-attachment":"scroll","background-type":"","background-media":"","overlay-type":"","overlay-color":"","overlay-opacity":"","overlay-gradient":""},"tablet":{"background-color":"","background-image":"","background-repeat":"repeat","background-position":"center center","background-size":"auto","background-attachment":"scroll","background-type":"","background-media":"","overlay-type":"","overlay-color":"","overlay-opacity":"","overlay-gradient":""},"mobile":{"background-color":"","background-image":"","background-repeat":"repeat","background-position":"center center","background-size":"auto","background-attachment":"scroll","background-type":"","background-media":"","overlay-type":"","overlay-color":"","overlay-opacity":"","overlay-gradient":""}},"ast-content-background-meta":{"desktop":{"background-color":"var(--ast-global-color-4)","background-image":"","background-repeat":"repeat","background-position":"center center","background-size":"auto","background-attachment":"scroll","background-type":"","background-media":"","overlay-type":"","overlay-color":"","overlay-opacity":"","overlay-gradient":""},"tablet":{"background-color":"var(--ast-global-color-4)","background-image":"","background-repeat":"repeat","background-position":"center center","background-size":"auto","background-attachment":"scroll","background-type":"","background-media":"","overlay-type":"","overlay-color":"","overlay-opacity":"","overlay-gradient":""},"mobile":{"background-color":"var(--ast-global-color-4)","background-image":"","background-repeat":"repeat","background-position":"center center","background-size":"auto","background-attachment":"scroll","background-type":"","background-media":"","overlay-type":"","overlay-color":"","overlay-opacity":"","overlay-gradient":""}},"footnotes":""},"categories":[1],"tags":[],"class_list":["post-19328","post","type-post","status-publish","format-standard","hentry","category-sem-categoria"],"yoast_head":"<!-- This site is optimized with the Yoast SEO plugin v26.6 - https:\/\/yoast.com\/wordpress\/plugins\/seo\/ -->\n<title>Prefeitura abre programa\u00e7\u00e3o da Semana Nacional de Tr\u00e2nsito - Daniel Matos<\/title>\n<meta name=\"robots\" content=\"index, follow, max-snippet:-1, max-image-preview:large, max-video-preview:-1\" \/>\n<link rel=\"canonical\" href=\"https:\/\/www.blogsoestado.com\/danielmatos\/prefeitura-abre-programacao-da-semana-nacional-de-transito\/\" \/>\n<meta property=\"og:locale\" content=\"pt_BR\" \/>\n<meta property=\"og:type\" content=\"article\" \/>\n<meta property=\"og:title\" content=\"Prefeitura abre programa\u00e7\u00e3o da Semana Nacional de Tr\u00e2nsito - Daniel Matos\" \/>\n<meta property=\"og:description\" content=\"A Prefeitura de S\u00e3o Lu\u00eds deu in\u00edcio, nesta quinta-feira (18), \u00e0 agenda de atividades pela Semana Nacional de Tr\u00e2nsito. A [&hellip;]\" \/>\n<meta property=\"og:url\" content=\"https:\/\/www.blogsoestado.com\/danielmatos\/prefeitura-abre-programacao-da-semana-nacional-de-transito\/\" \/>\n<meta property=\"og:site_name\" content=\"Daniel Matos\" \/>\n<meta property=\"article:published_time\" content=\"2014-09-19T10:48:08+00:00\" \/>\n<meta property=\"og:image\" content=\"https:\/\/www.blogsoestado.com\/danielmatos\/files\/2014\/09\/semana-transito.jpg\" \/>\n<meta name=\"twitter:card\" content=\"summary_large_image\" \/>\n<meta name=\"twitter:label1\" content=\"Est. tempo de leitura\" \/>\n\t<meta name=\"twitter:data1\" content=\"3 minutos\" \/>\n<script type=\"application\/ld+json\" class=\"yoast-schema-graph\">{\"@context\":\"https:\/\/schema.org\",\"@graph\":[{\"@type\":\"WebPage\",\"@id\":\"https:\/\/www.blogsoestado.com\/danielmatos\/prefeitura-abre-programacao-da-semana-nacional-de-transito\/\",\"url\":\"https:\/\/www.blogsoestado.com\/danielmatos\/prefeitura-abre-programacao-da-semana-nacional-de-transito\/\",\"name\":\"Prefeitura abre programa\u00e7\u00e3o da Semana Nacional de Tr\u00e2nsito - Daniel Matos\",\"isPartOf\":{\"@id\":\"https:\/\/www.blogsoestado.com\/danielmatos\/#website\"},\"primaryImageOfPage\":{\"@id\":\"https:\/\/www.blogsoestado.com\/danielmatos\/prefeitura-abre-programacao-da-semana-nacional-de-transito\/#primaryimage\"},\"image\":{\"@id\":\"https:\/\/www.blogsoestado.com\/danielmatos\/prefeitura-abre-programacao-da-semana-nacional-de-transito\/#primaryimage\"},\"thumbnailUrl\":\"https:\/\/www.blogsoestado.com\/danielmatos\/files\/2014\/09\/semana-transito.jpg\",\"datePublished\":\"2014-09-19T10:48:08+00:00\",\"author\":{\"@id\":\"\"},\"breadcrumb\":{\"@id\":\"https:\/\/www.blogsoestado.com\/danielmatos\/prefeitura-abre-programacao-da-semana-nacional-de-transito\/#breadcrumb\"},\"inLanguage\":\"pt-BR\",\"potentialAction\":[{\"@type\":\"ReadAction\",\"target\":[\"https:\/\/www.blogsoestado.com\/danielmatos\/prefeitura-abre-programacao-da-semana-nacional-de-transito\/\"]}]},{\"@type\":\"ImageObject\",\"inLanguage\":\"pt-BR\",\"@id\":\"https:\/\/www.blogsoestado.com\/danielmatos\/prefeitura-abre-programacao-da-semana-nacional-de-transito\/#primaryimage\",\"url\":\"https:\/\/www.blogsoestado.com\/danielmatos\/files\/2014\/09\/semana-transito.jpg\",\"contentUrl\":\"https:\/\/www.blogsoestado.com\/danielmatos\/files\/2014\/09\/semana-transito.jpg\"},{\"@type\":\"BreadcrumbList\",\"@id\":\"https:\/\/www.blogsoestado.com\/danielmatos\/prefeitura-abre-programacao-da-semana-nacional-de-transito\/#breadcrumb\",\"itemListElement\":[{\"@type\":\"ListItem\",\"position\":1,\"name\":\"In\u00edcio\",\"item\":\"https:\/\/www.blogsoestado.com\/danielmatos\/\"},{\"@type\":\"ListItem\",\"position\":2,\"name\":\"Prefeitura abre programa\u00e7\u00e3o da Semana Nacional de Tr\u00e2nsito\"}]},{\"@type\":\"WebSite\",\"@id\":\"https:\/\/www.blogsoestado.com\/danielmatos\/#website\",\"url\":\"https:\/\/www.blogsoestado.com\/danielmatos\/\",\"name\":\"Daniel Matos\",\"description\":\"\",\"potentialAction\":[{\"@type\":\"SearchAction\",\"target\":{\"@type\":\"EntryPoint\",\"urlTemplate\":\"https:\/\/www.blogsoestado.com\/danielmatos\/?s={search_term_string}\"},\"query-input\":{\"@type\":\"PropertyValueSpecification\",\"valueRequired\":true,\"valueName\":\"search_term_string\"}}],\"inLanguage\":\"pt-BR\"}]}<\/script>\n<!-- \/ Yoast SEO plugin. -->","yoast_head_json":{"title":"Prefeitura abre programa\u00e7\u00e3o da Semana Nacional de Tr\u00e2nsito - Daniel Matos","robots":{"index":"index","follow":"follow","max-snippet":"max-snippet:-1","max-image-preview":"max-image-preview:large","max-video-preview":"max-video-preview:-1"},"canonical":"https:\/\/www.blogsoestado.com\/danielmatos\/prefeitura-abre-programacao-da-semana-nacional-de-transito\/","og_locale":"pt_BR","og_type":"article","og_title":"Prefeitura abre programa\u00e7\u00e3o da Semana Nacional de Tr\u00e2nsito - Daniel Matos","og_description":"A Prefeitura de S\u00e3o Lu\u00eds deu in\u00edcio, nesta quinta-feira (18), \u00e0 agenda de atividades pela Semana Nacional de Tr\u00e2nsito. A [&hellip;]","og_url":"https:\/\/www.blogsoestado.com\/danielmatos\/prefeitura-abre-programacao-da-semana-nacional-de-transito\/","og_site_name":"Daniel Matos","article_published_time":"2014-09-19T10:48:08+00:00","og_image":[{"url":"https:\/\/www.blogsoestado.com\/danielmatos\/files\/2014\/09\/semana-transito.jpg","type":"","width":"","height":""}],"twitter_card":"summary_large_image","twitter_misc":{"Est. tempo de leitura":"3 minutos"},"schema":{"@context":"https:\/\/schema.org","@graph":[{"@type":"WebPage","@id":"https:\/\/www.blogsoestado.com\/danielmatos\/prefeitura-abre-programacao-da-semana-nacional-de-transito\/","url":"https:\/\/www.blogsoestado.com\/danielmatos\/prefeitura-abre-programacao-da-semana-nacional-de-transito\/","name":"Prefeitura abre programa\u00e7\u00e3o da Semana Nacional de Tr\u00e2nsito - Daniel Matos","isPartOf":{"@id":"https:\/\/www.blogsoestado.com\/danielmatos\/#website"},"primaryImageOfPage":{"@id":"https:\/\/www.blogsoestado.com\/danielmatos\/prefeitura-abre-programacao-da-semana-nacional-de-transito\/#primaryimage"},"image":{"@id":"https:\/\/www.blogsoestado.com\/danielmatos\/prefeitura-abre-programacao-da-semana-nacional-de-transito\/#primaryimage"},"thumbnailUrl":"https:\/\/www.blogsoestado.com\/danielmatos\/files\/2014\/09\/semana-transito.jpg","datePublished":"2014-09-19T10:48:08+00:00","author":{"@id":""},"breadcrumb":{"@id":"https:\/\/www.blogsoestado.com\/danielmatos\/prefeitura-abre-programacao-da-semana-nacional-de-transito\/#breadcrumb"},"inLanguage":"pt-BR","potentialAction":[{"@type":"ReadAction","target":["https:\/\/www.blogsoestado.com\/danielmatos\/prefeitura-abre-programacao-da-semana-nacional-de-transito\/"]}]},{"@type":"ImageObject","inLanguage":"pt-BR","@id":"https:\/\/www.blogsoestado.com\/danielmatos\/prefeitura-abre-programacao-da-semana-nacional-de-transito\/#primaryimage","url":"https:\/\/www.blogsoestado.com\/danielmatos\/files\/2014\/09\/semana-transito.jpg","contentUrl":"https:\/\/www.blogsoestado.com\/danielmatos\/files\/2014\/09\/semana-transito.jpg"},{"@type":"BreadcrumbList","@id":"https:\/\/www.blogsoestado.com\/danielmatos\/prefeitura-abre-programacao-da-semana-nacional-de-transito\/#breadcrumb","itemListElement":[{"@type":"ListItem","position":1,"name":"In\u00edcio","item":"https:\/\/www.blogsoestado.com\/danielmatos\/"},{"@type":"ListItem","position":2,"name":"Prefeitura abre programa\u00e7\u00e3o da Semana Nacional de Tr\u00e2nsito"}]},{"@type":"WebSite","@id":"https:\/\/www.blogsoestado.com\/danielmatos\/#website","url":"https:\/\/www.blogsoestado.com\/danielmatos\/","name":"Daniel Matos","description":"","potentialAction":[{"@type":"SearchAction","target":{"@type":"EntryPoint","urlTemplate":"https:\/\/www.blogsoestado.com\/danielmatos\/?s={search_term_string}"},"query-input":{"@type":"PropertyValueSpecification","valueRequired":true,"valueName":"search_term_string"}}],"inLanguage":"pt-BR"}]}},"jetpack_featured_media_url":"","_links":{"self":[{"href":"https:\/\/www.blogsoestado.com\/danielmatos\/wp-json\/wp\/v2\/posts\/19328","targetHints":{"allow":["GET"]}}],"collection":[{"href":"https:\/\/www.blogsoestado.com\/danielmatos\/wp-json\/wp\/v2\/posts"}],"about":[{"href":"https:\/\/www.blogsoestado.com\/danielmatos\/wp-json\/wp\/v2\/types\/post"}],"replies":[{"embeddable":true,"href":"https:\/\/www.blogsoestado.com\/danielmatos\/wp-json\/wp\/v2\/comments?post=19328"}],"version-history":[{"count":0,"href":"https:\/\/www.blogsoestado.com\/danielmatos\/wp-json\/wp\/v2\/posts\/19328\/revisions"}],"wp:attachment":[{"href":"https:\/\/www.blogsoestado.com\/danielmatos\/wp-json\/wp\/v2\/media?parent=19328"}],"wp:term":[{"taxonomy":"category","embeddable":true,"href":"https:\/\/www.blogsoestado.com\/danielmatos\/wp-json\/wp\/v2\/categories?post=19328"},{"taxonomy":"post_tag","embeddable":true,"href":"https:\/\/www.blogsoestado.com\/danielmatos\/wp-json\/wp\/v2\/tags?post=19328"}],"curies":[{"name":"wp","href":"https:\/\/api.w.org\/{rel}","templated":true}]}}