{"id":19331,"date":"2014-09-20T10:01:42","date_gmt":"2014-09-20T13:01:42","guid":{"rendered":"https:\/\/www.blogsoestado.com\/danielmatos\/?p=19331"},"modified":"2014-09-20T10:01:42","modified_gmt":"2014-09-20T13:01:42","slug":"prefeitura-dialoga-com-gestores-sobre-calendario-escolar","status":"publish","type":"post","link":"https:\/\/www.blogsoestado.com\/danielmatos\/prefeitura-dialoga-com-gestores-sobre-calendario-escolar\/","title":{"rendered":"Prefeitura dialoga com gestores sobre calend\u00e1rio escolar"},"content":{"rendered":"<figure id=\"attachment_19332\" aria-describedby=\"caption-attachment-19332\" style=\"width: 640px\" class=\"wp-caption aligncenter\"><a href=\"https:\/\/www.blogsoestado.com\/danielmatos\/files\/2014\/09\/calendario.jpg\"><img fetchpriority=\"high\" decoding=\"async\" class=\"size-full wp-image-19332\" src=\"https:\/\/www.blogsoestado.com\/danielmatos\/files\/2014\/09\/calendario.jpg\" alt=\"Gestores escolares do Polo Coroadinho participam de uma das reuni\u00f5es promovidas pela Semed\" width=\"640\" height=\"424\" \/><\/a><figcaption id=\"caption-attachment-19332\" class=\"wp-caption-text\">Gestores escolares do Polo Coroadinho participam de uma das reuni\u00f5es promovidas pela Semed<\/figcaption><\/figure>\n<p>A Prefeitura de S\u00e3o Lu\u00eds, por meio da Secretaria de Educa\u00e7\u00e3o (Semed), apresentou aos gestores das unidades de ensino de S\u00e3o Lu\u00eds a proposta de calend\u00e1rio escolar para reposi\u00e7\u00e3o dos dias letivos, de modo a garantir os 200 dias de aula exigidos pela Lei de Diretrizes e Bases da Educa\u00e7\u00e3o Nacional (LDB). Participaram das reuni\u00f5es realizadas durante esta semana 110 gestores dos sete n\u00facleos educacionais da rede municipal \u2013 Centro, Itaqui-Bacanga, Turu, Anil, Zona Rural, Cidade Oper\u00e1ria e Coroadinho.<\/p>\n<p>\u201cTodos temos um objetivo comum, que \u00e9 garantir a reposi\u00e7\u00e3o da carga hor\u00e1ria e dos conte\u00fados com qualidade para todos os estudantes das escolas do munic\u00edpio. Nesse contexto, devemos nos manter firmes no compromisso com os estudantes, refor\u00e7ando ainda mais todas as nossas frentes de trabalho\u201d, destacou o secret\u00e1rio municipal de Educa\u00e7\u00e3o, Geraldo Castro Sobrinho.<\/p>\n<p>O novo calend\u00e1rio escolar, definido e aprovado em conjunto pela Semed e pelo Sindeduca\u00e7\u00e3o, leva em conta os 59 dias \u00fateis a repor, descontados finais de semana, feriados e f\u00e9rias escolares. A recomposi\u00e7\u00e3o considera a realidade de cada escola. Entretanto, a Semed fixou o m\u00eas de mar\u00e7o de 2015 como prazo final para o encerramento das atividades deste ano letivo, com aulas em pelo menos dois s\u00e1bados por m\u00eas.<\/p>\n<p>A superintendente da \u00c1rea de Ensino Fundamental, Maria de Jesus Gaspar Leite, explicou que os gestores dever\u00e3o estudar oi calend\u00e1rio e depois aplic\u00e1-lo em suas respectivas unidades de ensino. \u201cH\u00e1 um prazo m\u00e1ximo para fechar o ano letivo, e dentro disso a escola se adequar\u00e1, perfazendo o total de horas estabelecidas para o ensino fundamental\u201d, explicou, ressaltando que eventuais adequa\u00e7\u00f5es feitas pelos gestores ser\u00e3o repassadas para a superintend\u00eancia competente.<\/p>\n<p><strong>Fonte:<\/strong> Secretaria Municipal de Comunica\u00e7\u00e3o (Secom)<\/p>\n","protected":false},"excerpt":{"rendered":"<p>A Prefeitura de S\u00e3o Lu\u00eds, por meio da Secretaria de Educa\u00e7\u00e3o (Semed), apresentou aos gestores das unidades de ensino de [&hellip;]<\/p>\n","protected":false},"author":0,"featured_media":0,"comment_status":"open","ping_status":"open","sticky":false,"template":"","format":"standard","meta":{"site-sidebar-layout":"default","site-content-layout":"","ast-site-content-layout":"default","site-content-style":"default","site-sidebar-style":"default","ast-global-header-display":"","ast-banner-title-visibility":"","ast-main-header-display":"","ast-hfb-above-header-display":"","ast-hfb-below-header-display":"","ast-hfb-mobile-header-display":"","site-post-title":"","ast-breadcrumbs-content":"","ast-featured-img":"","footer-sml-layout":"","ast-disable-related-posts":"","theme-transparent-header-meta":"","adv-header-id-meta":"","stick-header-meta":"","header-above-stick-meta":"","header-main-stick-meta":"","header-below-stick-meta":"","astra-migrate-meta-layouts":"default","ast-page-background-enabled":"default","ast-page-background-meta":{"desktop":{"background-color":"var(--ast-global-color-5)","background-image":"","background-repeat":"repeat","background-position":"center center","background-size":"auto","background-attachment":"scroll","background-type":"","background-media":"","overlay-type":"","overlay-color":"","overlay-opacity":"","overlay-gradient":""},"tablet":{"background-color":"","background-image":"","background-repeat":"repeat","background-position":"center center","background-size":"auto","background-attachment":"scroll","background-type":"","background-media":"","overlay-type":"","overlay-color":"","overlay-opacity":"","overlay-gradient":""},"mobile":{"background-color":"","background-image":"","background-repeat":"repeat","background-position":"center center","background-size":"auto","background-attachment":"scroll","background-type":"","background-media":"","overlay-type":"","overlay-color":"","overlay-opacity":"","overlay-gradient":""}},"ast-content-background-meta":{"desktop":{"background-color":"var(--ast-global-color-4)","background-image":"","background-repeat":"repeat","background-position":"center center","background-size":"auto","background-attachment":"scroll","background-type":"","background-media":"","overlay-type":"","overlay-color":"","overlay-opacity":"","overlay-gradient":""},"tablet":{"background-color":"var(--ast-global-color-4)","background-image":"","background-repeat":"repeat","background-position":"center center","background-size":"auto","background-attachment":"scroll","background-type":"","background-media":"","overlay-type":"","overlay-color":"","overlay-opacity":"","overlay-gradient":""},"mobile":{"background-color":"var(--ast-global-color-4)","background-image":"","background-repeat":"repeat","background-position":"center center","background-size":"auto","background-attachment":"scroll","background-type":"","background-media":"","overlay-type":"","overlay-color":"","overlay-opacity":"","overlay-gradient":""}},"footnotes":""},"categories":[1],"tags":[],"class_list":["post-19331","post","type-post","status-publish","format-standard","hentry","category-sem-categoria"],"yoast_head":"<!-- This site is optimized with the Yoast SEO plugin v26.6 - https:\/\/yoast.com\/wordpress\/plugins\/seo\/ -->\n<title>Prefeitura dialoga com gestores sobre calend\u00e1rio escolar - Daniel Matos<\/title>\n<meta name=\"robots\" content=\"index, follow, max-snippet:-1, max-image-preview:large, max-video-preview:-1\" \/>\n<link rel=\"canonical\" href=\"https:\/\/www.blogsoestado.com\/danielmatos\/prefeitura-dialoga-com-gestores-sobre-calendario-escolar\/\" \/>\n<meta property=\"og:locale\" content=\"pt_BR\" \/>\n<meta property=\"og:type\" content=\"article\" \/>\n<meta property=\"og:title\" content=\"Prefeitura dialoga com gestores sobre calend\u00e1rio escolar - Daniel Matos\" \/>\n<meta property=\"og:description\" content=\"A Prefeitura de S\u00e3o Lu\u00eds, por meio da Secretaria de Educa\u00e7\u00e3o (Semed), apresentou aos gestores das unidades de ensino de [&hellip;]\" \/>\n<meta property=\"og:url\" content=\"https:\/\/www.blogsoestado.com\/danielmatos\/prefeitura-dialoga-com-gestores-sobre-calendario-escolar\/\" \/>\n<meta property=\"og:site_name\" content=\"Daniel Matos\" \/>\n<meta property=\"article:published_time\" content=\"2014-09-20T13:01:42+00:00\" \/>\n<meta property=\"og:image\" content=\"https:\/\/www.blogsoestado.com\/danielmatos\/files\/2014\/09\/calendario.jpg\" \/>\n<meta name=\"twitter:card\" content=\"summary_large_image\" \/>\n<meta name=\"twitter:label1\" content=\"Est. tempo de leitura\" \/>\n\t<meta name=\"twitter:data1\" content=\"2 minutos\" \/>\n<script type=\"application\/ld+json\" class=\"yoast-schema-graph\">{\"@context\":\"https:\/\/schema.org\",\"@graph\":[{\"@type\":\"WebPage\",\"@id\":\"https:\/\/www.blogsoestado.com\/danielmatos\/prefeitura-dialoga-com-gestores-sobre-calendario-escolar\/\",\"url\":\"https:\/\/www.blogsoestado.com\/danielmatos\/prefeitura-dialoga-com-gestores-sobre-calendario-escolar\/\",\"name\":\"Prefeitura dialoga com gestores sobre calend\u00e1rio escolar - Daniel Matos\",\"isPartOf\":{\"@id\":\"https:\/\/www.blogsoestado.com\/danielmatos\/#website\"},\"primaryImageOfPage\":{\"@id\":\"https:\/\/www.blogsoestado.com\/danielmatos\/prefeitura-dialoga-com-gestores-sobre-calendario-escolar\/#primaryimage\"},\"image\":{\"@id\":\"https:\/\/www.blogsoestado.com\/danielmatos\/prefeitura-dialoga-com-gestores-sobre-calendario-escolar\/#primaryimage\"},\"thumbnailUrl\":\"https:\/\/www.blogsoestado.com\/danielmatos\/files\/2014\/09\/calendario.jpg\",\"datePublished\":\"2014-09-20T13:01:42+00:00\",\"author\":{\"@id\":\"\"},\"breadcrumb\":{\"@id\":\"https:\/\/www.blogsoestado.com\/danielmatos\/prefeitura-dialoga-com-gestores-sobre-calendario-escolar\/#breadcrumb\"},\"inLanguage\":\"pt-BR\",\"potentialAction\":[{\"@type\":\"ReadAction\",\"target\":[\"https:\/\/www.blogsoestado.com\/danielmatos\/prefeitura-dialoga-com-gestores-sobre-calendario-escolar\/\"]}]},{\"@type\":\"ImageObject\",\"inLanguage\":\"pt-BR\",\"@id\":\"https:\/\/www.blogsoestado.com\/danielmatos\/prefeitura-dialoga-com-gestores-sobre-calendario-escolar\/#primaryimage\",\"url\":\"https:\/\/www.blogsoestado.com\/danielmatos\/files\/2014\/09\/calendario.jpg\",\"contentUrl\":\"https:\/\/www.blogsoestado.com\/danielmatos\/files\/2014\/09\/calendario.jpg\"},{\"@type\":\"BreadcrumbList\",\"@id\":\"https:\/\/www.blogsoestado.com\/danielmatos\/prefeitura-dialoga-com-gestores-sobre-calendario-escolar\/#breadcrumb\",\"itemListElement\":[{\"@type\":\"ListItem\",\"position\":1,\"name\":\"In\u00edcio\",\"item\":\"https:\/\/www.blogsoestado.com\/danielmatos\/\"},{\"@type\":\"ListItem\",\"position\":2,\"name\":\"Prefeitura dialoga com gestores sobre calend\u00e1rio escolar\"}]},{\"@type\":\"WebSite\",\"@id\":\"https:\/\/www.blogsoestado.com\/danielmatos\/#website\",\"url\":\"https:\/\/www.blogsoestado.com\/danielmatos\/\",\"name\":\"Daniel Matos\",\"description\":\"\",\"potentialAction\":[{\"@type\":\"SearchAction\",\"target\":{\"@type\":\"EntryPoint\",\"urlTemplate\":\"https:\/\/www.blogsoestado.com\/danielmatos\/?s={search_term_string}\"},\"query-input\":{\"@type\":\"PropertyValueSpecification\",\"valueRequired\":true,\"valueName\":\"search_term_string\"}}],\"inLanguage\":\"pt-BR\"}]}<\/script>\n<!-- \/ Yoast SEO plugin. -->","yoast_head_json":{"title":"Prefeitura dialoga com gestores sobre calend\u00e1rio escolar - Daniel Matos","robots":{"index":"index","follow":"follow","max-snippet":"max-snippet:-1","max-image-preview":"max-image-preview:large","max-video-preview":"max-video-preview:-1"},"canonical":"https:\/\/www.blogsoestado.com\/danielmatos\/prefeitura-dialoga-com-gestores-sobre-calendario-escolar\/","og_locale":"pt_BR","og_type":"article","og_title":"Prefeitura dialoga com gestores sobre calend\u00e1rio escolar - Daniel Matos","og_description":"A Prefeitura de S\u00e3o Lu\u00eds, por meio da Secretaria de Educa\u00e7\u00e3o (Semed), apresentou aos gestores das unidades de ensino de [&hellip;]","og_url":"https:\/\/www.blogsoestado.com\/danielmatos\/prefeitura-dialoga-com-gestores-sobre-calendario-escolar\/","og_site_name":"Daniel Matos","article_published_time":"2014-09-20T13:01:42+00:00","og_image":[{"url":"https:\/\/www.blogsoestado.com\/danielmatos\/files\/2014\/09\/calendario.jpg","type":"","width":"","height":""}],"twitter_card":"summary_large_image","twitter_misc":{"Est. tempo de leitura":"2 minutos"},"schema":{"@context":"https:\/\/schema.org","@graph":[{"@type":"WebPage","@id":"https:\/\/www.blogsoestado.com\/danielmatos\/prefeitura-dialoga-com-gestores-sobre-calendario-escolar\/","url":"https:\/\/www.blogsoestado.com\/danielmatos\/prefeitura-dialoga-com-gestores-sobre-calendario-escolar\/","name":"Prefeitura dialoga com gestores sobre calend\u00e1rio escolar - Daniel Matos","isPartOf":{"@id":"https:\/\/www.blogsoestado.com\/danielmatos\/#website"},"primaryImageOfPage":{"@id":"https:\/\/www.blogsoestado.com\/danielmatos\/prefeitura-dialoga-com-gestores-sobre-calendario-escolar\/#primaryimage"},"image":{"@id":"https:\/\/www.blogsoestado.com\/danielmatos\/prefeitura-dialoga-com-gestores-sobre-calendario-escolar\/#primaryimage"},"thumbnailUrl":"https:\/\/www.blogsoestado.com\/danielmatos\/files\/2014\/09\/calendario.jpg","datePublished":"2014-09-20T13:01:42+00:00","author":{"@id":""},"breadcrumb":{"@id":"https:\/\/www.blogsoestado.com\/danielmatos\/prefeitura-dialoga-com-gestores-sobre-calendario-escolar\/#breadcrumb"},"inLanguage":"pt-BR","potentialAction":[{"@type":"ReadAction","target":["https:\/\/www.blogsoestado.com\/danielmatos\/prefeitura-dialoga-com-gestores-sobre-calendario-escolar\/"]}]},{"@type":"ImageObject","inLanguage":"pt-BR","@id":"https:\/\/www.blogsoestado.com\/danielmatos\/prefeitura-dialoga-com-gestores-sobre-calendario-escolar\/#primaryimage","url":"https:\/\/www.blogsoestado.com\/danielmatos\/files\/2014\/09\/calendario.jpg","contentUrl":"https:\/\/www.blogsoestado.com\/danielmatos\/files\/2014\/09\/calendario.jpg"},{"@type":"BreadcrumbList","@id":"https:\/\/www.blogsoestado.com\/danielmatos\/prefeitura-dialoga-com-gestores-sobre-calendario-escolar\/#breadcrumb","itemListElement":[{"@type":"ListItem","position":1,"name":"In\u00edcio","item":"https:\/\/www.blogsoestado.com\/danielmatos\/"},{"@type":"ListItem","position":2,"name":"Prefeitura dialoga com gestores sobre calend\u00e1rio escolar"}]},{"@type":"WebSite","@id":"https:\/\/www.blogsoestado.com\/danielmatos\/#website","url":"https:\/\/www.blogsoestado.com\/danielmatos\/","name":"Daniel Matos","description":"","potentialAction":[{"@type":"SearchAction","target":{"@type":"EntryPoint","urlTemplate":"https:\/\/www.blogsoestado.com\/danielmatos\/?s={search_term_string}"},"query-input":{"@type":"PropertyValueSpecification","valueRequired":true,"valueName":"search_term_string"}}],"inLanguage":"pt-BR"}]}},"jetpack_featured_media_url":"","_links":{"self":[{"href":"https:\/\/www.blogsoestado.com\/danielmatos\/wp-json\/wp\/v2\/posts\/19331","targetHints":{"allow":["GET"]}}],"collection":[{"href":"https:\/\/www.blogsoestado.com\/danielmatos\/wp-json\/wp\/v2\/posts"}],"about":[{"href":"https:\/\/www.blogsoestado.com\/danielmatos\/wp-json\/wp\/v2\/types\/post"}],"replies":[{"embeddable":true,"href":"https:\/\/www.blogsoestado.com\/danielmatos\/wp-json\/wp\/v2\/comments?post=19331"}],"version-history":[{"count":0,"href":"https:\/\/www.blogsoestado.com\/danielmatos\/wp-json\/wp\/v2\/posts\/19331\/revisions"}],"wp:attachment":[{"href":"https:\/\/www.blogsoestado.com\/danielmatos\/wp-json\/wp\/v2\/media?parent=19331"}],"wp:term":[{"taxonomy":"category","embeddable":true,"href":"https:\/\/www.blogsoestado.com\/danielmatos\/wp-json\/wp\/v2\/categories?post=19331"},{"taxonomy":"post_tag","embeddable":true,"href":"https:\/\/www.blogsoestado.com\/danielmatos\/wp-json\/wp\/v2\/tags?post=19331"}],"curies":[{"name":"wp","href":"https:\/\/api.w.org\/{rel}","templated":true}]}}