{"id":19334,"date":"2014-09-20T10:07:51","date_gmt":"2014-09-20T13:07:51","guid":{"rendered":"https:\/\/www.blogsoestado.com\/danielmatos\/?p=19334"},"modified":"2014-09-20T10:07:51","modified_gmt":"2014-09-20T13:07:51","slug":"lobao-filho-segue-reunindo-adversarios-politicos-em-prol-de-sua-candidatura","status":"publish","type":"post","link":"https:\/\/www.blogsoestado.com\/danielmatos\/lobao-filho-segue-reunindo-adversarios-politicos-em-prol-de-sua-candidatura\/","title":{"rendered":"Lob\u00e3o Filho segue reunindo advers\u00e1rios pol\u00edticos em prol de sua candidatura"},"content":{"rendered":"<figure id=\"attachment_19335\" aria-describedby=\"caption-attachment-19335\" style=\"width: 640px\" class=\"wp-caption aligncenter\"><a href=\"https:\/\/www.blogsoestado.com\/danielmatos\/files\/2014\/09\/lobao-une.jpg\"><img fetchpriority=\"high\" decoding=\"async\" class=\"size-full wp-image-19335\" src=\"https:\/\/www.blogsoestado.com\/danielmatos\/files\/2014\/09\/lobao-une.jpg\" alt=\"Lob\u00e3o Filho apresenta suas propostas de governo para militantes e para a popula\u00e7\u00e3o de Itinga do Maranh\u00e3o (Fotos: Gilson Teixeira)\" width=\"640\" height=\"352\" \/><\/a><figcaption id=\"caption-attachment-19335\" class=\"wp-caption-text\">Lob\u00e3o Filho apresenta propostas de governo para militantes e para a popula\u00e7\u00e3o de Itinga do Maranh\u00e3o (<strong>Fotos:<\/strong> Gilson Teixeira)<\/figcaption><\/figure>\n<p>O candidato ao governo do Estado, Lob\u00e3o Filho (PMDB), realizou mais uma hist\u00f3rica carreata, nesta sexta-feira (19), no munic\u00edpio de Itinga, e, mais uma vez, reuniu diversas correntes pol\u00edticas do munic\u00edpio no mesmo palanque em prol de sua candidatura.<\/p>\n<p>Exatos 60 minutos de carreata com a participa\u00e7\u00e3o de milhares de pessoas ao lado de significativas lideran\u00e7as locais como a prefeita Vete Botelho (PDT), ex-prefeitos e vereadores mobilizaram a pequena cidade da regi\u00e3o Tocantina, que abra\u00e7ou a campanha da coliga\u00e7\u00e3o \u201cPra Frente, Maranh\u00e3o\u201d e emocionou seus candidatos.<\/p>\n<p>\u201cAgrade\u00e7o a cada um de voc\u00eas a ades\u00e3o a este grande ato pol\u00edtico e a aten\u00e7\u00e3o com que voc\u00eas nos ouvem. Levo daqui o sentimento de gratid\u00e3o pelo povo de Itinga\u201d, disse Lob\u00e3o Filho.<\/p>\n<p>A prefeita Vete Botelho agradeceu a participa\u00e7\u00e3o da popula\u00e7\u00e3o no que denominou de \u201cuma bel\u00edssima manifesta\u00e7\u00e3o popular\u201d. \u201cVoc\u00ea far\u00e1 a diferen\u00e7a, \u2018governador\u2019 Lob\u00e3o Filho, e estar\u00e1 nos quatro cantos do estado, levando desenvolvimento e progresso para o nosso povo e eu tenho certeza que Itinga faz parte dos seus projetos. Pe\u00e7o a Deus que voc\u00ea seja eleito, porque a vit\u00f3ria n\u00e3o ser\u00e1 s\u00f3 sua, mas do Maranh\u00e3o e do povo de Itinga\u201d, declarou.<\/p>\n<p>\u201cEstamos unidos, de m\u00e3os dadas com a prefeita e os ex-prefeitos que j\u00e1 passaram por aqui, em prol de uma s\u00f3 candidatura que \u00e9 a de Lob\u00e3o Filho. Aqui (Itinga), ele ganha a elei\u00e7\u00e3o no primeiro turno, porque estamos todos unidos e lutando por isso\u201d, afirmou o ex-prefeito Raimundo Pimentel.<\/p>\n<figure id=\"attachment_19336\" aria-describedby=\"caption-attachment-19336\" style=\"width: 640px\" class=\"wp-caption aligncenter\"><a href=\"https:\/\/www.blogsoestado.com\/danielmatos\/files\/2014\/09\/lobao-une2.jpg\"><img decoding=\"async\" class=\"size-full wp-image-19336\" src=\"https:\/\/www.blogsoestado.com\/danielmatos\/files\/2014\/09\/lobao-une2.jpg\" alt=\"Peemedebista, mais uma vez, reuniu diversas correntes pol\u00edticas do munic\u00edpio no mesmo palanque em prol de sua candidatura\" width=\"640\" height=\"347\" \/><\/a><figcaption id=\"caption-attachment-19336\" class=\"wp-caption-text\">Peemedebista, mais uma vez, reuniu diversas correntes pol\u00edticas do munic\u00edpio no mesmo palanque em prol de sua candidatura<\/figcaption><\/figure>\n<p>O tamb\u00e9m ex-prefeito, Quininha, enfatizou a uni\u00e3o das lideran\u00e7as pol\u00edticas do munic\u00edpio para eleger Lob\u00e3o Filho. \u201cVoc\u00ea \u00e9 o governador que o povo do Maranh\u00e3o precisa. Aqui, deixamos todas as rixas de lado, todas as brigas internas deixamos debaixo do palanque, porque apostamos que voc\u00ea ser\u00e1 um grande governador para todos n\u00f3s\u201d, ratificou.<\/p>\n<p>O candidato ao Senado, deputado Gast\u00e3o Vieira (PMDB), tamb\u00e9m emocionou-se com o apoio recebido. \u201cAgrade\u00e7o a todas as lideran\u00e7as que subiram neste palanque, esquecendo momentaneamente suas diferen\u00e7as para nos demonstrar apoio. Atitudes como essa nos deixam cada vez mais otimistas\u201d, disse o parlamentar.<\/p>\n<p>Lob\u00e3o Filho atribuiu a grande ades\u00e3o dos maranhenses \u00e0 sua campanha \u00e0 mensagem de paz e propostas concretas que vem difundindo pelo estado h\u00e1 cerca de 100 dias. \u201cNo in\u00edcio, poucos acreditaram em nossa vit\u00f3ria, mas eu acreditei que tinha as b\u00ean\u00e7\u00e3os de Deus para vencer essa elei\u00e7\u00e3o e fui andando de munic\u00edpio em munic\u00edpio levando esperan\u00e7as de um Maranh\u00e3o rico para todos e a multid\u00e3o foi crescendo at\u00e9 virar esse mar de gente que temos aqui\u201d, lembrou o peemedebista.<\/p>\n<p><strong>Propostas<\/strong><\/p>\n<p>Lob\u00e3o Filho falou ainda de sua capacidade para gerar empregos, devido \u00e0 experi\u00eancia que possui como empres\u00e1rio. \u201cSei fazer acontecer, sou empreendedor e aprendi a gerar emprego e a cumprir metas. Asseguro a voc\u00eas que vou fazer o melhor governo que o Maranh\u00e3o j\u00e1 viu\u201d, finalizou.<\/p>\n","protected":false},"excerpt":{"rendered":"<p>O candidato ao governo do Estado, Lob\u00e3o Filho (PMDB), realizou mais uma hist\u00f3rica carreata, nesta sexta-feira (19), no munic\u00edpio de [&hellip;]<\/p>\n","protected":false},"author":0,"featured_media":0,"comment_status":"open","ping_status":"open","sticky":false,"template":"","format":"standard","meta":{"site-sidebar-layout":"default","site-content-layout":"","ast-site-content-layout":"default","site-content-style":"default","site-sidebar-style":"default","ast-global-header-display":"","ast-banner-title-visibility":"","ast-main-header-display":"","ast-hfb-above-header-display":"","ast-hfb-below-header-display":"","ast-hfb-mobile-header-display":"","site-post-title":"","ast-breadcrumbs-content":"","ast-featured-img":"","footer-sml-layout":"","ast-disable-related-posts":"","theme-transparent-header-meta":"","adv-header-id-meta":"","stick-header-meta":"","header-above-stick-meta":"","header-main-stick-meta":"","header-below-stick-meta":"","astra-migrate-meta-layouts":"default","ast-page-background-enabled":"default","ast-page-background-meta":{"desktop":{"background-color":"var(--ast-global-color-5)","background-image":"","background-repeat":"repeat","background-position":"center center","background-size":"auto","background-attachment":"scroll","background-type":"","background-media":"","overlay-type":"","overlay-color":"","overlay-opacity":"","overlay-gradient":""},"tablet":{"background-color":"","background-image":"","background-repeat":"repeat","background-position":"center center","background-size":"auto","background-attachment":"scroll","background-type":"","background-media":"","overlay-type":"","overlay-color":"","overlay-opacity":"","overlay-gradient":""},"mobile":{"background-color":"","background-image":"","background-repeat":"repeat","background-position":"center center","background-size":"auto","background-attachment":"scroll","background-type":"","background-media":"","overlay-type":"","overlay-color":"","overlay-opacity":"","overlay-gradient":""}},"ast-content-background-meta":{"desktop":{"background-color":"var(--ast-global-color-4)","background-image":"","background-repeat":"repeat","background-position":"center center","background-size":"auto","background-attachment":"scroll","background-type":"","background-media":"","overlay-type":"","overlay-color":"","overlay-opacity":"","overlay-gradient":""},"tablet":{"background-color":"var(--ast-global-color-4)","background-image":"","background-repeat":"repeat","background-position":"center center","background-size":"auto","background-attachment":"scroll","background-type":"","background-media":"","overlay-type":"","overlay-color":"","overlay-opacity":"","overlay-gradient":""},"mobile":{"background-color":"var(--ast-global-color-4)","background-image":"","background-repeat":"repeat","background-position":"center center","background-size":"auto","background-attachment":"scroll","background-type":"","background-media":"","overlay-type":"","overlay-color":"","overlay-opacity":"","overlay-gradient":""}},"footnotes":""},"categories":[1],"tags":[],"class_list":["post-19334","post","type-post","status-publish","format-standard","hentry","category-sem-categoria"],"yoast_head":"<!-- This site is optimized with the Yoast SEO plugin v26.6 - https:\/\/yoast.com\/wordpress\/plugins\/seo\/ -->\n<title>Lob\u00e3o Filho segue reunindo advers\u00e1rios pol\u00edticos em prol de sua candidatura - Daniel Matos<\/title>\n<meta name=\"robots\" content=\"index, follow, max-snippet:-1, max-image-preview:large, max-video-preview:-1\" \/>\n<link rel=\"canonical\" href=\"https:\/\/www.blogsoestado.com\/danielmatos\/lobao-filho-segue-reunindo-adversarios-politicos-em-prol-de-sua-candidatura\/\" \/>\n<meta property=\"og:locale\" content=\"pt_BR\" \/>\n<meta property=\"og:type\" content=\"article\" \/>\n<meta property=\"og:title\" content=\"Lob\u00e3o Filho segue reunindo advers\u00e1rios pol\u00edticos em prol de sua candidatura - Daniel Matos\" \/>\n<meta property=\"og:description\" content=\"O candidato ao governo do Estado, Lob\u00e3o Filho (PMDB), realizou mais uma hist\u00f3rica carreata, nesta sexta-feira (19), no munic\u00edpio de [&hellip;]\" \/>\n<meta property=\"og:url\" content=\"https:\/\/www.blogsoestado.com\/danielmatos\/lobao-filho-segue-reunindo-adversarios-politicos-em-prol-de-sua-candidatura\/\" \/>\n<meta property=\"og:site_name\" content=\"Daniel Matos\" \/>\n<meta property=\"article:published_time\" content=\"2014-09-20T13:07:51+00:00\" \/>\n<meta property=\"og:image\" content=\"https:\/\/www.blogsoestado.com\/danielmatos\/files\/2014\/09\/lobao-une.jpg\" \/>\n<meta name=\"twitter:card\" content=\"summary_large_image\" \/>\n<meta name=\"twitter:label1\" content=\"Est. tempo de leitura\" \/>\n\t<meta name=\"twitter:data1\" content=\"3 minutos\" \/>\n<script type=\"application\/ld+json\" class=\"yoast-schema-graph\">{\"@context\":\"https:\/\/schema.org\",\"@graph\":[{\"@type\":\"WebPage\",\"@id\":\"https:\/\/www.blogsoestado.com\/danielmatos\/lobao-filho-segue-reunindo-adversarios-politicos-em-prol-de-sua-candidatura\/\",\"url\":\"https:\/\/www.blogsoestado.com\/danielmatos\/lobao-filho-segue-reunindo-adversarios-politicos-em-prol-de-sua-candidatura\/\",\"name\":\"Lob\u00e3o Filho segue reunindo advers\u00e1rios pol\u00edticos em prol de sua candidatura - Daniel Matos\",\"isPartOf\":{\"@id\":\"https:\/\/www.blogsoestado.com\/danielmatos\/#website\"},\"primaryImageOfPage\":{\"@id\":\"https:\/\/www.blogsoestado.com\/danielmatos\/lobao-filho-segue-reunindo-adversarios-politicos-em-prol-de-sua-candidatura\/#primaryimage\"},\"image\":{\"@id\":\"https:\/\/www.blogsoestado.com\/danielmatos\/lobao-filho-segue-reunindo-adversarios-politicos-em-prol-de-sua-candidatura\/#primaryimage\"},\"thumbnailUrl\":\"https:\/\/www.blogsoestado.com\/danielmatos\/files\/2014\/09\/lobao-une.jpg\",\"datePublished\":\"2014-09-20T13:07:51+00:00\",\"author\":{\"@id\":\"\"},\"breadcrumb\":{\"@id\":\"https:\/\/www.blogsoestado.com\/danielmatos\/lobao-filho-segue-reunindo-adversarios-politicos-em-prol-de-sua-candidatura\/#breadcrumb\"},\"inLanguage\":\"pt-BR\",\"potentialAction\":[{\"@type\":\"ReadAction\",\"target\":[\"https:\/\/www.blogsoestado.com\/danielmatos\/lobao-filho-segue-reunindo-adversarios-politicos-em-prol-de-sua-candidatura\/\"]}]},{\"@type\":\"ImageObject\",\"inLanguage\":\"pt-BR\",\"@id\":\"https:\/\/www.blogsoestado.com\/danielmatos\/lobao-filho-segue-reunindo-adversarios-politicos-em-prol-de-sua-candidatura\/#primaryimage\",\"url\":\"https:\/\/www.blogsoestado.com\/danielmatos\/files\/2014\/09\/lobao-une.jpg\",\"contentUrl\":\"https:\/\/www.blogsoestado.com\/danielmatos\/files\/2014\/09\/lobao-une.jpg\"},{\"@type\":\"BreadcrumbList\",\"@id\":\"https:\/\/www.blogsoestado.com\/danielmatos\/lobao-filho-segue-reunindo-adversarios-politicos-em-prol-de-sua-candidatura\/#breadcrumb\",\"itemListElement\":[{\"@type\":\"ListItem\",\"position\":1,\"name\":\"In\u00edcio\",\"item\":\"https:\/\/www.blogsoestado.com\/danielmatos\/\"},{\"@type\":\"ListItem\",\"position\":2,\"name\":\"Lob\u00e3o Filho segue reunindo advers\u00e1rios pol\u00edticos em prol de sua candidatura\"}]},{\"@type\":\"WebSite\",\"@id\":\"https:\/\/www.blogsoestado.com\/danielmatos\/#website\",\"url\":\"https:\/\/www.blogsoestado.com\/danielmatos\/\",\"name\":\"Daniel Matos\",\"description\":\"\",\"potentialAction\":[{\"@type\":\"SearchAction\",\"target\":{\"@type\":\"EntryPoint\",\"urlTemplate\":\"https:\/\/www.blogsoestado.com\/danielmatos\/?s={search_term_string}\"},\"query-input\":{\"@type\":\"PropertyValueSpecification\",\"valueRequired\":true,\"valueName\":\"search_term_string\"}}],\"inLanguage\":\"pt-BR\"}]}<\/script>\n<!-- \/ Yoast SEO plugin. -->","yoast_head_json":{"title":"Lob\u00e3o Filho segue reunindo advers\u00e1rios pol\u00edticos em prol de sua candidatura - Daniel Matos","robots":{"index":"index","follow":"follow","max-snippet":"max-snippet:-1","max-image-preview":"max-image-preview:large","max-video-preview":"max-video-preview:-1"},"canonical":"https:\/\/www.blogsoestado.com\/danielmatos\/lobao-filho-segue-reunindo-adversarios-politicos-em-prol-de-sua-candidatura\/","og_locale":"pt_BR","og_type":"article","og_title":"Lob\u00e3o Filho segue reunindo advers\u00e1rios pol\u00edticos em prol de sua candidatura - Daniel Matos","og_description":"O candidato ao governo do Estado, Lob\u00e3o Filho (PMDB), realizou mais uma hist\u00f3rica carreata, nesta sexta-feira (19), no munic\u00edpio de [&hellip;]","og_url":"https:\/\/www.blogsoestado.com\/danielmatos\/lobao-filho-segue-reunindo-adversarios-politicos-em-prol-de-sua-candidatura\/","og_site_name":"Daniel Matos","article_published_time":"2014-09-20T13:07:51+00:00","og_image":[{"url":"https:\/\/www.blogsoestado.com\/danielmatos\/files\/2014\/09\/lobao-une.jpg","type":"","width":"","height":""}],"twitter_card":"summary_large_image","twitter_misc":{"Est. tempo de leitura":"3 minutos"},"schema":{"@context":"https:\/\/schema.org","@graph":[{"@type":"WebPage","@id":"https:\/\/www.blogsoestado.com\/danielmatos\/lobao-filho-segue-reunindo-adversarios-politicos-em-prol-de-sua-candidatura\/","url":"https:\/\/www.blogsoestado.com\/danielmatos\/lobao-filho-segue-reunindo-adversarios-politicos-em-prol-de-sua-candidatura\/","name":"Lob\u00e3o Filho segue reunindo advers\u00e1rios pol\u00edticos em prol de sua candidatura - Daniel Matos","isPartOf":{"@id":"https:\/\/www.blogsoestado.com\/danielmatos\/#website"},"primaryImageOfPage":{"@id":"https:\/\/www.blogsoestado.com\/danielmatos\/lobao-filho-segue-reunindo-adversarios-politicos-em-prol-de-sua-candidatura\/#primaryimage"},"image":{"@id":"https:\/\/www.blogsoestado.com\/danielmatos\/lobao-filho-segue-reunindo-adversarios-politicos-em-prol-de-sua-candidatura\/#primaryimage"},"thumbnailUrl":"https:\/\/www.blogsoestado.com\/danielmatos\/files\/2014\/09\/lobao-une.jpg","datePublished":"2014-09-20T13:07:51+00:00","author":{"@id":""},"breadcrumb":{"@id":"https:\/\/www.blogsoestado.com\/danielmatos\/lobao-filho-segue-reunindo-adversarios-politicos-em-prol-de-sua-candidatura\/#breadcrumb"},"inLanguage":"pt-BR","potentialAction":[{"@type":"ReadAction","target":["https:\/\/www.blogsoestado.com\/danielmatos\/lobao-filho-segue-reunindo-adversarios-politicos-em-prol-de-sua-candidatura\/"]}]},{"@type":"ImageObject","inLanguage":"pt-BR","@id":"https:\/\/www.blogsoestado.com\/danielmatos\/lobao-filho-segue-reunindo-adversarios-politicos-em-prol-de-sua-candidatura\/#primaryimage","url":"https:\/\/www.blogsoestado.com\/danielmatos\/files\/2014\/09\/lobao-une.jpg","contentUrl":"https:\/\/www.blogsoestado.com\/danielmatos\/files\/2014\/09\/lobao-une.jpg"},{"@type":"BreadcrumbList","@id":"https:\/\/www.blogsoestado.com\/danielmatos\/lobao-filho-segue-reunindo-adversarios-politicos-em-prol-de-sua-candidatura\/#breadcrumb","itemListElement":[{"@type":"ListItem","position":1,"name":"In\u00edcio","item":"https:\/\/www.blogsoestado.com\/danielmatos\/"},{"@type":"ListItem","position":2,"name":"Lob\u00e3o Filho segue reunindo advers\u00e1rios pol\u00edticos em prol de sua candidatura"}]},{"@type":"WebSite","@id":"https:\/\/www.blogsoestado.com\/danielmatos\/#website","url":"https:\/\/www.blogsoestado.com\/danielmatos\/","name":"Daniel Matos","description":"","potentialAction":[{"@type":"SearchAction","target":{"@type":"EntryPoint","urlTemplate":"https:\/\/www.blogsoestado.com\/danielmatos\/?s={search_term_string}"},"query-input":{"@type":"PropertyValueSpecification","valueRequired":true,"valueName":"search_term_string"}}],"inLanguage":"pt-BR"}]}},"jetpack_featured_media_url":"","_links":{"self":[{"href":"https:\/\/www.blogsoestado.com\/danielmatos\/wp-json\/wp\/v2\/posts\/19334","targetHints":{"allow":["GET"]}}],"collection":[{"href":"https:\/\/www.blogsoestado.com\/danielmatos\/wp-json\/wp\/v2\/posts"}],"about":[{"href":"https:\/\/www.blogsoestado.com\/danielmatos\/wp-json\/wp\/v2\/types\/post"}],"replies":[{"embeddable":true,"href":"https:\/\/www.blogsoestado.com\/danielmatos\/wp-json\/wp\/v2\/comments?post=19334"}],"version-history":[{"count":0,"href":"https:\/\/www.blogsoestado.com\/danielmatos\/wp-json\/wp\/v2\/posts\/19334\/revisions"}],"wp:attachment":[{"href":"https:\/\/www.blogsoestado.com\/danielmatos\/wp-json\/wp\/v2\/media?parent=19334"}],"wp:term":[{"taxonomy":"category","embeddable":true,"href":"https:\/\/www.blogsoestado.com\/danielmatos\/wp-json\/wp\/v2\/categories?post=19334"},{"taxonomy":"post_tag","embeddable":true,"href":"https:\/\/www.blogsoestado.com\/danielmatos\/wp-json\/wp\/v2\/tags?post=19334"}],"curies":[{"name":"wp","href":"https:\/\/api.w.org\/{rel}","templated":true}]}}