{"id":19338,"date":"2014-09-20T10:43:48","date_gmt":"2014-09-20T13:43:48","guid":{"rendered":"https:\/\/www.blogsoestado.com\/danielmatos\/?p=19338"},"modified":"2014-09-20T10:43:48","modified_gmt":"2014-09-20T13:43:48","slug":"tj-decide-contra-paralisacao-na-policia-civil","status":"publish","type":"post","link":"https:\/\/www.blogsoestado.com\/danielmatos\/tj-decide-contra-paralisacao-na-policia-civil\/","title":{"rendered":"TJ decide contra paralisa\u00e7\u00e3o na Pol\u00edcia Civil"},"content":{"rendered":"<p>Em decis\u00e3o monocr\u00e1tica proferida nesta sexta-feira (19), o desembargador do Tribunal de Justi\u00e7a do Maranh\u00e3o (TJMA), Kleber Carvalho, determinou que o Sindicato dos Policiais Civis do Estado do Maranh\u00e3o (Sinpol) se abstenha de promover, divulgar ou incentivar qualquer medida que impe\u00e7a ou embarace a regular e cont\u00ednua presta\u00e7\u00e3o de servi\u00e7os por policiais civis do Estado do Maranh\u00e3o.<\/p>\n<p>A decis\u00e3o acolhe pleito do Estado do Maranh\u00e3o, que em A\u00e7\u00e3o Civil P\u00fablica, com pedido de liminar, afirmou que o Sinpol fez veicular nas m\u00eddias sociais a inten\u00e7\u00e3o de paralisar as atividades da Pol\u00edcia Civil do Estado durante os dias 18, 19, 24, 25 e 26 de setembro, e tamb\u00e9m para os dias 13 e 17 de outubro.<\/p>\n<p>O Sindicato reivindica a implanta\u00e7\u00e3o do regime de dedica\u00e7\u00e3o exclusiva e outras demandas relacionadas a supostas condi\u00e7\u00f5es inadequadas de trabalho, falta de estrutura das delegacias de Policia e reduzido n\u00famero de policias.<\/p>\n<p>O Estado alega que algumas reivindica\u00e7\u00f5es da categoria recaem atualmente na Lei de Responsabilidade Fiscal, bem como na Lei Eleitoral. Observa, ainda, que mesmo sendo poss\u00edvel atender \u00e0s reivindica\u00e7\u00f5es da classe, \u00e9 dever do Estado zelar pela manuten\u00e7\u00e3o da ordem e seguran\u00e7a p\u00fablicas. Ressalta tamb\u00e9m que as atividades dos policias s\u00e3o essenciais, portanto, n\u00e3o pass\u00edveis de paralisa\u00e7\u00e3o por meio de greve, sendo esse direito vedado pela Constitui\u00e7\u00e3o Federal.<\/p>\n<p>VOTO \u2013 O desembargador Kleber Carvalho afirmou que ao conceder a liminar observou os dois requisitos fundamentais para concess\u00e3o das tutelas de urg\u00eancia \u2013 o direito material amea\u00e7ado e possibilidade de ocorr\u00eancia de les\u00e3o irrepar\u00e1vel ou de dif\u00edcil repara\u00e7\u00e3o.<\/p>\n<p>Em sua decis\u00e3o, o magistrado citou jurisprud\u00eancia do Supremo Tribunal Federal (STF), cujo entendimento \u00e9 de as atividades desenvolvidas pelos policias civis \u2013 para efeito do exerc\u00edcio de greve \u2013 s\u00e3o an\u00e1logas \u00e0s dos militares, em rela\u00e7\u00e3o aos quais a Constitui\u00e7\u00e3o pro\u00edbe expressamente a greve.<\/p>\n<p>Nesse sentido, o desembargador observou que os policias s\u00e3o merecedores de especial valoriza\u00e7\u00e3o por parte da Administra\u00e7\u00e3o P\u00fablica, mas a categoria representada pelo Sinpol n\u00e3o foi constitucionalmente outorgado o direito de greve.<\/p>\n<p><strong>Fonte:<\/strong> Tribunal de Justi\u00e7a<\/p>\n","protected":false},"excerpt":{"rendered":"<p>Em decis\u00e3o monocr\u00e1tica proferida nesta sexta-feira (19), o desembargador do Tribunal de Justi\u00e7a do Maranh\u00e3o (TJMA), Kleber Carvalho, determinou que [&hellip;]<\/p>\n","protected":false},"author":0,"featured_media":0,"comment_status":"open","ping_status":"open","sticky":false,"template":"","format":"standard","meta":{"site-sidebar-layout":"default","site-content-layout":"","ast-site-content-layout":"default","site-content-style":"default","site-sidebar-style":"default","ast-global-header-display":"","ast-banner-title-visibility":"","ast-main-header-display":"","ast-hfb-above-header-display":"","ast-hfb-below-header-display":"","ast-hfb-mobile-header-display":"","site-post-title":"","ast-breadcrumbs-content":"","ast-featured-img":"","footer-sml-layout":"","ast-disable-related-posts":"","theme-transparent-header-meta":"","adv-header-id-meta":"","stick-header-meta":"","header-above-stick-meta":"","header-main-stick-meta":"","header-below-stick-meta":"","astra-migrate-meta-layouts":"default","ast-page-background-enabled":"default","ast-page-background-meta":{"desktop":{"background-color":"var(--ast-global-color-5)","background-image":"","background-repeat":"repeat","background-position":"center center","background-size":"auto","background-attachment":"scroll","background-type":"","background-media":"","overlay-type":"","overlay-color":"","overlay-opacity":"","overlay-gradient":""},"tablet":{"background-color":"","background-image":"","background-repeat":"repeat","background-position":"center center","background-size":"auto","background-attachment":"scroll","background-type":"","background-media":"","overlay-type":"","overlay-color":"","overlay-opacity":"","overlay-gradient":""},"mobile":{"background-color":"","background-image":"","background-repeat":"repeat","background-position":"center center","background-size":"auto","background-attachment":"scroll","background-type":"","background-media":"","overlay-type":"","overlay-color":"","overlay-opacity":"","overlay-gradient":""}},"ast-content-background-meta":{"desktop":{"background-color":"var(--ast-global-color-4)","background-image":"","background-repeat":"repeat","background-position":"center center","background-size":"auto","background-attachment":"scroll","background-type":"","background-media":"","overlay-type":"","overlay-color":"","overlay-opacity":"","overlay-gradient":""},"tablet":{"background-color":"var(--ast-global-color-4)","background-image":"","background-repeat":"repeat","background-position":"center center","background-size":"auto","background-attachment":"scroll","background-type":"","background-media":"","overlay-type":"","overlay-color":"","overlay-opacity":"","overlay-gradient":""},"mobile":{"background-color":"var(--ast-global-color-4)","background-image":"","background-repeat":"repeat","background-position":"center center","background-size":"auto","background-attachment":"scroll","background-type":"","background-media":"","overlay-type":"","overlay-color":"","overlay-opacity":"","overlay-gradient":""}},"footnotes":""},"categories":[1],"tags":[],"class_list":["post-19338","post","type-post","status-publish","format-standard","hentry","category-sem-categoria"],"yoast_head":"<!-- This site is optimized with the Yoast SEO plugin v26.6 - https:\/\/yoast.com\/wordpress\/plugins\/seo\/ -->\n<title>TJ decide contra paralisa\u00e7\u00e3o na Pol\u00edcia Civil - Daniel Matos<\/title>\n<meta name=\"robots\" content=\"index, follow, max-snippet:-1, max-image-preview:large, max-video-preview:-1\" \/>\n<link rel=\"canonical\" href=\"https:\/\/www.blogsoestado.com\/danielmatos\/tj-decide-contra-paralisacao-na-policia-civil\/\" \/>\n<meta property=\"og:locale\" content=\"pt_BR\" \/>\n<meta property=\"og:type\" content=\"article\" \/>\n<meta property=\"og:title\" content=\"TJ decide contra paralisa\u00e7\u00e3o na Pol\u00edcia Civil - Daniel Matos\" \/>\n<meta property=\"og:description\" content=\"Em decis\u00e3o monocr\u00e1tica proferida nesta sexta-feira (19), o desembargador do Tribunal de Justi\u00e7a do Maranh\u00e3o (TJMA), Kleber Carvalho, determinou que [&hellip;]\" \/>\n<meta property=\"og:url\" content=\"https:\/\/www.blogsoestado.com\/danielmatos\/tj-decide-contra-paralisacao-na-policia-civil\/\" \/>\n<meta property=\"og:site_name\" content=\"Daniel Matos\" \/>\n<meta property=\"article:published_time\" content=\"2014-09-20T13:43:48+00:00\" \/>\n<meta name=\"twitter:card\" content=\"summary_large_image\" \/>\n<meta name=\"twitter:label1\" content=\"Est. tempo de leitura\" \/>\n\t<meta name=\"twitter:data1\" content=\"2 minutos\" \/>\n<script type=\"application\/ld+json\" class=\"yoast-schema-graph\">{\"@context\":\"https:\/\/schema.org\",\"@graph\":[{\"@type\":\"WebPage\",\"@id\":\"https:\/\/www.blogsoestado.com\/danielmatos\/tj-decide-contra-paralisacao-na-policia-civil\/\",\"url\":\"https:\/\/www.blogsoestado.com\/danielmatos\/tj-decide-contra-paralisacao-na-policia-civil\/\",\"name\":\"TJ decide contra paralisa\u00e7\u00e3o na Pol\u00edcia Civil - Daniel Matos\",\"isPartOf\":{\"@id\":\"https:\/\/www.blogsoestado.com\/danielmatos\/#website\"},\"datePublished\":\"2014-09-20T13:43:48+00:00\",\"author\":{\"@id\":\"\"},\"breadcrumb\":{\"@id\":\"https:\/\/www.blogsoestado.com\/danielmatos\/tj-decide-contra-paralisacao-na-policia-civil\/#breadcrumb\"},\"inLanguage\":\"pt-BR\",\"potentialAction\":[{\"@type\":\"ReadAction\",\"target\":[\"https:\/\/www.blogsoestado.com\/danielmatos\/tj-decide-contra-paralisacao-na-policia-civil\/\"]}]},{\"@type\":\"BreadcrumbList\",\"@id\":\"https:\/\/www.blogsoestado.com\/danielmatos\/tj-decide-contra-paralisacao-na-policia-civil\/#breadcrumb\",\"itemListElement\":[{\"@type\":\"ListItem\",\"position\":1,\"name\":\"In\u00edcio\",\"item\":\"https:\/\/www.blogsoestado.com\/danielmatos\/\"},{\"@type\":\"ListItem\",\"position\":2,\"name\":\"TJ decide contra paralisa\u00e7\u00e3o na Pol\u00edcia Civil\"}]},{\"@type\":\"WebSite\",\"@id\":\"https:\/\/www.blogsoestado.com\/danielmatos\/#website\",\"url\":\"https:\/\/www.blogsoestado.com\/danielmatos\/\",\"name\":\"Daniel Matos\",\"description\":\"\",\"potentialAction\":[{\"@type\":\"SearchAction\",\"target\":{\"@type\":\"EntryPoint\",\"urlTemplate\":\"https:\/\/www.blogsoestado.com\/danielmatos\/?s={search_term_string}\"},\"query-input\":{\"@type\":\"PropertyValueSpecification\",\"valueRequired\":true,\"valueName\":\"search_term_string\"}}],\"inLanguage\":\"pt-BR\"}]}<\/script>\n<!-- \/ Yoast SEO plugin. -->","yoast_head_json":{"title":"TJ decide contra paralisa\u00e7\u00e3o na Pol\u00edcia Civil - Daniel Matos","robots":{"index":"index","follow":"follow","max-snippet":"max-snippet:-1","max-image-preview":"max-image-preview:large","max-video-preview":"max-video-preview:-1"},"canonical":"https:\/\/www.blogsoestado.com\/danielmatos\/tj-decide-contra-paralisacao-na-policia-civil\/","og_locale":"pt_BR","og_type":"article","og_title":"TJ decide contra paralisa\u00e7\u00e3o na Pol\u00edcia Civil - Daniel Matos","og_description":"Em decis\u00e3o monocr\u00e1tica proferida nesta sexta-feira (19), o desembargador do Tribunal de Justi\u00e7a do Maranh\u00e3o (TJMA), Kleber Carvalho, determinou que [&hellip;]","og_url":"https:\/\/www.blogsoestado.com\/danielmatos\/tj-decide-contra-paralisacao-na-policia-civil\/","og_site_name":"Daniel Matos","article_published_time":"2014-09-20T13:43:48+00:00","twitter_card":"summary_large_image","twitter_misc":{"Est. tempo de leitura":"2 minutos"},"schema":{"@context":"https:\/\/schema.org","@graph":[{"@type":"WebPage","@id":"https:\/\/www.blogsoestado.com\/danielmatos\/tj-decide-contra-paralisacao-na-policia-civil\/","url":"https:\/\/www.blogsoestado.com\/danielmatos\/tj-decide-contra-paralisacao-na-policia-civil\/","name":"TJ decide contra paralisa\u00e7\u00e3o na Pol\u00edcia Civil - Daniel Matos","isPartOf":{"@id":"https:\/\/www.blogsoestado.com\/danielmatos\/#website"},"datePublished":"2014-09-20T13:43:48+00:00","author":{"@id":""},"breadcrumb":{"@id":"https:\/\/www.blogsoestado.com\/danielmatos\/tj-decide-contra-paralisacao-na-policia-civil\/#breadcrumb"},"inLanguage":"pt-BR","potentialAction":[{"@type":"ReadAction","target":["https:\/\/www.blogsoestado.com\/danielmatos\/tj-decide-contra-paralisacao-na-policia-civil\/"]}]},{"@type":"BreadcrumbList","@id":"https:\/\/www.blogsoestado.com\/danielmatos\/tj-decide-contra-paralisacao-na-policia-civil\/#breadcrumb","itemListElement":[{"@type":"ListItem","position":1,"name":"In\u00edcio","item":"https:\/\/www.blogsoestado.com\/danielmatos\/"},{"@type":"ListItem","position":2,"name":"TJ decide contra paralisa\u00e7\u00e3o na Pol\u00edcia Civil"}]},{"@type":"WebSite","@id":"https:\/\/www.blogsoestado.com\/danielmatos\/#website","url":"https:\/\/www.blogsoestado.com\/danielmatos\/","name":"Daniel Matos","description":"","potentialAction":[{"@type":"SearchAction","target":{"@type":"EntryPoint","urlTemplate":"https:\/\/www.blogsoestado.com\/danielmatos\/?s={search_term_string}"},"query-input":{"@type":"PropertyValueSpecification","valueRequired":true,"valueName":"search_term_string"}}],"inLanguage":"pt-BR"}]}},"jetpack_featured_media_url":"","_links":{"self":[{"href":"https:\/\/www.blogsoestado.com\/danielmatos\/wp-json\/wp\/v2\/posts\/19338","targetHints":{"allow":["GET"]}}],"collection":[{"href":"https:\/\/www.blogsoestado.com\/danielmatos\/wp-json\/wp\/v2\/posts"}],"about":[{"href":"https:\/\/www.blogsoestado.com\/danielmatos\/wp-json\/wp\/v2\/types\/post"}],"replies":[{"embeddable":true,"href":"https:\/\/www.blogsoestado.com\/danielmatos\/wp-json\/wp\/v2\/comments?post=19338"}],"version-history":[{"count":0,"href":"https:\/\/www.blogsoestado.com\/danielmatos\/wp-json\/wp\/v2\/posts\/19338\/revisions"}],"wp:attachment":[{"href":"https:\/\/www.blogsoestado.com\/danielmatos\/wp-json\/wp\/v2\/media?parent=19338"}],"wp:term":[{"taxonomy":"category","embeddable":true,"href":"https:\/\/www.blogsoestado.com\/danielmatos\/wp-json\/wp\/v2\/categories?post=19338"},{"taxonomy":"post_tag","embeddable":true,"href":"https:\/\/www.blogsoestado.com\/danielmatos\/wp-json\/wp\/v2\/tags?post=19338"}],"curies":[{"name":"wp","href":"https:\/\/api.w.org\/{rel}","templated":true}]}}