{"id":19342,"date":"2014-09-20T11:15:39","date_gmt":"2014-09-20T14:15:39","guid":{"rendered":"https:\/\/www.blogsoestado.com\/danielmatos\/?p=19342"},"modified":"2014-09-20T11:15:39","modified_gmt":"2014-09-20T14:15:39","slug":"medio-mearim-adere-a-campanha-de-ze-inacio","status":"publish","type":"post","link":"https:\/\/www.blogsoestado.com\/danielmatos\/medio-mearim-adere-a-campanha-de-ze-inacio\/","title":{"rendered":"M\u00e9dio Mearim adere \u00e0 campanha de Z\u00e9 In\u00e1cio"},"content":{"rendered":"<figure id=\"attachment_19343\" aria-describedby=\"caption-attachment-19343\" style=\"width: 640px\" class=\"wp-caption aligncenter\"><a href=\"https:\/\/www.blogsoestado.com\/danielmatos\/files\/2014\/09\/inacio-mearim.jpg\"><img fetchpriority=\"high\" decoding=\"async\" class=\"size-full wp-image-19343\" src=\"https:\/\/www.blogsoestado.com\/danielmatos\/files\/2014\/09\/inacio-mearim.jpg\" alt=\"Em Lu\u00eds Gonzaga, Z\u00e9 In\u00e1cio conta com apoio das principais lideran\u00e7as comunit\u00e1rias\" width=\"640\" height=\"480\" \/><\/a><figcaption id=\"caption-attachment-19343\" class=\"wp-caption-text\">Em Lu\u00eds Gonzaga, Z\u00e9 In\u00e1cio conta com apoio das principais lideran\u00e7as comunit\u00e1rias<\/figcaption><\/figure>\n<p>O candidato a deputado estadual pelo Partido dos Trabalhadores Z\u00e9 In\u00e1cio continua a sua luta em busca de apoio pol\u00edtico. Est\u00e1 semana ele esteve percorrendo a regi\u00e3o do M\u00e9dio Mearim, onde realizou reuni\u00f5es com lideran\u00e7as pol\u00edticas nos munic\u00edpios de S\u00e3o Lu\u00eds Gonzaga e Josel\u00e2ndia.<\/p>\n<p>Em S\u00e3o Lu\u00eds Gonzaga, Z\u00e9 In\u00e1cio esteve no povoado de Nova Olinda, onde manteve reuni\u00e3o com lideran\u00e7as comunit\u00e1rias da regi\u00e3o, como representantes do Sindicato dos Trabalhadores e Trabalhadoras Rurais de Nova Olinda, do presidente do PT municipal, Francisco Xavier e da lideran\u00e7as Joaquim Pereira Silva (Quinco).<\/p>\n<p>Z\u00e9 In\u00e1cio falou sobre a sua trajet\u00f3ria politica e da realiza\u00e7\u00e3o de a\u00e7\u00f5es enquanto gestor p\u00fablico voltado para a agricultura familiar, ressaltando a cria\u00e7\u00e3o do Territ\u00f3rio da Cidadania e a inclus\u00e3o da regi\u00e3o do M\u00e9dio Mearim no Programa, durante o per\u00edodo em que esteve como Delegado do Minist\u00e9rio do Desenvolvimento Agr\u00e1rio (MDA).<\/p>\n<p>Falou tamb\u00e9m das a\u00e7\u00f5es realizadas em S\u00e3o Lu\u00eds Gonzaga durante o per\u00edodo em que esteve \u00e0 frente do Instituto de Coloniza\u00e7\u00e3o e Reforma Agr\u00e1ria (Incra), como a libera\u00e7\u00e3o de equipamentos como retroescavadeira, patrol e ca\u00e7amba por meio de conv\u00eanio com a prefeitura. \u201cDurante o per\u00edodo em que estive como gestor p\u00fablico trabalhei a\u00e7\u00f5es para a melhoria na qualidade de vida de milhares de pessoas que vivem no campo. Trabalho esse que sempre fez parte da minha trajet\u00f3ria\u201d, explicou Z\u00e9 In\u00e1cio.<\/p>\n<p>O presidente do PT municipal, Francisco Xavier ressaltou a import\u00e2ncia da candidatura de Z\u00e9 In\u00e1cio (PT) para deputado estadual. \u201cZ\u00e9 In\u00e1cio ser\u00e1 a representa\u00e7\u00e3o do homem do campo na Assembl\u00e9ia Legislativa. N\u00f3s do campo temos certeza dessa conquista\u201d, disse Xavier.<\/p>\n<p><strong>Josel\u00e2ndia <\/strong><\/p>\n<p>No munic\u00edpio de Josel\u00e2ndia, ainda na regi\u00e3o do M\u00e9dio Mearim. Z\u00e9 In\u00e1cio (PT), acompanhado do candidato a deputado federal Rog\u00e9rio do PT Sousa, estiveram no povoado Cazuza, onde participaram de uma reuni\u00e3o com centenas de lideran\u00e7as de comunidades rurais.<\/p>\n<p>Estiveram presente, representantes da Sede, Serrinha, Cazuza, Lambedouro, Rocha Lima, Santa Luzia, Cicero Comum, Rangedor e Centro Monteiro. A presidente da associa\u00e7\u00e3o do povoado de Cazuza, Maria M\u00e1rcia de Jesus Sousa, declarou apoio a Z\u00e9 In\u00e1cio e a Rog\u00e9rio Sousa, ambos doPT. \u201cZ\u00e9 In\u00e1cio e Rog\u00e9rio ser\u00e3o os nossos representantes na Assembl\u00e9ia e na C\u00e2mara, porque sempre trabalharam em prol da qualidade de vida do homem do campo\u201d, finalizou.<\/p>\n","protected":false},"excerpt":{"rendered":"<p>O candidato a deputado estadual pelo Partido dos Trabalhadores Z\u00e9 In\u00e1cio continua a sua luta em busca de apoio pol\u00edtico. [&hellip;]<\/p>\n","protected":false},"author":0,"featured_media":0,"comment_status":"open","ping_status":"open","sticky":false,"template":"","format":"standard","meta":{"site-sidebar-layout":"default","site-content-layout":"","ast-site-content-layout":"default","site-content-style":"default","site-sidebar-style":"default","ast-global-header-display":"","ast-banner-title-visibility":"","ast-main-header-display":"","ast-hfb-above-header-display":"","ast-hfb-below-header-display":"","ast-hfb-mobile-header-display":"","site-post-title":"","ast-breadcrumbs-content":"","ast-featured-img":"","footer-sml-layout":"","ast-disable-related-posts":"","theme-transparent-header-meta":"","adv-header-id-meta":"","stick-header-meta":"","header-above-stick-meta":"","header-main-stick-meta":"","header-below-stick-meta":"","astra-migrate-meta-layouts":"default","ast-page-background-enabled":"default","ast-page-background-meta":{"desktop":{"background-color":"var(--ast-global-color-5)","background-image":"","background-repeat":"repeat","background-position":"center center","background-size":"auto","background-attachment":"scroll","background-type":"","background-media":"","overlay-type":"","overlay-color":"","overlay-opacity":"","overlay-gradient":""},"tablet":{"background-color":"","background-image":"","background-repeat":"repeat","background-position":"center center","background-size":"auto","background-attachment":"scroll","background-type":"","background-media":"","overlay-type":"","overlay-color":"","overlay-opacity":"","overlay-gradient":""},"mobile":{"background-color":"","background-image":"","background-repeat":"repeat","background-position":"center center","background-size":"auto","background-attachment":"scroll","background-type":"","background-media":"","overlay-type":"","overlay-color":"","overlay-opacity":"","overlay-gradient":""}},"ast-content-background-meta":{"desktop":{"background-color":"var(--ast-global-color-4)","background-image":"","background-repeat":"repeat","background-position":"center center","background-size":"auto","background-attachment":"scroll","background-type":"","background-media":"","overlay-type":"","overlay-color":"","overlay-opacity":"","overlay-gradient":""},"tablet":{"background-color":"var(--ast-global-color-4)","background-image":"","background-repeat":"repeat","background-position":"center center","background-size":"auto","background-attachment":"scroll","background-type":"","background-media":"","overlay-type":"","overlay-color":"","overlay-opacity":"","overlay-gradient":""},"mobile":{"background-color":"var(--ast-global-color-4)","background-image":"","background-repeat":"repeat","background-position":"center center","background-size":"auto","background-attachment":"scroll","background-type":"","background-media":"","overlay-type":"","overlay-color":"","overlay-opacity":"","overlay-gradient":""}},"footnotes":""},"categories":[1],"tags":[],"class_list":["post-19342","post","type-post","status-publish","format-standard","hentry","category-sem-categoria"],"yoast_head":"<!-- This site is optimized with the Yoast SEO plugin v26.6 - https:\/\/yoast.com\/wordpress\/plugins\/seo\/ -->\n<title>M\u00e9dio Mearim adere \u00e0 campanha de Z\u00e9 In\u00e1cio - Daniel Matos<\/title>\n<meta name=\"robots\" content=\"index, follow, max-snippet:-1, max-image-preview:large, max-video-preview:-1\" \/>\n<link rel=\"canonical\" href=\"https:\/\/www.blogsoestado.com\/danielmatos\/medio-mearim-adere-a-campanha-de-ze-inacio\/\" \/>\n<meta property=\"og:locale\" content=\"pt_BR\" \/>\n<meta property=\"og:type\" content=\"article\" \/>\n<meta property=\"og:title\" content=\"M\u00e9dio Mearim adere \u00e0 campanha de Z\u00e9 In\u00e1cio - Daniel Matos\" \/>\n<meta property=\"og:description\" content=\"O candidato a deputado estadual pelo Partido dos Trabalhadores Z\u00e9 In\u00e1cio continua a sua luta em busca de apoio pol\u00edtico. [&hellip;]\" \/>\n<meta property=\"og:url\" content=\"https:\/\/www.blogsoestado.com\/danielmatos\/medio-mearim-adere-a-campanha-de-ze-inacio\/\" \/>\n<meta property=\"og:site_name\" content=\"Daniel Matos\" \/>\n<meta property=\"article:published_time\" content=\"2014-09-20T14:15:39+00:00\" \/>\n<meta property=\"og:image\" content=\"https:\/\/www.blogsoestado.com\/danielmatos\/files\/2014\/09\/inacio-mearim.jpg\" \/>\n<meta name=\"twitter:card\" content=\"summary_large_image\" \/>\n<meta name=\"twitter:label1\" content=\"Est. tempo de leitura\" \/>\n\t<meta name=\"twitter:data1\" content=\"2 minutos\" \/>\n<script type=\"application\/ld+json\" class=\"yoast-schema-graph\">{\"@context\":\"https:\/\/schema.org\",\"@graph\":[{\"@type\":\"WebPage\",\"@id\":\"https:\/\/www.blogsoestado.com\/danielmatos\/medio-mearim-adere-a-campanha-de-ze-inacio\/\",\"url\":\"https:\/\/www.blogsoestado.com\/danielmatos\/medio-mearim-adere-a-campanha-de-ze-inacio\/\",\"name\":\"M\u00e9dio Mearim adere \u00e0 campanha de Z\u00e9 In\u00e1cio - Daniel Matos\",\"isPartOf\":{\"@id\":\"https:\/\/www.blogsoestado.com\/danielmatos\/#website\"},\"primaryImageOfPage\":{\"@id\":\"https:\/\/www.blogsoestado.com\/danielmatos\/medio-mearim-adere-a-campanha-de-ze-inacio\/#primaryimage\"},\"image\":{\"@id\":\"https:\/\/www.blogsoestado.com\/danielmatos\/medio-mearim-adere-a-campanha-de-ze-inacio\/#primaryimage\"},\"thumbnailUrl\":\"https:\/\/www.blogsoestado.com\/danielmatos\/files\/2014\/09\/inacio-mearim.jpg\",\"datePublished\":\"2014-09-20T14:15:39+00:00\",\"author\":{\"@id\":\"\"},\"breadcrumb\":{\"@id\":\"https:\/\/www.blogsoestado.com\/danielmatos\/medio-mearim-adere-a-campanha-de-ze-inacio\/#breadcrumb\"},\"inLanguage\":\"pt-BR\",\"potentialAction\":[{\"@type\":\"ReadAction\",\"target\":[\"https:\/\/www.blogsoestado.com\/danielmatos\/medio-mearim-adere-a-campanha-de-ze-inacio\/\"]}]},{\"@type\":\"ImageObject\",\"inLanguage\":\"pt-BR\",\"@id\":\"https:\/\/www.blogsoestado.com\/danielmatos\/medio-mearim-adere-a-campanha-de-ze-inacio\/#primaryimage\",\"url\":\"https:\/\/www.blogsoestado.com\/danielmatos\/files\/2014\/09\/inacio-mearim.jpg\",\"contentUrl\":\"https:\/\/www.blogsoestado.com\/danielmatos\/files\/2014\/09\/inacio-mearim.jpg\"},{\"@type\":\"BreadcrumbList\",\"@id\":\"https:\/\/www.blogsoestado.com\/danielmatos\/medio-mearim-adere-a-campanha-de-ze-inacio\/#breadcrumb\",\"itemListElement\":[{\"@type\":\"ListItem\",\"position\":1,\"name\":\"In\u00edcio\",\"item\":\"https:\/\/www.blogsoestado.com\/danielmatos\/\"},{\"@type\":\"ListItem\",\"position\":2,\"name\":\"M\u00e9dio Mearim adere \u00e0 campanha de Z\u00e9 In\u00e1cio\"}]},{\"@type\":\"WebSite\",\"@id\":\"https:\/\/www.blogsoestado.com\/danielmatos\/#website\",\"url\":\"https:\/\/www.blogsoestado.com\/danielmatos\/\",\"name\":\"Daniel Matos\",\"description\":\"\",\"potentialAction\":[{\"@type\":\"SearchAction\",\"target\":{\"@type\":\"EntryPoint\",\"urlTemplate\":\"https:\/\/www.blogsoestado.com\/danielmatos\/?s={search_term_string}\"},\"query-input\":{\"@type\":\"PropertyValueSpecification\",\"valueRequired\":true,\"valueName\":\"search_term_string\"}}],\"inLanguage\":\"pt-BR\"}]}<\/script>\n<!-- \/ Yoast SEO plugin. -->","yoast_head_json":{"title":"M\u00e9dio Mearim adere \u00e0 campanha de Z\u00e9 In\u00e1cio - Daniel Matos","robots":{"index":"index","follow":"follow","max-snippet":"max-snippet:-1","max-image-preview":"max-image-preview:large","max-video-preview":"max-video-preview:-1"},"canonical":"https:\/\/www.blogsoestado.com\/danielmatos\/medio-mearim-adere-a-campanha-de-ze-inacio\/","og_locale":"pt_BR","og_type":"article","og_title":"M\u00e9dio Mearim adere \u00e0 campanha de Z\u00e9 In\u00e1cio - Daniel Matos","og_description":"O candidato a deputado estadual pelo Partido dos Trabalhadores Z\u00e9 In\u00e1cio continua a sua luta em busca de apoio pol\u00edtico. [&hellip;]","og_url":"https:\/\/www.blogsoestado.com\/danielmatos\/medio-mearim-adere-a-campanha-de-ze-inacio\/","og_site_name":"Daniel Matos","article_published_time":"2014-09-20T14:15:39+00:00","og_image":[{"url":"https:\/\/www.blogsoestado.com\/danielmatos\/files\/2014\/09\/inacio-mearim.jpg","type":"","width":"","height":""}],"twitter_card":"summary_large_image","twitter_misc":{"Est. tempo de leitura":"2 minutos"},"schema":{"@context":"https:\/\/schema.org","@graph":[{"@type":"WebPage","@id":"https:\/\/www.blogsoestado.com\/danielmatos\/medio-mearim-adere-a-campanha-de-ze-inacio\/","url":"https:\/\/www.blogsoestado.com\/danielmatos\/medio-mearim-adere-a-campanha-de-ze-inacio\/","name":"M\u00e9dio Mearim adere \u00e0 campanha de Z\u00e9 In\u00e1cio - Daniel Matos","isPartOf":{"@id":"https:\/\/www.blogsoestado.com\/danielmatos\/#website"},"primaryImageOfPage":{"@id":"https:\/\/www.blogsoestado.com\/danielmatos\/medio-mearim-adere-a-campanha-de-ze-inacio\/#primaryimage"},"image":{"@id":"https:\/\/www.blogsoestado.com\/danielmatos\/medio-mearim-adere-a-campanha-de-ze-inacio\/#primaryimage"},"thumbnailUrl":"https:\/\/www.blogsoestado.com\/danielmatos\/files\/2014\/09\/inacio-mearim.jpg","datePublished":"2014-09-20T14:15:39+00:00","author":{"@id":""},"breadcrumb":{"@id":"https:\/\/www.blogsoestado.com\/danielmatos\/medio-mearim-adere-a-campanha-de-ze-inacio\/#breadcrumb"},"inLanguage":"pt-BR","potentialAction":[{"@type":"ReadAction","target":["https:\/\/www.blogsoestado.com\/danielmatos\/medio-mearim-adere-a-campanha-de-ze-inacio\/"]}]},{"@type":"ImageObject","inLanguage":"pt-BR","@id":"https:\/\/www.blogsoestado.com\/danielmatos\/medio-mearim-adere-a-campanha-de-ze-inacio\/#primaryimage","url":"https:\/\/www.blogsoestado.com\/danielmatos\/files\/2014\/09\/inacio-mearim.jpg","contentUrl":"https:\/\/www.blogsoestado.com\/danielmatos\/files\/2014\/09\/inacio-mearim.jpg"},{"@type":"BreadcrumbList","@id":"https:\/\/www.blogsoestado.com\/danielmatos\/medio-mearim-adere-a-campanha-de-ze-inacio\/#breadcrumb","itemListElement":[{"@type":"ListItem","position":1,"name":"In\u00edcio","item":"https:\/\/www.blogsoestado.com\/danielmatos\/"},{"@type":"ListItem","position":2,"name":"M\u00e9dio Mearim adere \u00e0 campanha de Z\u00e9 In\u00e1cio"}]},{"@type":"WebSite","@id":"https:\/\/www.blogsoestado.com\/danielmatos\/#website","url":"https:\/\/www.blogsoestado.com\/danielmatos\/","name":"Daniel Matos","description":"","potentialAction":[{"@type":"SearchAction","target":{"@type":"EntryPoint","urlTemplate":"https:\/\/www.blogsoestado.com\/danielmatos\/?s={search_term_string}"},"query-input":{"@type":"PropertyValueSpecification","valueRequired":true,"valueName":"search_term_string"}}],"inLanguage":"pt-BR"}]}},"jetpack_featured_media_url":"","_links":{"self":[{"href":"https:\/\/www.blogsoestado.com\/danielmatos\/wp-json\/wp\/v2\/posts\/19342","targetHints":{"allow":["GET"]}}],"collection":[{"href":"https:\/\/www.blogsoestado.com\/danielmatos\/wp-json\/wp\/v2\/posts"}],"about":[{"href":"https:\/\/www.blogsoestado.com\/danielmatos\/wp-json\/wp\/v2\/types\/post"}],"replies":[{"embeddable":true,"href":"https:\/\/www.blogsoestado.com\/danielmatos\/wp-json\/wp\/v2\/comments?post=19342"}],"version-history":[{"count":0,"href":"https:\/\/www.blogsoestado.com\/danielmatos\/wp-json\/wp\/v2\/posts\/19342\/revisions"}],"wp:attachment":[{"href":"https:\/\/www.blogsoestado.com\/danielmatos\/wp-json\/wp\/v2\/media?parent=19342"}],"wp:term":[{"taxonomy":"category","embeddable":true,"href":"https:\/\/www.blogsoestado.com\/danielmatos\/wp-json\/wp\/v2\/categories?post=19342"},{"taxonomy":"post_tag","embeddable":true,"href":"https:\/\/www.blogsoestado.com\/danielmatos\/wp-json\/wp\/v2\/tags?post=19342"}],"curies":[{"name":"wp","href":"https:\/\/api.w.org\/{rel}","templated":true}]}}