{"id":19345,"date":"2014-09-20T21:15:10","date_gmt":"2014-09-21T00:15:10","guid":{"rendered":"https:\/\/www.blogsoestado.com\/danielmatos\/?p=19345"},"modified":"2014-09-20T21:15:10","modified_gmt":"2014-09-21T00:15:10","slug":"ibope-mostra-reacao-de-flavio-dino","status":"publish","type":"post","link":"https:\/\/www.blogsoestado.com\/danielmatos\/ibope-mostra-reacao-de-flavio-dino\/","title":{"rendered":"Ibope mostra rea\u00e7\u00e3o de Fl\u00e1vio Dino"},"content":{"rendered":"<p><a href=\"https:\/\/www.blogsoestado.com\/danielmatos\/files\/2014\/09\/ibope.jpg\"><img fetchpriority=\"high\" decoding=\"async\" class=\"aligncenter size-full wp-image-19346\" src=\"https:\/\/www.blogsoestado.com\/danielmatos\/files\/2014\/09\/ibope.jpg\" alt=\"ibope\" width=\"623\" height=\"348\" \/><\/a><\/p>\n<p>A segunda pesquisa Ibope para governador do Maranh\u00e3o encomendada pela TV Mirante, divulgada na noite deste s\u00e1bado pelo JMTV 2\u00aa Edi\u00e7\u00e3o, apontou crescimento do candidato Fl\u00e1vio Dino (PCdoB) em rela\u00e7\u00e3o ao primeiro levantamento do\u00a0instituto, feito\u00a0no in\u00edcio deste m\u00eas. O comunista apareceu com 48% das inten\u00e7\u00f5es de voto &#8211; seis a mais do que na pesquisa anterior -, contra 27% de Lob\u00e3o Filho (PMDB), que caiu tr\u00eas pontos e agora tem 27% de prefer\u00eancia do eleitorado.<\/p>\n<p>A soma das inten\u00e7\u00f5es de voto nos demais candidatos variou de 6% a 10%, de acordo com a sondagem. O percentual de eleitores indecisos foi de 16%. Brancos e nulos somaram 8%.<\/p>\n<p><strong>Ataques<\/strong><\/p>\n<p>Os ataques sistem\u00e1ticos desferidos pela oposi\u00e7\u00e3o nas \u00faltimas semanas contra o governo e o advers\u00e1rio, muitos dos quais com tom calunioso, injurioso e difamat\u00f3rio, parecem ter sido decisivos para a reabilita\u00e7\u00e3o de Dino. Com 21\u00a0pontos\u00a0de vantagem sobre o segundo colocado, o comunista venceria no primeiro turno, caso a elei\u00e7\u00e3o fosse hoje.<\/p>\n<p>Faltando exatos 15 dias para o pleito, o comit\u00ea de Lob\u00e3o Filho ter\u00e1 que intensificar e at\u00e9 mesmo rever algumas de suas estrat\u00e9gias para tentar levar a elei\u00e7\u00e3o para o segundo turno.<\/p>\n<p>O Ibope ouviu\u00a01.204 eleitores entre os dias 17 a 19 deste m\u00eas. A pesquisa foi registrada no Tribunal Regional Eleitoral sob o protocolo n\u00ba MA-00052\/2014 e no Tribunal Superior Eleitoral sob protocolo n\u00ba BR-00696\/2014.<\/p>\n<p>A margem de erro da pesquisa \u00e9 de 3% para mais ou para menos, com\u00a0n\u00edvel de confian\u00e7a de 95%.<\/p>\n<p><strong>Arte:<\/strong> TV Mirante<\/p>\n","protected":false},"excerpt":{"rendered":"<p>A segunda pesquisa Ibope para governador do Maranh\u00e3o encomendada pela TV Mirante, divulgada na noite deste s\u00e1bado pelo JMTV 2\u00aa [&hellip;]<\/p>\n","protected":false},"author":0,"featured_media":0,"comment_status":"open","ping_status":"open","sticky":false,"template":"","format":"standard","meta":{"site-sidebar-layout":"default","site-content-layout":"","ast-site-content-layout":"default","site-content-style":"default","site-sidebar-style":"default","ast-global-header-display":"","ast-banner-title-visibility":"","ast-main-header-display":"","ast-hfb-above-header-display":"","ast-hfb-below-header-display":"","ast-hfb-mobile-header-display":"","site-post-title":"","ast-breadcrumbs-content":"","ast-featured-img":"","footer-sml-layout":"","ast-disable-related-posts":"","theme-transparent-header-meta":"","adv-header-id-meta":"","stick-header-meta":"","header-above-stick-meta":"","header-main-stick-meta":"","header-below-stick-meta":"","astra-migrate-meta-layouts":"default","ast-page-background-enabled":"default","ast-page-background-meta":{"desktop":{"background-color":"var(--ast-global-color-5)","background-image":"","background-repeat":"repeat","background-position":"center center","background-size":"auto","background-attachment":"scroll","background-type":"","background-media":"","overlay-type":"","overlay-color":"","overlay-opacity":"","overlay-gradient":""},"tablet":{"background-color":"","background-image":"","background-repeat":"repeat","background-position":"center center","background-size":"auto","background-attachment":"scroll","background-type":"","background-media":"","overlay-type":"","overlay-color":"","overlay-opacity":"","overlay-gradient":""},"mobile":{"background-color":"","background-image":"","background-repeat":"repeat","background-position":"center center","background-size":"auto","background-attachment":"scroll","background-type":"","background-media":"","overlay-type":"","overlay-color":"","overlay-opacity":"","overlay-gradient":""}},"ast-content-background-meta":{"desktop":{"background-color":"var(--ast-global-color-4)","background-image":"","background-repeat":"repeat","background-position":"center center","background-size":"auto","background-attachment":"scroll","background-type":"","background-media":"","overlay-type":"","overlay-color":"","overlay-opacity":"","overlay-gradient":""},"tablet":{"background-color":"var(--ast-global-color-4)","background-image":"","background-repeat":"repeat","background-position":"center center","background-size":"auto","background-attachment":"scroll","background-type":"","background-media":"","overlay-type":"","overlay-color":"","overlay-opacity":"","overlay-gradient":""},"mobile":{"background-color":"var(--ast-global-color-4)","background-image":"","background-repeat":"repeat","background-position":"center center","background-size":"auto","background-attachment":"scroll","background-type":"","background-media":"","overlay-type":"","overlay-color":"","overlay-opacity":"","overlay-gradient":""}},"footnotes":""},"categories":[1],"tags":[],"class_list":["post-19345","post","type-post","status-publish","format-standard","hentry","category-sem-categoria"],"yoast_head":"<!-- This site is optimized with the Yoast SEO plugin v26.6 - https:\/\/yoast.com\/wordpress\/plugins\/seo\/ -->\n<title>Ibope mostra rea\u00e7\u00e3o de Fl\u00e1vio Dino - Daniel Matos<\/title>\n<meta name=\"robots\" content=\"index, follow, max-snippet:-1, max-image-preview:large, max-video-preview:-1\" \/>\n<link rel=\"canonical\" href=\"https:\/\/www.blogsoestado.com\/danielmatos\/ibope-mostra-reacao-de-flavio-dino\/\" \/>\n<meta property=\"og:locale\" content=\"pt_BR\" \/>\n<meta property=\"og:type\" content=\"article\" \/>\n<meta property=\"og:title\" content=\"Ibope mostra rea\u00e7\u00e3o de Fl\u00e1vio Dino - Daniel Matos\" \/>\n<meta property=\"og:description\" content=\"A segunda pesquisa Ibope para governador do Maranh\u00e3o encomendada pela TV Mirante, divulgada na noite deste s\u00e1bado pelo JMTV 2\u00aa [&hellip;]\" \/>\n<meta property=\"og:url\" content=\"https:\/\/www.blogsoestado.com\/danielmatos\/ibope-mostra-reacao-de-flavio-dino\/\" \/>\n<meta property=\"og:site_name\" content=\"Daniel Matos\" \/>\n<meta property=\"article:published_time\" content=\"2014-09-21T00:15:10+00:00\" \/>\n<meta property=\"og:image\" content=\"https:\/\/www.blogsoestado.com\/danielmatos\/files\/2014\/09\/ibope.jpg\" \/>\n<meta name=\"twitter:card\" content=\"summary_large_image\" \/>\n<meta name=\"twitter:label1\" content=\"Est. tempo de leitura\" \/>\n\t<meta name=\"twitter:data1\" content=\"1 minuto\" \/>\n<script type=\"application\/ld+json\" class=\"yoast-schema-graph\">{\"@context\":\"https:\/\/schema.org\",\"@graph\":[{\"@type\":\"WebPage\",\"@id\":\"https:\/\/www.blogsoestado.com\/danielmatos\/ibope-mostra-reacao-de-flavio-dino\/\",\"url\":\"https:\/\/www.blogsoestado.com\/danielmatos\/ibope-mostra-reacao-de-flavio-dino\/\",\"name\":\"Ibope mostra rea\u00e7\u00e3o de Fl\u00e1vio Dino - Daniel Matos\",\"isPartOf\":{\"@id\":\"https:\/\/www.blogsoestado.com\/danielmatos\/#website\"},\"primaryImageOfPage\":{\"@id\":\"https:\/\/www.blogsoestado.com\/danielmatos\/ibope-mostra-reacao-de-flavio-dino\/#primaryimage\"},\"image\":{\"@id\":\"https:\/\/www.blogsoestado.com\/danielmatos\/ibope-mostra-reacao-de-flavio-dino\/#primaryimage\"},\"thumbnailUrl\":\"https:\/\/www.blogsoestado.com\/danielmatos\/files\/2014\/09\/ibope.jpg\",\"datePublished\":\"2014-09-21T00:15:10+00:00\",\"author\":{\"@id\":\"\"},\"breadcrumb\":{\"@id\":\"https:\/\/www.blogsoestado.com\/danielmatos\/ibope-mostra-reacao-de-flavio-dino\/#breadcrumb\"},\"inLanguage\":\"pt-BR\",\"potentialAction\":[{\"@type\":\"ReadAction\",\"target\":[\"https:\/\/www.blogsoestado.com\/danielmatos\/ibope-mostra-reacao-de-flavio-dino\/\"]}]},{\"@type\":\"ImageObject\",\"inLanguage\":\"pt-BR\",\"@id\":\"https:\/\/www.blogsoestado.com\/danielmatos\/ibope-mostra-reacao-de-flavio-dino\/#primaryimage\",\"url\":\"https:\/\/www.blogsoestado.com\/danielmatos\/files\/2014\/09\/ibope.jpg\",\"contentUrl\":\"https:\/\/www.blogsoestado.com\/danielmatos\/files\/2014\/09\/ibope.jpg\"},{\"@type\":\"BreadcrumbList\",\"@id\":\"https:\/\/www.blogsoestado.com\/danielmatos\/ibope-mostra-reacao-de-flavio-dino\/#breadcrumb\",\"itemListElement\":[{\"@type\":\"ListItem\",\"position\":1,\"name\":\"In\u00edcio\",\"item\":\"https:\/\/www.blogsoestado.com\/danielmatos\/\"},{\"@type\":\"ListItem\",\"position\":2,\"name\":\"Ibope mostra rea\u00e7\u00e3o de Fl\u00e1vio Dino\"}]},{\"@type\":\"WebSite\",\"@id\":\"https:\/\/www.blogsoestado.com\/danielmatos\/#website\",\"url\":\"https:\/\/www.blogsoestado.com\/danielmatos\/\",\"name\":\"Daniel Matos\",\"description\":\"\",\"potentialAction\":[{\"@type\":\"SearchAction\",\"target\":{\"@type\":\"EntryPoint\",\"urlTemplate\":\"https:\/\/www.blogsoestado.com\/danielmatos\/?s={search_term_string}\"},\"query-input\":{\"@type\":\"PropertyValueSpecification\",\"valueRequired\":true,\"valueName\":\"search_term_string\"}}],\"inLanguage\":\"pt-BR\"}]}<\/script>\n<!-- \/ Yoast SEO plugin. -->","yoast_head_json":{"title":"Ibope mostra rea\u00e7\u00e3o de Fl\u00e1vio Dino - Daniel Matos","robots":{"index":"index","follow":"follow","max-snippet":"max-snippet:-1","max-image-preview":"max-image-preview:large","max-video-preview":"max-video-preview:-1"},"canonical":"https:\/\/www.blogsoestado.com\/danielmatos\/ibope-mostra-reacao-de-flavio-dino\/","og_locale":"pt_BR","og_type":"article","og_title":"Ibope mostra rea\u00e7\u00e3o de Fl\u00e1vio Dino - Daniel Matos","og_description":"A segunda pesquisa Ibope para governador do Maranh\u00e3o encomendada pela TV Mirante, divulgada na noite deste s\u00e1bado pelo JMTV 2\u00aa [&hellip;]","og_url":"https:\/\/www.blogsoestado.com\/danielmatos\/ibope-mostra-reacao-de-flavio-dino\/","og_site_name":"Daniel Matos","article_published_time":"2014-09-21T00:15:10+00:00","og_image":[{"url":"https:\/\/www.blogsoestado.com\/danielmatos\/files\/2014\/09\/ibope.jpg","type":"","width":"","height":""}],"twitter_card":"summary_large_image","twitter_misc":{"Est. tempo de leitura":"1 minuto"},"schema":{"@context":"https:\/\/schema.org","@graph":[{"@type":"WebPage","@id":"https:\/\/www.blogsoestado.com\/danielmatos\/ibope-mostra-reacao-de-flavio-dino\/","url":"https:\/\/www.blogsoestado.com\/danielmatos\/ibope-mostra-reacao-de-flavio-dino\/","name":"Ibope mostra rea\u00e7\u00e3o de Fl\u00e1vio Dino - Daniel Matos","isPartOf":{"@id":"https:\/\/www.blogsoestado.com\/danielmatos\/#website"},"primaryImageOfPage":{"@id":"https:\/\/www.blogsoestado.com\/danielmatos\/ibope-mostra-reacao-de-flavio-dino\/#primaryimage"},"image":{"@id":"https:\/\/www.blogsoestado.com\/danielmatos\/ibope-mostra-reacao-de-flavio-dino\/#primaryimage"},"thumbnailUrl":"https:\/\/www.blogsoestado.com\/danielmatos\/files\/2014\/09\/ibope.jpg","datePublished":"2014-09-21T00:15:10+00:00","author":{"@id":""},"breadcrumb":{"@id":"https:\/\/www.blogsoestado.com\/danielmatos\/ibope-mostra-reacao-de-flavio-dino\/#breadcrumb"},"inLanguage":"pt-BR","potentialAction":[{"@type":"ReadAction","target":["https:\/\/www.blogsoestado.com\/danielmatos\/ibope-mostra-reacao-de-flavio-dino\/"]}]},{"@type":"ImageObject","inLanguage":"pt-BR","@id":"https:\/\/www.blogsoestado.com\/danielmatos\/ibope-mostra-reacao-de-flavio-dino\/#primaryimage","url":"https:\/\/www.blogsoestado.com\/danielmatos\/files\/2014\/09\/ibope.jpg","contentUrl":"https:\/\/www.blogsoestado.com\/danielmatos\/files\/2014\/09\/ibope.jpg"},{"@type":"BreadcrumbList","@id":"https:\/\/www.blogsoestado.com\/danielmatos\/ibope-mostra-reacao-de-flavio-dino\/#breadcrumb","itemListElement":[{"@type":"ListItem","position":1,"name":"In\u00edcio","item":"https:\/\/www.blogsoestado.com\/danielmatos\/"},{"@type":"ListItem","position":2,"name":"Ibope mostra rea\u00e7\u00e3o de Fl\u00e1vio Dino"}]},{"@type":"WebSite","@id":"https:\/\/www.blogsoestado.com\/danielmatos\/#website","url":"https:\/\/www.blogsoestado.com\/danielmatos\/","name":"Daniel Matos","description":"","potentialAction":[{"@type":"SearchAction","target":{"@type":"EntryPoint","urlTemplate":"https:\/\/www.blogsoestado.com\/danielmatos\/?s={search_term_string}"},"query-input":{"@type":"PropertyValueSpecification","valueRequired":true,"valueName":"search_term_string"}}],"inLanguage":"pt-BR"}]}},"jetpack_featured_media_url":"","_links":{"self":[{"href":"https:\/\/www.blogsoestado.com\/danielmatos\/wp-json\/wp\/v2\/posts\/19345","targetHints":{"allow":["GET"]}}],"collection":[{"href":"https:\/\/www.blogsoestado.com\/danielmatos\/wp-json\/wp\/v2\/posts"}],"about":[{"href":"https:\/\/www.blogsoestado.com\/danielmatos\/wp-json\/wp\/v2\/types\/post"}],"replies":[{"embeddable":true,"href":"https:\/\/www.blogsoestado.com\/danielmatos\/wp-json\/wp\/v2\/comments?post=19345"}],"version-history":[{"count":0,"href":"https:\/\/www.blogsoestado.com\/danielmatos\/wp-json\/wp\/v2\/posts\/19345\/revisions"}],"wp:attachment":[{"href":"https:\/\/www.blogsoestado.com\/danielmatos\/wp-json\/wp\/v2\/media?parent=19345"}],"wp:term":[{"taxonomy":"category","embeddable":true,"href":"https:\/\/www.blogsoestado.com\/danielmatos\/wp-json\/wp\/v2\/categories?post=19345"},{"taxonomy":"post_tag","embeddable":true,"href":"https:\/\/www.blogsoestado.com\/danielmatos\/wp-json\/wp\/v2\/tags?post=19345"}],"curies":[{"name":"wp","href":"https:\/\/api.w.org\/{rel}","templated":true}]}}