{"id":19352,"date":"2014-09-21T16:01:07","date_gmt":"2014-09-21T19:01:07","guid":{"rendered":"https:\/\/www.blogsoestado.com\/danielmatos\/?p=19352"},"modified":"2014-09-21T16:01:07","modified_gmt":"2014-09-21T19:01:07","slug":"dino-perde-o-eixo-em-debate","status":"publish","type":"post","link":"https:\/\/www.blogsoestado.com\/danielmatos\/dino-perde-o-eixo-em-debate\/","title":{"rendered":"Dino perde o eixo em debate"},"content":{"rendered":"<figure id=\"attachment_19353\" aria-describedby=\"caption-attachment-19353\" style=\"width: 640px\" class=\"wp-caption aligncenter\"><a href=\"https:\/\/www.blogsoestado.com\/danielmatos\/files\/2014\/09\/dino-debate.jpg\"><img fetchpriority=\"high\" decoding=\"async\" class=\"size-full wp-image-19353\" src=\"https:\/\/www.blogsoestado.com\/danielmatos\/files\/2014\/09\/dino-debate.jpg\" alt=\"Crescimento da campanha de Lob\u00e3o Filho  desequilibrou Fl\u00e1vio Dino \" width=\"640\" height=\"427\" \/><\/a><figcaption id=\"caption-attachment-19353\" class=\"wp-caption-text\">Crescimento da campanha de Lob\u00e3o Filho abalou Fl\u00e1vio Dino, que demonstrou desequil\u00edbrio em debate na TV Maranhense<\/figcaption><\/figure>\n<p>Enquanto o candidato ao governo do Maranh\u00e3o, Lob\u00e3o Filho (PMDB), apresentava propostas de governo durante o debate promovido na noite deste s\u00e1bado (20), pela TV Maranhense, afiliada a Rede Bandeirantes (BAND), o candidato comunista do PC do B, mostrou-se mais uma vez tenso, irritado e pouco interessado em apresentar as suas, pelo contr\u00e1rio, descumpriu regras, gerando tumulto numa a\u00e7\u00e3o que deveria ser amplamente democr\u00e1tica.<\/p>\n<p>Postura classificada pelo candidato Lob\u00e3o Filho como sendo desnecess\u00e1ria j\u00e1 que o objetivo de qualquer debate \u00e9 apresentar propostas de desenvolvimento para o Maranh\u00e3o.<\/p>\n<p>\u201cMinha campanha \u00e9 feita com bases, no trabalho, amor e paz. N\u00e3o ando atacando ningu\u00e9m, apesar de ser atacado sistematicamente, n\u00e3o cultivo o \u00f3dio em minha vida t\u00e3o pouco no meu cora\u00e7\u00e3o. O que tenho feito ao longo de mais de 100 dias de campanha \u00e9 apresentar propostas para o desenvolvimento de todas as \u00e1reas de crescimento do nosso Estado\u201d, disse o peemedebista no in\u00edcio do debate.<\/p>\n<p>Marcado para as 22h15, o debate s\u00f3 teve in\u00edcio \u00e0s 23h em virtude de atraso sem explica\u00e7\u00e3o plaus\u00edvel do candidato comunista do PC do B que ao inv\u00e9s de iniciar sua participa\u00e7\u00e3o com pedidos de desculpas aos candidatos e a popula\u00e7\u00e3o, preferiu utilizar seu tempo para ataques, postura, ali\u00e1s, condenada pelo candidato Lob\u00e3o Filho e demais participantes.<\/p>\n<p>&#8220;O povo maranhense \u00e9 minha principal preocupa\u00e7\u00e3o. Meu governo ser\u00e1 para melhorar a vida dos quase sete milh\u00f5es de maranhenses e n\u00e3o para denegrir o meu Estado. N\u00e3o tenho tempo a perder com \u00f3dio, inj\u00farias e fal\u00e1cias que n\u00e3o constroem em nada, pelo contr\u00e1rio, s\u00f3 gera desrespeito para a popula\u00e7\u00e3o&#8221;, garantiu.<\/p>\n<p><strong>Seguran\u00e7a<\/strong><\/p>\n<p>Abordado sobre a quest\u00e3o da seguran\u00e7a p\u00fablica do Maranh\u00e3o, Lob\u00e3o Filho destacou que em seu governo vai tratar de forma en\u00e9rgica a administra\u00e7\u00e3o penitenci\u00e1ria com medidas que ser\u00e3o iniciadas com a implos\u00e3o do pres\u00eddio de Pedrinhas, constru\u00e7\u00e3o de um novo complexo distante da zona urbana para garantir tranquilidade a popula\u00e7\u00e3o, al\u00e9m da implanta\u00e7\u00e3o imediata de programas de ressocializa\u00e7\u00e3o para presos.<\/p>\n<p>\u201cN\u00e3o concordo com o modelo atual da seguran\u00e7a p\u00fablica do nosso Estado, por\u00e9m esse n\u00e3o \u00e9 o meu governo, e s\u00f3 posso responder pelo meu governo. Agora eu questiono porque faltando 15 dias para as elei\u00e7\u00f5es tantos ataques orquestrados por fac\u00e7\u00f5es criminosas, e comprovadamente de dentro de Pedrinhas, com o unico objetivo de aterrorizar a popula\u00e7\u00e3o\u201d, questionou o Senador Lob\u00e3o Filho, cobrando ainda que ocorra uma investiga\u00e7\u00e3o s\u00e9ria para apurar quem de fato esta na manuten\u00e7\u00e3o da viol\u00eancia na capital maranhense.<\/p>\n<p>Lob\u00e3o Filho (PMDB), tamb\u00e9m falou sobre o setor agr\u00edcola reiterando o compromisso do fortalecimento do agroneg\u00f3cio e est\u00edmulo a agricultura familiar com \u00eanfase na agricultura cooperativada.<\/p>\n<p>\u201cEm nosso Plano de Acelera\u00e7\u00e3o do Maranh\u00e3o, o PAM, vamos estimular o pequeno agricultor por meio de facilidades de financiamento, qualifica\u00e7\u00e3o para o setor al\u00e9m de escoamento da produ\u00e7\u00e3o por meio da cria\u00e7\u00e3o de restaurantes populares onde ser\u00e3o consumidos os produtos\u201d, concluiu o tema reiterando ainda que a pesca artesanal e industrial tamb\u00e9m ter\u00e3o total aten\u00e7\u00e3o para manuten\u00e7\u00e3o e desenvolvimento do setor pesqueiro do Estado.<\/p>\n","protected":false},"excerpt":{"rendered":"<p>Enquanto o candidato ao governo do Maranh\u00e3o, Lob\u00e3o Filho (PMDB), apresentava propostas de governo durante o debate promovido na noite [&hellip;]<\/p>\n","protected":false},"author":0,"featured_media":0,"comment_status":"open","ping_status":"open","sticky":false,"template":"","format":"standard","meta":{"site-sidebar-layout":"default","site-content-layout":"","ast-site-content-layout":"default","site-content-style":"default","site-sidebar-style":"default","ast-global-header-display":"","ast-banner-title-visibility":"","ast-main-header-display":"","ast-hfb-above-header-display":"","ast-hfb-below-header-display":"","ast-hfb-mobile-header-display":"","site-post-title":"","ast-breadcrumbs-content":"","ast-featured-img":"","footer-sml-layout":"","ast-disable-related-posts":"","theme-transparent-header-meta":"","adv-header-id-meta":"","stick-header-meta":"","header-above-stick-meta":"","header-main-stick-meta":"","header-below-stick-meta":"","astra-migrate-meta-layouts":"default","ast-page-background-enabled":"default","ast-page-background-meta":{"desktop":{"background-color":"var(--ast-global-color-5)","background-image":"","background-repeat":"repeat","background-position":"center center","background-size":"auto","background-attachment":"scroll","background-type":"","background-media":"","overlay-type":"","overlay-color":"","overlay-opacity":"","overlay-gradient":""},"tablet":{"background-color":"","background-image":"","background-repeat":"repeat","background-position":"center center","background-size":"auto","background-attachment":"scroll","background-type":"","background-media":"","overlay-type":"","overlay-color":"","overlay-opacity":"","overlay-gradient":""},"mobile":{"background-color":"","background-image":"","background-repeat":"repeat","background-position":"center center","background-size":"auto","background-attachment":"scroll","background-type":"","background-media":"","overlay-type":"","overlay-color":"","overlay-opacity":"","overlay-gradient":""}},"ast-content-background-meta":{"desktop":{"background-color":"var(--ast-global-color-4)","background-image":"","background-repeat":"repeat","background-position":"center center","background-size":"auto","background-attachment":"scroll","background-type":"","background-media":"","overlay-type":"","overlay-color":"","overlay-opacity":"","overlay-gradient":""},"tablet":{"background-color":"var(--ast-global-color-4)","background-image":"","background-repeat":"repeat","background-position":"center center","background-size":"auto","background-attachment":"scroll","background-type":"","background-media":"","overlay-type":"","overlay-color":"","overlay-opacity":"","overlay-gradient":""},"mobile":{"background-color":"var(--ast-global-color-4)","background-image":"","background-repeat":"repeat","background-position":"center center","background-size":"auto","background-attachment":"scroll","background-type":"","background-media":"","overlay-type":"","overlay-color":"","overlay-opacity":"","overlay-gradient":""}},"footnotes":""},"categories":[1],"tags":[],"class_list":["post-19352","post","type-post","status-publish","format-standard","hentry","category-sem-categoria"],"yoast_head":"<!-- This site is optimized with the Yoast SEO plugin v26.6 - https:\/\/yoast.com\/wordpress\/plugins\/seo\/ -->\n<title>Dino perde o eixo em debate - Daniel Matos<\/title>\n<meta name=\"robots\" content=\"index, follow, max-snippet:-1, max-image-preview:large, max-video-preview:-1\" \/>\n<link rel=\"canonical\" href=\"https:\/\/www.blogsoestado.com\/danielmatos\/dino-perde-o-eixo-em-debate\/\" \/>\n<meta property=\"og:locale\" content=\"pt_BR\" \/>\n<meta property=\"og:type\" content=\"article\" \/>\n<meta property=\"og:title\" content=\"Dino perde o eixo em debate - Daniel Matos\" \/>\n<meta property=\"og:description\" content=\"Enquanto o candidato ao governo do Maranh\u00e3o, Lob\u00e3o Filho (PMDB), apresentava propostas de governo durante o debate promovido na noite [&hellip;]\" \/>\n<meta property=\"og:url\" content=\"https:\/\/www.blogsoestado.com\/danielmatos\/dino-perde-o-eixo-em-debate\/\" \/>\n<meta property=\"og:site_name\" content=\"Daniel Matos\" \/>\n<meta property=\"article:published_time\" content=\"2014-09-21T19:01:07+00:00\" \/>\n<meta property=\"og:image\" content=\"https:\/\/www.blogsoestado.com\/danielmatos\/files\/2014\/09\/dino-debate.jpg\" \/>\n<meta name=\"twitter:card\" content=\"summary_large_image\" \/>\n<meta name=\"twitter:label1\" content=\"Est. tempo de leitura\" \/>\n\t<meta name=\"twitter:data1\" content=\"3 minutos\" \/>\n<script type=\"application\/ld+json\" class=\"yoast-schema-graph\">{\"@context\":\"https:\/\/schema.org\",\"@graph\":[{\"@type\":\"WebPage\",\"@id\":\"https:\/\/www.blogsoestado.com\/danielmatos\/dino-perde-o-eixo-em-debate\/\",\"url\":\"https:\/\/www.blogsoestado.com\/danielmatos\/dino-perde-o-eixo-em-debate\/\",\"name\":\"Dino perde o eixo em debate - Daniel Matos\",\"isPartOf\":{\"@id\":\"https:\/\/www.blogsoestado.com\/danielmatos\/#website\"},\"primaryImageOfPage\":{\"@id\":\"https:\/\/www.blogsoestado.com\/danielmatos\/dino-perde-o-eixo-em-debate\/#primaryimage\"},\"image\":{\"@id\":\"https:\/\/www.blogsoestado.com\/danielmatos\/dino-perde-o-eixo-em-debate\/#primaryimage\"},\"thumbnailUrl\":\"https:\/\/www.blogsoestado.com\/danielmatos\/files\/2014\/09\/dino-debate.jpg\",\"datePublished\":\"2014-09-21T19:01:07+00:00\",\"author\":{\"@id\":\"\"},\"breadcrumb\":{\"@id\":\"https:\/\/www.blogsoestado.com\/danielmatos\/dino-perde-o-eixo-em-debate\/#breadcrumb\"},\"inLanguage\":\"pt-BR\",\"potentialAction\":[{\"@type\":\"ReadAction\",\"target\":[\"https:\/\/www.blogsoestado.com\/danielmatos\/dino-perde-o-eixo-em-debate\/\"]}]},{\"@type\":\"ImageObject\",\"inLanguage\":\"pt-BR\",\"@id\":\"https:\/\/www.blogsoestado.com\/danielmatos\/dino-perde-o-eixo-em-debate\/#primaryimage\",\"url\":\"https:\/\/www.blogsoestado.com\/danielmatos\/files\/2014\/09\/dino-debate.jpg\",\"contentUrl\":\"https:\/\/www.blogsoestado.com\/danielmatos\/files\/2014\/09\/dino-debate.jpg\"},{\"@type\":\"BreadcrumbList\",\"@id\":\"https:\/\/www.blogsoestado.com\/danielmatos\/dino-perde-o-eixo-em-debate\/#breadcrumb\",\"itemListElement\":[{\"@type\":\"ListItem\",\"position\":1,\"name\":\"In\u00edcio\",\"item\":\"https:\/\/www.blogsoestado.com\/danielmatos\/\"},{\"@type\":\"ListItem\",\"position\":2,\"name\":\"Dino perde o eixo em debate\"}]},{\"@type\":\"WebSite\",\"@id\":\"https:\/\/www.blogsoestado.com\/danielmatos\/#website\",\"url\":\"https:\/\/www.blogsoestado.com\/danielmatos\/\",\"name\":\"Daniel Matos\",\"description\":\"\",\"potentialAction\":[{\"@type\":\"SearchAction\",\"target\":{\"@type\":\"EntryPoint\",\"urlTemplate\":\"https:\/\/www.blogsoestado.com\/danielmatos\/?s={search_term_string}\"},\"query-input\":{\"@type\":\"PropertyValueSpecification\",\"valueRequired\":true,\"valueName\":\"search_term_string\"}}],\"inLanguage\":\"pt-BR\"}]}<\/script>\n<!-- \/ Yoast SEO plugin. -->","yoast_head_json":{"title":"Dino perde o eixo em debate - Daniel Matos","robots":{"index":"index","follow":"follow","max-snippet":"max-snippet:-1","max-image-preview":"max-image-preview:large","max-video-preview":"max-video-preview:-1"},"canonical":"https:\/\/www.blogsoestado.com\/danielmatos\/dino-perde-o-eixo-em-debate\/","og_locale":"pt_BR","og_type":"article","og_title":"Dino perde o eixo em debate - Daniel Matos","og_description":"Enquanto o candidato ao governo do Maranh\u00e3o, Lob\u00e3o Filho (PMDB), apresentava propostas de governo durante o debate promovido na noite [&hellip;]","og_url":"https:\/\/www.blogsoestado.com\/danielmatos\/dino-perde-o-eixo-em-debate\/","og_site_name":"Daniel Matos","article_published_time":"2014-09-21T19:01:07+00:00","og_image":[{"url":"https:\/\/www.blogsoestado.com\/danielmatos\/files\/2014\/09\/dino-debate.jpg","type":"","width":"","height":""}],"twitter_card":"summary_large_image","twitter_misc":{"Est. tempo de leitura":"3 minutos"},"schema":{"@context":"https:\/\/schema.org","@graph":[{"@type":"WebPage","@id":"https:\/\/www.blogsoestado.com\/danielmatos\/dino-perde-o-eixo-em-debate\/","url":"https:\/\/www.blogsoestado.com\/danielmatos\/dino-perde-o-eixo-em-debate\/","name":"Dino perde o eixo em debate - Daniel Matos","isPartOf":{"@id":"https:\/\/www.blogsoestado.com\/danielmatos\/#website"},"primaryImageOfPage":{"@id":"https:\/\/www.blogsoestado.com\/danielmatos\/dino-perde-o-eixo-em-debate\/#primaryimage"},"image":{"@id":"https:\/\/www.blogsoestado.com\/danielmatos\/dino-perde-o-eixo-em-debate\/#primaryimage"},"thumbnailUrl":"https:\/\/www.blogsoestado.com\/danielmatos\/files\/2014\/09\/dino-debate.jpg","datePublished":"2014-09-21T19:01:07+00:00","author":{"@id":""},"breadcrumb":{"@id":"https:\/\/www.blogsoestado.com\/danielmatos\/dino-perde-o-eixo-em-debate\/#breadcrumb"},"inLanguage":"pt-BR","potentialAction":[{"@type":"ReadAction","target":["https:\/\/www.blogsoestado.com\/danielmatos\/dino-perde-o-eixo-em-debate\/"]}]},{"@type":"ImageObject","inLanguage":"pt-BR","@id":"https:\/\/www.blogsoestado.com\/danielmatos\/dino-perde-o-eixo-em-debate\/#primaryimage","url":"https:\/\/www.blogsoestado.com\/danielmatos\/files\/2014\/09\/dino-debate.jpg","contentUrl":"https:\/\/www.blogsoestado.com\/danielmatos\/files\/2014\/09\/dino-debate.jpg"},{"@type":"BreadcrumbList","@id":"https:\/\/www.blogsoestado.com\/danielmatos\/dino-perde-o-eixo-em-debate\/#breadcrumb","itemListElement":[{"@type":"ListItem","position":1,"name":"In\u00edcio","item":"https:\/\/www.blogsoestado.com\/danielmatos\/"},{"@type":"ListItem","position":2,"name":"Dino perde o eixo em debate"}]},{"@type":"WebSite","@id":"https:\/\/www.blogsoestado.com\/danielmatos\/#website","url":"https:\/\/www.blogsoestado.com\/danielmatos\/","name":"Daniel Matos","description":"","potentialAction":[{"@type":"SearchAction","target":{"@type":"EntryPoint","urlTemplate":"https:\/\/www.blogsoestado.com\/danielmatos\/?s={search_term_string}"},"query-input":{"@type":"PropertyValueSpecification","valueRequired":true,"valueName":"search_term_string"}}],"inLanguage":"pt-BR"}]}},"jetpack_featured_media_url":"","_links":{"self":[{"href":"https:\/\/www.blogsoestado.com\/danielmatos\/wp-json\/wp\/v2\/posts\/19352","targetHints":{"allow":["GET"]}}],"collection":[{"href":"https:\/\/www.blogsoestado.com\/danielmatos\/wp-json\/wp\/v2\/posts"}],"about":[{"href":"https:\/\/www.blogsoestado.com\/danielmatos\/wp-json\/wp\/v2\/types\/post"}],"replies":[{"embeddable":true,"href":"https:\/\/www.blogsoestado.com\/danielmatos\/wp-json\/wp\/v2\/comments?post=19352"}],"version-history":[{"count":0,"href":"https:\/\/www.blogsoestado.com\/danielmatos\/wp-json\/wp\/v2\/posts\/19352\/revisions"}],"wp:attachment":[{"href":"https:\/\/www.blogsoestado.com\/danielmatos\/wp-json\/wp\/v2\/media?parent=19352"}],"wp:term":[{"taxonomy":"category","embeddable":true,"href":"https:\/\/www.blogsoestado.com\/danielmatos\/wp-json\/wp\/v2\/categories?post=19352"},{"taxonomy":"post_tag","embeddable":true,"href":"https:\/\/www.blogsoestado.com\/danielmatos\/wp-json\/wp\/v2\/tags?post=19352"}],"curies":[{"name":"wp","href":"https:\/\/api.w.org\/{rel}","templated":true}]}}