{"id":19355,"date":"2014-09-21T16:37:55","date_gmt":"2014-09-21T19:37:55","guid":{"rendered":"https:\/\/www.blogsoestado.com\/danielmatos\/?p=19355"},"modified":"2014-09-21T16:37:55","modified_gmt":"2014-09-21T19:37:55","slug":"edivaldo-vistoria-conclusao-de-obras-em-sao-luis","status":"publish","type":"post","link":"https:\/\/www.blogsoestado.com\/danielmatos\/edivaldo-vistoria-conclusao-de-obras-em-sao-luis\/","title":{"rendered":"Edivaldo vistoria conclus\u00e3o de obras em S\u00e3o Lu\u00eds"},"content":{"rendered":"<figure id=\"attachment_19356\" aria-describedby=\"caption-attachment-19356\" style=\"width: 640px\" class=\"wp-caption aligncenter\"><a href=\"https:\/\/www.blogsoestado.com\/danielmatos\/files\/2014\/09\/edivaldo-obras.jpg\"><img fetchpriority=\"high\" decoding=\"async\" class=\"size-full wp-image-19356\" src=\"https:\/\/www.blogsoestado.com\/danielmatos\/files\/2014\/09\/edivaldo-obras.jpg\" alt=\"Prefeito Edivaldo vistoriou obras de tr\u00e2nsito e tamb\u00e9m de infraestrutura, como a Ponte do Baix\u00e3o, no S\u00e3o Crist\u00f3v\u00e3o \" width=\"640\" height=\"427\" \/><\/a><figcaption id=\"caption-attachment-19356\" class=\"wp-caption-text\">Prefeito Edivaldo vistoriou obras de tr\u00e2nsito e tamb\u00e9m de infraestrutura, como a Ponte do Baix\u00e3o, no S\u00e3o Crist\u00f3v\u00e3o<\/figcaption><\/figure>\n<p>O prefeito Edivaldo acompanhou, neste s\u00e1bado (20), a finaliza\u00e7\u00e3o dos servi\u00e7os na Avenida Colares Moreira e as obras de altera\u00e7\u00e3o geom\u00e9trica do retorno do Bacanga. As altera\u00e7\u00f5es no tr\u00e2nsito dos dois locais viabilizar\u00e3o uma din\u00e2mica de tr\u00e1fego mais organizada nas avenidas, gerando redu\u00e7\u00e3o dos pontos de congestionamento nas vias. As obras comp\u00f5em o conjunto de medidas do Plano Estrat\u00e9gico de Melhorias para o Tr\u00e2nsito.<\/p>\n<p>\u201cS\u00e3o melhorias que estamos realizando em v\u00e1rios pontos da cidade cujo objetivo \u00e9 dar mais fluidez ao transito. Essas interven\u00e7\u00f5es tamb\u00e9m acontecem em outros trechos de grande congestionamento da cidade. Alem desses, outros pontos j\u00e1 est\u00e3o em estudo\u201d, disse Edivaldo.<\/p>\n<p>Os retornos de la\u00e7o de quadra na Avenida Colares Moreira foram constru\u00eddos pr\u00f3ximo ao Atlanta Center e \u00e0s imedia\u00e7\u00f5es da loja da TAM Viagens. No projeto consta tamb\u00e9m a instala\u00e7\u00e3o de conjunto semaf\u00f3rico e nova sinaliza\u00e7\u00e3o horizontal e vertical. Para que todas essas a\u00e7\u00f5es sejam poss\u00edveis, a Prefeitura est\u00e1 modificando o canteiro central da via, onde os trabalhos foram realizados durante este fim de semana.<\/p>\n<p>Com a conclus\u00e3o do servi\u00e7o, o motorista que vier no sentido Renascen\u00e7a\/Centro, e quiser voltar ao bairro, dever\u00e1 fazer o retorno de quadra entrando na Rua dos Timb\u00f3s, passando pela Rua das Ju\u00e7aras e depois Rua das Sucupiras, onde poder\u00e1 fazer o cruzamento nas proximidades da loja TAM Viagens.<\/p>\n<p>J\u00e1 o motorista que vem no sentido Centro\/Renascen\u00e7a que deseja retornar para o Centro, deve entrar na Rua das Sucupiras, pr\u00f3xima a Escola Superior da Magistratura do Estado do Maranh\u00e3o (Esmam), e seguir pela Rua dos Ip\u00eas at\u00e9 a Rua dos Timb\u00f3s para fazer o cruzamento na altura da Mark Pedras.<\/p>\n<p>Junto da sua equipe, o prefeito vistoriou a interven\u00e7\u00e3o do retorno do Bacanga, na conflu\u00eancia das avenidas Vitorino Freire, Africanos e Portugueses. Enquanto averiguava os trabalhos, o prefeito Edivaldo teve uma recep\u00e7\u00e3o positiva dos motoristas com acenos em sinal de aprova\u00e7\u00e3o e cumprimentos calorosos. Foram fechadas duas al\u00e7as da via para melhor fluidez do tr\u00e2nsito, uma no sentido Bacanga\/Fonte do Bispo e a outra no sentido Areinha\/Africanos.<\/p>\n<p>A fase de terraplanagem da via est\u00e1 sendo finalizada e j\u00e1 foi iniciada a imprima\u00e7\u00e3o da pista de rolamento. Os servi\u00e7os consistem tamb\u00e9m na coloca\u00e7\u00e3o de meio-fio, al\u00e9m da separa\u00e7\u00e3o e pintura das novas faixas. O secret\u00e1rio de Tr\u00e2nsito e Transportes, Canind\u00e9 Barros, explicou que com a interven\u00e7\u00e3o o retorno do Bacanga ter\u00e1 capacidade para receber um n\u00famero maior de ve\u00edculos. \u201cAs pistas principais, Vitorino Freire e Africanos, ganhar\u00e3o mais uma pista de rolamento, aumentando para quatro o n\u00famero de pistas\u201d, informou Canind\u00e9.<\/p>\n<p>Ao fim das obras, que t\u00eam previs\u00e3o de conclus\u00e3o de 45 dias, o sentido do tr\u00e2nsito funcionar\u00e1 do seguinte modo: para realizar o retorno em dire\u00e7\u00e3o ao Bacanga, os condutores que sa\u00edrem da Africanos entrar\u00e3o \u00e0 direita e realizar\u00e3o a manobra mais \u00e0 frente \u00e0 esquerda, livre de sem\u00e1foros. Para o retorno, ser\u00e3o disponibilizadas duas vias que se unir\u00e3o com outras duas da Avenida Senador Vitorino Freire. Dessa forma, os condutores ter\u00e3o quatro vias para transitarem livremente em dire\u00e7\u00e3o ao Bacanga.<\/p>\n<p>Os condutores que sa\u00edrem da Avenida dos Portugueses realizar\u00e3o o mesmo procedimento para fazer o retorno. Os motoristas contar\u00e3o com quatro vias, duas para os que seguir\u00e3o em dire\u00e7\u00e3o \u00e0 Africanos e outras duas para quem desejar ir para a Senador Vitorino Freire e realizar o retorno ou seguir em frente.<\/p>\n<p>Estiveram presentes durante a vistoria realizada pelo prefeito os vereadores Francisco Chaguinhas (PSB) e Batista Matos (PPS); os secret\u00e1rios municipais Ant\u00f4nio Ara\u00fajo (Obras e Servi\u00e7os P\u00fablicos), Canind\u00e9 Barros (Tr\u00e2nsito e Transportes) e Robson Paz (Comunica\u00e7\u00e3o).<\/p>\n<p><strong>Africanos<\/strong><\/p>\n<figure id=\"attachment_19357\" aria-describedby=\"caption-attachment-19357\" style=\"width: 640px\" class=\"wp-caption aligncenter\"><a href=\"https:\/\/www.blogsoestado.com\/danielmatos\/files\/2014\/09\/edivaldo-obras2.jpg\"><img decoding=\"async\" class=\"size-full wp-image-19357\" src=\"https:\/\/www.blogsoestado.com\/danielmatos\/files\/2014\/09\/edivaldo-obras2.jpg\" alt=\"Edivaldo inspeciona obrar com os secret\u00e1rios de Obras e Servi\u00e7os P\u00fablicos, Ant\u00f4nio Ara\u00fajo, e de Tr\u00e2nsito e Transporte, Canind\u00e9 Barros\" width=\"640\" height=\"427\" \/><\/a><figcaption id=\"caption-attachment-19357\" class=\"wp-caption-text\">Edivaldo inspeciona obra com os secret\u00e1rios de Obras e Servi\u00e7os P\u00fablicos, Ant\u00f4nio Ara\u00fajo, e de Tr\u00e2nsito e Transporte, Canind\u00e9 Barros<\/figcaption><\/figure>\n<p>A Prefeitura de S\u00e3o Lu\u00eds tamb\u00e9m realiza interven\u00e7\u00f5es em outros trechos importantes para melhor fluidez do tr\u00e2nsito como na Avenida dos Africanos nas imedia\u00e7\u00f5es do Parque Timbira. Os retornos foram fechados para a abertura de uma nova passagem, que interliga uma transversal que sai do Coroado, trazendo o fluxo dos ve\u00edculos para retornos de quadra. Al\u00e9m disso, foi realizada a sinaliza\u00e7\u00e3o completa da \u00e1rea com a instala\u00e7\u00e3o de sem\u00e1foros para garantir maior seguran\u00e7a aos pedestres.<\/p>\n<p>Com a altera\u00e7\u00e3o, os motoristas que trafegam no sentido Outeiro da Cruz\/Bacanga e precisarem fazer o retorno dever\u00e3o entrar na Rua dos Gat\u00f5es. Eles dever\u00e3o fazer convers\u00e3o \u00e0 esquerda para chegarem \u00e0 Rua do Arroz e ent\u00e3o passarem pelo cruzamento.<\/p>\n<p>J\u00e1 para quem trafega no sentido Parque Timbira\/Avenida Africanos e est\u00e1 seguindo para o Coroado, o acesso ser\u00e1 feito saindo da Avenida Ven\u00e2ncio de Queiroga e seguindo direto pela Rua da Minerva. Se no lugar do Coroado, o condutor estiver indo para o Centro, bastar\u00e1 sair da Avenida Ven\u00e2ncio Queiroga e virar \u00e0 esquerda no cruzamento com a Avenida dos Africanos.<\/p>\n<p>A op\u00e7\u00e3o pelos retornos de quadra reduz a concentra\u00e7\u00e3o de ve\u00edculos formando filas duplas nas avenidas e viabiliza o fluxo natural da via. O condutor que descer a Avenida Vicente de Queiroga, entrada do Parque Timbira, tamb\u00e9m ter\u00e1 acesso direto a Africanos, sentido Centro, por um retorno que ser\u00e1 aberto em frente \u00e0 via.<\/p>\n<p><strong>Ponte do Baix\u00e3o<\/strong><\/p>\n<p>Durante este s\u00e1bado, o prefeito Edivaldo tamb\u00e9m acompanhou as obras da Ponte do Baix\u00e3o, no bairro do S\u00e3o Cristov\u00e3o. A previs\u00e3o \u00e9 que dentro de 15 dias as obras estejam totalmente conclu\u00eddas. A constru\u00e7\u00e3o da ponte integra o conjunto de interven\u00e7\u00f5es realizadas pela Prefeitura de S\u00e3o Lu\u00eds ap\u00f3s as inunda\u00e7\u00f5es no primeiro semestre deste ano que atingiram v\u00e1rios pontos da cidade.<\/p>\n<p>\u201cEra um acesso prec\u00e1rio de madeira que a chuva levou e agora uma ponte de concreto armado \u00e9 constru\u00edda. A comunidade n\u00e3o passar\u00e1 mais pelo sofrimento de antes, que se arrastava ao longo dos anos\u201d, afirmou Edivaldo, que vistoriou os servi\u00e7os ao lado de moradores da regi\u00e3o.<\/p>\n<p>A ponte tem 2 metros de altura em rela\u00e7\u00e3o ao n\u00edvel da \u00e1gua no per\u00edodo de estiagem e conta com 6 metros de v\u00e3o livre e 12 metros de largura. Ela substituir\u00e1 a antiga estrutura improvisada pelos moradores que foi danificada no per\u00edodo das fortes chuvas. O Baix\u00e3o foi uma das 31 \u00e1reas afetadas pelas inunda\u00e7\u00f5es que ocorreram em S\u00e3o Lu\u00eds no primeiro semestre, permanecendo praticamente isolada desde ent\u00e3o.<\/p>\n<p>O morador Flauberth Pinheiro relatou que o acesso se dava apenas por uma t\u00e1bua de madeira, o que oferecia riscos \u00e0 comunidade. \u201cAssim que a ponte estiver pronta, vai gerar um beneficio muito grande para a popula\u00e7\u00e3o, pois poderemos nos deslocar com mais seguran\u00e7a\u201d, disse. J\u00e1 a dona de casa Veralucia Moreno destacou a qualidade do servi\u00e7o executado. \u201cA sustenta\u00e7\u00e3o est\u00e1 muito bem feita, vemos que \u00e9 um trabalho de qualidade\u201d, disse.<\/p>\n<p>Desde o in\u00edcio das obras o prefeito tem acompanhado o andamento dos trabalhos, sendo esta a terceira visita ao local. A constru\u00e7\u00e3o da ponte foi iniciada no m\u00eas de julho, com or\u00e7amento no valor de R$ 317 mil. Segundo o secretario de Obras e Servi\u00e7os P\u00fablicos (Semosp), Ant\u00f4nio Ara\u00fajo, a nova ponte ser\u00e1 toda de concreto armado visando garantir aos moradores seguran\u00e7a, uma vez que a constru\u00e7\u00e3o considerou a eleva\u00e7\u00e3o das \u00e1guas do c\u00f3rrego em per\u00edodos de chuva.<\/p>\n<p>\u201cA funda\u00e7\u00e3o foi conclu\u00edda, na fase atual da obra est\u00e3o sendo constru\u00eddas tr\u00eas vigas para a coloca\u00e7\u00e3o do tabuleiro e depois o concreto\u201d, detalhou o secret\u00e1rio da Semosp, ao acrescentar que todo o entorno da ponte ser\u00e1 urbanizado atrav\u00e9s da implanta\u00e7\u00e3o de bloquetes e ser\u00e1 feita a limpeza do canal que passa pelo Rio Paci\u00eancia.<\/p>\n<p>Durante as visitas deste s\u00e1bado, o prefeito citou uma s\u00e9rie de outras a\u00e7\u00f5es que est\u00e3o sendo realizadas pela Prefeitura para a melhoria da qualidade de vida da popula\u00e7\u00e3o, entre as quais a reforma de unidades de sa\u00fade, reformas e amplia\u00e7\u00f5es do Socorr\u00e3o I e II, do Hospital da Crian\u00e7a, interven\u00e7\u00f5es no Hospital da Mulher e obras de infraestrutura, a exemplo da constru\u00e7\u00e3o de uma rede de drenagem profunda na Rua Bras\u00edlia, no bairro Santa B\u00e1rbara, e servi\u00e7os de requalifica\u00e7\u00e3o asf\u00e1ltica em diversos bairros.<\/p>\n<p><strong>Fonte:<\/strong> Secretaria Municipal de Comunica\u00e7\u00e3o (Secom)<\/p>\n","protected":false},"excerpt":{"rendered":"<p>O prefeito Edivaldo acompanhou, neste s\u00e1bado (20), a finaliza\u00e7\u00e3o dos servi\u00e7os na Avenida Colares Moreira e as obras de altera\u00e7\u00e3o [&hellip;]<\/p>\n","protected":false},"author":0,"featured_media":0,"comment_status":"open","ping_status":"open","sticky":false,"template":"","format":"standard","meta":{"site-sidebar-layout":"default","site-content-layout":"","ast-site-content-layout":"default","site-content-style":"default","site-sidebar-style":"default","ast-global-header-display":"","ast-banner-title-visibility":"","ast-main-header-display":"","ast-hfb-above-header-display":"","ast-hfb-below-header-display":"","ast-hfb-mobile-header-display":"","site-post-title":"","ast-breadcrumbs-content":"","ast-featured-img":"","footer-sml-layout":"","ast-disable-related-posts":"","theme-transparent-header-meta":"","adv-header-id-meta":"","stick-header-meta":"","header-above-stick-meta":"","header-main-stick-meta":"","header-below-stick-meta":"","astra-migrate-meta-layouts":"default","ast-page-background-enabled":"default","ast-page-background-meta":{"desktop":{"background-color":"var(--ast-global-color-5)","background-image":"","background-repeat":"repeat","background-position":"center center","background-size":"auto","background-attachment":"scroll","background-type":"","background-media":"","overlay-type":"","overlay-color":"","overlay-opacity":"","overlay-gradient":""},"tablet":{"background-color":"","background-image":"","background-repeat":"repeat","background-position":"center center","background-size":"auto","background-attachment":"scroll","background-type":"","background-media":"","overlay-type":"","overlay-color":"","overlay-opacity":"","overlay-gradient":""},"mobile":{"background-color":"","background-image":"","background-repeat":"repeat","background-position":"center center","background-size":"auto","background-attachment":"scroll","background-type":"","background-media":"","overlay-type":"","overlay-color":"","overlay-opacity":"","overlay-gradient":""}},"ast-content-background-meta":{"desktop":{"background-color":"var(--ast-global-color-4)","background-image":"","background-repeat":"repeat","background-position":"center center","background-size":"auto","background-attachment":"scroll","background-type":"","background-media":"","overlay-type":"","overlay-color":"","overlay-opacity":"","overlay-gradient":""},"tablet":{"background-color":"var(--ast-global-color-4)","background-image":"","background-repeat":"repeat","background-position":"center center","background-size":"auto","background-attachment":"scroll","background-type":"","background-media":"","overlay-type":"","overlay-color":"","overlay-opacity":"","overlay-gradient":""},"mobile":{"background-color":"var(--ast-global-color-4)","background-image":"","background-repeat":"repeat","background-position":"center center","background-size":"auto","background-attachment":"scroll","background-type":"","background-media":"","overlay-type":"","overlay-color":"","overlay-opacity":"","overlay-gradient":""}},"footnotes":""},"categories":[1],"tags":[],"class_list":["post-19355","post","type-post","status-publish","format-standard","hentry","category-sem-categoria"],"yoast_head":"<!-- This site is optimized with the Yoast SEO plugin v26.6 - https:\/\/yoast.com\/wordpress\/plugins\/seo\/ -->\n<title>Edivaldo vistoria conclus\u00e3o de obras em S\u00e3o Lu\u00eds - Daniel Matos<\/title>\n<meta name=\"robots\" content=\"index, follow, max-snippet:-1, max-image-preview:large, max-video-preview:-1\" \/>\n<link rel=\"canonical\" href=\"https:\/\/www.blogsoestado.com\/danielmatos\/edivaldo-vistoria-conclusao-de-obras-em-sao-luis\/\" \/>\n<meta property=\"og:locale\" content=\"pt_BR\" \/>\n<meta property=\"og:type\" content=\"article\" \/>\n<meta property=\"og:title\" content=\"Edivaldo vistoria conclus\u00e3o de obras em S\u00e3o Lu\u00eds - Daniel Matos\" \/>\n<meta property=\"og:description\" content=\"O prefeito Edivaldo acompanhou, neste s\u00e1bado (20), a finaliza\u00e7\u00e3o dos servi\u00e7os na Avenida Colares Moreira e as obras de altera\u00e7\u00e3o [&hellip;]\" \/>\n<meta property=\"og:url\" content=\"https:\/\/www.blogsoestado.com\/danielmatos\/edivaldo-vistoria-conclusao-de-obras-em-sao-luis\/\" \/>\n<meta property=\"og:site_name\" content=\"Daniel Matos\" \/>\n<meta property=\"article:published_time\" content=\"2014-09-21T19:37:55+00:00\" \/>\n<meta property=\"og:image\" content=\"https:\/\/www.blogsoestado.com\/danielmatos\/files\/2014\/09\/edivaldo-obras.jpg\" \/>\n<meta name=\"twitter:card\" content=\"summary_large_image\" \/>\n<meta name=\"twitter:label1\" content=\"Est. tempo de leitura\" \/>\n\t<meta name=\"twitter:data1\" content=\"8 minutos\" \/>\n<script type=\"application\/ld+json\" class=\"yoast-schema-graph\">{\"@context\":\"https:\/\/schema.org\",\"@graph\":[{\"@type\":\"WebPage\",\"@id\":\"https:\/\/www.blogsoestado.com\/danielmatos\/edivaldo-vistoria-conclusao-de-obras-em-sao-luis\/\",\"url\":\"https:\/\/www.blogsoestado.com\/danielmatos\/edivaldo-vistoria-conclusao-de-obras-em-sao-luis\/\",\"name\":\"Edivaldo vistoria conclus\u00e3o de obras em S\u00e3o Lu\u00eds - Daniel Matos\",\"isPartOf\":{\"@id\":\"https:\/\/www.blogsoestado.com\/danielmatos\/#website\"},\"primaryImageOfPage\":{\"@id\":\"https:\/\/www.blogsoestado.com\/danielmatos\/edivaldo-vistoria-conclusao-de-obras-em-sao-luis\/#primaryimage\"},\"image\":{\"@id\":\"https:\/\/www.blogsoestado.com\/danielmatos\/edivaldo-vistoria-conclusao-de-obras-em-sao-luis\/#primaryimage\"},\"thumbnailUrl\":\"https:\/\/www.blogsoestado.com\/danielmatos\/files\/2014\/09\/edivaldo-obras.jpg\",\"datePublished\":\"2014-09-21T19:37:55+00:00\",\"author\":{\"@id\":\"\"},\"breadcrumb\":{\"@id\":\"https:\/\/www.blogsoestado.com\/danielmatos\/edivaldo-vistoria-conclusao-de-obras-em-sao-luis\/#breadcrumb\"},\"inLanguage\":\"pt-BR\",\"potentialAction\":[{\"@type\":\"ReadAction\",\"target\":[\"https:\/\/www.blogsoestado.com\/danielmatos\/edivaldo-vistoria-conclusao-de-obras-em-sao-luis\/\"]}]},{\"@type\":\"ImageObject\",\"inLanguage\":\"pt-BR\",\"@id\":\"https:\/\/www.blogsoestado.com\/danielmatos\/edivaldo-vistoria-conclusao-de-obras-em-sao-luis\/#primaryimage\",\"url\":\"https:\/\/www.blogsoestado.com\/danielmatos\/files\/2014\/09\/edivaldo-obras.jpg\",\"contentUrl\":\"https:\/\/www.blogsoestado.com\/danielmatos\/files\/2014\/09\/edivaldo-obras.jpg\"},{\"@type\":\"BreadcrumbList\",\"@id\":\"https:\/\/www.blogsoestado.com\/danielmatos\/edivaldo-vistoria-conclusao-de-obras-em-sao-luis\/#breadcrumb\",\"itemListElement\":[{\"@type\":\"ListItem\",\"position\":1,\"name\":\"In\u00edcio\",\"item\":\"https:\/\/www.blogsoestado.com\/danielmatos\/\"},{\"@type\":\"ListItem\",\"position\":2,\"name\":\"Edivaldo vistoria conclus\u00e3o de obras em S\u00e3o Lu\u00eds\"}]},{\"@type\":\"WebSite\",\"@id\":\"https:\/\/www.blogsoestado.com\/danielmatos\/#website\",\"url\":\"https:\/\/www.blogsoestado.com\/danielmatos\/\",\"name\":\"Daniel Matos\",\"description\":\"\",\"potentialAction\":[{\"@type\":\"SearchAction\",\"target\":{\"@type\":\"EntryPoint\",\"urlTemplate\":\"https:\/\/www.blogsoestado.com\/danielmatos\/?s={search_term_string}\"},\"query-input\":{\"@type\":\"PropertyValueSpecification\",\"valueRequired\":true,\"valueName\":\"search_term_string\"}}],\"inLanguage\":\"pt-BR\"}]}<\/script>\n<!-- \/ Yoast SEO plugin. -->","yoast_head_json":{"title":"Edivaldo vistoria conclus\u00e3o de obras em S\u00e3o Lu\u00eds - Daniel Matos","robots":{"index":"index","follow":"follow","max-snippet":"max-snippet:-1","max-image-preview":"max-image-preview:large","max-video-preview":"max-video-preview:-1"},"canonical":"https:\/\/www.blogsoestado.com\/danielmatos\/edivaldo-vistoria-conclusao-de-obras-em-sao-luis\/","og_locale":"pt_BR","og_type":"article","og_title":"Edivaldo vistoria conclus\u00e3o de obras em S\u00e3o Lu\u00eds - Daniel Matos","og_description":"O prefeito Edivaldo acompanhou, neste s\u00e1bado (20), a finaliza\u00e7\u00e3o dos servi\u00e7os na Avenida Colares Moreira e as obras de altera\u00e7\u00e3o [&hellip;]","og_url":"https:\/\/www.blogsoestado.com\/danielmatos\/edivaldo-vistoria-conclusao-de-obras-em-sao-luis\/","og_site_name":"Daniel Matos","article_published_time":"2014-09-21T19:37:55+00:00","og_image":[{"url":"https:\/\/www.blogsoestado.com\/danielmatos\/files\/2014\/09\/edivaldo-obras.jpg","type":"","width":"","height":""}],"twitter_card":"summary_large_image","twitter_misc":{"Est. tempo de leitura":"8 minutos"},"schema":{"@context":"https:\/\/schema.org","@graph":[{"@type":"WebPage","@id":"https:\/\/www.blogsoestado.com\/danielmatos\/edivaldo-vistoria-conclusao-de-obras-em-sao-luis\/","url":"https:\/\/www.blogsoestado.com\/danielmatos\/edivaldo-vistoria-conclusao-de-obras-em-sao-luis\/","name":"Edivaldo vistoria conclus\u00e3o de obras em S\u00e3o Lu\u00eds - Daniel Matos","isPartOf":{"@id":"https:\/\/www.blogsoestado.com\/danielmatos\/#website"},"primaryImageOfPage":{"@id":"https:\/\/www.blogsoestado.com\/danielmatos\/edivaldo-vistoria-conclusao-de-obras-em-sao-luis\/#primaryimage"},"image":{"@id":"https:\/\/www.blogsoestado.com\/danielmatos\/edivaldo-vistoria-conclusao-de-obras-em-sao-luis\/#primaryimage"},"thumbnailUrl":"https:\/\/www.blogsoestado.com\/danielmatos\/files\/2014\/09\/edivaldo-obras.jpg","datePublished":"2014-09-21T19:37:55+00:00","author":{"@id":""},"breadcrumb":{"@id":"https:\/\/www.blogsoestado.com\/danielmatos\/edivaldo-vistoria-conclusao-de-obras-em-sao-luis\/#breadcrumb"},"inLanguage":"pt-BR","potentialAction":[{"@type":"ReadAction","target":["https:\/\/www.blogsoestado.com\/danielmatos\/edivaldo-vistoria-conclusao-de-obras-em-sao-luis\/"]}]},{"@type":"ImageObject","inLanguage":"pt-BR","@id":"https:\/\/www.blogsoestado.com\/danielmatos\/edivaldo-vistoria-conclusao-de-obras-em-sao-luis\/#primaryimage","url":"https:\/\/www.blogsoestado.com\/danielmatos\/files\/2014\/09\/edivaldo-obras.jpg","contentUrl":"https:\/\/www.blogsoestado.com\/danielmatos\/files\/2014\/09\/edivaldo-obras.jpg"},{"@type":"BreadcrumbList","@id":"https:\/\/www.blogsoestado.com\/danielmatos\/edivaldo-vistoria-conclusao-de-obras-em-sao-luis\/#breadcrumb","itemListElement":[{"@type":"ListItem","position":1,"name":"In\u00edcio","item":"https:\/\/www.blogsoestado.com\/danielmatos\/"},{"@type":"ListItem","position":2,"name":"Edivaldo vistoria conclus\u00e3o de obras em S\u00e3o Lu\u00eds"}]},{"@type":"WebSite","@id":"https:\/\/www.blogsoestado.com\/danielmatos\/#website","url":"https:\/\/www.blogsoestado.com\/danielmatos\/","name":"Daniel Matos","description":"","potentialAction":[{"@type":"SearchAction","target":{"@type":"EntryPoint","urlTemplate":"https:\/\/www.blogsoestado.com\/danielmatos\/?s={search_term_string}"},"query-input":{"@type":"PropertyValueSpecification","valueRequired":true,"valueName":"search_term_string"}}],"inLanguage":"pt-BR"}]}},"jetpack_featured_media_url":"","_links":{"self":[{"href":"https:\/\/www.blogsoestado.com\/danielmatos\/wp-json\/wp\/v2\/posts\/19355","targetHints":{"allow":["GET"]}}],"collection":[{"href":"https:\/\/www.blogsoestado.com\/danielmatos\/wp-json\/wp\/v2\/posts"}],"about":[{"href":"https:\/\/www.blogsoestado.com\/danielmatos\/wp-json\/wp\/v2\/types\/post"}],"replies":[{"embeddable":true,"href":"https:\/\/www.blogsoestado.com\/danielmatos\/wp-json\/wp\/v2\/comments?post=19355"}],"version-history":[{"count":0,"href":"https:\/\/www.blogsoestado.com\/danielmatos\/wp-json\/wp\/v2\/posts\/19355\/revisions"}],"wp:attachment":[{"href":"https:\/\/www.blogsoestado.com\/danielmatos\/wp-json\/wp\/v2\/media?parent=19355"}],"wp:term":[{"taxonomy":"category","embeddable":true,"href":"https:\/\/www.blogsoestado.com\/danielmatos\/wp-json\/wp\/v2\/categories?post=19355"},{"taxonomy":"post_tag","embeddable":true,"href":"https:\/\/www.blogsoestado.com\/danielmatos\/wp-json\/wp\/v2\/tags?post=19355"}],"curies":[{"name":"wp","href":"https:\/\/api.w.org\/{rel}","templated":true}]}}