{"id":19363,"date":"2014-09-22T10:59:41","date_gmt":"2014-09-22T13:59:41","guid":{"rendered":"https:\/\/www.blogsoestado.com\/danielmatos\/?p=19363"},"modified":"2014-09-22T10:59:41","modified_gmt":"2014-09-22T13:59:41","slug":"multidao-aglomera-se-para-ouvir-lobao-filho-em-sao-domingos","status":"publish","type":"post","link":"https:\/\/www.blogsoestado.com\/danielmatos\/multidao-aglomera-se-para-ouvir-lobao-filho-em-sao-domingos\/","title":{"rendered":"Multid\u00e3o aglomera-se para ouvir Lob\u00e3o Filho em S\u00e3o Domingos"},"content":{"rendered":"<figure id=\"attachment_19364\" aria-describedby=\"caption-attachment-19364\" style=\"width: 640px\" class=\"wp-caption aligncenter\"><a href=\"https:\/\/www.blogsoestado.com\/danielmatos\/files\/2014\/09\/lobao-aglomera.jpg\"><img fetchpriority=\"high\" decoding=\"async\" class=\"size-full wp-image-19364\" src=\"https:\/\/www.blogsoestado.com\/danielmatos\/files\/2014\/09\/lobao-aglomera.jpg\" alt=\"Lob\u00e3o Filho refor\u00e7ou compromisso com o Maranh\u00e3o melhor, com esperan\u00e7a e f\u00e9\" width=\"640\" height=\"425\" \/><\/a><figcaption id=\"caption-attachment-19364\" class=\"wp-caption-text\">Lob\u00e3o Filho refor\u00e7ou seu compromisso com um Maranh\u00e3o melhor, com esperan\u00e7a e f\u00e9 (<strong>Foto:<\/strong> Biaman Prado)<\/figcaption><\/figure>\n<p>O candidato Lob\u00e3o Filho (PMDB), da coliga\u00e7\u00e3o \u201cPra Frente Maranh\u00e3o\u201d, afirmou neste domingo (21), durante visita ao munic\u00edpio de S\u00e3o Domingos, onde realizou carreata seguida de com\u00edcio, o compromisso de restaurar a Lagoa do Jos\u00e9 Feio, al\u00e9m de implantar o Programa de Acelera\u00e7\u00e3o do Maranh\u00e3o (PAM) em todos os munic\u00edpios.<\/p>\n<p>\u201cUm Maranh\u00e3o melhor ser\u00e1 constru\u00eddo com esperan\u00e7a e f\u00e9. Meu governo ter\u00e1 tamb\u00e9m aten\u00e7\u00e3o especial para as crian\u00e7as e idosos. S\u00e3o Domingos precisa de ajuda urgente e me comprometo a fazer o poss\u00edvel para melhorar a cidade, inclusive trabalhando pela infraestrutura\u201d, afirmou Lob\u00e3o Filho, diante de uma multid\u00e3o, que se aglomerou em frente \u00e0 Pra\u00e7a da Lagoa do Jos\u00e9 Feio.<\/p>\n<p>Arnaldo Melo, companheiro de chapa do peemedebista, destacou que \u00e9 preciso prest\u00edgio para capacita\u00e7\u00e3o de recursos para incrementar o progresso em S\u00e3o Domingos, principalmente no que diz respeito \u00e0 agricultura. \u201cAqui se produz um excelente abacaxi. Temos ent\u00e3o que capacitar o trabalhador para industrializar esse rico produto, al\u00e9m de outras a\u00e7\u00f5es. E no Pal\u00e1cio dos Le\u00f5es Lob\u00e3o Filho, vamos impulsionar S\u00e3o Domingos\u201d.<\/p>\n<p>O ex-prefeito de S\u00e3o Domingos, Z\u00e9 da Folha, pediu para a popula\u00e7\u00e3o \u201cespalhar\u201d que o verdadeiro candidato que vai trazer desenvolvimento, emprego e renda para o munic\u00edpio \u00e9 o senador Lob\u00e3o Filho.<\/p>\n<p>\u201cN\u00e3o se deixem levar por promessas e inverdades que falam por a\u00ed na cidade de S\u00e3o Domingos. Votem em Lob\u00e3o Filho, pois acredito que temos que retribuir os avan\u00e7os que aconteceram nos \u00faltimos anos e s\u00f3 poder\u00e3o ser continuados com Lob\u00e3o Filho no Governo do Maranh\u00e3o\u201d, completou Z\u00e9 da Folha.<\/p>\n<p>O presidente da C\u00e2mara de S\u00e3o Domingos, Nen\u00e9m do Le\u00e3o, tamb\u00e9m confirmou seu voto aos candidatos Lob\u00e3o Filho e Gast\u00e3o Vieira que, segundo ele, o Maranh\u00e3o precisa ter um governo de verdade, sem \u201cfalsas mudan\u00e7as\u201d. \u201cLob\u00e3o \u00e9 um homem de garra, que j\u00e1 mostrou ter muita experi\u00eancia quando empres\u00e1rio. Lob\u00e3o \u00e9 15 e ser\u00e1 o pr\u00f3ximo governador do Estado\u201d, disse entusiasmado.<\/p>\n<p>Tamb\u00e9m marcaram presen\u00e7a para dar apoio a candidatura de Lob\u00e3o Filho, o ex-prefeito de S\u00e3o Jo\u00e3o dos Patos; Z\u00e9 M\u00e1rio, o ex-prefeito de Fortuna, Raimundo Coelho; lideran\u00e7as pol\u00edticas como Dim da Folha, Rosa Cip\u00f3, Ada\u00edlda, Astolfo Seabra, Fernando Paix\u00e3o Wils\u00e3o da Lagoa e demais candidatos a deputado estadual federal da coliga\u00e7\u00e3o.<\/p>\n","protected":false},"excerpt":{"rendered":"<p>O candidato Lob\u00e3o Filho (PMDB), da coliga\u00e7\u00e3o \u201cPra Frente Maranh\u00e3o\u201d, afirmou neste domingo (21), durante visita ao munic\u00edpio de S\u00e3o [&hellip;]<\/p>\n","protected":false},"author":0,"featured_media":0,"comment_status":"open","ping_status":"open","sticky":false,"template":"","format":"standard","meta":{"site-sidebar-layout":"default","site-content-layout":"","ast-site-content-layout":"default","site-content-style":"default","site-sidebar-style":"default","ast-global-header-display":"","ast-banner-title-visibility":"","ast-main-header-display":"","ast-hfb-above-header-display":"","ast-hfb-below-header-display":"","ast-hfb-mobile-header-display":"","site-post-title":"","ast-breadcrumbs-content":"","ast-featured-img":"","footer-sml-layout":"","ast-disable-related-posts":"","theme-transparent-header-meta":"","adv-header-id-meta":"","stick-header-meta":"","header-above-stick-meta":"","header-main-stick-meta":"","header-below-stick-meta":"","astra-migrate-meta-layouts":"default","ast-page-background-enabled":"default","ast-page-background-meta":{"desktop":{"background-color":"var(--ast-global-color-5)","background-image":"","background-repeat":"repeat","background-position":"center center","background-size":"auto","background-attachment":"scroll","background-type":"","background-media":"","overlay-type":"","overlay-color":"","overlay-opacity":"","overlay-gradient":""},"tablet":{"background-color":"","background-image":"","background-repeat":"repeat","background-position":"center center","background-size":"auto","background-attachment":"scroll","background-type":"","background-media":"","overlay-type":"","overlay-color":"","overlay-opacity":"","overlay-gradient":""},"mobile":{"background-color":"","background-image":"","background-repeat":"repeat","background-position":"center center","background-size":"auto","background-attachment":"scroll","background-type":"","background-media":"","overlay-type":"","overlay-color":"","overlay-opacity":"","overlay-gradient":""}},"ast-content-background-meta":{"desktop":{"background-color":"var(--ast-global-color-4)","background-image":"","background-repeat":"repeat","background-position":"center center","background-size":"auto","background-attachment":"scroll","background-type":"","background-media":"","overlay-type":"","overlay-color":"","overlay-opacity":"","overlay-gradient":""},"tablet":{"background-color":"var(--ast-global-color-4)","background-image":"","background-repeat":"repeat","background-position":"center center","background-size":"auto","background-attachment":"scroll","background-type":"","background-media":"","overlay-type":"","overlay-color":"","overlay-opacity":"","overlay-gradient":""},"mobile":{"background-color":"var(--ast-global-color-4)","background-image":"","background-repeat":"repeat","background-position":"center center","background-size":"auto","background-attachment":"scroll","background-type":"","background-media":"","overlay-type":"","overlay-color":"","overlay-opacity":"","overlay-gradient":""}},"footnotes":""},"categories":[1],"tags":[],"class_list":["post-19363","post","type-post","status-publish","format-standard","hentry","category-sem-categoria"],"yoast_head":"<!-- This site is optimized with the Yoast SEO plugin v26.6 - https:\/\/yoast.com\/wordpress\/plugins\/seo\/ -->\n<title>Multid\u00e3o aglomera-se para ouvir Lob\u00e3o Filho em S\u00e3o Domingos - Daniel Matos<\/title>\n<meta name=\"robots\" content=\"index, follow, max-snippet:-1, max-image-preview:large, max-video-preview:-1\" \/>\n<link rel=\"canonical\" href=\"https:\/\/www.blogsoestado.com\/danielmatos\/multidao-aglomera-se-para-ouvir-lobao-filho-em-sao-domingos\/\" \/>\n<meta property=\"og:locale\" content=\"pt_BR\" \/>\n<meta property=\"og:type\" content=\"article\" \/>\n<meta property=\"og:title\" content=\"Multid\u00e3o aglomera-se para ouvir Lob\u00e3o Filho em S\u00e3o Domingos - Daniel Matos\" \/>\n<meta property=\"og:description\" content=\"O candidato Lob\u00e3o Filho (PMDB), da coliga\u00e7\u00e3o \u201cPra Frente Maranh\u00e3o\u201d, afirmou neste domingo (21), durante visita ao munic\u00edpio de S\u00e3o [&hellip;]\" \/>\n<meta property=\"og:url\" content=\"https:\/\/www.blogsoestado.com\/danielmatos\/multidao-aglomera-se-para-ouvir-lobao-filho-em-sao-domingos\/\" \/>\n<meta property=\"og:site_name\" content=\"Daniel Matos\" \/>\n<meta property=\"article:published_time\" content=\"2014-09-22T13:59:41+00:00\" \/>\n<meta property=\"og:image\" content=\"https:\/\/www.blogsoestado.com\/danielmatos\/files\/2014\/09\/lobao-aglomera.jpg\" \/>\n<meta name=\"twitter:card\" content=\"summary_large_image\" \/>\n<meta name=\"twitter:label1\" content=\"Est. tempo de leitura\" \/>\n\t<meta name=\"twitter:data1\" content=\"2 minutos\" \/>\n<script type=\"application\/ld+json\" class=\"yoast-schema-graph\">{\"@context\":\"https:\/\/schema.org\",\"@graph\":[{\"@type\":\"WebPage\",\"@id\":\"https:\/\/www.blogsoestado.com\/danielmatos\/multidao-aglomera-se-para-ouvir-lobao-filho-em-sao-domingos\/\",\"url\":\"https:\/\/www.blogsoestado.com\/danielmatos\/multidao-aglomera-se-para-ouvir-lobao-filho-em-sao-domingos\/\",\"name\":\"Multid\u00e3o aglomera-se para ouvir Lob\u00e3o Filho em S\u00e3o Domingos - Daniel Matos\",\"isPartOf\":{\"@id\":\"https:\/\/www.blogsoestado.com\/danielmatos\/#website\"},\"primaryImageOfPage\":{\"@id\":\"https:\/\/www.blogsoestado.com\/danielmatos\/multidao-aglomera-se-para-ouvir-lobao-filho-em-sao-domingos\/#primaryimage\"},\"image\":{\"@id\":\"https:\/\/www.blogsoestado.com\/danielmatos\/multidao-aglomera-se-para-ouvir-lobao-filho-em-sao-domingos\/#primaryimage\"},\"thumbnailUrl\":\"https:\/\/www.blogsoestado.com\/danielmatos\/files\/2014\/09\/lobao-aglomera.jpg\",\"datePublished\":\"2014-09-22T13:59:41+00:00\",\"author\":{\"@id\":\"\"},\"breadcrumb\":{\"@id\":\"https:\/\/www.blogsoestado.com\/danielmatos\/multidao-aglomera-se-para-ouvir-lobao-filho-em-sao-domingos\/#breadcrumb\"},\"inLanguage\":\"pt-BR\",\"potentialAction\":[{\"@type\":\"ReadAction\",\"target\":[\"https:\/\/www.blogsoestado.com\/danielmatos\/multidao-aglomera-se-para-ouvir-lobao-filho-em-sao-domingos\/\"]}]},{\"@type\":\"ImageObject\",\"inLanguage\":\"pt-BR\",\"@id\":\"https:\/\/www.blogsoestado.com\/danielmatos\/multidao-aglomera-se-para-ouvir-lobao-filho-em-sao-domingos\/#primaryimage\",\"url\":\"https:\/\/www.blogsoestado.com\/danielmatos\/files\/2014\/09\/lobao-aglomera.jpg\",\"contentUrl\":\"https:\/\/www.blogsoestado.com\/danielmatos\/files\/2014\/09\/lobao-aglomera.jpg\"},{\"@type\":\"BreadcrumbList\",\"@id\":\"https:\/\/www.blogsoestado.com\/danielmatos\/multidao-aglomera-se-para-ouvir-lobao-filho-em-sao-domingos\/#breadcrumb\",\"itemListElement\":[{\"@type\":\"ListItem\",\"position\":1,\"name\":\"In\u00edcio\",\"item\":\"https:\/\/www.blogsoestado.com\/danielmatos\/\"},{\"@type\":\"ListItem\",\"position\":2,\"name\":\"Multid\u00e3o aglomera-se para ouvir Lob\u00e3o Filho em S\u00e3o Domingos\"}]},{\"@type\":\"WebSite\",\"@id\":\"https:\/\/www.blogsoestado.com\/danielmatos\/#website\",\"url\":\"https:\/\/www.blogsoestado.com\/danielmatos\/\",\"name\":\"Daniel Matos\",\"description\":\"\",\"potentialAction\":[{\"@type\":\"SearchAction\",\"target\":{\"@type\":\"EntryPoint\",\"urlTemplate\":\"https:\/\/www.blogsoestado.com\/danielmatos\/?s={search_term_string}\"},\"query-input\":{\"@type\":\"PropertyValueSpecification\",\"valueRequired\":true,\"valueName\":\"search_term_string\"}}],\"inLanguage\":\"pt-BR\"}]}<\/script>\n<!-- \/ Yoast SEO plugin. -->","yoast_head_json":{"title":"Multid\u00e3o aglomera-se para ouvir Lob\u00e3o Filho em S\u00e3o Domingos - Daniel Matos","robots":{"index":"index","follow":"follow","max-snippet":"max-snippet:-1","max-image-preview":"max-image-preview:large","max-video-preview":"max-video-preview:-1"},"canonical":"https:\/\/www.blogsoestado.com\/danielmatos\/multidao-aglomera-se-para-ouvir-lobao-filho-em-sao-domingos\/","og_locale":"pt_BR","og_type":"article","og_title":"Multid\u00e3o aglomera-se para ouvir Lob\u00e3o Filho em S\u00e3o Domingos - Daniel Matos","og_description":"O candidato Lob\u00e3o Filho (PMDB), da coliga\u00e7\u00e3o \u201cPra Frente Maranh\u00e3o\u201d, afirmou neste domingo (21), durante visita ao munic\u00edpio de S\u00e3o [&hellip;]","og_url":"https:\/\/www.blogsoestado.com\/danielmatos\/multidao-aglomera-se-para-ouvir-lobao-filho-em-sao-domingos\/","og_site_name":"Daniel Matos","article_published_time":"2014-09-22T13:59:41+00:00","og_image":[{"url":"https:\/\/www.blogsoestado.com\/danielmatos\/files\/2014\/09\/lobao-aglomera.jpg","type":"","width":"","height":""}],"twitter_card":"summary_large_image","twitter_misc":{"Est. tempo de leitura":"2 minutos"},"schema":{"@context":"https:\/\/schema.org","@graph":[{"@type":"WebPage","@id":"https:\/\/www.blogsoestado.com\/danielmatos\/multidao-aglomera-se-para-ouvir-lobao-filho-em-sao-domingos\/","url":"https:\/\/www.blogsoestado.com\/danielmatos\/multidao-aglomera-se-para-ouvir-lobao-filho-em-sao-domingos\/","name":"Multid\u00e3o aglomera-se para ouvir Lob\u00e3o Filho em S\u00e3o Domingos - Daniel Matos","isPartOf":{"@id":"https:\/\/www.blogsoestado.com\/danielmatos\/#website"},"primaryImageOfPage":{"@id":"https:\/\/www.blogsoestado.com\/danielmatos\/multidao-aglomera-se-para-ouvir-lobao-filho-em-sao-domingos\/#primaryimage"},"image":{"@id":"https:\/\/www.blogsoestado.com\/danielmatos\/multidao-aglomera-se-para-ouvir-lobao-filho-em-sao-domingos\/#primaryimage"},"thumbnailUrl":"https:\/\/www.blogsoestado.com\/danielmatos\/files\/2014\/09\/lobao-aglomera.jpg","datePublished":"2014-09-22T13:59:41+00:00","author":{"@id":""},"breadcrumb":{"@id":"https:\/\/www.blogsoestado.com\/danielmatos\/multidao-aglomera-se-para-ouvir-lobao-filho-em-sao-domingos\/#breadcrumb"},"inLanguage":"pt-BR","potentialAction":[{"@type":"ReadAction","target":["https:\/\/www.blogsoestado.com\/danielmatos\/multidao-aglomera-se-para-ouvir-lobao-filho-em-sao-domingos\/"]}]},{"@type":"ImageObject","inLanguage":"pt-BR","@id":"https:\/\/www.blogsoestado.com\/danielmatos\/multidao-aglomera-se-para-ouvir-lobao-filho-em-sao-domingos\/#primaryimage","url":"https:\/\/www.blogsoestado.com\/danielmatos\/files\/2014\/09\/lobao-aglomera.jpg","contentUrl":"https:\/\/www.blogsoestado.com\/danielmatos\/files\/2014\/09\/lobao-aglomera.jpg"},{"@type":"BreadcrumbList","@id":"https:\/\/www.blogsoestado.com\/danielmatos\/multidao-aglomera-se-para-ouvir-lobao-filho-em-sao-domingos\/#breadcrumb","itemListElement":[{"@type":"ListItem","position":1,"name":"In\u00edcio","item":"https:\/\/www.blogsoestado.com\/danielmatos\/"},{"@type":"ListItem","position":2,"name":"Multid\u00e3o aglomera-se para ouvir Lob\u00e3o Filho em S\u00e3o Domingos"}]},{"@type":"WebSite","@id":"https:\/\/www.blogsoestado.com\/danielmatos\/#website","url":"https:\/\/www.blogsoestado.com\/danielmatos\/","name":"Daniel Matos","description":"","potentialAction":[{"@type":"SearchAction","target":{"@type":"EntryPoint","urlTemplate":"https:\/\/www.blogsoestado.com\/danielmatos\/?s={search_term_string}"},"query-input":{"@type":"PropertyValueSpecification","valueRequired":true,"valueName":"search_term_string"}}],"inLanguage":"pt-BR"}]}},"jetpack_featured_media_url":"","_links":{"self":[{"href":"https:\/\/www.blogsoestado.com\/danielmatos\/wp-json\/wp\/v2\/posts\/19363","targetHints":{"allow":["GET"]}}],"collection":[{"href":"https:\/\/www.blogsoestado.com\/danielmatos\/wp-json\/wp\/v2\/posts"}],"about":[{"href":"https:\/\/www.blogsoestado.com\/danielmatos\/wp-json\/wp\/v2\/types\/post"}],"replies":[{"embeddable":true,"href":"https:\/\/www.blogsoestado.com\/danielmatos\/wp-json\/wp\/v2\/comments?post=19363"}],"version-history":[{"count":0,"href":"https:\/\/www.blogsoestado.com\/danielmatos\/wp-json\/wp\/v2\/posts\/19363\/revisions"}],"wp:attachment":[{"href":"https:\/\/www.blogsoestado.com\/danielmatos\/wp-json\/wp\/v2\/media?parent=19363"}],"wp:term":[{"taxonomy":"category","embeddable":true,"href":"https:\/\/www.blogsoestado.com\/danielmatos\/wp-json\/wp\/v2\/categories?post=19363"},{"taxonomy":"post_tag","embeddable":true,"href":"https:\/\/www.blogsoestado.com\/danielmatos\/wp-json\/wp\/v2\/tags?post=19363"}],"curies":[{"name":"wp","href":"https:\/\/api.w.org\/{rel}","templated":true}]}}