{"id":19372,"date":"2014-09-22T14:57:39","date_gmt":"2014-09-22T17:57:39","guid":{"rendered":"https:\/\/www.blogsoestado.com\/danielmatos\/?p=19372"},"modified":"2014-09-22T14:57:39","modified_gmt":"2014-09-22T17:57:39","slug":"palestra-marca-dia-contra-exploracao-sexual-e-trafico-de-mulheres-e-criancas-em-paco-do-lumiar","status":"publish","type":"post","link":"https:\/\/www.blogsoestado.com\/danielmatos\/palestra-marca-dia-contra-exploracao-sexual-e-trafico-de-mulheres-e-criancas-em-paco-do-lumiar\/","title":{"rendered":"Palestra marca Dia contra Explora\u00e7\u00e3o Sexual e Tr\u00e1fico de Mulheres e Crian\u00e7as em Pa\u00e7o do Lumiar"},"content":{"rendered":"<p>Acontece nesta ter\u00e7a-feira, 23, no munic\u00edpio de Pa\u00e7o do Lumiar, palestras sobre o Dia Internacional contra a Explora\u00e7\u00e3o Sexual e Tr\u00e1fico de Mulheres e Crian\u00e7as.<\/p>\n<p>V\u00e3o ser dois momentos: pela manh\u00e3, \u00e0s 9h30, na UEB Cepema, Vila S\u00e3o Jos\u00e9 2, e \u00e0 tarde, \u00e0s 15h, na UEB Vicente Pires Sampaio, tamb\u00e9m na Vila S\u00e3o Jos\u00e9.<\/p>\n<p>Participam da a\u00e7\u00e3o, realizada pela Prefeitura de Pa\u00e7o do Lumiar, por meio de sua Secretaria Extraordin\u00e1ria de Pol\u00edticas para a Mulher, os conselhos Tutelar e da Crian\u00e7a e Adolescente.<\/p>\n<p>As palestras v\u00e3o ser realizadas por t\u00e9cnicos da Secretaria da Mulher de Pa\u00e7o do Lumiar e conselheiros.<\/p>\n<p><strong>Dados da viol\u00eancia no Brasil<\/strong><\/p>\n<p>No ano passado, o servi\u00e7o de Disque Den\u00fancia da Secretaria de Direitos Humanos (SDH) da Presid\u00eancia da Rep\u00fablica registrou 162 mil relatos de viol\u00eancia f\u00edsica, psicol\u00f3gica e sexual contra crian\u00e7as e adolescentes. Dados da Sociedade Internacional de Preven\u00e7\u00e3o ao Abuso e Neglig\u00eancia na Inf\u00e2ncia estimam que a viol\u00eancia dom\u00e9stica atinja 18 mil crian\u00e7as por dia no Brasil.<\/p>\n<p>Chantagem, humilha\u00e7\u00e3o, amea\u00e7as, belisc\u00f5es e xingamentos s\u00e3o alguns tipos de viol\u00eancia recorrentes, muitas vezes vistos como normais. Segundo dados da SDH, 70% das viola\u00e7\u00f5es de direitos das crian\u00e7as e adolescentes s\u00e3o cometidas por algum familiar.<\/p>\n<p>Quando se fala em viol\u00eancia contra a mulher os n\u00fameros dizem que a cada dois minutos, cinco mulheres s\u00e3o v\u00edtimas da viol\u00eancia no Brasil, segundo um levantamento feito pela Funda\u00e7\u00e3o Perseu Abramo.<\/p>\n","protected":false},"excerpt":{"rendered":"<p>Acontece nesta ter\u00e7a-feira, 23, no munic\u00edpio de Pa\u00e7o do Lumiar, palestras sobre o Dia Internacional contra a Explora\u00e7\u00e3o Sexual e [&hellip;]<\/p>\n","protected":false},"author":0,"featured_media":0,"comment_status":"open","ping_status":"open","sticky":false,"template":"","format":"standard","meta":{"site-sidebar-layout":"default","site-content-layout":"","ast-site-content-layout":"default","site-content-style":"default","site-sidebar-style":"default","ast-global-header-display":"","ast-banner-title-visibility":"","ast-main-header-display":"","ast-hfb-above-header-display":"","ast-hfb-below-header-display":"","ast-hfb-mobile-header-display":"","site-post-title":"","ast-breadcrumbs-content":"","ast-featured-img":"","footer-sml-layout":"","ast-disable-related-posts":"","theme-transparent-header-meta":"","adv-header-id-meta":"","stick-header-meta":"","header-above-stick-meta":"","header-main-stick-meta":"","header-below-stick-meta":"","astra-migrate-meta-layouts":"default","ast-page-background-enabled":"default","ast-page-background-meta":{"desktop":{"background-color":"var(--ast-global-color-5)","background-image":"","background-repeat":"repeat","background-position":"center center","background-size":"auto","background-attachment":"scroll","background-type":"","background-media":"","overlay-type":"","overlay-color":"","overlay-opacity":"","overlay-gradient":""},"tablet":{"background-color":"","background-image":"","background-repeat":"repeat","background-position":"center center","background-size":"auto","background-attachment":"scroll","background-type":"","background-media":"","overlay-type":"","overlay-color":"","overlay-opacity":"","overlay-gradient":""},"mobile":{"background-color":"","background-image":"","background-repeat":"repeat","background-position":"center center","background-size":"auto","background-attachment":"scroll","background-type":"","background-media":"","overlay-type":"","overlay-color":"","overlay-opacity":"","overlay-gradient":""}},"ast-content-background-meta":{"desktop":{"background-color":"var(--ast-global-color-4)","background-image":"","background-repeat":"repeat","background-position":"center center","background-size":"auto","background-attachment":"scroll","background-type":"","background-media":"","overlay-type":"","overlay-color":"","overlay-opacity":"","overlay-gradient":""},"tablet":{"background-color":"var(--ast-global-color-4)","background-image":"","background-repeat":"repeat","background-position":"center center","background-size":"auto","background-attachment":"scroll","background-type":"","background-media":"","overlay-type":"","overlay-color":"","overlay-opacity":"","overlay-gradient":""},"mobile":{"background-color":"var(--ast-global-color-4)","background-image":"","background-repeat":"repeat","background-position":"center center","background-size":"auto","background-attachment":"scroll","background-type":"","background-media":"","overlay-type":"","overlay-color":"","overlay-opacity":"","overlay-gradient":""}},"footnotes":""},"categories":[1],"tags":[],"class_list":["post-19372","post","type-post","status-publish","format-standard","hentry","category-sem-categoria"],"yoast_head":"<!-- This site is optimized with the Yoast SEO plugin v26.6 - https:\/\/yoast.com\/wordpress\/plugins\/seo\/ -->\n<title>Palestra marca Dia contra Explora\u00e7\u00e3o Sexual e Tr\u00e1fico de Mulheres e Crian\u00e7as em Pa\u00e7o do Lumiar - Daniel Matos<\/title>\n<meta name=\"robots\" content=\"index, follow, max-snippet:-1, max-image-preview:large, max-video-preview:-1\" \/>\n<link rel=\"canonical\" href=\"https:\/\/www.blogsoestado.com\/danielmatos\/palestra-marca-dia-contra-exploracao-sexual-e-trafico-de-mulheres-e-criancas-em-paco-do-lumiar\/\" \/>\n<meta property=\"og:locale\" content=\"pt_BR\" \/>\n<meta property=\"og:type\" content=\"article\" \/>\n<meta property=\"og:title\" content=\"Palestra marca Dia contra Explora\u00e7\u00e3o Sexual e Tr\u00e1fico de Mulheres e Crian\u00e7as em Pa\u00e7o do Lumiar - Daniel Matos\" \/>\n<meta property=\"og:description\" content=\"Acontece nesta ter\u00e7a-feira, 23, no munic\u00edpio de Pa\u00e7o do Lumiar, palestras sobre o Dia Internacional contra a Explora\u00e7\u00e3o Sexual e [&hellip;]\" \/>\n<meta property=\"og:url\" content=\"https:\/\/www.blogsoestado.com\/danielmatos\/palestra-marca-dia-contra-exploracao-sexual-e-trafico-de-mulheres-e-criancas-em-paco-do-lumiar\/\" \/>\n<meta property=\"og:site_name\" content=\"Daniel Matos\" \/>\n<meta property=\"article:published_time\" content=\"2014-09-22T17:57:39+00:00\" \/>\n<meta name=\"twitter:card\" content=\"summary_large_image\" \/>\n<meta name=\"twitter:label1\" content=\"Est. tempo de leitura\" \/>\n\t<meta name=\"twitter:data1\" content=\"1 minuto\" \/>\n<script type=\"application\/ld+json\" class=\"yoast-schema-graph\">{\"@context\":\"https:\/\/schema.org\",\"@graph\":[{\"@type\":\"WebPage\",\"@id\":\"https:\/\/www.blogsoestado.com\/danielmatos\/palestra-marca-dia-contra-exploracao-sexual-e-trafico-de-mulheres-e-criancas-em-paco-do-lumiar\/\",\"url\":\"https:\/\/www.blogsoestado.com\/danielmatos\/palestra-marca-dia-contra-exploracao-sexual-e-trafico-de-mulheres-e-criancas-em-paco-do-lumiar\/\",\"name\":\"Palestra marca Dia contra Explora\u00e7\u00e3o Sexual e Tr\u00e1fico de Mulheres e Crian\u00e7as em Pa\u00e7o do Lumiar - Daniel Matos\",\"isPartOf\":{\"@id\":\"https:\/\/www.blogsoestado.com\/danielmatos\/#website\"},\"datePublished\":\"2014-09-22T17:57:39+00:00\",\"author\":{\"@id\":\"\"},\"breadcrumb\":{\"@id\":\"https:\/\/www.blogsoestado.com\/danielmatos\/palestra-marca-dia-contra-exploracao-sexual-e-trafico-de-mulheres-e-criancas-em-paco-do-lumiar\/#breadcrumb\"},\"inLanguage\":\"pt-BR\",\"potentialAction\":[{\"@type\":\"ReadAction\",\"target\":[\"https:\/\/www.blogsoestado.com\/danielmatos\/palestra-marca-dia-contra-exploracao-sexual-e-trafico-de-mulheres-e-criancas-em-paco-do-lumiar\/\"]}]},{\"@type\":\"BreadcrumbList\",\"@id\":\"https:\/\/www.blogsoestado.com\/danielmatos\/palestra-marca-dia-contra-exploracao-sexual-e-trafico-de-mulheres-e-criancas-em-paco-do-lumiar\/#breadcrumb\",\"itemListElement\":[{\"@type\":\"ListItem\",\"position\":1,\"name\":\"In\u00edcio\",\"item\":\"https:\/\/www.blogsoestado.com\/danielmatos\/\"},{\"@type\":\"ListItem\",\"position\":2,\"name\":\"Palestra marca Dia contra Explora\u00e7\u00e3o Sexual e Tr\u00e1fico de Mulheres e Crian\u00e7as em Pa\u00e7o do Lumiar\"}]},{\"@type\":\"WebSite\",\"@id\":\"https:\/\/www.blogsoestado.com\/danielmatos\/#website\",\"url\":\"https:\/\/www.blogsoestado.com\/danielmatos\/\",\"name\":\"Daniel Matos\",\"description\":\"\",\"potentialAction\":[{\"@type\":\"SearchAction\",\"target\":{\"@type\":\"EntryPoint\",\"urlTemplate\":\"https:\/\/www.blogsoestado.com\/danielmatos\/?s={search_term_string}\"},\"query-input\":{\"@type\":\"PropertyValueSpecification\",\"valueRequired\":true,\"valueName\":\"search_term_string\"}}],\"inLanguage\":\"pt-BR\"}]}<\/script>\n<!-- \/ Yoast SEO plugin. -->","yoast_head_json":{"title":"Palestra marca Dia contra Explora\u00e7\u00e3o Sexual e Tr\u00e1fico de Mulheres e Crian\u00e7as em Pa\u00e7o do Lumiar - Daniel Matos","robots":{"index":"index","follow":"follow","max-snippet":"max-snippet:-1","max-image-preview":"max-image-preview:large","max-video-preview":"max-video-preview:-1"},"canonical":"https:\/\/www.blogsoestado.com\/danielmatos\/palestra-marca-dia-contra-exploracao-sexual-e-trafico-de-mulheres-e-criancas-em-paco-do-lumiar\/","og_locale":"pt_BR","og_type":"article","og_title":"Palestra marca Dia contra Explora\u00e7\u00e3o Sexual e Tr\u00e1fico de Mulheres e Crian\u00e7as em Pa\u00e7o do Lumiar - Daniel Matos","og_description":"Acontece nesta ter\u00e7a-feira, 23, no munic\u00edpio de Pa\u00e7o do Lumiar, palestras sobre o Dia Internacional contra a Explora\u00e7\u00e3o Sexual e [&hellip;]","og_url":"https:\/\/www.blogsoestado.com\/danielmatos\/palestra-marca-dia-contra-exploracao-sexual-e-trafico-de-mulheres-e-criancas-em-paco-do-lumiar\/","og_site_name":"Daniel Matos","article_published_time":"2014-09-22T17:57:39+00:00","twitter_card":"summary_large_image","twitter_misc":{"Est. tempo de leitura":"1 minuto"},"schema":{"@context":"https:\/\/schema.org","@graph":[{"@type":"WebPage","@id":"https:\/\/www.blogsoestado.com\/danielmatos\/palestra-marca-dia-contra-exploracao-sexual-e-trafico-de-mulheres-e-criancas-em-paco-do-lumiar\/","url":"https:\/\/www.blogsoestado.com\/danielmatos\/palestra-marca-dia-contra-exploracao-sexual-e-trafico-de-mulheres-e-criancas-em-paco-do-lumiar\/","name":"Palestra marca Dia contra Explora\u00e7\u00e3o Sexual e Tr\u00e1fico de Mulheres e Crian\u00e7as em Pa\u00e7o do Lumiar - Daniel Matos","isPartOf":{"@id":"https:\/\/www.blogsoestado.com\/danielmatos\/#website"},"datePublished":"2014-09-22T17:57:39+00:00","author":{"@id":""},"breadcrumb":{"@id":"https:\/\/www.blogsoestado.com\/danielmatos\/palestra-marca-dia-contra-exploracao-sexual-e-trafico-de-mulheres-e-criancas-em-paco-do-lumiar\/#breadcrumb"},"inLanguage":"pt-BR","potentialAction":[{"@type":"ReadAction","target":["https:\/\/www.blogsoestado.com\/danielmatos\/palestra-marca-dia-contra-exploracao-sexual-e-trafico-de-mulheres-e-criancas-em-paco-do-lumiar\/"]}]},{"@type":"BreadcrumbList","@id":"https:\/\/www.blogsoestado.com\/danielmatos\/palestra-marca-dia-contra-exploracao-sexual-e-trafico-de-mulheres-e-criancas-em-paco-do-lumiar\/#breadcrumb","itemListElement":[{"@type":"ListItem","position":1,"name":"In\u00edcio","item":"https:\/\/www.blogsoestado.com\/danielmatos\/"},{"@type":"ListItem","position":2,"name":"Palestra marca Dia contra Explora\u00e7\u00e3o Sexual e Tr\u00e1fico de Mulheres e Crian\u00e7as em Pa\u00e7o do Lumiar"}]},{"@type":"WebSite","@id":"https:\/\/www.blogsoestado.com\/danielmatos\/#website","url":"https:\/\/www.blogsoestado.com\/danielmatos\/","name":"Daniel Matos","description":"","potentialAction":[{"@type":"SearchAction","target":{"@type":"EntryPoint","urlTemplate":"https:\/\/www.blogsoestado.com\/danielmatos\/?s={search_term_string}"},"query-input":{"@type":"PropertyValueSpecification","valueRequired":true,"valueName":"search_term_string"}}],"inLanguage":"pt-BR"}]}},"jetpack_featured_media_url":"","_links":{"self":[{"href":"https:\/\/www.blogsoestado.com\/danielmatos\/wp-json\/wp\/v2\/posts\/19372","targetHints":{"allow":["GET"]}}],"collection":[{"href":"https:\/\/www.blogsoestado.com\/danielmatos\/wp-json\/wp\/v2\/posts"}],"about":[{"href":"https:\/\/www.blogsoestado.com\/danielmatos\/wp-json\/wp\/v2\/types\/post"}],"replies":[{"embeddable":true,"href":"https:\/\/www.blogsoestado.com\/danielmatos\/wp-json\/wp\/v2\/comments?post=19372"}],"version-history":[{"count":0,"href":"https:\/\/www.blogsoestado.com\/danielmatos\/wp-json\/wp\/v2\/posts\/19372\/revisions"}],"wp:attachment":[{"href":"https:\/\/www.blogsoestado.com\/danielmatos\/wp-json\/wp\/v2\/media?parent=19372"}],"wp:term":[{"taxonomy":"category","embeddable":true,"href":"https:\/\/www.blogsoestado.com\/danielmatos\/wp-json\/wp\/v2\/categories?post=19372"},{"taxonomy":"post_tag","embeddable":true,"href":"https:\/\/www.blogsoestado.com\/danielmatos\/wp-json\/wp\/v2\/tags?post=19372"}],"curies":[{"name":"wp","href":"https:\/\/api.w.org\/{rel}","templated":true}]}}