{"id":19382,"date":"2014-09-22T18:46:44","date_gmt":"2014-09-22T21:46:44","guid":{"rendered":"https:\/\/www.blogsoestado.com\/danielmatos\/?p=19382"},"modified":"2014-09-22T18:46:44","modified_gmt":"2014-09-22T21:46:44","slug":"ze-inacio-visita-assentamentos-em-chapadinha","status":"publish","type":"post","link":"https:\/\/www.blogsoestado.com\/danielmatos\/ze-inacio-visita-assentamentos-em-chapadinha\/","title":{"rendered":"Z\u00e9 In\u00e1cio visita assentamentos em Chapadinha"},"content":{"rendered":"<figure id=\"attachment_19383\" aria-describedby=\"caption-attachment-19383\" style=\"width: 556px\" class=\"wp-caption aligncenter\"><a href=\"https:\/\/www.blogsoestado.com\/danielmatos\/files\/2014\/09\/inacio-chapadinha.jpg\"><img fetchpriority=\"high\" decoding=\"async\" class=\"size-full wp-image-19383\" src=\"https:\/\/www.blogsoestado.com\/danielmatos\/files\/2014\/09\/inacio-chapadinha.jpg\" alt=\"Z\u00e9 In\u00e1cio percorre assentamentos em Chapadinha\" width=\"556\" height=\"417\" \/><\/a><figcaption id=\"caption-attachment-19383\" class=\"wp-caption-text\">Z\u00e9 In\u00e1cio percorre assentamentos em Chapadinha, onde recebeu apoio de v\u00e1rias comunidades rurais<\/figcaption><\/figure>\n<p>O\u00a0candidato a deputado estadual Z\u00e9 In\u00e1cio (PT) realizou visita \u00e0s \u00e1reas de assentamentos do munic\u00edpio de Chapadinha no \u00faltimo domingo. O petista percorreu v\u00e1rias comunidades rurais, acompanhado da prefeita Dulcilene Belezinha, do secret\u00e1rio de Obras, Alu\u00edsio Santos, do secret\u00e1rio de Trabalho e Renda, Jos\u00e9 Ribamar Lima de Sousa, e do secret\u00e1rio de Assist\u00eancia Social, Francisco das Chagas Lima Paiva e assessores.<\/p>\n<p>A prefeita Dulcilene Belezinha\u00a0voltou a\u00a0declarar que Z\u00e9 In\u00e1cio \u00e9 o candidato a deputado estadual dela e do seu secretariado. \u201cZ\u00e9 In\u00e1cio \u00e9 o candidato deste munic\u00edpio porque sempre trabalhou em prol da melhoria da nossa cidade e como reconhecimento de todo o seu trabalho iremos apoi\u00e1-lo nesta empreitada\u201d, confirmou Belezinha.<\/p>\n<p>O\u00a0dia foi marcado por atividade intensa\u00a0dentro das comunidades rurais de Chapadinha. Na oportunidade,\u00a0Z\u00e9 In\u00e1cio ressaltou que j\u00e1 promoveu uma s\u00e9rie de\u00a0a\u00e7\u00f5es como gestor p\u00fablico e anunciou\u00a0que pretende realizar muito mais caso seja\u00a0eleito. O petista conversou com moradores dos povoados Maceno e Vila Nova e dos assentamentos Chapada Limpa I e II e Paiol.<\/p>\n<p><strong>Benef\u00edcios<\/strong><\/p>\n<p>Em Maceno, quando esteve como superintendente regional do Instituto de Coloniza\u00e7\u00e3o e Reforma Agr\u00e1ria (Incra), liberou recursos para a constru\u00e7\u00e3o de cerca de 200 quil\u00f4metros de estradas, melhorando \u00e0s\u00a0\u00e1reas adjacentes ao povoado tamb\u00e9m. Segundo a agricultora Maria Firmina dos Anjos, depois da constru\u00e7\u00e3o da estrada, ela pode produzir mais na ro\u00e7a e agregar mais valor aos produtos que vende na feira da sede. \u201cAntigamente, antes dessa estrada, o que eu produzia estragava porque \u00e0s vezes n\u00e3o tinha como sair do povoado para Chapadinha, de t\u00e3o ruim que era o caminho. Agora n\u00e3o, a situa\u00e7\u00e3o \u00e9 outra depois da estrada\u201d, declarou.<\/p>\n<p>Em\u00a0Vila Nova, quando esteve como delegado do Minist\u00e9rio do Desenvolvimento Agr\u00e1rio, Z\u00e9 In\u00e1cio lembrou que\u00a0incluiu a\u00a0localidade no programa Saberes da Terra, do Governo Federal.<\/p>\n<p>Para a professora Marinete Ferreira Lima, diretora da escola local, essa foi uma das maiores benfeitorias para a comunidade. \u201cA realidade da educa\u00e7\u00e3o aqui dentro da Vila Nova mudou ap\u00f3s o Saberes da Terra, gra\u00e7as ao Z\u00e9 In\u00e1cio\u201d, comentou\u00a0a professora Marinete.<\/p>\n<p>Os assentamentos Chapada Limpa I e II tamb\u00e9m foram beneficiados.\u00a0Como superintendente do Incra, Z\u00e9 In\u00e1cio levou\u00a0v\u00e1rios benef\u00edcios para as duas\u00a0comunidades. Al\u00e9m da estrada, houve\u00a0a constru\u00e7\u00e3o de casas e a libera\u00e7\u00e3o de cr\u00e9dito pelo Programa Nacional de Agricultura Familiar (Pronaf). A localidade Paiol tamb\u00e9m foi beneficiada com estrada e constru\u00e7\u00e3o de po\u00e7os artesianos.<\/p>\n<p>Z\u00e9 In\u00e1cio enfatizou que sempre trabalhou pela qualidade de vida no campo e garantiu que como deputado estadual realizar\u00e1 a\u00e7\u00f5es ainda mais abrangentes em todo o Maranh\u00e3o, para que o desenvolvimento rural do estado seja uma realidade.<\/p>\n<p><strong>Carretada da Vit\u00f3ria <\/strong><\/p>\n<figure id=\"attachment_19384\" aria-describedby=\"caption-attachment-19384\" style=\"width: 640px\" class=\"wp-caption aligncenter\"><a href=\"https:\/\/www.blogsoestado.com\/danielmatos\/files\/2014\/09\/inacio-chapadinha2.jpg\"><img decoding=\"async\" class=\"size-full wp-image-19384\" src=\"https:\/\/www.blogsoestado.com\/danielmatos\/files\/2014\/09\/inacio-chapadinha2.jpg\" alt=\"Com a prefeita Belezinha, a apresentadora Paulinha Lob\u00e3o e outros pol\u00edticos aliados, Z\u00e9 In\u00e1cio participou da carreata da vit\u00f3ria\" width=\"640\" height=\"480\" \/><\/a><figcaption id=\"caption-attachment-19384\" class=\"wp-caption-text\">Com a prefeita Belezinha, a apresentadora Paulinha Lob\u00e3o e outros pol\u00edticos aliados, Z\u00e9 In\u00e1cio participou da carreata da vit\u00f3ria<\/figcaption><\/figure>\n<p>Na noite do \u00faltimo s\u00e1bado, Z\u00e9 In\u00e1cio participou da maior carreta j\u00e1 realizada em\u00a0Chapadinha. O ato pol\u00edtico contou com\u00a0a presen\u00e7a da apresentadora de TV\u00a0Paulinha Lob\u00e3o, esposa do candidato ao governo\u00a0Lob\u00e3o Filho (PMDB), e de v\u00e1rios pol\u00edticos, como os candidatos a deputado federal Cleber Verde e Chiquinho Esc\u00f3rcio e do suplente de senador\u00a0Jos\u00e9\u00a0Ant\u00f4nio Heluy (PT). Pol\u00edticos da regi\u00e3o e secret\u00e1rios municipais tamb\u00e9m participaram do evento, acompanhados da prefeita Dulcilene Belezinha.<\/p>\n<p>Ap\u00f3s percorrer Chapadinha, a prefeita Dulcilene Belezinha e seus candidatos, entre os quais\u00a0Z\u00e9 In\u00e1cio, subiu ao palanque, onde foi realizado um grande com\u00edcio. Na ocasi\u00e3o, Paulinha Lob\u00e3o transmitiu\u00a0uma mensagem do candidato\u00a0Lob\u00e3o Filho ao povo da cidade.<\/p>\n","protected":false},"excerpt":{"rendered":"<p>O\u00a0candidato a deputado estadual Z\u00e9 In\u00e1cio (PT) realizou visita \u00e0s \u00e1reas de assentamentos do munic\u00edpio de Chapadinha no \u00faltimo domingo. [&hellip;]<\/p>\n","protected":false},"author":0,"featured_media":0,"comment_status":"open","ping_status":"open","sticky":false,"template":"","format":"standard","meta":{"site-sidebar-layout":"default","site-content-layout":"","ast-site-content-layout":"default","site-content-style":"default","site-sidebar-style":"default","ast-global-header-display":"","ast-banner-title-visibility":"","ast-main-header-display":"","ast-hfb-above-header-display":"","ast-hfb-below-header-display":"","ast-hfb-mobile-header-display":"","site-post-title":"","ast-breadcrumbs-content":"","ast-featured-img":"","footer-sml-layout":"","ast-disable-related-posts":"","theme-transparent-header-meta":"","adv-header-id-meta":"","stick-header-meta":"","header-above-stick-meta":"","header-main-stick-meta":"","header-below-stick-meta":"","astra-migrate-meta-layouts":"default","ast-page-background-enabled":"default","ast-page-background-meta":{"desktop":{"background-color":"var(--ast-global-color-5)","background-image":"","background-repeat":"repeat","background-position":"center center","background-size":"auto","background-attachment":"scroll","background-type":"","background-media":"","overlay-type":"","overlay-color":"","overlay-opacity":"","overlay-gradient":""},"tablet":{"background-color":"","background-image":"","background-repeat":"repeat","background-position":"center center","background-size":"auto","background-attachment":"scroll","background-type":"","background-media":"","overlay-type":"","overlay-color":"","overlay-opacity":"","overlay-gradient":""},"mobile":{"background-color":"","background-image":"","background-repeat":"repeat","background-position":"center center","background-size":"auto","background-attachment":"scroll","background-type":"","background-media":"","overlay-type":"","overlay-color":"","overlay-opacity":"","overlay-gradient":""}},"ast-content-background-meta":{"desktop":{"background-color":"var(--ast-global-color-4)","background-image":"","background-repeat":"repeat","background-position":"center center","background-size":"auto","background-attachment":"scroll","background-type":"","background-media":"","overlay-type":"","overlay-color":"","overlay-opacity":"","overlay-gradient":""},"tablet":{"background-color":"var(--ast-global-color-4)","background-image":"","background-repeat":"repeat","background-position":"center center","background-size":"auto","background-attachment":"scroll","background-type":"","background-media":"","overlay-type":"","overlay-color":"","overlay-opacity":"","overlay-gradient":""},"mobile":{"background-color":"var(--ast-global-color-4)","background-image":"","background-repeat":"repeat","background-position":"center center","background-size":"auto","background-attachment":"scroll","background-type":"","background-media":"","overlay-type":"","overlay-color":"","overlay-opacity":"","overlay-gradient":""}},"footnotes":""},"categories":[1],"tags":[],"class_list":["post-19382","post","type-post","status-publish","format-standard","hentry","category-sem-categoria"],"yoast_head":"<!-- This site is optimized with the Yoast SEO plugin v26.6 - https:\/\/yoast.com\/wordpress\/plugins\/seo\/ -->\n<title>Z\u00e9 In\u00e1cio visita assentamentos em Chapadinha - Daniel Matos<\/title>\n<meta name=\"robots\" content=\"index, follow, max-snippet:-1, max-image-preview:large, max-video-preview:-1\" \/>\n<link rel=\"canonical\" href=\"https:\/\/www.blogsoestado.com\/danielmatos\/ze-inacio-visita-assentamentos-em-chapadinha\/\" \/>\n<meta property=\"og:locale\" content=\"pt_BR\" \/>\n<meta property=\"og:type\" content=\"article\" \/>\n<meta property=\"og:title\" content=\"Z\u00e9 In\u00e1cio visita assentamentos em Chapadinha - Daniel Matos\" \/>\n<meta property=\"og:description\" content=\"O\u00a0candidato a deputado estadual Z\u00e9 In\u00e1cio (PT) realizou visita \u00e0s \u00e1reas de assentamentos do munic\u00edpio de Chapadinha no \u00faltimo domingo. [&hellip;]\" \/>\n<meta property=\"og:url\" content=\"https:\/\/www.blogsoestado.com\/danielmatos\/ze-inacio-visita-assentamentos-em-chapadinha\/\" \/>\n<meta property=\"og:site_name\" content=\"Daniel Matos\" \/>\n<meta property=\"article:published_time\" content=\"2014-09-22T21:46:44+00:00\" \/>\n<meta property=\"og:image\" content=\"https:\/\/www.blogsoestado.com\/danielmatos\/files\/2014\/09\/inacio-chapadinha.jpg\" \/>\n<meta name=\"twitter:card\" content=\"summary_large_image\" \/>\n<meta name=\"twitter:label1\" content=\"Est. tempo de leitura\" \/>\n\t<meta name=\"twitter:data1\" content=\"3 minutos\" \/>\n<script type=\"application\/ld+json\" class=\"yoast-schema-graph\">{\"@context\":\"https:\/\/schema.org\",\"@graph\":[{\"@type\":\"WebPage\",\"@id\":\"https:\/\/www.blogsoestado.com\/danielmatos\/ze-inacio-visita-assentamentos-em-chapadinha\/\",\"url\":\"https:\/\/www.blogsoestado.com\/danielmatos\/ze-inacio-visita-assentamentos-em-chapadinha\/\",\"name\":\"Z\u00e9 In\u00e1cio visita assentamentos em Chapadinha - Daniel Matos\",\"isPartOf\":{\"@id\":\"https:\/\/www.blogsoestado.com\/danielmatos\/#website\"},\"primaryImageOfPage\":{\"@id\":\"https:\/\/www.blogsoestado.com\/danielmatos\/ze-inacio-visita-assentamentos-em-chapadinha\/#primaryimage\"},\"image\":{\"@id\":\"https:\/\/www.blogsoestado.com\/danielmatos\/ze-inacio-visita-assentamentos-em-chapadinha\/#primaryimage\"},\"thumbnailUrl\":\"https:\/\/www.blogsoestado.com\/danielmatos\/files\/2014\/09\/inacio-chapadinha.jpg\",\"datePublished\":\"2014-09-22T21:46:44+00:00\",\"author\":{\"@id\":\"\"},\"breadcrumb\":{\"@id\":\"https:\/\/www.blogsoestado.com\/danielmatos\/ze-inacio-visita-assentamentos-em-chapadinha\/#breadcrumb\"},\"inLanguage\":\"pt-BR\",\"potentialAction\":[{\"@type\":\"ReadAction\",\"target\":[\"https:\/\/www.blogsoestado.com\/danielmatos\/ze-inacio-visita-assentamentos-em-chapadinha\/\"]}]},{\"@type\":\"ImageObject\",\"inLanguage\":\"pt-BR\",\"@id\":\"https:\/\/www.blogsoestado.com\/danielmatos\/ze-inacio-visita-assentamentos-em-chapadinha\/#primaryimage\",\"url\":\"https:\/\/www.blogsoestado.com\/danielmatos\/files\/2014\/09\/inacio-chapadinha.jpg\",\"contentUrl\":\"https:\/\/www.blogsoestado.com\/danielmatos\/files\/2014\/09\/inacio-chapadinha.jpg\"},{\"@type\":\"BreadcrumbList\",\"@id\":\"https:\/\/www.blogsoestado.com\/danielmatos\/ze-inacio-visita-assentamentos-em-chapadinha\/#breadcrumb\",\"itemListElement\":[{\"@type\":\"ListItem\",\"position\":1,\"name\":\"In\u00edcio\",\"item\":\"https:\/\/www.blogsoestado.com\/danielmatos\/\"},{\"@type\":\"ListItem\",\"position\":2,\"name\":\"Z\u00e9 In\u00e1cio visita assentamentos em Chapadinha\"}]},{\"@type\":\"WebSite\",\"@id\":\"https:\/\/www.blogsoestado.com\/danielmatos\/#website\",\"url\":\"https:\/\/www.blogsoestado.com\/danielmatos\/\",\"name\":\"Daniel Matos\",\"description\":\"\",\"potentialAction\":[{\"@type\":\"SearchAction\",\"target\":{\"@type\":\"EntryPoint\",\"urlTemplate\":\"https:\/\/www.blogsoestado.com\/danielmatos\/?s={search_term_string}\"},\"query-input\":{\"@type\":\"PropertyValueSpecification\",\"valueRequired\":true,\"valueName\":\"search_term_string\"}}],\"inLanguage\":\"pt-BR\"}]}<\/script>\n<!-- \/ Yoast SEO plugin. -->","yoast_head_json":{"title":"Z\u00e9 In\u00e1cio visita assentamentos em Chapadinha - Daniel Matos","robots":{"index":"index","follow":"follow","max-snippet":"max-snippet:-1","max-image-preview":"max-image-preview:large","max-video-preview":"max-video-preview:-1"},"canonical":"https:\/\/www.blogsoestado.com\/danielmatos\/ze-inacio-visita-assentamentos-em-chapadinha\/","og_locale":"pt_BR","og_type":"article","og_title":"Z\u00e9 In\u00e1cio visita assentamentos em Chapadinha - Daniel Matos","og_description":"O\u00a0candidato a deputado estadual Z\u00e9 In\u00e1cio (PT) realizou visita \u00e0s \u00e1reas de assentamentos do munic\u00edpio de Chapadinha no \u00faltimo domingo. [&hellip;]","og_url":"https:\/\/www.blogsoestado.com\/danielmatos\/ze-inacio-visita-assentamentos-em-chapadinha\/","og_site_name":"Daniel Matos","article_published_time":"2014-09-22T21:46:44+00:00","og_image":[{"url":"https:\/\/www.blogsoestado.com\/danielmatos\/files\/2014\/09\/inacio-chapadinha.jpg","type":"","width":"","height":""}],"twitter_card":"summary_large_image","twitter_misc":{"Est. tempo de leitura":"3 minutos"},"schema":{"@context":"https:\/\/schema.org","@graph":[{"@type":"WebPage","@id":"https:\/\/www.blogsoestado.com\/danielmatos\/ze-inacio-visita-assentamentos-em-chapadinha\/","url":"https:\/\/www.blogsoestado.com\/danielmatos\/ze-inacio-visita-assentamentos-em-chapadinha\/","name":"Z\u00e9 In\u00e1cio visita assentamentos em Chapadinha - Daniel Matos","isPartOf":{"@id":"https:\/\/www.blogsoestado.com\/danielmatos\/#website"},"primaryImageOfPage":{"@id":"https:\/\/www.blogsoestado.com\/danielmatos\/ze-inacio-visita-assentamentos-em-chapadinha\/#primaryimage"},"image":{"@id":"https:\/\/www.blogsoestado.com\/danielmatos\/ze-inacio-visita-assentamentos-em-chapadinha\/#primaryimage"},"thumbnailUrl":"https:\/\/www.blogsoestado.com\/danielmatos\/files\/2014\/09\/inacio-chapadinha.jpg","datePublished":"2014-09-22T21:46:44+00:00","author":{"@id":""},"breadcrumb":{"@id":"https:\/\/www.blogsoestado.com\/danielmatos\/ze-inacio-visita-assentamentos-em-chapadinha\/#breadcrumb"},"inLanguage":"pt-BR","potentialAction":[{"@type":"ReadAction","target":["https:\/\/www.blogsoestado.com\/danielmatos\/ze-inacio-visita-assentamentos-em-chapadinha\/"]}]},{"@type":"ImageObject","inLanguage":"pt-BR","@id":"https:\/\/www.blogsoestado.com\/danielmatos\/ze-inacio-visita-assentamentos-em-chapadinha\/#primaryimage","url":"https:\/\/www.blogsoestado.com\/danielmatos\/files\/2014\/09\/inacio-chapadinha.jpg","contentUrl":"https:\/\/www.blogsoestado.com\/danielmatos\/files\/2014\/09\/inacio-chapadinha.jpg"},{"@type":"BreadcrumbList","@id":"https:\/\/www.blogsoestado.com\/danielmatos\/ze-inacio-visita-assentamentos-em-chapadinha\/#breadcrumb","itemListElement":[{"@type":"ListItem","position":1,"name":"In\u00edcio","item":"https:\/\/www.blogsoestado.com\/danielmatos\/"},{"@type":"ListItem","position":2,"name":"Z\u00e9 In\u00e1cio visita assentamentos em Chapadinha"}]},{"@type":"WebSite","@id":"https:\/\/www.blogsoestado.com\/danielmatos\/#website","url":"https:\/\/www.blogsoestado.com\/danielmatos\/","name":"Daniel Matos","description":"","potentialAction":[{"@type":"SearchAction","target":{"@type":"EntryPoint","urlTemplate":"https:\/\/www.blogsoestado.com\/danielmatos\/?s={search_term_string}"},"query-input":{"@type":"PropertyValueSpecification","valueRequired":true,"valueName":"search_term_string"}}],"inLanguage":"pt-BR"}]}},"jetpack_featured_media_url":"","_links":{"self":[{"href":"https:\/\/www.blogsoestado.com\/danielmatos\/wp-json\/wp\/v2\/posts\/19382","targetHints":{"allow":["GET"]}}],"collection":[{"href":"https:\/\/www.blogsoestado.com\/danielmatos\/wp-json\/wp\/v2\/posts"}],"about":[{"href":"https:\/\/www.blogsoestado.com\/danielmatos\/wp-json\/wp\/v2\/types\/post"}],"replies":[{"embeddable":true,"href":"https:\/\/www.blogsoestado.com\/danielmatos\/wp-json\/wp\/v2\/comments?post=19382"}],"version-history":[{"count":0,"href":"https:\/\/www.blogsoestado.com\/danielmatos\/wp-json\/wp\/v2\/posts\/19382\/revisions"}],"wp:attachment":[{"href":"https:\/\/www.blogsoestado.com\/danielmatos\/wp-json\/wp\/v2\/media?parent=19382"}],"wp:term":[{"taxonomy":"category","embeddable":true,"href":"https:\/\/www.blogsoestado.com\/danielmatos\/wp-json\/wp\/v2\/categories?post=19382"},{"taxonomy":"post_tag","embeddable":true,"href":"https:\/\/www.blogsoestado.com\/danielmatos\/wp-json\/wp\/v2\/tags?post=19382"}],"curies":[{"name":"wp","href":"https:\/\/api.w.org\/{rel}","templated":true}]}}