{"id":19386,"date":"2014-09-22T18:58:28","date_gmt":"2014-09-22T21:58:28","guid":{"rendered":"https:\/\/www.blogsoestado.com\/danielmatos\/?p=19386"},"modified":"2014-09-22T18:58:28","modified_gmt":"2014-09-22T21:58:28","slug":"lobao-filho-retorna-a-regiao-tocantina","status":"publish","type":"post","link":"https:\/\/www.blogsoestado.com\/danielmatos\/lobao-filho-retorna-a-regiao-tocantina\/","title":{"rendered":"Lob\u00e3o Filho retorna \u00e0 Regi\u00e3o Tocantina"},"content":{"rendered":"<figure id=\"attachment_19388\" aria-describedby=\"caption-attachment-19388\" style=\"width: 640px\" class=\"wp-caption aligncenter\"><a href=\"https:\/\/www.blogsoestado.com\/danielmatos\/files\/2014\/09\/lobao-tocantino2.jpg\"><img fetchpriority=\"high\" decoding=\"async\" class=\"size-full wp-image-19388\" src=\"https:\/\/www.blogsoestado.com\/danielmatos\/files\/2014\/09\/lobao-tocantino2.jpg\" alt=\"Em sua \u00faltima visita, Lob\u00e3o Filho anunciou cria\u00e7\u00e3o de secretaria para a Regi\u00e3o Tocantina\" width=\"640\" height=\"335\" \/><\/a><figcaption id=\"caption-attachment-19388\" class=\"wp-caption-text\">Em recente\u00a0visita, Lob\u00e3o Filho anunciou cria\u00e7\u00e3o de secretaria para a Regi\u00e3o Tocantina, proposta bem recebida pelo povo<\/figcaption><\/figure>\n<p>O senador Lob\u00e3o Filho, candidato ao governo do Estado pela coliga\u00e7\u00e3o &#8220;Pra Frente, Maranh\u00e3o&#8221;, alterou sua agenda de campanha, confirmando presen\u00e7a novamente na Regi\u00e3o Tocantina nesta ter\u00e7a-feira (23).<\/p>\n<p>De acordo com o coordenador do Comit\u00ea Central de Imperatriz, Fabiano Yusuf, a expectativa \u00e9 grande para a chegada do Senador Lob\u00e3o filho. \u201cAcreditamos na virada e estamos intensificando o contato com todos os prefeitos de nossa regi\u00e3o para uma grande recep\u00e7\u00e3o a Lob\u00e3o Filho, nosso pr\u00f3ximo governador do Maranh\u00e3o\u201d, comentou.<\/p>\n<p>Lob\u00e3o Filho dever\u00e1 visitar cinco cidades da regi\u00e3o come\u00e7ando pelo munic\u00edpio de Amarante, onde realiza caminhada a partir das 9h. A agenda contar\u00e1 com a participa\u00e7\u00e3o da prefeita Adriana Ribeiro, al\u00e9m de lideran\u00e7as pol\u00edticas e comunit\u00e1rias da cidade.<\/p>\n<p>Em seguida, o peemedebista se desloca para a cidade de Buritirana, onde ser\u00e1 recebido pelo prefeito, Vagt\u00f4nio Brand\u00e3o. Ainda em Buritirana, Lob\u00e3o participa tamb\u00e9m participa de caminhada pelas principais ruas da cidade, al\u00e9m de se reunir com lideran\u00e7as pol\u00edticas da regi\u00e3o.<\/p>\n<p>Na parte da tarde, \u00e0s 15h, o candidato ao governo do estado, pela Coliga\u00e7\u00e3o \u201cPra Frente Maranh\u00e3o\u201d visitar\u00e1 a cidade de Senador La Roque. No local ele participa de mais uma caminhada, que contar\u00e1 com a presen\u00e7a do prefeito Francisco Nunes, deputados, vereadores, secret\u00e1rios, al\u00e9m de lideran\u00e7as pol\u00edticas e comunit\u00e1rias.<\/p>\n<p><strong>Jo\u00e3o Lisboa e Davin\u00f3polis<\/strong><\/p>\n<p>Fechando a agenda desta ter\u00e7a-feira, (23), Lob\u00e3o Filho participa de carreatas nas cidades de Jo\u00e3o Lisboa e Davin\u00f3polis, \u00e0s 17h e 20 horas, respectivamente. Em Jo\u00e3o Lisboa, al\u00e9m da carreata, ele (Lob\u00e3o Filho), participa de encontro com o prefeito, Jairo Madeira, e lideran\u00e7as pol\u00edticas e comunit\u00e1rias. J\u00e1 em Davin\u00f3polis, o candidato ser\u00e1 recepcionado pelo prefeito, Ivanildo Paiva, onde participa de encontro com lideran\u00e7as pol\u00edticas.<\/p>\n","protected":false},"excerpt":{"rendered":"<p>O senador Lob\u00e3o Filho, candidato ao governo do Estado pela coliga\u00e7\u00e3o &#8220;Pra Frente, Maranh\u00e3o&#8221;, alterou sua agenda de campanha, confirmando [&hellip;]<\/p>\n","protected":false},"author":0,"featured_media":0,"comment_status":"open","ping_status":"open","sticky":false,"template":"","format":"standard","meta":{"site-sidebar-layout":"default","site-content-layout":"","ast-site-content-layout":"default","site-content-style":"default","site-sidebar-style":"default","ast-global-header-display":"","ast-banner-title-visibility":"","ast-main-header-display":"","ast-hfb-above-header-display":"","ast-hfb-below-header-display":"","ast-hfb-mobile-header-display":"","site-post-title":"","ast-breadcrumbs-content":"","ast-featured-img":"","footer-sml-layout":"","ast-disable-related-posts":"","theme-transparent-header-meta":"","adv-header-id-meta":"","stick-header-meta":"","header-above-stick-meta":"","header-main-stick-meta":"","header-below-stick-meta":"","astra-migrate-meta-layouts":"default","ast-page-background-enabled":"default","ast-page-background-meta":{"desktop":{"background-color":"var(--ast-global-color-5)","background-image":"","background-repeat":"repeat","background-position":"center center","background-size":"auto","background-attachment":"scroll","background-type":"","background-media":"","overlay-type":"","overlay-color":"","overlay-opacity":"","overlay-gradient":""},"tablet":{"background-color":"","background-image":"","background-repeat":"repeat","background-position":"center center","background-size":"auto","background-attachment":"scroll","background-type":"","background-media":"","overlay-type":"","overlay-color":"","overlay-opacity":"","overlay-gradient":""},"mobile":{"background-color":"","background-image":"","background-repeat":"repeat","background-position":"center center","background-size":"auto","background-attachment":"scroll","background-type":"","background-media":"","overlay-type":"","overlay-color":"","overlay-opacity":"","overlay-gradient":""}},"ast-content-background-meta":{"desktop":{"background-color":"var(--ast-global-color-4)","background-image":"","background-repeat":"repeat","background-position":"center center","background-size":"auto","background-attachment":"scroll","background-type":"","background-media":"","overlay-type":"","overlay-color":"","overlay-opacity":"","overlay-gradient":""},"tablet":{"background-color":"var(--ast-global-color-4)","background-image":"","background-repeat":"repeat","background-position":"center center","background-size":"auto","background-attachment":"scroll","background-type":"","background-media":"","overlay-type":"","overlay-color":"","overlay-opacity":"","overlay-gradient":""},"mobile":{"background-color":"var(--ast-global-color-4)","background-image":"","background-repeat":"repeat","background-position":"center center","background-size":"auto","background-attachment":"scroll","background-type":"","background-media":"","overlay-type":"","overlay-color":"","overlay-opacity":"","overlay-gradient":""}},"footnotes":""},"categories":[1],"tags":[],"class_list":["post-19386","post","type-post","status-publish","format-standard","hentry","category-sem-categoria"],"yoast_head":"<!-- This site is optimized with the Yoast SEO plugin v26.6 - https:\/\/yoast.com\/wordpress\/plugins\/seo\/ -->\n<title>Lob\u00e3o Filho retorna \u00e0 Regi\u00e3o Tocantina - Daniel Matos<\/title>\n<meta name=\"robots\" content=\"index, follow, max-snippet:-1, max-image-preview:large, max-video-preview:-1\" \/>\n<link rel=\"canonical\" href=\"https:\/\/www.blogsoestado.com\/danielmatos\/lobao-filho-retorna-a-regiao-tocantina\/\" \/>\n<meta property=\"og:locale\" content=\"pt_BR\" \/>\n<meta property=\"og:type\" content=\"article\" \/>\n<meta property=\"og:title\" content=\"Lob\u00e3o Filho retorna \u00e0 Regi\u00e3o Tocantina - Daniel Matos\" \/>\n<meta property=\"og:description\" content=\"O senador Lob\u00e3o Filho, candidato ao governo do Estado pela coliga\u00e7\u00e3o &#8220;Pra Frente, Maranh\u00e3o&#8221;, alterou sua agenda de campanha, confirmando [&hellip;]\" \/>\n<meta property=\"og:url\" content=\"https:\/\/www.blogsoestado.com\/danielmatos\/lobao-filho-retorna-a-regiao-tocantina\/\" \/>\n<meta property=\"og:site_name\" content=\"Daniel Matos\" \/>\n<meta property=\"article:published_time\" content=\"2014-09-22T21:58:28+00:00\" \/>\n<meta property=\"og:image\" content=\"https:\/\/www.blogsoestado.com\/danielmatos\/files\/2014\/09\/lobao-tocantino2.jpg\" \/>\n<meta name=\"twitter:card\" content=\"summary_large_image\" \/>\n<meta name=\"twitter:label1\" content=\"Est. tempo de leitura\" \/>\n\t<meta name=\"twitter:data1\" content=\"2 minutos\" \/>\n<script type=\"application\/ld+json\" class=\"yoast-schema-graph\">{\"@context\":\"https:\/\/schema.org\",\"@graph\":[{\"@type\":\"WebPage\",\"@id\":\"https:\/\/www.blogsoestado.com\/danielmatos\/lobao-filho-retorna-a-regiao-tocantina\/\",\"url\":\"https:\/\/www.blogsoestado.com\/danielmatos\/lobao-filho-retorna-a-regiao-tocantina\/\",\"name\":\"Lob\u00e3o Filho retorna \u00e0 Regi\u00e3o Tocantina - Daniel Matos\",\"isPartOf\":{\"@id\":\"https:\/\/www.blogsoestado.com\/danielmatos\/#website\"},\"primaryImageOfPage\":{\"@id\":\"https:\/\/www.blogsoestado.com\/danielmatos\/lobao-filho-retorna-a-regiao-tocantina\/#primaryimage\"},\"image\":{\"@id\":\"https:\/\/www.blogsoestado.com\/danielmatos\/lobao-filho-retorna-a-regiao-tocantina\/#primaryimage\"},\"thumbnailUrl\":\"https:\/\/www.blogsoestado.com\/danielmatos\/files\/2014\/09\/lobao-tocantino2.jpg\",\"datePublished\":\"2014-09-22T21:58:28+00:00\",\"author\":{\"@id\":\"\"},\"breadcrumb\":{\"@id\":\"https:\/\/www.blogsoestado.com\/danielmatos\/lobao-filho-retorna-a-regiao-tocantina\/#breadcrumb\"},\"inLanguage\":\"pt-BR\",\"potentialAction\":[{\"@type\":\"ReadAction\",\"target\":[\"https:\/\/www.blogsoestado.com\/danielmatos\/lobao-filho-retorna-a-regiao-tocantina\/\"]}]},{\"@type\":\"ImageObject\",\"inLanguage\":\"pt-BR\",\"@id\":\"https:\/\/www.blogsoestado.com\/danielmatos\/lobao-filho-retorna-a-regiao-tocantina\/#primaryimage\",\"url\":\"https:\/\/www.blogsoestado.com\/danielmatos\/files\/2014\/09\/lobao-tocantino2.jpg\",\"contentUrl\":\"https:\/\/www.blogsoestado.com\/danielmatos\/files\/2014\/09\/lobao-tocantino2.jpg\"},{\"@type\":\"BreadcrumbList\",\"@id\":\"https:\/\/www.blogsoestado.com\/danielmatos\/lobao-filho-retorna-a-regiao-tocantina\/#breadcrumb\",\"itemListElement\":[{\"@type\":\"ListItem\",\"position\":1,\"name\":\"In\u00edcio\",\"item\":\"https:\/\/www.blogsoestado.com\/danielmatos\/\"},{\"@type\":\"ListItem\",\"position\":2,\"name\":\"Lob\u00e3o Filho retorna \u00e0 Regi\u00e3o Tocantina\"}]},{\"@type\":\"WebSite\",\"@id\":\"https:\/\/www.blogsoestado.com\/danielmatos\/#website\",\"url\":\"https:\/\/www.blogsoestado.com\/danielmatos\/\",\"name\":\"Daniel Matos\",\"description\":\"\",\"potentialAction\":[{\"@type\":\"SearchAction\",\"target\":{\"@type\":\"EntryPoint\",\"urlTemplate\":\"https:\/\/www.blogsoestado.com\/danielmatos\/?s={search_term_string}\"},\"query-input\":{\"@type\":\"PropertyValueSpecification\",\"valueRequired\":true,\"valueName\":\"search_term_string\"}}],\"inLanguage\":\"pt-BR\"}]}<\/script>\n<!-- \/ Yoast SEO plugin. -->","yoast_head_json":{"title":"Lob\u00e3o Filho retorna \u00e0 Regi\u00e3o Tocantina - Daniel Matos","robots":{"index":"index","follow":"follow","max-snippet":"max-snippet:-1","max-image-preview":"max-image-preview:large","max-video-preview":"max-video-preview:-1"},"canonical":"https:\/\/www.blogsoestado.com\/danielmatos\/lobao-filho-retorna-a-regiao-tocantina\/","og_locale":"pt_BR","og_type":"article","og_title":"Lob\u00e3o Filho retorna \u00e0 Regi\u00e3o Tocantina - Daniel Matos","og_description":"O senador Lob\u00e3o Filho, candidato ao governo do Estado pela coliga\u00e7\u00e3o &#8220;Pra Frente, Maranh\u00e3o&#8221;, alterou sua agenda de campanha, confirmando [&hellip;]","og_url":"https:\/\/www.blogsoestado.com\/danielmatos\/lobao-filho-retorna-a-regiao-tocantina\/","og_site_name":"Daniel Matos","article_published_time":"2014-09-22T21:58:28+00:00","og_image":[{"url":"https:\/\/www.blogsoestado.com\/danielmatos\/files\/2014\/09\/lobao-tocantino2.jpg","type":"","width":"","height":""}],"twitter_card":"summary_large_image","twitter_misc":{"Est. tempo de leitura":"2 minutos"},"schema":{"@context":"https:\/\/schema.org","@graph":[{"@type":"WebPage","@id":"https:\/\/www.blogsoestado.com\/danielmatos\/lobao-filho-retorna-a-regiao-tocantina\/","url":"https:\/\/www.blogsoestado.com\/danielmatos\/lobao-filho-retorna-a-regiao-tocantina\/","name":"Lob\u00e3o Filho retorna \u00e0 Regi\u00e3o Tocantina - Daniel Matos","isPartOf":{"@id":"https:\/\/www.blogsoestado.com\/danielmatos\/#website"},"primaryImageOfPage":{"@id":"https:\/\/www.blogsoestado.com\/danielmatos\/lobao-filho-retorna-a-regiao-tocantina\/#primaryimage"},"image":{"@id":"https:\/\/www.blogsoestado.com\/danielmatos\/lobao-filho-retorna-a-regiao-tocantina\/#primaryimage"},"thumbnailUrl":"https:\/\/www.blogsoestado.com\/danielmatos\/files\/2014\/09\/lobao-tocantino2.jpg","datePublished":"2014-09-22T21:58:28+00:00","author":{"@id":""},"breadcrumb":{"@id":"https:\/\/www.blogsoestado.com\/danielmatos\/lobao-filho-retorna-a-regiao-tocantina\/#breadcrumb"},"inLanguage":"pt-BR","potentialAction":[{"@type":"ReadAction","target":["https:\/\/www.blogsoestado.com\/danielmatos\/lobao-filho-retorna-a-regiao-tocantina\/"]}]},{"@type":"ImageObject","inLanguage":"pt-BR","@id":"https:\/\/www.blogsoestado.com\/danielmatos\/lobao-filho-retorna-a-regiao-tocantina\/#primaryimage","url":"https:\/\/www.blogsoestado.com\/danielmatos\/files\/2014\/09\/lobao-tocantino2.jpg","contentUrl":"https:\/\/www.blogsoestado.com\/danielmatos\/files\/2014\/09\/lobao-tocantino2.jpg"},{"@type":"BreadcrumbList","@id":"https:\/\/www.blogsoestado.com\/danielmatos\/lobao-filho-retorna-a-regiao-tocantina\/#breadcrumb","itemListElement":[{"@type":"ListItem","position":1,"name":"In\u00edcio","item":"https:\/\/www.blogsoestado.com\/danielmatos\/"},{"@type":"ListItem","position":2,"name":"Lob\u00e3o Filho retorna \u00e0 Regi\u00e3o Tocantina"}]},{"@type":"WebSite","@id":"https:\/\/www.blogsoestado.com\/danielmatos\/#website","url":"https:\/\/www.blogsoestado.com\/danielmatos\/","name":"Daniel Matos","description":"","potentialAction":[{"@type":"SearchAction","target":{"@type":"EntryPoint","urlTemplate":"https:\/\/www.blogsoestado.com\/danielmatos\/?s={search_term_string}"},"query-input":{"@type":"PropertyValueSpecification","valueRequired":true,"valueName":"search_term_string"}}],"inLanguage":"pt-BR"}]}},"jetpack_featured_media_url":"","_links":{"self":[{"href":"https:\/\/www.blogsoestado.com\/danielmatos\/wp-json\/wp\/v2\/posts\/19386","targetHints":{"allow":["GET"]}}],"collection":[{"href":"https:\/\/www.blogsoestado.com\/danielmatos\/wp-json\/wp\/v2\/posts"}],"about":[{"href":"https:\/\/www.blogsoestado.com\/danielmatos\/wp-json\/wp\/v2\/types\/post"}],"replies":[{"embeddable":true,"href":"https:\/\/www.blogsoestado.com\/danielmatos\/wp-json\/wp\/v2\/comments?post=19386"}],"version-history":[{"count":0,"href":"https:\/\/www.blogsoestado.com\/danielmatos\/wp-json\/wp\/v2\/posts\/19386\/revisions"}],"wp:attachment":[{"href":"https:\/\/www.blogsoestado.com\/danielmatos\/wp-json\/wp\/v2\/media?parent=19386"}],"wp:term":[{"taxonomy":"category","embeddable":true,"href":"https:\/\/www.blogsoestado.com\/danielmatos\/wp-json\/wp\/v2\/categories?post=19386"},{"taxonomy":"post_tag","embeddable":true,"href":"https:\/\/www.blogsoestado.com\/danielmatos\/wp-json\/wp\/v2\/tags?post=19386"}],"curies":[{"name":"wp","href":"https:\/\/api.w.org\/{rel}","templated":true}]}}