{"id":19392,"date":"2014-09-23T08:53:56","date_gmt":"2014-09-23T11:53:56","guid":{"rendered":"https:\/\/www.blogsoestado.com\/danielmatos\/?p=19392"},"modified":"2014-09-23T08:53:56","modified_gmt":"2014-09-23T11:53:56","slug":"18-suspeitos-de-ataques-a-onibus-ja-foram-presos","status":"publish","type":"post","link":"https:\/\/www.blogsoestado.com\/danielmatos\/18-suspeitos-de-ataques-a-onibus-ja-foram-presos\/","title":{"rendered":"18 suspeitos de ataques a \u00f4nibus j\u00e1 foram presos"},"content":{"rendered":"<figure id=\"attachment_19394\" aria-describedby=\"caption-attachment-19394\" style=\"width: 477px\" class=\"wp-caption aligncenter\"><a href=\"https:\/\/www.blogsoestado.com\/danielmatos\/files\/2014\/09\/onibus-incendiado.jpg\"><img fetchpriority=\"high\" decoding=\"async\" class=\"size-full wp-image-19394\" src=\"https:\/\/www.blogsoestado.com\/danielmatos\/files\/2014\/09\/onibus-incendiado.jpg\" alt=\"\u00d4nibus da linha P\u00e3o de A\u00e7\u00facar foi um dos primeiros a ser incendiado em nova onda de ataques\" width=\"477\" height=\"640\" \/><\/a><figcaption id=\"caption-attachment-19394\" class=\"wp-caption-text\">\u00d4nibus da linha P\u00e3o de A\u00e7\u00facar foi um dos primeiros a ser incendiado em nova onda de ataques<\/figcaption><\/figure>\n<p>H\u00e1 18 suspeitos de envolvimento nos ataques identificados pela pol\u00edcia, entre s\u00e1bado e hoje (22). Sendo 13 adultos, todos presos, e cinco adolescentes apreendidos e encaminhados para institui\u00e7\u00e3o.<\/p>\n<p>A presen\u00e7a da pol\u00edcia foi refor\u00e7ada nas ruas. As causas dos ataques ainda est\u00e3o sendo investigadas.<\/p>\n<p>A Secretaria de Seguran\u00e7a P\u00fablica ressalta que j\u00e1 foram tomadas todas as medidas para garantir a seguran\u00e7a da popula\u00e7\u00e3o.<\/p>\n<p><strong>Fonte:<\/strong> Secretaria Estadual de Comunica\u00e7\u00e3o (Secom)<\/p>\n","protected":false},"excerpt":{"rendered":"<p>H\u00e1 18 suspeitos de envolvimento nos ataques identificados pela pol\u00edcia, entre s\u00e1bado e hoje (22). Sendo 13 adultos, todos presos, [&hellip;]<\/p>\n","protected":false},"author":0,"featured_media":0,"comment_status":"open","ping_status":"open","sticky":false,"template":"","format":"standard","meta":{"site-sidebar-layout":"default","site-content-layout":"","ast-site-content-layout":"default","site-content-style":"default","site-sidebar-style":"default","ast-global-header-display":"","ast-banner-title-visibility":"","ast-main-header-display":"","ast-hfb-above-header-display":"","ast-hfb-below-header-display":"","ast-hfb-mobile-header-display":"","site-post-title":"","ast-breadcrumbs-content":"","ast-featured-img":"","footer-sml-layout":"","ast-disable-related-posts":"","theme-transparent-header-meta":"","adv-header-id-meta":"","stick-header-meta":"","header-above-stick-meta":"","header-main-stick-meta":"","header-below-stick-meta":"","astra-migrate-meta-layouts":"default","ast-page-background-enabled":"default","ast-page-background-meta":{"desktop":{"background-color":"var(--ast-global-color-5)","background-image":"","background-repeat":"repeat","background-position":"center center","background-size":"auto","background-attachment":"scroll","background-type":"","background-media":"","overlay-type":"","overlay-color":"","overlay-opacity":"","overlay-gradient":""},"tablet":{"background-color":"","background-image":"","background-repeat":"repeat","background-position":"center center","background-size":"auto","background-attachment":"scroll","background-type":"","background-media":"","overlay-type":"","overlay-color":"","overlay-opacity":"","overlay-gradient":""},"mobile":{"background-color":"","background-image":"","background-repeat":"repeat","background-position":"center center","background-size":"auto","background-attachment":"scroll","background-type":"","background-media":"","overlay-type":"","overlay-color":"","overlay-opacity":"","overlay-gradient":""}},"ast-content-background-meta":{"desktop":{"background-color":"var(--ast-global-color-4)","background-image":"","background-repeat":"repeat","background-position":"center center","background-size":"auto","background-attachment":"scroll","background-type":"","background-media":"","overlay-type":"","overlay-color":"","overlay-opacity":"","overlay-gradient":""},"tablet":{"background-color":"var(--ast-global-color-4)","background-image":"","background-repeat":"repeat","background-position":"center center","background-size":"auto","background-attachment":"scroll","background-type":"","background-media":"","overlay-type":"","overlay-color":"","overlay-opacity":"","overlay-gradient":""},"mobile":{"background-color":"var(--ast-global-color-4)","background-image":"","background-repeat":"repeat","background-position":"center center","background-size":"auto","background-attachment":"scroll","background-type":"","background-media":"","overlay-type":"","overlay-color":"","overlay-opacity":"","overlay-gradient":""}},"footnotes":""},"categories":[1],"tags":[],"class_list":["post-19392","post","type-post","status-publish","format-standard","hentry","category-sem-categoria"],"yoast_head":"<!-- This site is optimized with the Yoast SEO plugin v26.6 - https:\/\/yoast.com\/wordpress\/plugins\/seo\/ -->\n<title>18 suspeitos de ataques a \u00f4nibus j\u00e1 foram presos - Daniel Matos<\/title>\n<meta name=\"robots\" content=\"index, follow, max-snippet:-1, max-image-preview:large, max-video-preview:-1\" \/>\n<link rel=\"canonical\" href=\"https:\/\/www.blogsoestado.com\/danielmatos\/18-suspeitos-de-ataques-a-onibus-ja-foram-presos\/\" \/>\n<meta property=\"og:locale\" content=\"pt_BR\" \/>\n<meta property=\"og:type\" content=\"article\" \/>\n<meta property=\"og:title\" content=\"18 suspeitos de ataques a \u00f4nibus j\u00e1 foram presos - Daniel Matos\" \/>\n<meta property=\"og:description\" content=\"H\u00e1 18 suspeitos de envolvimento nos ataques identificados pela pol\u00edcia, entre s\u00e1bado e hoje (22). Sendo 13 adultos, todos presos, [&hellip;]\" \/>\n<meta property=\"og:url\" content=\"https:\/\/www.blogsoestado.com\/danielmatos\/18-suspeitos-de-ataques-a-onibus-ja-foram-presos\/\" \/>\n<meta property=\"og:site_name\" content=\"Daniel Matos\" \/>\n<meta property=\"article:published_time\" content=\"2014-09-23T11:53:56+00:00\" \/>\n<meta property=\"og:image\" content=\"https:\/\/www.blogsoestado.com\/danielmatos\/files\/2014\/09\/onibus-incendiado.jpg\" \/>\n<meta name=\"twitter:card\" content=\"summary_large_image\" \/>\n<meta name=\"twitter:label1\" content=\"Est. tempo de leitura\" \/>\n\t<meta name=\"twitter:data1\" content=\"1 minuto\" \/>\n<script type=\"application\/ld+json\" class=\"yoast-schema-graph\">{\"@context\":\"https:\/\/schema.org\",\"@graph\":[{\"@type\":\"WebPage\",\"@id\":\"https:\/\/www.blogsoestado.com\/danielmatos\/18-suspeitos-de-ataques-a-onibus-ja-foram-presos\/\",\"url\":\"https:\/\/www.blogsoestado.com\/danielmatos\/18-suspeitos-de-ataques-a-onibus-ja-foram-presos\/\",\"name\":\"18 suspeitos de ataques a \u00f4nibus j\u00e1 foram presos - Daniel Matos\",\"isPartOf\":{\"@id\":\"https:\/\/www.blogsoestado.com\/danielmatos\/#website\"},\"primaryImageOfPage\":{\"@id\":\"https:\/\/www.blogsoestado.com\/danielmatos\/18-suspeitos-de-ataques-a-onibus-ja-foram-presos\/#primaryimage\"},\"image\":{\"@id\":\"https:\/\/www.blogsoestado.com\/danielmatos\/18-suspeitos-de-ataques-a-onibus-ja-foram-presos\/#primaryimage\"},\"thumbnailUrl\":\"https:\/\/www.blogsoestado.com\/danielmatos\/files\/2014\/09\/onibus-incendiado.jpg\",\"datePublished\":\"2014-09-23T11:53:56+00:00\",\"author\":{\"@id\":\"\"},\"breadcrumb\":{\"@id\":\"https:\/\/www.blogsoestado.com\/danielmatos\/18-suspeitos-de-ataques-a-onibus-ja-foram-presos\/#breadcrumb\"},\"inLanguage\":\"pt-BR\",\"potentialAction\":[{\"@type\":\"ReadAction\",\"target\":[\"https:\/\/www.blogsoestado.com\/danielmatos\/18-suspeitos-de-ataques-a-onibus-ja-foram-presos\/\"]}]},{\"@type\":\"ImageObject\",\"inLanguage\":\"pt-BR\",\"@id\":\"https:\/\/www.blogsoestado.com\/danielmatos\/18-suspeitos-de-ataques-a-onibus-ja-foram-presos\/#primaryimage\",\"url\":\"https:\/\/www.blogsoestado.com\/danielmatos\/files\/2014\/09\/onibus-incendiado.jpg\",\"contentUrl\":\"https:\/\/www.blogsoestado.com\/danielmatos\/files\/2014\/09\/onibus-incendiado.jpg\"},{\"@type\":\"BreadcrumbList\",\"@id\":\"https:\/\/www.blogsoestado.com\/danielmatos\/18-suspeitos-de-ataques-a-onibus-ja-foram-presos\/#breadcrumb\",\"itemListElement\":[{\"@type\":\"ListItem\",\"position\":1,\"name\":\"In\u00edcio\",\"item\":\"https:\/\/www.blogsoestado.com\/danielmatos\/\"},{\"@type\":\"ListItem\",\"position\":2,\"name\":\"18 suspeitos de ataques a \u00f4nibus j\u00e1 foram presos\"}]},{\"@type\":\"WebSite\",\"@id\":\"https:\/\/www.blogsoestado.com\/danielmatos\/#website\",\"url\":\"https:\/\/www.blogsoestado.com\/danielmatos\/\",\"name\":\"Daniel Matos\",\"description\":\"\",\"potentialAction\":[{\"@type\":\"SearchAction\",\"target\":{\"@type\":\"EntryPoint\",\"urlTemplate\":\"https:\/\/www.blogsoestado.com\/danielmatos\/?s={search_term_string}\"},\"query-input\":{\"@type\":\"PropertyValueSpecification\",\"valueRequired\":true,\"valueName\":\"search_term_string\"}}],\"inLanguage\":\"pt-BR\"}]}<\/script>\n<!-- \/ Yoast SEO plugin. -->","yoast_head_json":{"title":"18 suspeitos de ataques a \u00f4nibus j\u00e1 foram presos - Daniel Matos","robots":{"index":"index","follow":"follow","max-snippet":"max-snippet:-1","max-image-preview":"max-image-preview:large","max-video-preview":"max-video-preview:-1"},"canonical":"https:\/\/www.blogsoestado.com\/danielmatos\/18-suspeitos-de-ataques-a-onibus-ja-foram-presos\/","og_locale":"pt_BR","og_type":"article","og_title":"18 suspeitos de ataques a \u00f4nibus j\u00e1 foram presos - Daniel Matos","og_description":"H\u00e1 18 suspeitos de envolvimento nos ataques identificados pela pol\u00edcia, entre s\u00e1bado e hoje (22). Sendo 13 adultos, todos presos, [&hellip;]","og_url":"https:\/\/www.blogsoestado.com\/danielmatos\/18-suspeitos-de-ataques-a-onibus-ja-foram-presos\/","og_site_name":"Daniel Matos","article_published_time":"2014-09-23T11:53:56+00:00","og_image":[{"url":"https:\/\/www.blogsoestado.com\/danielmatos\/files\/2014\/09\/onibus-incendiado.jpg","type":"","width":"","height":""}],"twitter_card":"summary_large_image","twitter_misc":{"Est. tempo de leitura":"1 minuto"},"schema":{"@context":"https:\/\/schema.org","@graph":[{"@type":"WebPage","@id":"https:\/\/www.blogsoestado.com\/danielmatos\/18-suspeitos-de-ataques-a-onibus-ja-foram-presos\/","url":"https:\/\/www.blogsoestado.com\/danielmatos\/18-suspeitos-de-ataques-a-onibus-ja-foram-presos\/","name":"18 suspeitos de ataques a \u00f4nibus j\u00e1 foram presos - Daniel Matos","isPartOf":{"@id":"https:\/\/www.blogsoestado.com\/danielmatos\/#website"},"primaryImageOfPage":{"@id":"https:\/\/www.blogsoestado.com\/danielmatos\/18-suspeitos-de-ataques-a-onibus-ja-foram-presos\/#primaryimage"},"image":{"@id":"https:\/\/www.blogsoestado.com\/danielmatos\/18-suspeitos-de-ataques-a-onibus-ja-foram-presos\/#primaryimage"},"thumbnailUrl":"https:\/\/www.blogsoestado.com\/danielmatos\/files\/2014\/09\/onibus-incendiado.jpg","datePublished":"2014-09-23T11:53:56+00:00","author":{"@id":""},"breadcrumb":{"@id":"https:\/\/www.blogsoestado.com\/danielmatos\/18-suspeitos-de-ataques-a-onibus-ja-foram-presos\/#breadcrumb"},"inLanguage":"pt-BR","potentialAction":[{"@type":"ReadAction","target":["https:\/\/www.blogsoestado.com\/danielmatos\/18-suspeitos-de-ataques-a-onibus-ja-foram-presos\/"]}]},{"@type":"ImageObject","inLanguage":"pt-BR","@id":"https:\/\/www.blogsoestado.com\/danielmatos\/18-suspeitos-de-ataques-a-onibus-ja-foram-presos\/#primaryimage","url":"https:\/\/www.blogsoestado.com\/danielmatos\/files\/2014\/09\/onibus-incendiado.jpg","contentUrl":"https:\/\/www.blogsoestado.com\/danielmatos\/files\/2014\/09\/onibus-incendiado.jpg"},{"@type":"BreadcrumbList","@id":"https:\/\/www.blogsoestado.com\/danielmatos\/18-suspeitos-de-ataques-a-onibus-ja-foram-presos\/#breadcrumb","itemListElement":[{"@type":"ListItem","position":1,"name":"In\u00edcio","item":"https:\/\/www.blogsoestado.com\/danielmatos\/"},{"@type":"ListItem","position":2,"name":"18 suspeitos de ataques a \u00f4nibus j\u00e1 foram presos"}]},{"@type":"WebSite","@id":"https:\/\/www.blogsoestado.com\/danielmatos\/#website","url":"https:\/\/www.blogsoestado.com\/danielmatos\/","name":"Daniel Matos","description":"","potentialAction":[{"@type":"SearchAction","target":{"@type":"EntryPoint","urlTemplate":"https:\/\/www.blogsoestado.com\/danielmatos\/?s={search_term_string}"},"query-input":{"@type":"PropertyValueSpecification","valueRequired":true,"valueName":"search_term_string"}}],"inLanguage":"pt-BR"}]}},"jetpack_featured_media_url":"","_links":{"self":[{"href":"https:\/\/www.blogsoestado.com\/danielmatos\/wp-json\/wp\/v2\/posts\/19392","targetHints":{"allow":["GET"]}}],"collection":[{"href":"https:\/\/www.blogsoestado.com\/danielmatos\/wp-json\/wp\/v2\/posts"}],"about":[{"href":"https:\/\/www.blogsoestado.com\/danielmatos\/wp-json\/wp\/v2\/types\/post"}],"replies":[{"embeddable":true,"href":"https:\/\/www.blogsoestado.com\/danielmatos\/wp-json\/wp\/v2\/comments?post=19392"}],"version-history":[{"count":0,"href":"https:\/\/www.blogsoestado.com\/danielmatos\/wp-json\/wp\/v2\/posts\/19392\/revisions"}],"wp:attachment":[{"href":"https:\/\/www.blogsoestado.com\/danielmatos\/wp-json\/wp\/v2\/media?parent=19392"}],"wp:term":[{"taxonomy":"category","embeddable":true,"href":"https:\/\/www.blogsoestado.com\/danielmatos\/wp-json\/wp\/v2\/categories?post=19392"},{"taxonomy":"post_tag","embeddable":true,"href":"https:\/\/www.blogsoestado.com\/danielmatos\/wp-json\/wp\/v2\/tags?post=19392"}],"curies":[{"name":"wp","href":"https:\/\/api.w.org\/{rel}","templated":true}]}}