{"id":19397,"date":"2014-09-23T11:28:35","date_gmt":"2014-09-23T14:28:35","guid":{"rendered":"https:\/\/www.blogsoestado.com\/danielmatos\/?p=19397"},"modified":"2014-09-23T11:28:35","modified_gmt":"2014-09-23T14:28:35","slug":"comunistas-retomam-ja-ganhou-e-comecam-a-montar-secretariado","status":"publish","type":"post","link":"https:\/\/www.blogsoestado.com\/danielmatos\/comunistas-retomam-ja-ganhou-e-comecam-a-montar-secretariado\/","title":{"rendered":"Comunistas voltam ao &#8220;j\u00e1 ganhou&#8221; e come\u00e7am a montar secretariado"},"content":{"rendered":"<figure id=\"attachment_19399\" aria-describedby=\"caption-attachment-19399\" style=\"width: 206px\" class=\"wp-caption alignleft\"><a href=\"https:\/\/www.blogsoestado.com\/danielmatos\/files\/2014\/09\/ja-ganhou21.jpg\"><img decoding=\"async\" class=\"size-full wp-image-19399\" src=\"https:\/\/www.blogsoestado.com\/danielmatos\/files\/2014\/09\/ja-ganhou21.jpg\" alt=\"Cutrim j\u00e1 foi indicado para voltar \u00e0 Seguran\u00e7a P\u00fablica\" width=\"206\" height=\"155\" \/><\/a><figcaption id=\"caption-attachment-19399\" class=\"wp-caption-text\">Cutrim j\u00e1 \u00e9 apontado como nome certo\u00a0para a\u00a0Seguran\u00e7a P\u00fablica<\/figcaption><\/figure>\n<p>Convencidos de que seu candidato vencer\u00e1 a elei\u00e7\u00e3o logo no primeiro turno, aliados do comunista Fl\u00e1vio Dino j\u00e1 come\u00e7aram a montar uma lista de prov\u00e1veis secret\u00e1rios estaduais. Alguns chegam at\u00e9 a apostar neste ou naquele nome para compor o primeiro escal\u00e3o\u00a0do futuro governo dinista, como se o resultado das urnas j\u00e1 estivesse sacramentado, em uma atitude\u00a0ao mesmo tempo precipitada e contaminada pela arrog\u00e2ncia.<\/p>\n<p>Um dos nomes tidos como certos para compor o secretariado \u00e9 o do deputado estadual e candidato \u00e0 reelei\u00e7\u00e3o Raimundo Cutrim (PCdoB). Segundo os apoiadores de Dino, reeleito ou n\u00e3o, Cutrim\u00a0retornar\u00e1 ao comando da Seguran\u00e7a P\u00fablica do Estado, pasta que j\u00e1 ocupou por duas vezes, somando quase 10 anos no \u00a0cargo.<\/p>\n<figure id=\"attachment_19400\" aria-describedby=\"caption-attachment-19400\" style=\"width: 112px\" class=\"wp-caption alignright\"><a href=\"https:\/\/www.blogsoestado.com\/danielmatos\/files\/2014\/09\/ja-ganhou.jpg\"><img decoding=\"async\" class=\"size-full wp-image-19400\" src=\"https:\/\/www.blogsoestado.com\/danielmatos\/files\/2014\/09\/ja-ganhou.jpg\" alt=\"Professor Carvalho foi indicado para a Educa\u00e7\u00e3o\" width=\"112\" height=\"160\" \/><\/a><figcaption id=\"caption-attachment-19400\" class=\"wp-caption-text\">Professor Carvalho foi indicado para a Educa\u00e7\u00e3o<\/figcaption><\/figure>\n<p>Outro\u00a0indicado seria o Professor Carvalho, fundador\u00a0do antigo Col\u00e9gio Aprova\u00e7\u00e3o e ex-coordenador do escrit\u00f3rio pol\u00edtico do ent\u00e3o deputado federal Fl\u00e1vio Dino. Ele vem sendo\u00a0apontado como futuro titular da Educa\u00e7\u00e3o. Em 2010, Carvalho disputou a elei\u00e7\u00e3o de deputado federal, mas n\u00e3o obteve \u00eaxito. O professor \u00e9\u00a0filiado ao PCdoB de Dino, de quem \u00e9 contempor\u00e2neo da \u00e9poca de estudante do curso de Direito na Universidade Federal do Maranh\u00e3o (UFMA).<\/p>\n<figure id=\"attachment_19401\" aria-describedby=\"caption-attachment-19401\" style=\"width: 164px\" class=\"wp-caption alignleft\"><a href=\"https:\/\/www.blogsoestado.com\/danielmatos\/files\/2014\/09\/ja-ganhou3.jpg\"><img decoding=\"async\" class=\"size-full wp-image-19401\" src=\"https:\/\/www.blogsoestado.com\/danielmatos\/files\/2014\/09\/ja-ganhou3.jpg\" alt=\"M\u00e1rcio Jerry \u00e9 aponta para a Casa Civil, mas pode enfrentar concorr\u00eancia de Marcelo Tavares\" width=\"164\" height=\"240\" \/><\/a><figcaption id=\"caption-attachment-19401\" class=\"wp-caption-text\">M\u00e1rcio Jerry \u00e9 aposta para a Casa Civil, mas pode enfrentar concorr\u00eancia de Marcelo Tavares<\/figcaption><\/figure>\n<p>A outra aposta \u00e9 o jornalista M\u00e1rcio Jerry, ex-secret\u00e1rio municipal de Comunica\u00e7\u00e3o de S\u00e3o Lu\u00eds e atual presidente estadual do PCdoB. Aliado de todas as horas e amigo pessoal de Dino, Jerry seria o futuro chefe da Casa Civil. A indica\u00e7\u00e3o encontra pelo menos um obst\u00e1culo: o deputado estadual e coordenador pol\u00edtico da campanha comunista, Marcelo Tavares, que tamb\u00e9m\u00a0\u00e9 apontado como\u00a0aspirante \u00e0 pasta.<\/p>\n<p>Outros nomes v\u00eam sendo ventilados nos bastidores da oposi\u00e7\u00e3o, mas com menos for\u00e7a. Como o palanque de Dino \u00e9 movido por diversos interesses conflitantes,\u00a0a gest\u00e3o, mesmo sem a confirma\u00e7\u00e3o das urnas,\u00a0come\u00e7ou a ser loteada desde j\u00e1.<\/p>\n<p>Empolgados com o resultado das \u00faltimas pesquisas eleitorais, principalmente a do Ibope, instituto que at\u00e9 ent\u00e3o desqualificavam, os comunistas j\u00e1 cantam vit\u00f3ria antes da hora, mas falta combinar com o eleitor.<\/p>\n","protected":false},"excerpt":{"rendered":"<p>Convencidos de que seu candidato vencer\u00e1 a elei\u00e7\u00e3o logo no primeiro turno, aliados do comunista Fl\u00e1vio Dino j\u00e1 come\u00e7aram a [&hellip;]<\/p>\n","protected":false},"author":0,"featured_media":0,"comment_status":"open","ping_status":"open","sticky":false,"template":"","format":"standard","meta":{"site-sidebar-layout":"default","site-content-layout":"","ast-site-content-layout":"default","site-content-style":"default","site-sidebar-style":"default","ast-global-header-display":"","ast-banner-title-visibility":"","ast-main-header-display":"","ast-hfb-above-header-display":"","ast-hfb-below-header-display":"","ast-hfb-mobile-header-display":"","site-post-title":"","ast-breadcrumbs-content":"","ast-featured-img":"","footer-sml-layout":"","ast-disable-related-posts":"","theme-transparent-header-meta":"","adv-header-id-meta":"","stick-header-meta":"","header-above-stick-meta":"","header-main-stick-meta":"","header-below-stick-meta":"","astra-migrate-meta-layouts":"default","ast-page-background-enabled":"default","ast-page-background-meta":{"desktop":{"background-color":"var(--ast-global-color-5)","background-image":"","background-repeat":"repeat","background-position":"center center","background-size":"auto","background-attachment":"scroll","background-type":"","background-media":"","overlay-type":"","overlay-color":"","overlay-opacity":"","overlay-gradient":""},"tablet":{"background-color":"","background-image":"","background-repeat":"repeat","background-position":"center center","background-size":"auto","background-attachment":"scroll","background-type":"","background-media":"","overlay-type":"","overlay-color":"","overlay-opacity":"","overlay-gradient":""},"mobile":{"background-color":"","background-image":"","background-repeat":"repeat","background-position":"center center","background-size":"auto","background-attachment":"scroll","background-type":"","background-media":"","overlay-type":"","overlay-color":"","overlay-opacity":"","overlay-gradient":""}},"ast-content-background-meta":{"desktop":{"background-color":"var(--ast-global-color-4)","background-image":"","background-repeat":"repeat","background-position":"center center","background-size":"auto","background-attachment":"scroll","background-type":"","background-media":"","overlay-type":"","overlay-color":"","overlay-opacity":"","overlay-gradient":""},"tablet":{"background-color":"var(--ast-global-color-4)","background-image":"","background-repeat":"repeat","background-position":"center center","background-size":"auto","background-attachment":"scroll","background-type":"","background-media":"","overlay-type":"","overlay-color":"","overlay-opacity":"","overlay-gradient":""},"mobile":{"background-color":"var(--ast-global-color-4)","background-image":"","background-repeat":"repeat","background-position":"center center","background-size":"auto","background-attachment":"scroll","background-type":"","background-media":"","overlay-type":"","overlay-color":"","overlay-opacity":"","overlay-gradient":""}},"footnotes":""},"categories":[1],"tags":[],"class_list":["post-19397","post","type-post","status-publish","format-standard","hentry","category-sem-categoria"],"yoast_head":"<!-- This site is optimized with the Yoast SEO plugin v26.6 - https:\/\/yoast.com\/wordpress\/plugins\/seo\/ -->\n<title>Comunistas voltam ao &quot;j\u00e1 ganhou&quot; e come\u00e7am a montar secretariado - Daniel Matos<\/title>\n<meta name=\"robots\" content=\"index, follow, max-snippet:-1, max-image-preview:large, max-video-preview:-1\" \/>\n<link rel=\"canonical\" href=\"https:\/\/www.blogsoestado.com\/danielmatos\/comunistas-retomam-ja-ganhou-e-comecam-a-montar-secretariado\/\" \/>\n<meta property=\"og:locale\" content=\"pt_BR\" \/>\n<meta property=\"og:type\" content=\"article\" \/>\n<meta property=\"og:title\" content=\"Comunistas voltam ao &quot;j\u00e1 ganhou&quot; e come\u00e7am a montar secretariado - Daniel Matos\" \/>\n<meta property=\"og:description\" content=\"Convencidos de que seu candidato vencer\u00e1 a elei\u00e7\u00e3o logo no primeiro turno, aliados do comunista Fl\u00e1vio Dino j\u00e1 come\u00e7aram a [&hellip;]\" \/>\n<meta property=\"og:url\" content=\"https:\/\/www.blogsoestado.com\/danielmatos\/comunistas-retomam-ja-ganhou-e-comecam-a-montar-secretariado\/\" \/>\n<meta property=\"og:site_name\" content=\"Daniel Matos\" \/>\n<meta property=\"article:published_time\" content=\"2014-09-23T14:28:35+00:00\" \/>\n<meta property=\"og:image\" content=\"https:\/\/www.blogsoestado.com\/danielmatos\/files\/2014\/09\/ja-ganhou21.jpg\" \/>\n<meta name=\"twitter:card\" content=\"summary_large_image\" \/>\n<meta name=\"twitter:label1\" content=\"Est. tempo de leitura\" \/>\n\t<meta name=\"twitter:data1\" content=\"2 minutos\" \/>\n<script type=\"application\/ld+json\" class=\"yoast-schema-graph\">{\"@context\":\"https:\/\/schema.org\",\"@graph\":[{\"@type\":\"WebPage\",\"@id\":\"https:\/\/www.blogsoestado.com\/danielmatos\/comunistas-retomam-ja-ganhou-e-comecam-a-montar-secretariado\/\",\"url\":\"https:\/\/www.blogsoestado.com\/danielmatos\/comunistas-retomam-ja-ganhou-e-comecam-a-montar-secretariado\/\",\"name\":\"Comunistas voltam ao \\\"j\u00e1 ganhou\\\" e come\u00e7am a montar secretariado - Daniel Matos\",\"isPartOf\":{\"@id\":\"https:\/\/www.blogsoestado.com\/danielmatos\/#website\"},\"primaryImageOfPage\":{\"@id\":\"https:\/\/www.blogsoestado.com\/danielmatos\/comunistas-retomam-ja-ganhou-e-comecam-a-montar-secretariado\/#primaryimage\"},\"image\":{\"@id\":\"https:\/\/www.blogsoestado.com\/danielmatos\/comunistas-retomam-ja-ganhou-e-comecam-a-montar-secretariado\/#primaryimage\"},\"thumbnailUrl\":\"https:\/\/www.blogsoestado.com\/danielmatos\/files\/2014\/09\/ja-ganhou21.jpg\",\"datePublished\":\"2014-09-23T14:28:35+00:00\",\"author\":{\"@id\":\"\"},\"breadcrumb\":{\"@id\":\"https:\/\/www.blogsoestado.com\/danielmatos\/comunistas-retomam-ja-ganhou-e-comecam-a-montar-secretariado\/#breadcrumb\"},\"inLanguage\":\"pt-BR\",\"potentialAction\":[{\"@type\":\"ReadAction\",\"target\":[\"https:\/\/www.blogsoestado.com\/danielmatos\/comunistas-retomam-ja-ganhou-e-comecam-a-montar-secretariado\/\"]}]},{\"@type\":\"ImageObject\",\"inLanguage\":\"pt-BR\",\"@id\":\"https:\/\/www.blogsoestado.com\/danielmatos\/comunistas-retomam-ja-ganhou-e-comecam-a-montar-secretariado\/#primaryimage\",\"url\":\"https:\/\/www.blogsoestado.com\/danielmatos\/files\/2014\/09\/ja-ganhou21.jpg\",\"contentUrl\":\"https:\/\/www.blogsoestado.com\/danielmatos\/files\/2014\/09\/ja-ganhou21.jpg\"},{\"@type\":\"BreadcrumbList\",\"@id\":\"https:\/\/www.blogsoestado.com\/danielmatos\/comunistas-retomam-ja-ganhou-e-comecam-a-montar-secretariado\/#breadcrumb\",\"itemListElement\":[{\"@type\":\"ListItem\",\"position\":1,\"name\":\"In\u00edcio\",\"item\":\"https:\/\/www.blogsoestado.com\/danielmatos\/\"},{\"@type\":\"ListItem\",\"position\":2,\"name\":\"Comunistas voltam ao &#8220;j\u00e1 ganhou&#8221; e come\u00e7am a montar secretariado\"}]},{\"@type\":\"WebSite\",\"@id\":\"https:\/\/www.blogsoestado.com\/danielmatos\/#website\",\"url\":\"https:\/\/www.blogsoestado.com\/danielmatos\/\",\"name\":\"Daniel Matos\",\"description\":\"\",\"potentialAction\":[{\"@type\":\"SearchAction\",\"target\":{\"@type\":\"EntryPoint\",\"urlTemplate\":\"https:\/\/www.blogsoestado.com\/danielmatos\/?s={search_term_string}\"},\"query-input\":{\"@type\":\"PropertyValueSpecification\",\"valueRequired\":true,\"valueName\":\"search_term_string\"}}],\"inLanguage\":\"pt-BR\"}]}<\/script>\n<!-- \/ Yoast SEO plugin. -->","yoast_head_json":{"title":"Comunistas voltam ao \"j\u00e1 ganhou\" e come\u00e7am a montar secretariado - Daniel Matos","robots":{"index":"index","follow":"follow","max-snippet":"max-snippet:-1","max-image-preview":"max-image-preview:large","max-video-preview":"max-video-preview:-1"},"canonical":"https:\/\/www.blogsoestado.com\/danielmatos\/comunistas-retomam-ja-ganhou-e-comecam-a-montar-secretariado\/","og_locale":"pt_BR","og_type":"article","og_title":"Comunistas voltam ao \"j\u00e1 ganhou\" e come\u00e7am a montar secretariado - Daniel Matos","og_description":"Convencidos de que seu candidato vencer\u00e1 a elei\u00e7\u00e3o logo no primeiro turno, aliados do comunista Fl\u00e1vio Dino j\u00e1 come\u00e7aram a [&hellip;]","og_url":"https:\/\/www.blogsoestado.com\/danielmatos\/comunistas-retomam-ja-ganhou-e-comecam-a-montar-secretariado\/","og_site_name":"Daniel Matos","article_published_time":"2014-09-23T14:28:35+00:00","og_image":[{"url":"https:\/\/www.blogsoestado.com\/danielmatos\/files\/2014\/09\/ja-ganhou21.jpg","type":"","width":"","height":""}],"twitter_card":"summary_large_image","twitter_misc":{"Est. tempo de leitura":"2 minutos"},"schema":{"@context":"https:\/\/schema.org","@graph":[{"@type":"WebPage","@id":"https:\/\/www.blogsoestado.com\/danielmatos\/comunistas-retomam-ja-ganhou-e-comecam-a-montar-secretariado\/","url":"https:\/\/www.blogsoestado.com\/danielmatos\/comunistas-retomam-ja-ganhou-e-comecam-a-montar-secretariado\/","name":"Comunistas voltam ao \"j\u00e1 ganhou\" e come\u00e7am a montar secretariado - Daniel Matos","isPartOf":{"@id":"https:\/\/www.blogsoestado.com\/danielmatos\/#website"},"primaryImageOfPage":{"@id":"https:\/\/www.blogsoestado.com\/danielmatos\/comunistas-retomam-ja-ganhou-e-comecam-a-montar-secretariado\/#primaryimage"},"image":{"@id":"https:\/\/www.blogsoestado.com\/danielmatos\/comunistas-retomam-ja-ganhou-e-comecam-a-montar-secretariado\/#primaryimage"},"thumbnailUrl":"https:\/\/www.blogsoestado.com\/danielmatos\/files\/2014\/09\/ja-ganhou21.jpg","datePublished":"2014-09-23T14:28:35+00:00","author":{"@id":""},"breadcrumb":{"@id":"https:\/\/www.blogsoestado.com\/danielmatos\/comunistas-retomam-ja-ganhou-e-comecam-a-montar-secretariado\/#breadcrumb"},"inLanguage":"pt-BR","potentialAction":[{"@type":"ReadAction","target":["https:\/\/www.blogsoestado.com\/danielmatos\/comunistas-retomam-ja-ganhou-e-comecam-a-montar-secretariado\/"]}]},{"@type":"ImageObject","inLanguage":"pt-BR","@id":"https:\/\/www.blogsoestado.com\/danielmatos\/comunistas-retomam-ja-ganhou-e-comecam-a-montar-secretariado\/#primaryimage","url":"https:\/\/www.blogsoestado.com\/danielmatos\/files\/2014\/09\/ja-ganhou21.jpg","contentUrl":"https:\/\/www.blogsoestado.com\/danielmatos\/files\/2014\/09\/ja-ganhou21.jpg"},{"@type":"BreadcrumbList","@id":"https:\/\/www.blogsoestado.com\/danielmatos\/comunistas-retomam-ja-ganhou-e-comecam-a-montar-secretariado\/#breadcrumb","itemListElement":[{"@type":"ListItem","position":1,"name":"In\u00edcio","item":"https:\/\/www.blogsoestado.com\/danielmatos\/"},{"@type":"ListItem","position":2,"name":"Comunistas voltam ao &#8220;j\u00e1 ganhou&#8221; e come\u00e7am a montar secretariado"}]},{"@type":"WebSite","@id":"https:\/\/www.blogsoestado.com\/danielmatos\/#website","url":"https:\/\/www.blogsoestado.com\/danielmatos\/","name":"Daniel Matos","description":"","potentialAction":[{"@type":"SearchAction","target":{"@type":"EntryPoint","urlTemplate":"https:\/\/www.blogsoestado.com\/danielmatos\/?s={search_term_string}"},"query-input":{"@type":"PropertyValueSpecification","valueRequired":true,"valueName":"search_term_string"}}],"inLanguage":"pt-BR"}]}},"jetpack_featured_media_url":"","_links":{"self":[{"href":"https:\/\/www.blogsoestado.com\/danielmatos\/wp-json\/wp\/v2\/posts\/19397","targetHints":{"allow":["GET"]}}],"collection":[{"href":"https:\/\/www.blogsoestado.com\/danielmatos\/wp-json\/wp\/v2\/posts"}],"about":[{"href":"https:\/\/www.blogsoestado.com\/danielmatos\/wp-json\/wp\/v2\/types\/post"}],"replies":[{"embeddable":true,"href":"https:\/\/www.blogsoestado.com\/danielmatos\/wp-json\/wp\/v2\/comments?post=19397"}],"version-history":[{"count":0,"href":"https:\/\/www.blogsoestado.com\/danielmatos\/wp-json\/wp\/v2\/posts\/19397\/revisions"}],"wp:attachment":[{"href":"https:\/\/www.blogsoestado.com\/danielmatos\/wp-json\/wp\/v2\/media?parent=19397"}],"wp:term":[{"taxonomy":"category","embeddable":true,"href":"https:\/\/www.blogsoestado.com\/danielmatos\/wp-json\/wp\/v2\/categories?post=19397"},{"taxonomy":"post_tag","embeddable":true,"href":"https:\/\/www.blogsoestado.com\/danielmatos\/wp-json\/wp\/v2\/tags?post=19397"}],"curies":[{"name":"wp","href":"https:\/\/api.w.org\/{rel}","templated":true}]}}