{"id":19412,"date":"2014-09-23T15:52:20","date_gmt":"2014-09-23T18:52:20","guid":{"rendered":"https:\/\/www.blogsoestado.com\/danielmatos\/?p=19412"},"modified":"2014-09-23T15:52:20","modified_gmt":"2014-09-23T18:52:20","slug":"prefeitura-libera-rotas-para-vans-durante-paralisacao-de-onibus","status":"publish","type":"post","link":"https:\/\/www.blogsoestado.com\/danielmatos\/prefeitura-libera-rotas-para-vans-durante-paralisacao-de-onibus\/","title":{"rendered":"Prefeitura libera rotas para vans durante paralisa\u00e7\u00e3o de \u00f4nibus"},"content":{"rendered":"<figure id=\"attachment_19413\" aria-describedby=\"caption-attachment-19413\" style=\"width: 640px\" class=\"wp-caption aligncenter\"><a href=\"https:\/\/www.blogsoestado.com\/danielmatos\/files\/2014\/09\/rodoviarios-param.jpg\"><img fetchpriority=\"high\" decoding=\"async\" class=\"size-full wp-image-19413\" src=\"https:\/\/www.blogsoestado.com\/danielmatos\/files\/2014\/09\/rodoviarios-param.jpg\" alt=\"Rodovi\u00e1rios decidiram parar novamente por medo de mais ataques a \u00f4nibus \" width=\"640\" height=\"404\" \/><\/a><figcaption id=\"caption-attachment-19413\" class=\"wp-caption-text\">Rodovi\u00e1rios decidiram parar novamente por medo de que ocorram mais ataques a \u00f4nibus (<strong>Foto:<\/strong> Fabr\u00edcio Cunha)<\/figcaption><\/figure>\n<p>A Secretaria Municipal de Tr\u00e2nsito e Transporte (SMTT) informou ter entrado em contato com o Sindicato dos Permission\u00e1rios e Trabalhadores do Transporte Alternativo para liberar a explora\u00e7\u00e3o de algumas rotas de \u00f4nibus\u00a0durante a paralisa\u00e7\u00e3o dos rodovi\u00e1rios, que ter\u00e1 in\u00edcio \u00e0s 18h desta ter\u00e7a-feira.<\/p>\n<p>As vans poder\u00e3o circular nos principais corredores do transporte p\u00fablico, como as avenidas Jer\u00f4nimo de Albuquerque, Holandeses\u00a0e\u00a0Daniel de La Touche. Os alternativos\u00a0tamb\u00e9m foram autorizados a rodar no entorno do est\u00e1dio Castel\u00e3o, a fim de facilitar o transporte dos torcedores ao est\u00e1dio, onde acontecer\u00e1 o jogo Sampaio Corr\u00eaa x Vasco da Gama, e permitir a volta para casa, ap\u00f3s a partida.<\/p>\n<p>Em reuni\u00e3o realizada no in\u00edcio da tarde, o Sindicato dos Trabalhadores em Transporte Rodovi\u00e1rio\u00a0de S\u00e3o Lu\u00eds (STTREMA) decidiu orientar motoristas e cobradores\u00a0a recolher os \u00f4nibus \u00e0s garagens por causa da amea\u00e7a de novos inc\u00eandios\u00a0a coletivos, a exemplo dos que ocorreram na tarde do \u00faltimo s\u00e1bado e na noite de domingo. Ao todo, cinco \u00f4nibus foram queimados nessa nova onda de ataques.<\/p>\n<p>Nesta quarta-feira, os rodovi\u00e1rios voltar\u00e3o a se reunir para decidir se realizar\u00e3o novas paralisa\u00e7\u00f5es. A Pol\u00edcia Militar, por sua vez, afirma que a interrup\u00e7\u00e3o do servi\u00e7o de transporte p\u00fablico \u00e9 desnecess\u00e1ria, pois garante que o policiamento foi refor\u00e7ado em toda a regi\u00e3o metropolitana\u00a0de S\u00e3o Lu\u00eds.<\/p>\n","protected":false},"excerpt":{"rendered":"<p>A Secretaria Municipal de Tr\u00e2nsito e Transporte (SMTT) informou ter entrado em contato com o Sindicato dos Permission\u00e1rios e Trabalhadores [&hellip;]<\/p>\n","protected":false},"author":0,"featured_media":0,"comment_status":"open","ping_status":"open","sticky":false,"template":"","format":"standard","meta":{"site-sidebar-layout":"default","site-content-layout":"","ast-site-content-layout":"default","site-content-style":"default","site-sidebar-style":"default","ast-global-header-display":"","ast-banner-title-visibility":"","ast-main-header-display":"","ast-hfb-above-header-display":"","ast-hfb-below-header-display":"","ast-hfb-mobile-header-display":"","site-post-title":"","ast-breadcrumbs-content":"","ast-featured-img":"","footer-sml-layout":"","ast-disable-related-posts":"","theme-transparent-header-meta":"","adv-header-id-meta":"","stick-header-meta":"","header-above-stick-meta":"","header-main-stick-meta":"","header-below-stick-meta":"","astra-migrate-meta-layouts":"default","ast-page-background-enabled":"default","ast-page-background-meta":{"desktop":{"background-color":"var(--ast-global-color-5)","background-image":"","background-repeat":"repeat","background-position":"center center","background-size":"auto","background-attachment":"scroll","background-type":"","background-media":"","overlay-type":"","overlay-color":"","overlay-opacity":"","overlay-gradient":""},"tablet":{"background-color":"","background-image":"","background-repeat":"repeat","background-position":"center center","background-size":"auto","background-attachment":"scroll","background-type":"","background-media":"","overlay-type":"","overlay-color":"","overlay-opacity":"","overlay-gradient":""},"mobile":{"background-color":"","background-image":"","background-repeat":"repeat","background-position":"center center","background-size":"auto","background-attachment":"scroll","background-type":"","background-media":"","overlay-type":"","overlay-color":"","overlay-opacity":"","overlay-gradient":""}},"ast-content-background-meta":{"desktop":{"background-color":"var(--ast-global-color-4)","background-image":"","background-repeat":"repeat","background-position":"center center","background-size":"auto","background-attachment":"scroll","background-type":"","background-media":"","overlay-type":"","overlay-color":"","overlay-opacity":"","overlay-gradient":""},"tablet":{"background-color":"var(--ast-global-color-4)","background-image":"","background-repeat":"repeat","background-position":"center center","background-size":"auto","background-attachment":"scroll","background-type":"","background-media":"","overlay-type":"","overlay-color":"","overlay-opacity":"","overlay-gradient":""},"mobile":{"background-color":"var(--ast-global-color-4)","background-image":"","background-repeat":"repeat","background-position":"center center","background-size":"auto","background-attachment":"scroll","background-type":"","background-media":"","overlay-type":"","overlay-color":"","overlay-opacity":"","overlay-gradient":""}},"footnotes":""},"categories":[1],"tags":[],"class_list":["post-19412","post","type-post","status-publish","format-standard","hentry","category-sem-categoria"],"yoast_head":"<!-- This site is optimized with the Yoast SEO plugin v26.6 - https:\/\/yoast.com\/wordpress\/plugins\/seo\/ -->\n<title>Prefeitura libera rotas para vans durante paralisa\u00e7\u00e3o de \u00f4nibus - Daniel Matos<\/title>\n<meta name=\"robots\" content=\"index, follow, max-snippet:-1, max-image-preview:large, max-video-preview:-1\" \/>\n<link rel=\"canonical\" href=\"https:\/\/www.blogsoestado.com\/danielmatos\/prefeitura-libera-rotas-para-vans-durante-paralisacao-de-onibus\/\" \/>\n<meta property=\"og:locale\" content=\"pt_BR\" \/>\n<meta property=\"og:type\" content=\"article\" \/>\n<meta property=\"og:title\" content=\"Prefeitura libera rotas para vans durante paralisa\u00e7\u00e3o de \u00f4nibus - Daniel Matos\" \/>\n<meta property=\"og:description\" content=\"A Secretaria Municipal de Tr\u00e2nsito e Transporte (SMTT) informou ter entrado em contato com o Sindicato dos Permission\u00e1rios e Trabalhadores [&hellip;]\" \/>\n<meta property=\"og:url\" content=\"https:\/\/www.blogsoestado.com\/danielmatos\/prefeitura-libera-rotas-para-vans-durante-paralisacao-de-onibus\/\" \/>\n<meta property=\"og:site_name\" content=\"Daniel Matos\" \/>\n<meta property=\"article:published_time\" content=\"2014-09-23T18:52:20+00:00\" \/>\n<meta property=\"og:image\" content=\"https:\/\/www.blogsoestado.com\/danielmatos\/files\/2014\/09\/rodoviarios-param.jpg\" \/>\n<meta name=\"twitter:card\" content=\"summary_large_image\" \/>\n<meta name=\"twitter:label1\" content=\"Est. tempo de leitura\" \/>\n\t<meta name=\"twitter:data1\" content=\"1 minuto\" \/>\n<script type=\"application\/ld+json\" class=\"yoast-schema-graph\">{\"@context\":\"https:\/\/schema.org\",\"@graph\":[{\"@type\":\"WebPage\",\"@id\":\"https:\/\/www.blogsoestado.com\/danielmatos\/prefeitura-libera-rotas-para-vans-durante-paralisacao-de-onibus\/\",\"url\":\"https:\/\/www.blogsoestado.com\/danielmatos\/prefeitura-libera-rotas-para-vans-durante-paralisacao-de-onibus\/\",\"name\":\"Prefeitura libera rotas para vans durante paralisa\u00e7\u00e3o de \u00f4nibus - Daniel Matos\",\"isPartOf\":{\"@id\":\"https:\/\/www.blogsoestado.com\/danielmatos\/#website\"},\"primaryImageOfPage\":{\"@id\":\"https:\/\/www.blogsoestado.com\/danielmatos\/prefeitura-libera-rotas-para-vans-durante-paralisacao-de-onibus\/#primaryimage\"},\"image\":{\"@id\":\"https:\/\/www.blogsoestado.com\/danielmatos\/prefeitura-libera-rotas-para-vans-durante-paralisacao-de-onibus\/#primaryimage\"},\"thumbnailUrl\":\"https:\/\/www.blogsoestado.com\/danielmatos\/files\/2014\/09\/rodoviarios-param.jpg\",\"datePublished\":\"2014-09-23T18:52:20+00:00\",\"author\":{\"@id\":\"\"},\"breadcrumb\":{\"@id\":\"https:\/\/www.blogsoestado.com\/danielmatos\/prefeitura-libera-rotas-para-vans-durante-paralisacao-de-onibus\/#breadcrumb\"},\"inLanguage\":\"pt-BR\",\"potentialAction\":[{\"@type\":\"ReadAction\",\"target\":[\"https:\/\/www.blogsoestado.com\/danielmatos\/prefeitura-libera-rotas-para-vans-durante-paralisacao-de-onibus\/\"]}]},{\"@type\":\"ImageObject\",\"inLanguage\":\"pt-BR\",\"@id\":\"https:\/\/www.blogsoestado.com\/danielmatos\/prefeitura-libera-rotas-para-vans-durante-paralisacao-de-onibus\/#primaryimage\",\"url\":\"https:\/\/www.blogsoestado.com\/danielmatos\/files\/2014\/09\/rodoviarios-param.jpg\",\"contentUrl\":\"https:\/\/www.blogsoestado.com\/danielmatos\/files\/2014\/09\/rodoviarios-param.jpg\"},{\"@type\":\"BreadcrumbList\",\"@id\":\"https:\/\/www.blogsoestado.com\/danielmatos\/prefeitura-libera-rotas-para-vans-durante-paralisacao-de-onibus\/#breadcrumb\",\"itemListElement\":[{\"@type\":\"ListItem\",\"position\":1,\"name\":\"In\u00edcio\",\"item\":\"https:\/\/www.blogsoestado.com\/danielmatos\/\"},{\"@type\":\"ListItem\",\"position\":2,\"name\":\"Prefeitura libera rotas para vans durante paralisa\u00e7\u00e3o de \u00f4nibus\"}]},{\"@type\":\"WebSite\",\"@id\":\"https:\/\/www.blogsoestado.com\/danielmatos\/#website\",\"url\":\"https:\/\/www.blogsoestado.com\/danielmatos\/\",\"name\":\"Daniel Matos\",\"description\":\"\",\"potentialAction\":[{\"@type\":\"SearchAction\",\"target\":{\"@type\":\"EntryPoint\",\"urlTemplate\":\"https:\/\/www.blogsoestado.com\/danielmatos\/?s={search_term_string}\"},\"query-input\":{\"@type\":\"PropertyValueSpecification\",\"valueRequired\":true,\"valueName\":\"search_term_string\"}}],\"inLanguage\":\"pt-BR\"}]}<\/script>\n<!-- \/ Yoast SEO plugin. -->","yoast_head_json":{"title":"Prefeitura libera rotas para vans durante paralisa\u00e7\u00e3o de \u00f4nibus - Daniel Matos","robots":{"index":"index","follow":"follow","max-snippet":"max-snippet:-1","max-image-preview":"max-image-preview:large","max-video-preview":"max-video-preview:-1"},"canonical":"https:\/\/www.blogsoestado.com\/danielmatos\/prefeitura-libera-rotas-para-vans-durante-paralisacao-de-onibus\/","og_locale":"pt_BR","og_type":"article","og_title":"Prefeitura libera rotas para vans durante paralisa\u00e7\u00e3o de \u00f4nibus - Daniel Matos","og_description":"A Secretaria Municipal de Tr\u00e2nsito e Transporte (SMTT) informou ter entrado em contato com o Sindicato dos Permission\u00e1rios e Trabalhadores [&hellip;]","og_url":"https:\/\/www.blogsoestado.com\/danielmatos\/prefeitura-libera-rotas-para-vans-durante-paralisacao-de-onibus\/","og_site_name":"Daniel Matos","article_published_time":"2014-09-23T18:52:20+00:00","og_image":[{"url":"https:\/\/www.blogsoestado.com\/danielmatos\/files\/2014\/09\/rodoviarios-param.jpg","type":"","width":"","height":""}],"twitter_card":"summary_large_image","twitter_misc":{"Est. tempo de leitura":"1 minuto"},"schema":{"@context":"https:\/\/schema.org","@graph":[{"@type":"WebPage","@id":"https:\/\/www.blogsoestado.com\/danielmatos\/prefeitura-libera-rotas-para-vans-durante-paralisacao-de-onibus\/","url":"https:\/\/www.blogsoestado.com\/danielmatos\/prefeitura-libera-rotas-para-vans-durante-paralisacao-de-onibus\/","name":"Prefeitura libera rotas para vans durante paralisa\u00e7\u00e3o de \u00f4nibus - Daniel Matos","isPartOf":{"@id":"https:\/\/www.blogsoestado.com\/danielmatos\/#website"},"primaryImageOfPage":{"@id":"https:\/\/www.blogsoestado.com\/danielmatos\/prefeitura-libera-rotas-para-vans-durante-paralisacao-de-onibus\/#primaryimage"},"image":{"@id":"https:\/\/www.blogsoestado.com\/danielmatos\/prefeitura-libera-rotas-para-vans-durante-paralisacao-de-onibus\/#primaryimage"},"thumbnailUrl":"https:\/\/www.blogsoestado.com\/danielmatos\/files\/2014\/09\/rodoviarios-param.jpg","datePublished":"2014-09-23T18:52:20+00:00","author":{"@id":""},"breadcrumb":{"@id":"https:\/\/www.blogsoestado.com\/danielmatos\/prefeitura-libera-rotas-para-vans-durante-paralisacao-de-onibus\/#breadcrumb"},"inLanguage":"pt-BR","potentialAction":[{"@type":"ReadAction","target":["https:\/\/www.blogsoestado.com\/danielmatos\/prefeitura-libera-rotas-para-vans-durante-paralisacao-de-onibus\/"]}]},{"@type":"ImageObject","inLanguage":"pt-BR","@id":"https:\/\/www.blogsoestado.com\/danielmatos\/prefeitura-libera-rotas-para-vans-durante-paralisacao-de-onibus\/#primaryimage","url":"https:\/\/www.blogsoestado.com\/danielmatos\/files\/2014\/09\/rodoviarios-param.jpg","contentUrl":"https:\/\/www.blogsoestado.com\/danielmatos\/files\/2014\/09\/rodoviarios-param.jpg"},{"@type":"BreadcrumbList","@id":"https:\/\/www.blogsoestado.com\/danielmatos\/prefeitura-libera-rotas-para-vans-durante-paralisacao-de-onibus\/#breadcrumb","itemListElement":[{"@type":"ListItem","position":1,"name":"In\u00edcio","item":"https:\/\/www.blogsoestado.com\/danielmatos\/"},{"@type":"ListItem","position":2,"name":"Prefeitura libera rotas para vans durante paralisa\u00e7\u00e3o de \u00f4nibus"}]},{"@type":"WebSite","@id":"https:\/\/www.blogsoestado.com\/danielmatos\/#website","url":"https:\/\/www.blogsoestado.com\/danielmatos\/","name":"Daniel Matos","description":"","potentialAction":[{"@type":"SearchAction","target":{"@type":"EntryPoint","urlTemplate":"https:\/\/www.blogsoestado.com\/danielmatos\/?s={search_term_string}"},"query-input":{"@type":"PropertyValueSpecification","valueRequired":true,"valueName":"search_term_string"}}],"inLanguage":"pt-BR"}]}},"jetpack_featured_media_url":"","_links":{"self":[{"href":"https:\/\/www.blogsoestado.com\/danielmatos\/wp-json\/wp\/v2\/posts\/19412","targetHints":{"allow":["GET"]}}],"collection":[{"href":"https:\/\/www.blogsoestado.com\/danielmatos\/wp-json\/wp\/v2\/posts"}],"about":[{"href":"https:\/\/www.blogsoestado.com\/danielmatos\/wp-json\/wp\/v2\/types\/post"}],"replies":[{"embeddable":true,"href":"https:\/\/www.blogsoestado.com\/danielmatos\/wp-json\/wp\/v2\/comments?post=19412"}],"version-history":[{"count":0,"href":"https:\/\/www.blogsoestado.com\/danielmatos\/wp-json\/wp\/v2\/posts\/19412\/revisions"}],"wp:attachment":[{"href":"https:\/\/www.blogsoestado.com\/danielmatos\/wp-json\/wp\/v2\/media?parent=19412"}],"wp:term":[{"taxonomy":"category","embeddable":true,"href":"https:\/\/www.blogsoestado.com\/danielmatos\/wp-json\/wp\/v2\/categories?post=19412"},{"taxonomy":"post_tag","embeddable":true,"href":"https:\/\/www.blogsoestado.com\/danielmatos\/wp-json\/wp\/v2\/tags?post=19412"}],"curies":[{"name":"wp","href":"https:\/\/api.w.org\/{rel}","templated":true}]}}