{"id":19415,"date":"2014-09-23T17:15:19","date_gmt":"2014-09-23T20:15:19","guid":{"rendered":"https:\/\/www.blogsoestado.com\/danielmatos\/?p=19415"},"modified":"2014-09-23T17:15:19","modified_gmt":"2014-09-23T20:15:19","slug":"sobre-o-video-polemico","status":"publish","type":"post","link":"https:\/\/www.blogsoestado.com\/danielmatos\/sobre-o-video-polemico\/","title":{"rendered":"Sobre o v\u00eddeo pol\u00eamico"},"content":{"rendered":"<p>Retirei do blog o v\u00eddeo com acusa\u00e7\u00f5es grav\u00edssimas feitas por um suposto criminoso preso contra o candidato comunista ao governo, Fl\u00e1vio Dino, por volta das 18h30 de ontem, pouco menos de duas horas depois de t\u00ea-lo postado, em primeira m\u00e3o. Acatei uma recomenda\u00e7\u00e3o de cunho jur\u00eddico, que se confirmou fundamentada\u00a0por\u00a0uma decis\u00e3o liminar proferida pela ju\u00edza eleitoral Maria Jos\u00e9 Fran\u00e7a Ribeiro, em favor de Dino,\u00a0determinando a supress\u00e3o do\u00a0conte\u00fado, sob pena de multa di\u00e1ria de R$ 20 mil.<\/p>\n<p>O processo segue em tramita\u00e7\u00e3o, \u00a0j\u00e1 que o comunista\u00a0tamb\u00e9m requer\u00a0direito de resposta\u00a0em tamanho proporcional ao que foi divulgado. O pedido\u00a0ser\u00e1\u00a0concedido ou n\u00e3o ap\u00f3s julgado o\u00a0m\u00e9rito da quest\u00e3o e apreciadas as considera\u00e7\u00f5es feitas por minha defesa, patrocinada pelo Sistema Mirante.<\/p>\n<p>Me senti na obriga\u00e7\u00e3o de voltar ao assunto em raz\u00e3o de ter removido a postagem sem ter feito o\u00a0esclarecimento imediato aos milhares de internautas\u00a0que leram\u00a0e apreciaram a\u00a0not\u00edcia ou repudiaram seu teor por meio de coment\u00e1rios, a maioria em tom ofensivo.<\/p>\n<p>Cabe agora \u00e0s autoridades policiais atestar ou n\u00e3o a autenticidade do v\u00eddeo, que avaliei, em primeira an\u00e1lise, como informa\u00e7\u00e3o de interesse p\u00fablico, assim como fizeram outros colegas da blogosfera e de outros canais\u00a0de comunica\u00e7\u00e3o da internet.<\/p>\n<p>Em meio \u00e0 corrida\u00a0eleitoral e ao acirramento da disputa, o fluxo de informa\u00e7\u00f5es se intensifica \u00e0\u00a0medida que se aproxima o dia\u00a0da vota\u00e7\u00e3o. Tal din\u00e2mica imp\u00f5e um ritmo fren\u00e9tico a quem divulga informa\u00e7\u00f5es pol\u00edticas, resultando, muitas vezes, em\u00a0abordagens pol\u00eamicas, como o v\u00eddeo em quest\u00e3o.<\/p>\n","protected":false},"excerpt":{"rendered":"<p>Retirei do blog o v\u00eddeo com acusa\u00e7\u00f5es grav\u00edssimas feitas por um suposto criminoso preso contra o candidato comunista ao governo, [&hellip;]<\/p>\n","protected":false},"author":0,"featured_media":0,"comment_status":"open","ping_status":"open","sticky":false,"template":"","format":"standard","meta":{"site-sidebar-layout":"default","site-content-layout":"","ast-site-content-layout":"default","site-content-style":"default","site-sidebar-style":"default","ast-global-header-display":"","ast-banner-title-visibility":"","ast-main-header-display":"","ast-hfb-above-header-display":"","ast-hfb-below-header-display":"","ast-hfb-mobile-header-display":"","site-post-title":"","ast-breadcrumbs-content":"","ast-featured-img":"","footer-sml-layout":"","ast-disable-related-posts":"","theme-transparent-header-meta":"","adv-header-id-meta":"","stick-header-meta":"","header-above-stick-meta":"","header-main-stick-meta":"","header-below-stick-meta":"","astra-migrate-meta-layouts":"default","ast-page-background-enabled":"default","ast-page-background-meta":{"desktop":{"background-color":"var(--ast-global-color-5)","background-image":"","background-repeat":"repeat","background-position":"center center","background-size":"auto","background-attachment":"scroll","background-type":"","background-media":"","overlay-type":"","overlay-color":"","overlay-opacity":"","overlay-gradient":""},"tablet":{"background-color":"","background-image":"","background-repeat":"repeat","background-position":"center center","background-size":"auto","background-attachment":"scroll","background-type":"","background-media":"","overlay-type":"","overlay-color":"","overlay-opacity":"","overlay-gradient":""},"mobile":{"background-color":"","background-image":"","background-repeat":"repeat","background-position":"center center","background-size":"auto","background-attachment":"scroll","background-type":"","background-media":"","overlay-type":"","overlay-color":"","overlay-opacity":"","overlay-gradient":""}},"ast-content-background-meta":{"desktop":{"background-color":"var(--ast-global-color-4)","background-image":"","background-repeat":"repeat","background-position":"center center","background-size":"auto","background-attachment":"scroll","background-type":"","background-media":"","overlay-type":"","overlay-color":"","overlay-opacity":"","overlay-gradient":""},"tablet":{"background-color":"var(--ast-global-color-4)","background-image":"","background-repeat":"repeat","background-position":"center center","background-size":"auto","background-attachment":"scroll","background-type":"","background-media":"","overlay-type":"","overlay-color":"","overlay-opacity":"","overlay-gradient":""},"mobile":{"background-color":"var(--ast-global-color-4)","background-image":"","background-repeat":"repeat","background-position":"center center","background-size":"auto","background-attachment":"scroll","background-type":"","background-media":"","overlay-type":"","overlay-color":"","overlay-opacity":"","overlay-gradient":""}},"footnotes":""},"categories":[1],"tags":[],"class_list":["post-19415","post","type-post","status-publish","format-standard","hentry","category-sem-categoria"],"yoast_head":"<!-- This site is optimized with the Yoast SEO plugin v26.6 - https:\/\/yoast.com\/wordpress\/plugins\/seo\/ -->\n<title>Sobre o v\u00eddeo pol\u00eamico - Daniel Matos<\/title>\n<meta name=\"robots\" content=\"index, follow, max-snippet:-1, max-image-preview:large, max-video-preview:-1\" \/>\n<link rel=\"canonical\" href=\"https:\/\/www.blogsoestado.com\/danielmatos\/sobre-o-video-polemico\/\" \/>\n<meta property=\"og:locale\" content=\"pt_BR\" \/>\n<meta property=\"og:type\" content=\"article\" \/>\n<meta property=\"og:title\" content=\"Sobre o v\u00eddeo pol\u00eamico - Daniel Matos\" \/>\n<meta property=\"og:description\" content=\"Retirei do blog o v\u00eddeo com acusa\u00e7\u00f5es grav\u00edssimas feitas por um suposto criminoso preso contra o candidato comunista ao governo, [&hellip;]\" \/>\n<meta property=\"og:url\" content=\"https:\/\/www.blogsoestado.com\/danielmatos\/sobre-o-video-polemico\/\" \/>\n<meta property=\"og:site_name\" content=\"Daniel Matos\" \/>\n<meta property=\"article:published_time\" content=\"2014-09-23T20:15:19+00:00\" \/>\n<meta name=\"twitter:card\" content=\"summary_large_image\" \/>\n<meta name=\"twitter:label1\" content=\"Est. tempo de leitura\" \/>\n\t<meta name=\"twitter:data1\" content=\"1 minuto\" \/>\n<script type=\"application\/ld+json\" class=\"yoast-schema-graph\">{\"@context\":\"https:\/\/schema.org\",\"@graph\":[{\"@type\":\"WebPage\",\"@id\":\"https:\/\/www.blogsoestado.com\/danielmatos\/sobre-o-video-polemico\/\",\"url\":\"https:\/\/www.blogsoestado.com\/danielmatos\/sobre-o-video-polemico\/\",\"name\":\"Sobre o v\u00eddeo pol\u00eamico - Daniel Matos\",\"isPartOf\":{\"@id\":\"https:\/\/www.blogsoestado.com\/danielmatos\/#website\"},\"datePublished\":\"2014-09-23T20:15:19+00:00\",\"author\":{\"@id\":\"\"},\"breadcrumb\":{\"@id\":\"https:\/\/www.blogsoestado.com\/danielmatos\/sobre-o-video-polemico\/#breadcrumb\"},\"inLanguage\":\"pt-BR\",\"potentialAction\":[{\"@type\":\"ReadAction\",\"target\":[\"https:\/\/www.blogsoestado.com\/danielmatos\/sobre-o-video-polemico\/\"]}]},{\"@type\":\"BreadcrumbList\",\"@id\":\"https:\/\/www.blogsoestado.com\/danielmatos\/sobre-o-video-polemico\/#breadcrumb\",\"itemListElement\":[{\"@type\":\"ListItem\",\"position\":1,\"name\":\"In\u00edcio\",\"item\":\"https:\/\/www.blogsoestado.com\/danielmatos\/\"},{\"@type\":\"ListItem\",\"position\":2,\"name\":\"Sobre o v\u00eddeo pol\u00eamico\"}]},{\"@type\":\"WebSite\",\"@id\":\"https:\/\/www.blogsoestado.com\/danielmatos\/#website\",\"url\":\"https:\/\/www.blogsoestado.com\/danielmatos\/\",\"name\":\"Daniel Matos\",\"description\":\"\",\"potentialAction\":[{\"@type\":\"SearchAction\",\"target\":{\"@type\":\"EntryPoint\",\"urlTemplate\":\"https:\/\/www.blogsoestado.com\/danielmatos\/?s={search_term_string}\"},\"query-input\":{\"@type\":\"PropertyValueSpecification\",\"valueRequired\":true,\"valueName\":\"search_term_string\"}}],\"inLanguage\":\"pt-BR\"}]}<\/script>\n<!-- \/ Yoast SEO plugin. -->","yoast_head_json":{"title":"Sobre o v\u00eddeo pol\u00eamico - Daniel Matos","robots":{"index":"index","follow":"follow","max-snippet":"max-snippet:-1","max-image-preview":"max-image-preview:large","max-video-preview":"max-video-preview:-1"},"canonical":"https:\/\/www.blogsoestado.com\/danielmatos\/sobre-o-video-polemico\/","og_locale":"pt_BR","og_type":"article","og_title":"Sobre o v\u00eddeo pol\u00eamico - Daniel Matos","og_description":"Retirei do blog o v\u00eddeo com acusa\u00e7\u00f5es grav\u00edssimas feitas por um suposto criminoso preso contra o candidato comunista ao governo, [&hellip;]","og_url":"https:\/\/www.blogsoestado.com\/danielmatos\/sobre-o-video-polemico\/","og_site_name":"Daniel Matos","article_published_time":"2014-09-23T20:15:19+00:00","twitter_card":"summary_large_image","twitter_misc":{"Est. tempo de leitura":"1 minuto"},"schema":{"@context":"https:\/\/schema.org","@graph":[{"@type":"WebPage","@id":"https:\/\/www.blogsoestado.com\/danielmatos\/sobre-o-video-polemico\/","url":"https:\/\/www.blogsoestado.com\/danielmatos\/sobre-o-video-polemico\/","name":"Sobre o v\u00eddeo pol\u00eamico - Daniel Matos","isPartOf":{"@id":"https:\/\/www.blogsoestado.com\/danielmatos\/#website"},"datePublished":"2014-09-23T20:15:19+00:00","author":{"@id":""},"breadcrumb":{"@id":"https:\/\/www.blogsoestado.com\/danielmatos\/sobre-o-video-polemico\/#breadcrumb"},"inLanguage":"pt-BR","potentialAction":[{"@type":"ReadAction","target":["https:\/\/www.blogsoestado.com\/danielmatos\/sobre-o-video-polemico\/"]}]},{"@type":"BreadcrumbList","@id":"https:\/\/www.blogsoestado.com\/danielmatos\/sobre-o-video-polemico\/#breadcrumb","itemListElement":[{"@type":"ListItem","position":1,"name":"In\u00edcio","item":"https:\/\/www.blogsoestado.com\/danielmatos\/"},{"@type":"ListItem","position":2,"name":"Sobre o v\u00eddeo pol\u00eamico"}]},{"@type":"WebSite","@id":"https:\/\/www.blogsoestado.com\/danielmatos\/#website","url":"https:\/\/www.blogsoestado.com\/danielmatos\/","name":"Daniel Matos","description":"","potentialAction":[{"@type":"SearchAction","target":{"@type":"EntryPoint","urlTemplate":"https:\/\/www.blogsoestado.com\/danielmatos\/?s={search_term_string}"},"query-input":{"@type":"PropertyValueSpecification","valueRequired":true,"valueName":"search_term_string"}}],"inLanguage":"pt-BR"}]}},"jetpack_featured_media_url":"","_links":{"self":[{"href":"https:\/\/www.blogsoestado.com\/danielmatos\/wp-json\/wp\/v2\/posts\/19415","targetHints":{"allow":["GET"]}}],"collection":[{"href":"https:\/\/www.blogsoestado.com\/danielmatos\/wp-json\/wp\/v2\/posts"}],"about":[{"href":"https:\/\/www.blogsoestado.com\/danielmatos\/wp-json\/wp\/v2\/types\/post"}],"replies":[{"embeddable":true,"href":"https:\/\/www.blogsoestado.com\/danielmatos\/wp-json\/wp\/v2\/comments?post=19415"}],"version-history":[{"count":0,"href":"https:\/\/www.blogsoestado.com\/danielmatos\/wp-json\/wp\/v2\/posts\/19415\/revisions"}],"wp:attachment":[{"href":"https:\/\/www.blogsoestado.com\/danielmatos\/wp-json\/wp\/v2\/media?parent=19415"}],"wp:term":[{"taxonomy":"category","embeddable":true,"href":"https:\/\/www.blogsoestado.com\/danielmatos\/wp-json\/wp\/v2\/categories?post=19415"},{"taxonomy":"post_tag","embeddable":true,"href":"https:\/\/www.blogsoestado.com\/danielmatos\/wp-json\/wp\/v2\/tags?post=19415"}],"curies":[{"name":"wp","href":"https:\/\/api.w.org\/{rel}","templated":true}]}}