{"id":19432,"date":"2014-09-24T08:41:57","date_gmt":"2014-09-24T11:41:57","guid":{"rendered":"https:\/\/www.blogsoestado.com\/danielmatos\/?p=19432"},"modified":"2014-09-24T08:41:57","modified_gmt":"2014-09-24T11:41:57","slug":"quadras-poliesportivas-em-paco-do-lumiar","status":"publish","type":"post","link":"https:\/\/www.blogsoestado.com\/danielmatos\/quadras-poliesportivas-em-paco-do-lumiar\/","title":{"rendered":"Quadras poliesportivas em Pa\u00e7o do Lumiar"},"content":{"rendered":"<figure id=\"attachment_19433\" aria-describedby=\"caption-attachment-19433\" style=\"width: 640px\" class=\"wp-caption aligncenter\"><a href=\"https:\/\/www.blogsoestado.com\/danielmatos\/files\/2014\/09\/pa\u00e7o-quadras.jpg\"><img fetchpriority=\"high\" decoding=\"async\" class=\"size-full wp-image-19433\" src=\"https:\/\/www.blogsoestado.com\/danielmatos\/files\/2014\/09\/pa\u00e7o-quadras.jpg\" alt=\"Prefeito Josemar Sobreiro assinou ordem de servi\u00e7o; investimento \u00e9 de mais de R$ 1 milh\u00e3o \" width=\"640\" height=\"427\" \/><\/a><figcaption id=\"caption-attachment-19433\" class=\"wp-caption-text\">Prefeito Josemar Sobreiro assinou ordem de servi\u00e7o; investimento na constru\u00e7\u00e3o das quadras \u00e9 de mais de R$ 1 milh\u00e3o<\/figcaption><\/figure>\n<p>A Prefeitura de Pa\u00e7o do Lumiar, por meio da Secretaria Municipal de Educa\u00e7\u00e3o, assinou, nesta ter\u00e7a-feira, 23, a ordem de servi\u00e7o para a constru\u00e7\u00e3o de duas quadras poliesportivas no munic\u00edpio.<\/p>\n<p>Or\u00e7adas em R$ 1.017.965,08, as obras ser\u00e3o executadas com recursos provenientes do Fundo Nacional de Desenvolvimento da Educa\u00e7\u00e3o &#8211; FNDE, pelo programa federal Proinf\u00e2ncia, no \u00e2mbito do Programa de Acelera\u00e7\u00e3o do Crescimento &#8211; PAC 2.<\/p>\n<p>As quadras ser\u00e3o constru\u00eddas na UEB Vereador Jos\u00e9 Carlos Pereira, na Vila Cafeteira, e na UEB Crian\u00e7a Feliz, na Vila S\u00e3o Jos\u00e9, e atender\u00e3o alunos e comunidade em geral. S\u00e3o quadras completas, que tem vesti\u00e1rio e banheiro e, o mais importante, acessibilidade para pessoas com mobilidade reduzida e deficientes.<\/p>\n<p>A solenidade de assinatura da ordem de servi\u00e7o entre a Prefeitura e a construtora BR3, licitada para a execu\u00e7\u00e3o da obra, aconteceu nas escolas contempladas, em dois momentos distintos.<\/p>\n<p>Na Vila Cafeteira, a quadra ser\u00e1 constru\u00edda no terreno da antiga Associa\u00e7\u00e3o de Moradores. A gestora da escola, Patr\u00edcia Rodrigues, agradeceu em nome dos alunos. \u201cOs alunos estavam precisando deste espa\u00e7o. A quadra \u00e9 um incentivo maior ao esporte. Enfim teremos um ambiente adequado para desenvolver as atividades que antes eram realizadas na sala de aula\u201d, informou.<\/p>\n<p><strong>Compromisso<\/strong><\/p>\n<p>Na ocasi\u00e3o, o prefeito de Pa\u00e7o do Lumiar, Josemar Sobreiro, destacou o compromisso da sua administra\u00e7\u00e3o com a educa\u00e7\u00e3o. \u201cCompreendemos que o esporte \u00e9 fundamental para a forma\u00e7\u00e3o dos jovens. E a comunidade da Cafeteira tamb\u00e9m merecia uma quadra de esportes\u201d, afirmou.<\/p>\n<p>A secret\u00e1ria municipal de Educa\u00e7\u00e3o, Ana Paula Pires, destacou que a educa\u00e7\u00e3o no munic\u00edpio est\u00e1 caminhando a passos largos. \u201cQuando a gente v\u00ea a UEB Vereador Jos\u00e9 Carlos Pereira a gente v\u00ea a mudan\u00e7a, a escola est\u00e1 bem estruturada e ganha agora um complemento \u00e0 educa\u00e7\u00e3o que \u00e9 a pr\u00e1tica de esportes\u201d, destacou.<\/p>\n<p>Da Vila Cafeteira, o prefeito, juntamente com o secretariado que o acompanhava, seguiu para a Vila S\u00e3o Jos\u00e9 2, onde foi assinada a ordem de servi\u00e7o que contemplar\u00e1 a UEB Crian\u00e7a Feliz.<\/p>\n<p>Para a gestora da unidade, Danielle Cristina Neves, a quadra tira as crian\u00e7as do risco das ruas, dando uma perspectiva melhor de futuro para elas. \u201cO esporte \u00e9 fundamental para a forma\u00e7\u00e3o dos nossos pequenos. Quem sabe daqui sa\u00edam grandes atletas\u201d, afirmou.<\/p>\n<p><strong>Avan\u00e7o<\/strong><\/p>\n<p>A presidente da Associa\u00e7\u00e3o dos Moradores da Vila S\u00e3o Jos\u00e9 2, Maria da Concei\u00e7\u00e3o, tamb\u00e9m presente \u00e0\u00a0solenidade, destacou que a obra representa um avan\u00e7o. \u201c\u00c9 um grande avan\u00e7o termos sido contemplados com este projeto\u201d, disse.<\/p>\n<p>De acordo com a representante da empresa BR3, Bruna Monteiro, as obras ser\u00e3o entregues em 150 dias. \u201cO nosso compromisso com a Prefeitura, alunos e comunidade \u00e9 de entregar a obra em 150 dias. Nos empenharemos para que este prazo seja cumprido para que todos possam usufruir destes espa\u00e7os e, assim, melhorar a qualidade de vida\u201d, concluiu.<\/p>\n","protected":false},"excerpt":{"rendered":"<p>A Prefeitura de Pa\u00e7o do Lumiar, por meio da Secretaria Municipal de Educa\u00e7\u00e3o, assinou, nesta ter\u00e7a-feira, 23, a ordem de [&hellip;]<\/p>\n","protected":false},"author":0,"featured_media":0,"comment_status":"open","ping_status":"open","sticky":false,"template":"","format":"standard","meta":{"site-sidebar-layout":"default","site-content-layout":"","ast-site-content-layout":"default","site-content-style":"default","site-sidebar-style":"default","ast-global-header-display":"","ast-banner-title-visibility":"","ast-main-header-display":"","ast-hfb-above-header-display":"","ast-hfb-below-header-display":"","ast-hfb-mobile-header-display":"","site-post-title":"","ast-breadcrumbs-content":"","ast-featured-img":"","footer-sml-layout":"","ast-disable-related-posts":"","theme-transparent-header-meta":"","adv-header-id-meta":"","stick-header-meta":"","header-above-stick-meta":"","header-main-stick-meta":"","header-below-stick-meta":"","astra-migrate-meta-layouts":"default","ast-page-background-enabled":"default","ast-page-background-meta":{"desktop":{"background-color":"var(--ast-global-color-5)","background-image":"","background-repeat":"repeat","background-position":"center center","background-size":"auto","background-attachment":"scroll","background-type":"","background-media":"","overlay-type":"","overlay-color":"","overlay-opacity":"","overlay-gradient":""},"tablet":{"background-color":"","background-image":"","background-repeat":"repeat","background-position":"center center","background-size":"auto","background-attachment":"scroll","background-type":"","background-media":"","overlay-type":"","overlay-color":"","overlay-opacity":"","overlay-gradient":""},"mobile":{"background-color":"","background-image":"","background-repeat":"repeat","background-position":"center center","background-size":"auto","background-attachment":"scroll","background-type":"","background-media":"","overlay-type":"","overlay-color":"","overlay-opacity":"","overlay-gradient":""}},"ast-content-background-meta":{"desktop":{"background-color":"var(--ast-global-color-4)","background-image":"","background-repeat":"repeat","background-position":"center center","background-size":"auto","background-attachment":"scroll","background-type":"","background-media":"","overlay-type":"","overlay-color":"","overlay-opacity":"","overlay-gradient":""},"tablet":{"background-color":"var(--ast-global-color-4)","background-image":"","background-repeat":"repeat","background-position":"center center","background-size":"auto","background-attachment":"scroll","background-type":"","background-media":"","overlay-type":"","overlay-color":"","overlay-opacity":"","overlay-gradient":""},"mobile":{"background-color":"var(--ast-global-color-4)","background-image":"","background-repeat":"repeat","background-position":"center center","background-size":"auto","background-attachment":"scroll","background-type":"","background-media":"","overlay-type":"","overlay-color":"","overlay-opacity":"","overlay-gradient":""}},"footnotes":""},"categories":[1],"tags":[],"class_list":["post-19432","post","type-post","status-publish","format-standard","hentry","category-sem-categoria"],"yoast_head":"<!-- This site is optimized with the Yoast SEO plugin v26.6 - https:\/\/yoast.com\/wordpress\/plugins\/seo\/ -->\n<title>Quadras poliesportivas em Pa\u00e7o do Lumiar - Daniel Matos<\/title>\n<meta name=\"robots\" content=\"index, follow, max-snippet:-1, max-image-preview:large, max-video-preview:-1\" \/>\n<link rel=\"canonical\" href=\"https:\/\/www.blogsoestado.com\/danielmatos\/quadras-poliesportivas-em-paco-do-lumiar\/\" \/>\n<meta property=\"og:locale\" content=\"pt_BR\" \/>\n<meta property=\"og:type\" content=\"article\" \/>\n<meta property=\"og:title\" content=\"Quadras poliesportivas em Pa\u00e7o do Lumiar - Daniel Matos\" \/>\n<meta property=\"og:description\" content=\"A Prefeitura de Pa\u00e7o do Lumiar, por meio da Secretaria Municipal de Educa\u00e7\u00e3o, assinou, nesta ter\u00e7a-feira, 23, a ordem de [&hellip;]\" \/>\n<meta property=\"og:url\" content=\"https:\/\/www.blogsoestado.com\/danielmatos\/quadras-poliesportivas-em-paco-do-lumiar\/\" \/>\n<meta property=\"og:site_name\" content=\"Daniel Matos\" \/>\n<meta property=\"article:published_time\" content=\"2014-09-24T11:41:57+00:00\" \/>\n<meta name=\"twitter:card\" content=\"summary_large_image\" \/>\n<meta name=\"twitter:label1\" content=\"Est. tempo de leitura\" \/>\n\t<meta name=\"twitter:data1\" content=\"3 minutos\" \/>\n<script type=\"application\/ld+json\" class=\"yoast-schema-graph\">{\"@context\":\"https:\/\/schema.org\",\"@graph\":[{\"@type\":\"WebPage\",\"@id\":\"https:\/\/www.blogsoestado.com\/danielmatos\/quadras-poliesportivas-em-paco-do-lumiar\/\",\"url\":\"https:\/\/www.blogsoestado.com\/danielmatos\/quadras-poliesportivas-em-paco-do-lumiar\/\",\"name\":\"Quadras poliesportivas em Pa\u00e7o do Lumiar - Daniel Matos\",\"isPartOf\":{\"@id\":\"https:\/\/www.blogsoestado.com\/danielmatos\/#website\"},\"datePublished\":\"2014-09-24T11:41:57+00:00\",\"author\":{\"@id\":\"\"},\"breadcrumb\":{\"@id\":\"https:\/\/www.blogsoestado.com\/danielmatos\/quadras-poliesportivas-em-paco-do-lumiar\/#breadcrumb\"},\"inLanguage\":\"pt-BR\",\"potentialAction\":[{\"@type\":\"ReadAction\",\"target\":[\"https:\/\/www.blogsoestado.com\/danielmatos\/quadras-poliesportivas-em-paco-do-lumiar\/\"]}]},{\"@type\":\"BreadcrumbList\",\"@id\":\"https:\/\/www.blogsoestado.com\/danielmatos\/quadras-poliesportivas-em-paco-do-lumiar\/#breadcrumb\",\"itemListElement\":[{\"@type\":\"ListItem\",\"position\":1,\"name\":\"In\u00edcio\",\"item\":\"https:\/\/www.blogsoestado.com\/danielmatos\/\"},{\"@type\":\"ListItem\",\"position\":2,\"name\":\"Quadras poliesportivas em Pa\u00e7o do Lumiar\"}]},{\"@type\":\"WebSite\",\"@id\":\"https:\/\/www.blogsoestado.com\/danielmatos\/#website\",\"url\":\"https:\/\/www.blogsoestado.com\/danielmatos\/\",\"name\":\"Daniel Matos\",\"description\":\"\",\"potentialAction\":[{\"@type\":\"SearchAction\",\"target\":{\"@type\":\"EntryPoint\",\"urlTemplate\":\"https:\/\/www.blogsoestado.com\/danielmatos\/?s={search_term_string}\"},\"query-input\":{\"@type\":\"PropertyValueSpecification\",\"valueRequired\":true,\"valueName\":\"search_term_string\"}}],\"inLanguage\":\"pt-BR\"}]}<\/script>\n<!-- \/ Yoast SEO plugin. -->","yoast_head_json":{"title":"Quadras poliesportivas em Pa\u00e7o do Lumiar - Daniel Matos","robots":{"index":"index","follow":"follow","max-snippet":"max-snippet:-1","max-image-preview":"max-image-preview:large","max-video-preview":"max-video-preview:-1"},"canonical":"https:\/\/www.blogsoestado.com\/danielmatos\/quadras-poliesportivas-em-paco-do-lumiar\/","og_locale":"pt_BR","og_type":"article","og_title":"Quadras poliesportivas em Pa\u00e7o do Lumiar - Daniel Matos","og_description":"A Prefeitura de Pa\u00e7o do Lumiar, por meio da Secretaria Municipal de Educa\u00e7\u00e3o, assinou, nesta ter\u00e7a-feira, 23, a ordem de [&hellip;]","og_url":"https:\/\/www.blogsoestado.com\/danielmatos\/quadras-poliesportivas-em-paco-do-lumiar\/","og_site_name":"Daniel Matos","article_published_time":"2014-09-24T11:41:57+00:00","twitter_card":"summary_large_image","twitter_misc":{"Est. tempo de leitura":"3 minutos"},"schema":{"@context":"https:\/\/schema.org","@graph":[{"@type":"WebPage","@id":"https:\/\/www.blogsoestado.com\/danielmatos\/quadras-poliesportivas-em-paco-do-lumiar\/","url":"https:\/\/www.blogsoestado.com\/danielmatos\/quadras-poliesportivas-em-paco-do-lumiar\/","name":"Quadras poliesportivas em Pa\u00e7o do Lumiar - Daniel Matos","isPartOf":{"@id":"https:\/\/www.blogsoestado.com\/danielmatos\/#website"},"datePublished":"2014-09-24T11:41:57+00:00","author":{"@id":""},"breadcrumb":{"@id":"https:\/\/www.blogsoestado.com\/danielmatos\/quadras-poliesportivas-em-paco-do-lumiar\/#breadcrumb"},"inLanguage":"pt-BR","potentialAction":[{"@type":"ReadAction","target":["https:\/\/www.blogsoestado.com\/danielmatos\/quadras-poliesportivas-em-paco-do-lumiar\/"]}]},{"@type":"BreadcrumbList","@id":"https:\/\/www.blogsoestado.com\/danielmatos\/quadras-poliesportivas-em-paco-do-lumiar\/#breadcrumb","itemListElement":[{"@type":"ListItem","position":1,"name":"In\u00edcio","item":"https:\/\/www.blogsoestado.com\/danielmatos\/"},{"@type":"ListItem","position":2,"name":"Quadras poliesportivas em Pa\u00e7o do Lumiar"}]},{"@type":"WebSite","@id":"https:\/\/www.blogsoestado.com\/danielmatos\/#website","url":"https:\/\/www.blogsoestado.com\/danielmatos\/","name":"Daniel Matos","description":"","potentialAction":[{"@type":"SearchAction","target":{"@type":"EntryPoint","urlTemplate":"https:\/\/www.blogsoestado.com\/danielmatos\/?s={search_term_string}"},"query-input":{"@type":"PropertyValueSpecification","valueRequired":true,"valueName":"search_term_string"}}],"inLanguage":"pt-BR"}]}},"jetpack_featured_media_url":"","_links":{"self":[{"href":"https:\/\/www.blogsoestado.com\/danielmatos\/wp-json\/wp\/v2\/posts\/19432","targetHints":{"allow":["GET"]}}],"collection":[{"href":"https:\/\/www.blogsoestado.com\/danielmatos\/wp-json\/wp\/v2\/posts"}],"about":[{"href":"https:\/\/www.blogsoestado.com\/danielmatos\/wp-json\/wp\/v2\/types\/post"}],"replies":[{"embeddable":true,"href":"https:\/\/www.blogsoestado.com\/danielmatos\/wp-json\/wp\/v2\/comments?post=19432"}],"version-history":[{"count":0,"href":"https:\/\/www.blogsoestado.com\/danielmatos\/wp-json\/wp\/v2\/posts\/19432\/revisions"}],"wp:attachment":[{"href":"https:\/\/www.blogsoestado.com\/danielmatos\/wp-json\/wp\/v2\/media?parent=19432"}],"wp:term":[{"taxonomy":"category","embeddable":true,"href":"https:\/\/www.blogsoestado.com\/danielmatos\/wp-json\/wp\/v2\/categories?post=19432"},{"taxonomy":"post_tag","embeddable":true,"href":"https:\/\/www.blogsoestado.com\/danielmatos\/wp-json\/wp\/v2\/tags?post=19432"}],"curies":[{"name":"wp","href":"https:\/\/api.w.org\/{rel}","templated":true}]}}