{"id":19435,"date":"2014-09-24T09:08:11","date_gmt":"2014-09-24T12:08:11","guid":{"rendered":"https:\/\/www.blogsoestado.com\/danielmatos\/?p=19435"},"modified":"2014-09-24T09:08:11","modified_gmt":"2014-09-24T12:08:11","slug":"coligacao-de-lobao-filho-pede-a-pf-investigacao-de-video-com-denuncia-contra-flavio-dino","status":"publish","type":"post","link":"https:\/\/www.blogsoestado.com\/danielmatos\/coligacao-de-lobao-filho-pede-a-pf-investigacao-de-video-com-denuncia-contra-flavio-dino\/","title":{"rendered":"Coliga\u00e7\u00e3o de Lob\u00e3o Filho pede \u00e0 PF investiga\u00e7\u00e3o de v\u00eddeo com den\u00fancia contra Fl\u00e1vio Dino"},"content":{"rendered":"<p>A coliga\u00e7\u00e3o \u201cPra Frente Maranh\u00e3o\u201d, integrada pelos partidos PRB, PT, PTB, PMDB, PSL, PTN, PSC, PR, DEM, PRTB, PHS, PMN, PV, PRP, PEN, PSD e PTdoB, protocolou nesta ter\u00e7a-feira (23), na Superintend\u00eancia Regional da Pol\u00edcia Federal no Maranh\u00e3o, pedido de investiga\u00e7\u00e3o de um v\u00eddeo divulgado pela internet, segundo o qual, partidos pol\u00edticos e candidatos estariam envolvidos com o crime organizado na capital. O requerimento tem como finalidade averiguar e apurar todos os fatos.<\/p>\n<p>O coordenador da campanha do candidato Lob\u00e3o Filho ao Governo do Maranh\u00e3o, M\u00e1rcio Coutinho; e o advogado da coliga\u00e7\u00e3o \u201cPra Frente Maranh\u00e3o\u201d, Ruy Villas Boas, chegaram \u00e0 sede da PF com o of\u00edcio e pontualmente \u00e0s 16h55 entregaram no Setor de Protocolo para posterior deferimento do delegado-superintendente da Pol\u00edcia Federal, Alexandre Saraiva.<\/p>\n<p>Para M\u00e1rcio Coutinho, todas as d\u00favidas devem ser apuradas, a fim de que nenhuma especula\u00e7\u00e3o pol\u00edtica permane\u00e7a e nem mesmo sejam divulgadas de forma inver\u00eddica. \u201cQueremos com a entrega deste documento na Pol\u00edcia Federal, acelerar as apura\u00e7\u00f5es, pois precisamos de respostas. Entre elas se o preso existe, o nome, e sua localiza\u00e7\u00e3o. E finalmente se o v\u00eddeo \u00e9 verdadeiro e os relatos aut\u00eanticos\u201d, pontuou.<\/p>\n<p>M\u00e1rcio Coutinho ainda repudiou qualquer tipo de \u201carma\u00e7\u00e3o pol\u00edtica\u201d que queira se aproveitar de den\u00fancia de natureza t\u00e3o grave. \u201cN\u00e3o queremos de forma alguma politizar, mas infelizmente nossos opositores querem se aproveitar. O que queremos \u00e9 uma investiga\u00e7\u00e3o c\u00e9lere. Isso \u00e9 caso de pol\u00edcia, n\u00e3o de pol\u00edtica\u201d, enfatizou o coordenador da coliga\u00e7\u00e3o \u201cPra Frente Maranh\u00e3o\u201d.<\/p>\n<p>O candidato ao governo do Maranh\u00e3o, Lob\u00e3o Filho, que se encontra no interior do Estado em campanha, foi quem, ao tomar conhecimento do v\u00eddeo, determinou que todos os procedimentos legais sejam tomados e a verdade esclarecida.<\/p>\n","protected":false},"excerpt":{"rendered":"<p>A coliga\u00e7\u00e3o \u201cPra Frente Maranh\u00e3o\u201d, integrada pelos partidos PRB, PT, PTB, PMDB, PSL, PTN, PSC, PR, DEM, PRTB, PHS, PMN, [&hellip;]<\/p>\n","protected":false},"author":0,"featured_media":0,"comment_status":"open","ping_status":"open","sticky":false,"template":"","format":"standard","meta":{"site-sidebar-layout":"default","site-content-layout":"","ast-site-content-layout":"default","site-content-style":"default","site-sidebar-style":"default","ast-global-header-display":"","ast-banner-title-visibility":"","ast-main-header-display":"","ast-hfb-above-header-display":"","ast-hfb-below-header-display":"","ast-hfb-mobile-header-display":"","site-post-title":"","ast-breadcrumbs-content":"","ast-featured-img":"","footer-sml-layout":"","ast-disable-related-posts":"","theme-transparent-header-meta":"","adv-header-id-meta":"","stick-header-meta":"","header-above-stick-meta":"","header-main-stick-meta":"","header-below-stick-meta":"","astra-migrate-meta-layouts":"default","ast-page-background-enabled":"default","ast-page-background-meta":{"desktop":{"background-color":"var(--ast-global-color-5)","background-image":"","background-repeat":"repeat","background-position":"center center","background-size":"auto","background-attachment":"scroll","background-type":"","background-media":"","overlay-type":"","overlay-color":"","overlay-opacity":"","overlay-gradient":""},"tablet":{"background-color":"","background-image":"","background-repeat":"repeat","background-position":"center center","background-size":"auto","background-attachment":"scroll","background-type":"","background-media":"","overlay-type":"","overlay-color":"","overlay-opacity":"","overlay-gradient":""},"mobile":{"background-color":"","background-image":"","background-repeat":"repeat","background-position":"center center","background-size":"auto","background-attachment":"scroll","background-type":"","background-media":"","overlay-type":"","overlay-color":"","overlay-opacity":"","overlay-gradient":""}},"ast-content-background-meta":{"desktop":{"background-color":"var(--ast-global-color-4)","background-image":"","background-repeat":"repeat","background-position":"center center","background-size":"auto","background-attachment":"scroll","background-type":"","background-media":"","overlay-type":"","overlay-color":"","overlay-opacity":"","overlay-gradient":""},"tablet":{"background-color":"var(--ast-global-color-4)","background-image":"","background-repeat":"repeat","background-position":"center center","background-size":"auto","background-attachment":"scroll","background-type":"","background-media":"","overlay-type":"","overlay-color":"","overlay-opacity":"","overlay-gradient":""},"mobile":{"background-color":"var(--ast-global-color-4)","background-image":"","background-repeat":"repeat","background-position":"center center","background-size":"auto","background-attachment":"scroll","background-type":"","background-media":"","overlay-type":"","overlay-color":"","overlay-opacity":"","overlay-gradient":""}},"footnotes":""},"categories":[1],"tags":[],"class_list":["post-19435","post","type-post","status-publish","format-standard","hentry","category-sem-categoria"],"yoast_head":"<!-- This site is optimized with the Yoast SEO plugin v26.6 - https:\/\/yoast.com\/wordpress\/plugins\/seo\/ -->\n<title>Coliga\u00e7\u00e3o de Lob\u00e3o Filho pede \u00e0 PF investiga\u00e7\u00e3o de v\u00eddeo com den\u00fancia contra Fl\u00e1vio Dino - Daniel Matos<\/title>\n<meta name=\"robots\" content=\"index, follow, max-snippet:-1, max-image-preview:large, max-video-preview:-1\" \/>\n<link rel=\"canonical\" href=\"https:\/\/www.blogsoestado.com\/danielmatos\/coligacao-de-lobao-filho-pede-a-pf-investigacao-de-video-com-denuncia-contra-flavio-dino\/\" \/>\n<meta property=\"og:locale\" content=\"pt_BR\" \/>\n<meta property=\"og:type\" content=\"article\" \/>\n<meta property=\"og:title\" content=\"Coliga\u00e7\u00e3o de Lob\u00e3o Filho pede \u00e0 PF investiga\u00e7\u00e3o de v\u00eddeo com den\u00fancia contra Fl\u00e1vio Dino - Daniel Matos\" \/>\n<meta property=\"og:description\" content=\"A coliga\u00e7\u00e3o \u201cPra Frente Maranh\u00e3o\u201d, integrada pelos partidos PRB, PT, PTB, PMDB, PSL, PTN, PSC, PR, DEM, PRTB, PHS, PMN, [&hellip;]\" \/>\n<meta property=\"og:url\" content=\"https:\/\/www.blogsoestado.com\/danielmatos\/coligacao-de-lobao-filho-pede-a-pf-investigacao-de-video-com-denuncia-contra-flavio-dino\/\" \/>\n<meta property=\"og:site_name\" content=\"Daniel Matos\" \/>\n<meta property=\"article:published_time\" content=\"2014-09-24T12:08:11+00:00\" \/>\n<meta name=\"twitter:card\" content=\"summary_large_image\" \/>\n<meta name=\"twitter:label1\" content=\"Est. tempo de leitura\" \/>\n\t<meta name=\"twitter:data1\" content=\"2 minutos\" \/>\n<script type=\"application\/ld+json\" class=\"yoast-schema-graph\">{\"@context\":\"https:\/\/schema.org\",\"@graph\":[{\"@type\":\"WebPage\",\"@id\":\"https:\/\/www.blogsoestado.com\/danielmatos\/coligacao-de-lobao-filho-pede-a-pf-investigacao-de-video-com-denuncia-contra-flavio-dino\/\",\"url\":\"https:\/\/www.blogsoestado.com\/danielmatos\/coligacao-de-lobao-filho-pede-a-pf-investigacao-de-video-com-denuncia-contra-flavio-dino\/\",\"name\":\"Coliga\u00e7\u00e3o de Lob\u00e3o Filho pede \u00e0 PF investiga\u00e7\u00e3o de v\u00eddeo com den\u00fancia contra Fl\u00e1vio Dino - Daniel Matos\",\"isPartOf\":{\"@id\":\"https:\/\/www.blogsoestado.com\/danielmatos\/#website\"},\"datePublished\":\"2014-09-24T12:08:11+00:00\",\"author\":{\"@id\":\"\"},\"breadcrumb\":{\"@id\":\"https:\/\/www.blogsoestado.com\/danielmatos\/coligacao-de-lobao-filho-pede-a-pf-investigacao-de-video-com-denuncia-contra-flavio-dino\/#breadcrumb\"},\"inLanguage\":\"pt-BR\",\"potentialAction\":[{\"@type\":\"ReadAction\",\"target\":[\"https:\/\/www.blogsoestado.com\/danielmatos\/coligacao-de-lobao-filho-pede-a-pf-investigacao-de-video-com-denuncia-contra-flavio-dino\/\"]}]},{\"@type\":\"BreadcrumbList\",\"@id\":\"https:\/\/www.blogsoestado.com\/danielmatos\/coligacao-de-lobao-filho-pede-a-pf-investigacao-de-video-com-denuncia-contra-flavio-dino\/#breadcrumb\",\"itemListElement\":[{\"@type\":\"ListItem\",\"position\":1,\"name\":\"In\u00edcio\",\"item\":\"https:\/\/www.blogsoestado.com\/danielmatos\/\"},{\"@type\":\"ListItem\",\"position\":2,\"name\":\"Coliga\u00e7\u00e3o de Lob\u00e3o Filho pede \u00e0 PF investiga\u00e7\u00e3o de v\u00eddeo com den\u00fancia contra Fl\u00e1vio Dino\"}]},{\"@type\":\"WebSite\",\"@id\":\"https:\/\/www.blogsoestado.com\/danielmatos\/#website\",\"url\":\"https:\/\/www.blogsoestado.com\/danielmatos\/\",\"name\":\"Daniel Matos\",\"description\":\"\",\"potentialAction\":[{\"@type\":\"SearchAction\",\"target\":{\"@type\":\"EntryPoint\",\"urlTemplate\":\"https:\/\/www.blogsoestado.com\/danielmatos\/?s={search_term_string}\"},\"query-input\":{\"@type\":\"PropertyValueSpecification\",\"valueRequired\":true,\"valueName\":\"search_term_string\"}}],\"inLanguage\":\"pt-BR\"}]}<\/script>\n<!-- \/ Yoast SEO plugin. -->","yoast_head_json":{"title":"Coliga\u00e7\u00e3o de Lob\u00e3o Filho pede \u00e0 PF investiga\u00e7\u00e3o de v\u00eddeo com den\u00fancia contra Fl\u00e1vio Dino - Daniel Matos","robots":{"index":"index","follow":"follow","max-snippet":"max-snippet:-1","max-image-preview":"max-image-preview:large","max-video-preview":"max-video-preview:-1"},"canonical":"https:\/\/www.blogsoestado.com\/danielmatos\/coligacao-de-lobao-filho-pede-a-pf-investigacao-de-video-com-denuncia-contra-flavio-dino\/","og_locale":"pt_BR","og_type":"article","og_title":"Coliga\u00e7\u00e3o de Lob\u00e3o Filho pede \u00e0 PF investiga\u00e7\u00e3o de v\u00eddeo com den\u00fancia contra Fl\u00e1vio Dino - Daniel Matos","og_description":"A coliga\u00e7\u00e3o \u201cPra Frente Maranh\u00e3o\u201d, integrada pelos partidos PRB, PT, PTB, PMDB, PSL, PTN, PSC, PR, DEM, PRTB, PHS, PMN, [&hellip;]","og_url":"https:\/\/www.blogsoestado.com\/danielmatos\/coligacao-de-lobao-filho-pede-a-pf-investigacao-de-video-com-denuncia-contra-flavio-dino\/","og_site_name":"Daniel Matos","article_published_time":"2014-09-24T12:08:11+00:00","twitter_card":"summary_large_image","twitter_misc":{"Est. tempo de leitura":"2 minutos"},"schema":{"@context":"https:\/\/schema.org","@graph":[{"@type":"WebPage","@id":"https:\/\/www.blogsoestado.com\/danielmatos\/coligacao-de-lobao-filho-pede-a-pf-investigacao-de-video-com-denuncia-contra-flavio-dino\/","url":"https:\/\/www.blogsoestado.com\/danielmatos\/coligacao-de-lobao-filho-pede-a-pf-investigacao-de-video-com-denuncia-contra-flavio-dino\/","name":"Coliga\u00e7\u00e3o de Lob\u00e3o Filho pede \u00e0 PF investiga\u00e7\u00e3o de v\u00eddeo com den\u00fancia contra Fl\u00e1vio Dino - Daniel Matos","isPartOf":{"@id":"https:\/\/www.blogsoestado.com\/danielmatos\/#website"},"datePublished":"2014-09-24T12:08:11+00:00","author":{"@id":""},"breadcrumb":{"@id":"https:\/\/www.blogsoestado.com\/danielmatos\/coligacao-de-lobao-filho-pede-a-pf-investigacao-de-video-com-denuncia-contra-flavio-dino\/#breadcrumb"},"inLanguage":"pt-BR","potentialAction":[{"@type":"ReadAction","target":["https:\/\/www.blogsoestado.com\/danielmatos\/coligacao-de-lobao-filho-pede-a-pf-investigacao-de-video-com-denuncia-contra-flavio-dino\/"]}]},{"@type":"BreadcrumbList","@id":"https:\/\/www.blogsoestado.com\/danielmatos\/coligacao-de-lobao-filho-pede-a-pf-investigacao-de-video-com-denuncia-contra-flavio-dino\/#breadcrumb","itemListElement":[{"@type":"ListItem","position":1,"name":"In\u00edcio","item":"https:\/\/www.blogsoestado.com\/danielmatos\/"},{"@type":"ListItem","position":2,"name":"Coliga\u00e7\u00e3o de Lob\u00e3o Filho pede \u00e0 PF investiga\u00e7\u00e3o de v\u00eddeo com den\u00fancia contra Fl\u00e1vio Dino"}]},{"@type":"WebSite","@id":"https:\/\/www.blogsoestado.com\/danielmatos\/#website","url":"https:\/\/www.blogsoestado.com\/danielmatos\/","name":"Daniel Matos","description":"","potentialAction":[{"@type":"SearchAction","target":{"@type":"EntryPoint","urlTemplate":"https:\/\/www.blogsoestado.com\/danielmatos\/?s={search_term_string}"},"query-input":{"@type":"PropertyValueSpecification","valueRequired":true,"valueName":"search_term_string"}}],"inLanguage":"pt-BR"}]}},"jetpack_featured_media_url":"","_links":{"self":[{"href":"https:\/\/www.blogsoestado.com\/danielmatos\/wp-json\/wp\/v2\/posts\/19435","targetHints":{"allow":["GET"]}}],"collection":[{"href":"https:\/\/www.blogsoestado.com\/danielmatos\/wp-json\/wp\/v2\/posts"}],"about":[{"href":"https:\/\/www.blogsoestado.com\/danielmatos\/wp-json\/wp\/v2\/types\/post"}],"replies":[{"embeddable":true,"href":"https:\/\/www.blogsoestado.com\/danielmatos\/wp-json\/wp\/v2\/comments?post=19435"}],"version-history":[{"count":0,"href":"https:\/\/www.blogsoestado.com\/danielmatos\/wp-json\/wp\/v2\/posts\/19435\/revisions"}],"wp:attachment":[{"href":"https:\/\/www.blogsoestado.com\/danielmatos\/wp-json\/wp\/v2\/media?parent=19435"}],"wp:term":[{"taxonomy":"category","embeddable":true,"href":"https:\/\/www.blogsoestado.com\/danielmatos\/wp-json\/wp\/v2\/categories?post=19435"},{"taxonomy":"post_tag","embeddable":true,"href":"https:\/\/www.blogsoestado.com\/danielmatos\/wp-json\/wp\/v2\/tags?post=19435"}],"curies":[{"name":"wp","href":"https:\/\/api.w.org\/{rel}","templated":true}]}}