{"id":19446,"date":"2014-09-24T18:09:20","date_gmt":"2014-09-24T21:09:20","guid":{"rendered":"https:\/\/www.blogsoestado.com\/danielmatos\/?p=19446"},"modified":"2014-09-24T18:09:20","modified_gmt":"2014-09-24T21:09:20","slug":"nao-se-usa-o-medo-como-cabo-eleitoral-alerta-lobao-filho","status":"publish","type":"post","link":"https:\/\/www.blogsoestado.com\/danielmatos\/nao-se-usa-o-medo-como-cabo-eleitoral-alerta-lobao-filho\/","title":{"rendered":"&#8220;N\u00e3o se usa o medo como cabo eleitoral&#8221;, alerta Lob\u00e3o Filho"},"content":{"rendered":"<figure id=\"attachment_19447\" aria-describedby=\"caption-attachment-19447\" style=\"width: 640px\" class=\"wp-caption aligncenter\"><a href=\"https:\/\/www.blogsoestado.com\/danielmatos\/files\/2014\/09\/lobao-filho-am.jpg\"><img fetchpriority=\"high\" decoding=\"async\" class=\"size-full wp-image-19447\" src=\"https:\/\/www.blogsoestado.com\/danielmatos\/files\/2014\/09\/lobao-filho-am.jpg\" alt=\"Em entrevista \u00e0 Mirante AM, Lob\u00e3o Filho condenou uso do medo para fins eleitorais (Foto: Bin\u00e9 Morais) \" width=\"640\" height=\"427\" \/><\/a><figcaption id=\"caption-attachment-19447\" class=\"wp-caption-text\">Em entrevista \u00e0 R\u00e1dio Mirante AM, Lob\u00e3o Filho condenou uso do medo para fins eleitorais (Foto: Bin\u00e9 Morais)<\/figcaption><\/figure>\n<p>O candidato da coliga\u00e7\u00e3o &#8220;Pra Frente, Maranh\u00e3o&#8221;, Lob\u00e3o Filho, fez um grave alerta hoje em entrevista \u00e0 R\u00e1dio Mirante AM. O peemedebista, que participou da segunda sabatina promovida pela emissora\u00a0com postulantes ao governo estadual, censurou o\u00a0&#8220;uso do medo como cabo eleitoral&#8221;, referindo-se \u00e0 explora\u00e7\u00e3o pol\u00edtico-midi\u00e1tica do caos pelo advers\u00e1rio do PCdoB. &#8220;Se isso acontece na campanha eleitoral, imagine em um eventual per\u00edodo de governo&#8221;, advertiu.<\/p>\n<p>Na entrevista, Lob\u00e3o Filho disse\u00a0que ingressou com uma queixa-crime contra o advers\u00e1rio da coliga\u00e7\u00e3o &#8220;Todos pelo Maranh\u00e3o&#8221;, Fl\u00e1vio Dino, que o acusou de ter participado de uma fraude, referindo-se \u00e0 divulga\u00e7\u00e3o de um v\u00eddeo em que o criminoso Andr\u00e9 Esc\u00f3cio de Caldas aponta, em interrogat\u00f3rio, o comunista como l\u00edder de uma quadrilha envolvida com assaltos a banco, tr\u00e1fico de drogas, com conex\u00f5es no Complexo Penitenci\u00e1rio de Pedrinhas.<\/p>\n<p>Ao participar da segunda sabatina promovida pela emissora com candidatos ao governo, Lob\u00e3o Filho afirmou ter sido o \u00faltimo a saber da exist\u00eancia do v\u00eddeo. &#8220;Eu estava em campanha no interior quando me ligaram para informar sobre o v\u00eddeo, cujo teor\u00a0apresenta uma concatena\u00e7\u00e3o de argumentos muito racional&#8221;, assinalou o peemedebista.<\/p>\n<p>O candidato do PMDB disse que tem uma hist\u00f3ria de vida e que n\u00e3o iria manchar sua trajet\u00f3ria para agredir um advers\u00e1rio pol\u00edtico dessa forma. &#8220;Tenho meus limites e esse caso est\u00e1 muito al\u00e9m\u00a0do que posso alcan\u00e7ar&#8221;, observou. &#8220;Se eu fosse respons\u00e1vel por uma trama como essa, como o Fl\u00e1vio Dino me acusa, eu deveria estar preso&#8221;, sugeriu.<\/p>\n<p><strong>Viol\u00eancia suspeita<\/strong><\/p>\n<p>Sobre o clima de caos que se instalou em S\u00e3o Lu\u00eds faltando menos de duas semanas para a elei\u00e7\u00e3o, Lob\u00e3o Filho disse achar estranho que tantos epis\u00f3dios de viol\u00eancia estejam ocorrendo na cidade. Para refor\u00e7ar seu racioc\u00ednio, ele citou uma mensagem de Whatsapp enviada a jornalistas pelo petista M\u00e1rcio Jardim, aliado de primeira hora do candidato comunista, informando que os autores dos inc\u00eandios a \u00f4nibus ocorridos no \u00faltimo fim de semana foram os &#8220;loucos do 65&#8221;.<\/p>\n<p>Lob\u00e3o Filho citou\u00a0a presen\u00e7a, no palanque de Fl\u00e1vio Dino, de pessoas influentes e atuantes\u00a0no sistema de seguran\u00e7a p\u00fablica, com forte ascend\u00eancia na categoria, inclusive nos sindicatos que representam a classe. &#8220;Essas pessoas podem influenciar delegados e demais policiais civis&#8221;, afirmou. &#8220;N\u00e3o estou acusando ningu\u00e9m, mas acho a situa\u00e7\u00e3o muito estranha&#8221;.<\/p>\n<p><strong>Queixa-crime<\/strong><\/p>\n<p>Em rela\u00e7\u00e3o \u00e0 queixa-crime que fez contra Fl\u00e1vio Dino, que o acusou de forjar o v\u00eddeo, Lob\u00e3o Filho observou que em vez de caluniar advers\u00e1rios, o comunista deveria propor a investiga\u00e7\u00e3o da den\u00fancia feita pelo preso. Sobre o fato de Dino ter o h\u00e1bito de\u00a0exaltar sua conduta moral, mencionando sempre sua condi\u00e7\u00e3o de ex-juiz federal, o peemedebista lembrou o caso do ex-senador Dem\u00f3stenes Torres, que mesmo sendo promotor de Justi\u00e7a, foi cassado em 2012 por envolvimento com o bicheiro Carlinhos Cachoeira.<\/p>\n<p>Segundo ele,\u00a0o comunista, ao mesmo tempo em que se apresenta como arauto\u00a0da moralidade, est\u00e1 cercado de indiv\u00edduos com comportamento\u00a0duvidoso, citando a rela\u00e7\u00e3o pr\u00f3xima do rival com o pecuarista Ded\u00e9 Macedo, acusado de ser um dos maiores agiotas do Maranh\u00e3o, que at\u00e9 cedeu um\u00a0helic\u00f3ptero para facilitar seus deslocamentos pelo estado durante a campanha.<\/p>\n","protected":false},"excerpt":{"rendered":"<p>O candidato da coliga\u00e7\u00e3o &#8220;Pra Frente, Maranh\u00e3o&#8221;, Lob\u00e3o Filho, fez um grave alerta hoje em entrevista \u00e0 R\u00e1dio Mirante AM. [&hellip;]<\/p>\n","protected":false},"author":0,"featured_media":0,"comment_status":"open","ping_status":"open","sticky":false,"template":"","format":"standard","meta":{"site-sidebar-layout":"default","site-content-layout":"","ast-site-content-layout":"default","site-content-style":"default","site-sidebar-style":"default","ast-global-header-display":"","ast-banner-title-visibility":"","ast-main-header-display":"","ast-hfb-above-header-display":"","ast-hfb-below-header-display":"","ast-hfb-mobile-header-display":"","site-post-title":"","ast-breadcrumbs-content":"","ast-featured-img":"","footer-sml-layout":"","ast-disable-related-posts":"","theme-transparent-header-meta":"","adv-header-id-meta":"","stick-header-meta":"","header-above-stick-meta":"","header-main-stick-meta":"","header-below-stick-meta":"","astra-migrate-meta-layouts":"default","ast-page-background-enabled":"default","ast-page-background-meta":{"desktop":{"background-color":"var(--ast-global-color-5)","background-image":"","background-repeat":"repeat","background-position":"center center","background-size":"auto","background-attachment":"scroll","background-type":"","background-media":"","overlay-type":"","overlay-color":"","overlay-opacity":"","overlay-gradient":""},"tablet":{"background-color":"","background-image":"","background-repeat":"repeat","background-position":"center center","background-size":"auto","background-attachment":"scroll","background-type":"","background-media":"","overlay-type":"","overlay-color":"","overlay-opacity":"","overlay-gradient":""},"mobile":{"background-color":"","background-image":"","background-repeat":"repeat","background-position":"center center","background-size":"auto","background-attachment":"scroll","background-type":"","background-media":"","overlay-type":"","overlay-color":"","overlay-opacity":"","overlay-gradient":""}},"ast-content-background-meta":{"desktop":{"background-color":"var(--ast-global-color-4)","background-image":"","background-repeat":"repeat","background-position":"center center","background-size":"auto","background-attachment":"scroll","background-type":"","background-media":"","overlay-type":"","overlay-color":"","overlay-opacity":"","overlay-gradient":""},"tablet":{"background-color":"var(--ast-global-color-4)","background-image":"","background-repeat":"repeat","background-position":"center center","background-size":"auto","background-attachment":"scroll","background-type":"","background-media":"","overlay-type":"","overlay-color":"","overlay-opacity":"","overlay-gradient":""},"mobile":{"background-color":"var(--ast-global-color-4)","background-image":"","background-repeat":"repeat","background-position":"center center","background-size":"auto","background-attachment":"scroll","background-type":"","background-media":"","overlay-type":"","overlay-color":"","overlay-opacity":"","overlay-gradient":""}},"footnotes":""},"categories":[1],"tags":[],"class_list":["post-19446","post","type-post","status-publish","format-standard","hentry","category-sem-categoria"],"yoast_head":"<!-- This site is optimized with the Yoast SEO plugin v26.6 - https:\/\/yoast.com\/wordpress\/plugins\/seo\/ -->\n<title>&quot;N\u00e3o se usa o medo como cabo eleitoral&quot;, alerta Lob\u00e3o Filho - Daniel Matos<\/title>\n<meta name=\"robots\" content=\"index, follow, max-snippet:-1, max-image-preview:large, max-video-preview:-1\" \/>\n<link rel=\"canonical\" href=\"https:\/\/www.blogsoestado.com\/danielmatos\/nao-se-usa-o-medo-como-cabo-eleitoral-alerta-lobao-filho\/\" \/>\n<meta property=\"og:locale\" content=\"pt_BR\" \/>\n<meta property=\"og:type\" content=\"article\" \/>\n<meta property=\"og:title\" content=\"&quot;N\u00e3o se usa o medo como cabo eleitoral&quot;, alerta Lob\u00e3o Filho - Daniel Matos\" \/>\n<meta property=\"og:description\" content=\"O candidato da coliga\u00e7\u00e3o &#8220;Pra Frente, Maranh\u00e3o&#8221;, Lob\u00e3o Filho, fez um grave alerta hoje em entrevista \u00e0 R\u00e1dio Mirante AM. [&hellip;]\" \/>\n<meta property=\"og:url\" content=\"https:\/\/www.blogsoestado.com\/danielmatos\/nao-se-usa-o-medo-como-cabo-eleitoral-alerta-lobao-filho\/\" \/>\n<meta property=\"og:site_name\" content=\"Daniel Matos\" \/>\n<meta property=\"article:published_time\" content=\"2014-09-24T21:09:20+00:00\" \/>\n<meta property=\"og:image\" content=\"https:\/\/www.blogsoestado.com\/danielmatos\/files\/2014\/09\/lobao-filho-am.jpg\" \/>\n<meta name=\"twitter:card\" content=\"summary_large_image\" \/>\n<meta name=\"twitter:label1\" content=\"Est. tempo de leitura\" \/>\n\t<meta name=\"twitter:data1\" content=\"3 minutos\" \/>\n<script type=\"application\/ld+json\" class=\"yoast-schema-graph\">{\"@context\":\"https:\/\/schema.org\",\"@graph\":[{\"@type\":\"WebPage\",\"@id\":\"https:\/\/www.blogsoestado.com\/danielmatos\/nao-se-usa-o-medo-como-cabo-eleitoral-alerta-lobao-filho\/\",\"url\":\"https:\/\/www.blogsoestado.com\/danielmatos\/nao-se-usa-o-medo-como-cabo-eleitoral-alerta-lobao-filho\/\",\"name\":\"\\\"N\u00e3o se usa o medo como cabo eleitoral\\\", alerta Lob\u00e3o Filho - Daniel Matos\",\"isPartOf\":{\"@id\":\"https:\/\/www.blogsoestado.com\/danielmatos\/#website\"},\"primaryImageOfPage\":{\"@id\":\"https:\/\/www.blogsoestado.com\/danielmatos\/nao-se-usa-o-medo-como-cabo-eleitoral-alerta-lobao-filho\/#primaryimage\"},\"image\":{\"@id\":\"https:\/\/www.blogsoestado.com\/danielmatos\/nao-se-usa-o-medo-como-cabo-eleitoral-alerta-lobao-filho\/#primaryimage\"},\"thumbnailUrl\":\"https:\/\/www.blogsoestado.com\/danielmatos\/files\/2014\/09\/lobao-filho-am.jpg\",\"datePublished\":\"2014-09-24T21:09:20+00:00\",\"author\":{\"@id\":\"\"},\"breadcrumb\":{\"@id\":\"https:\/\/www.blogsoestado.com\/danielmatos\/nao-se-usa-o-medo-como-cabo-eleitoral-alerta-lobao-filho\/#breadcrumb\"},\"inLanguage\":\"pt-BR\",\"potentialAction\":[{\"@type\":\"ReadAction\",\"target\":[\"https:\/\/www.blogsoestado.com\/danielmatos\/nao-se-usa-o-medo-como-cabo-eleitoral-alerta-lobao-filho\/\"]}]},{\"@type\":\"ImageObject\",\"inLanguage\":\"pt-BR\",\"@id\":\"https:\/\/www.blogsoestado.com\/danielmatos\/nao-se-usa-o-medo-como-cabo-eleitoral-alerta-lobao-filho\/#primaryimage\",\"url\":\"https:\/\/www.blogsoestado.com\/danielmatos\/files\/2014\/09\/lobao-filho-am.jpg\",\"contentUrl\":\"https:\/\/www.blogsoestado.com\/danielmatos\/files\/2014\/09\/lobao-filho-am.jpg\"},{\"@type\":\"BreadcrumbList\",\"@id\":\"https:\/\/www.blogsoestado.com\/danielmatos\/nao-se-usa-o-medo-como-cabo-eleitoral-alerta-lobao-filho\/#breadcrumb\",\"itemListElement\":[{\"@type\":\"ListItem\",\"position\":1,\"name\":\"In\u00edcio\",\"item\":\"https:\/\/www.blogsoestado.com\/danielmatos\/\"},{\"@type\":\"ListItem\",\"position\":2,\"name\":\"&#8220;N\u00e3o se usa o medo como cabo eleitoral&#8221;, alerta Lob\u00e3o Filho\"}]},{\"@type\":\"WebSite\",\"@id\":\"https:\/\/www.blogsoestado.com\/danielmatos\/#website\",\"url\":\"https:\/\/www.blogsoestado.com\/danielmatos\/\",\"name\":\"Daniel Matos\",\"description\":\"\",\"potentialAction\":[{\"@type\":\"SearchAction\",\"target\":{\"@type\":\"EntryPoint\",\"urlTemplate\":\"https:\/\/www.blogsoestado.com\/danielmatos\/?s={search_term_string}\"},\"query-input\":{\"@type\":\"PropertyValueSpecification\",\"valueRequired\":true,\"valueName\":\"search_term_string\"}}],\"inLanguage\":\"pt-BR\"}]}<\/script>\n<!-- \/ Yoast SEO plugin. -->","yoast_head_json":{"title":"\"N\u00e3o se usa o medo como cabo eleitoral\", alerta Lob\u00e3o Filho - Daniel Matos","robots":{"index":"index","follow":"follow","max-snippet":"max-snippet:-1","max-image-preview":"max-image-preview:large","max-video-preview":"max-video-preview:-1"},"canonical":"https:\/\/www.blogsoestado.com\/danielmatos\/nao-se-usa-o-medo-como-cabo-eleitoral-alerta-lobao-filho\/","og_locale":"pt_BR","og_type":"article","og_title":"\"N\u00e3o se usa o medo como cabo eleitoral\", alerta Lob\u00e3o Filho - Daniel Matos","og_description":"O candidato da coliga\u00e7\u00e3o &#8220;Pra Frente, Maranh\u00e3o&#8221;, Lob\u00e3o Filho, fez um grave alerta hoje em entrevista \u00e0 R\u00e1dio Mirante AM. [&hellip;]","og_url":"https:\/\/www.blogsoestado.com\/danielmatos\/nao-se-usa-o-medo-como-cabo-eleitoral-alerta-lobao-filho\/","og_site_name":"Daniel Matos","article_published_time":"2014-09-24T21:09:20+00:00","og_image":[{"url":"https:\/\/www.blogsoestado.com\/danielmatos\/files\/2014\/09\/lobao-filho-am.jpg","type":"","width":"","height":""}],"twitter_card":"summary_large_image","twitter_misc":{"Est. tempo de leitura":"3 minutos"},"schema":{"@context":"https:\/\/schema.org","@graph":[{"@type":"WebPage","@id":"https:\/\/www.blogsoestado.com\/danielmatos\/nao-se-usa-o-medo-como-cabo-eleitoral-alerta-lobao-filho\/","url":"https:\/\/www.blogsoestado.com\/danielmatos\/nao-se-usa-o-medo-como-cabo-eleitoral-alerta-lobao-filho\/","name":"\"N\u00e3o se usa o medo como cabo eleitoral\", alerta Lob\u00e3o Filho - Daniel Matos","isPartOf":{"@id":"https:\/\/www.blogsoestado.com\/danielmatos\/#website"},"primaryImageOfPage":{"@id":"https:\/\/www.blogsoestado.com\/danielmatos\/nao-se-usa-o-medo-como-cabo-eleitoral-alerta-lobao-filho\/#primaryimage"},"image":{"@id":"https:\/\/www.blogsoestado.com\/danielmatos\/nao-se-usa-o-medo-como-cabo-eleitoral-alerta-lobao-filho\/#primaryimage"},"thumbnailUrl":"https:\/\/www.blogsoestado.com\/danielmatos\/files\/2014\/09\/lobao-filho-am.jpg","datePublished":"2014-09-24T21:09:20+00:00","author":{"@id":""},"breadcrumb":{"@id":"https:\/\/www.blogsoestado.com\/danielmatos\/nao-se-usa-o-medo-como-cabo-eleitoral-alerta-lobao-filho\/#breadcrumb"},"inLanguage":"pt-BR","potentialAction":[{"@type":"ReadAction","target":["https:\/\/www.blogsoestado.com\/danielmatos\/nao-se-usa-o-medo-como-cabo-eleitoral-alerta-lobao-filho\/"]}]},{"@type":"ImageObject","inLanguage":"pt-BR","@id":"https:\/\/www.blogsoestado.com\/danielmatos\/nao-se-usa-o-medo-como-cabo-eleitoral-alerta-lobao-filho\/#primaryimage","url":"https:\/\/www.blogsoestado.com\/danielmatos\/files\/2014\/09\/lobao-filho-am.jpg","contentUrl":"https:\/\/www.blogsoestado.com\/danielmatos\/files\/2014\/09\/lobao-filho-am.jpg"},{"@type":"BreadcrumbList","@id":"https:\/\/www.blogsoestado.com\/danielmatos\/nao-se-usa-o-medo-como-cabo-eleitoral-alerta-lobao-filho\/#breadcrumb","itemListElement":[{"@type":"ListItem","position":1,"name":"In\u00edcio","item":"https:\/\/www.blogsoestado.com\/danielmatos\/"},{"@type":"ListItem","position":2,"name":"&#8220;N\u00e3o se usa o medo como cabo eleitoral&#8221;, alerta Lob\u00e3o Filho"}]},{"@type":"WebSite","@id":"https:\/\/www.blogsoestado.com\/danielmatos\/#website","url":"https:\/\/www.blogsoestado.com\/danielmatos\/","name":"Daniel Matos","description":"","potentialAction":[{"@type":"SearchAction","target":{"@type":"EntryPoint","urlTemplate":"https:\/\/www.blogsoestado.com\/danielmatos\/?s={search_term_string}"},"query-input":{"@type":"PropertyValueSpecification","valueRequired":true,"valueName":"search_term_string"}}],"inLanguage":"pt-BR"}]}},"jetpack_featured_media_url":"","_links":{"self":[{"href":"https:\/\/www.blogsoestado.com\/danielmatos\/wp-json\/wp\/v2\/posts\/19446","targetHints":{"allow":["GET"]}}],"collection":[{"href":"https:\/\/www.blogsoestado.com\/danielmatos\/wp-json\/wp\/v2\/posts"}],"about":[{"href":"https:\/\/www.blogsoestado.com\/danielmatos\/wp-json\/wp\/v2\/types\/post"}],"replies":[{"embeddable":true,"href":"https:\/\/www.blogsoestado.com\/danielmatos\/wp-json\/wp\/v2\/comments?post=19446"}],"version-history":[{"count":0,"href":"https:\/\/www.blogsoestado.com\/danielmatos\/wp-json\/wp\/v2\/posts\/19446\/revisions"}],"wp:attachment":[{"href":"https:\/\/www.blogsoestado.com\/danielmatos\/wp-json\/wp\/v2\/media?parent=19446"}],"wp:term":[{"taxonomy":"category","embeddable":true,"href":"https:\/\/www.blogsoestado.com\/danielmatos\/wp-json\/wp\/v2\/categories?post=19446"},{"taxonomy":"post_tag","embeddable":true,"href":"https:\/\/www.blogsoestado.com\/danielmatos\/wp-json\/wp\/v2\/tags?post=19446"}],"curies":[{"name":"wp","href":"https:\/\/api.w.org\/{rel}","templated":true}]}}