{"id":19452,"date":"2014-09-24T20:59:00","date_gmt":"2014-09-24T23:59:00","guid":{"rendered":"https:\/\/www.blogsoestado.com\/danielmatos\/?p=19452"},"modified":"2014-09-24T20:59:00","modified_gmt":"2014-09-24T23:59:00","slug":"pesquisa-merita-aponta-subida-de-lobao-filho-e-queda-de-flavio-dino","status":"publish","type":"post","link":"https:\/\/www.blogsoestado.com\/danielmatos\/pesquisa-merita-aponta-subida-de-lobao-filho-e-queda-de-flavio-dino\/","title":{"rendered":"Pesquisa Merita aponta subida de Lob\u00e3o Filho e queda de Fl\u00e1vio Dino"},"content":{"rendered":"<p><strong>Blog <a href=\"http:\/\/www.diarioderosario.com.br\/2014\/09\/pesquisa-merita-aponta-subida-de-lobao.html\" target=\"_blank\">Di\u00e1rio de Ros\u00e1rio<\/a><\/strong><\/p>\n<p><a href=\"https:\/\/www.blogsoestado.com\/danielmatos\/files\/2014\/09\/merita.png\"><img fetchpriority=\"high\" decoding=\"async\" class=\"aligncenter size-full wp-image-19453\" src=\"https:\/\/www.blogsoestado.com\/danielmatos\/files\/2014\/09\/merita.png\" alt=\"merita\" width=\"480\" height=\"525\" \/><\/a><\/p>\n<p>Nova pesquisa do Instituto Merita confirma a subida de cinco pontos percentuais do candidato Lob\u00e3o Filho (Coliga\u00e7\u00e3o Pr\u00e1 Frente Maranh\u00e3o) na corrida ao governo do Estado.<\/p>\n<p>O levantamento mostra a queda de 10 pontos de Fl\u00e1vio Dino (Todos pelo Maranh\u00e3o): Dino tinha 48 % em no dia 20 de setembro e, agora, aparece com 39%; Lob\u00e3o Filho tinha 27% e, agora, tem 32% da prefer\u00eancia do eleitorado maranhense.<\/p>\n<p>Em terceiro lugar vem o candidato Z\u00e9luis Lago (PPL) com 5%. O quarto colocado, segundo o Intituto Merita, \u00e9 o candidato Pedrosa (PSOL) com 1%.<\/p>\n<p>Na corrida pelo Senado, Gast\u00e3o Vieira (PMDB) aparece em primeiro lugar com 29%, seguido de Roberto Rocha (PSB), com 24%. A pesquisa foi registrada no TRE sob o n\u00famero 00053\/2014. A margem de erro \u00e9 de 3 pontos para mais ou para menos.<\/p>\n","protected":false},"excerpt":{"rendered":"<p>Blog Di\u00e1rio de Ros\u00e1rio Nova pesquisa do Instituto Merita confirma a subida de cinco pontos percentuais do candidato Lob\u00e3o Filho [&hellip;]<\/p>\n","protected":false},"author":0,"featured_media":0,"comment_status":"open","ping_status":"open","sticky":false,"template":"","format":"standard","meta":{"site-sidebar-layout":"default","site-content-layout":"","ast-site-content-layout":"default","site-content-style":"default","site-sidebar-style":"default","ast-global-header-display":"","ast-banner-title-visibility":"","ast-main-header-display":"","ast-hfb-above-header-display":"","ast-hfb-below-header-display":"","ast-hfb-mobile-header-display":"","site-post-title":"","ast-breadcrumbs-content":"","ast-featured-img":"","footer-sml-layout":"","ast-disable-related-posts":"","theme-transparent-header-meta":"","adv-header-id-meta":"","stick-header-meta":"","header-above-stick-meta":"","header-main-stick-meta":"","header-below-stick-meta":"","astra-migrate-meta-layouts":"default","ast-page-background-enabled":"default","ast-page-background-meta":{"desktop":{"background-color":"var(--ast-global-color-5)","background-image":"","background-repeat":"repeat","background-position":"center center","background-size":"auto","background-attachment":"scroll","background-type":"","background-media":"","overlay-type":"","overlay-color":"","overlay-opacity":"","overlay-gradient":""},"tablet":{"background-color":"","background-image":"","background-repeat":"repeat","background-position":"center center","background-size":"auto","background-attachment":"scroll","background-type":"","background-media":"","overlay-type":"","overlay-color":"","overlay-opacity":"","overlay-gradient":""},"mobile":{"background-color":"","background-image":"","background-repeat":"repeat","background-position":"center center","background-size":"auto","background-attachment":"scroll","background-type":"","background-media":"","overlay-type":"","overlay-color":"","overlay-opacity":"","overlay-gradient":""}},"ast-content-background-meta":{"desktop":{"background-color":"var(--ast-global-color-4)","background-image":"","background-repeat":"repeat","background-position":"center center","background-size":"auto","background-attachment":"scroll","background-type":"","background-media":"","overlay-type":"","overlay-color":"","overlay-opacity":"","overlay-gradient":""},"tablet":{"background-color":"var(--ast-global-color-4)","background-image":"","background-repeat":"repeat","background-position":"center center","background-size":"auto","background-attachment":"scroll","background-type":"","background-media":"","overlay-type":"","overlay-color":"","overlay-opacity":"","overlay-gradient":""},"mobile":{"background-color":"var(--ast-global-color-4)","background-image":"","background-repeat":"repeat","background-position":"center center","background-size":"auto","background-attachment":"scroll","background-type":"","background-media":"","overlay-type":"","overlay-color":"","overlay-opacity":"","overlay-gradient":""}},"footnotes":""},"categories":[1],"tags":[],"class_list":["post-19452","post","type-post","status-publish","format-standard","hentry","category-sem-categoria"],"yoast_head":"<!-- This site is optimized with the Yoast SEO plugin v26.6 - https:\/\/yoast.com\/wordpress\/plugins\/seo\/ -->\n<title>Pesquisa Merita aponta subida de Lob\u00e3o Filho e queda de Fl\u00e1vio Dino - Daniel Matos<\/title>\n<meta name=\"robots\" content=\"index, follow, max-snippet:-1, max-image-preview:large, max-video-preview:-1\" \/>\n<link rel=\"canonical\" href=\"https:\/\/www.blogsoestado.com\/danielmatos\/pesquisa-merita-aponta-subida-de-lobao-filho-e-queda-de-flavio-dino\/\" \/>\n<meta property=\"og:locale\" content=\"pt_BR\" \/>\n<meta property=\"og:type\" content=\"article\" \/>\n<meta property=\"og:title\" content=\"Pesquisa Merita aponta subida de Lob\u00e3o Filho e queda de Fl\u00e1vio Dino - Daniel Matos\" \/>\n<meta property=\"og:description\" content=\"Blog Di\u00e1rio de Ros\u00e1rio Nova pesquisa do Instituto Merita confirma a subida de cinco pontos percentuais do candidato Lob\u00e3o Filho [&hellip;]\" \/>\n<meta property=\"og:url\" content=\"https:\/\/www.blogsoestado.com\/danielmatos\/pesquisa-merita-aponta-subida-de-lobao-filho-e-queda-de-flavio-dino\/\" \/>\n<meta property=\"og:site_name\" content=\"Daniel Matos\" \/>\n<meta property=\"article:published_time\" content=\"2014-09-24T23:59:00+00:00\" \/>\n<meta property=\"og:image\" content=\"https:\/\/www.blogsoestado.com\/danielmatos\/files\/2014\/09\/merita.png\" \/>\n<meta name=\"twitter:card\" content=\"summary_large_image\" \/>\n<meta name=\"twitter:label1\" content=\"Est. tempo de leitura\" \/>\n\t<meta name=\"twitter:data1\" content=\"1 minuto\" \/>\n<script type=\"application\/ld+json\" class=\"yoast-schema-graph\">{\"@context\":\"https:\/\/schema.org\",\"@graph\":[{\"@type\":\"WebPage\",\"@id\":\"https:\/\/www.blogsoestado.com\/danielmatos\/pesquisa-merita-aponta-subida-de-lobao-filho-e-queda-de-flavio-dino\/\",\"url\":\"https:\/\/www.blogsoestado.com\/danielmatos\/pesquisa-merita-aponta-subida-de-lobao-filho-e-queda-de-flavio-dino\/\",\"name\":\"Pesquisa Merita aponta subida de Lob\u00e3o Filho e queda de Fl\u00e1vio Dino - Daniel Matos\",\"isPartOf\":{\"@id\":\"https:\/\/www.blogsoestado.com\/danielmatos\/#website\"},\"primaryImageOfPage\":{\"@id\":\"https:\/\/www.blogsoestado.com\/danielmatos\/pesquisa-merita-aponta-subida-de-lobao-filho-e-queda-de-flavio-dino\/#primaryimage\"},\"image\":{\"@id\":\"https:\/\/www.blogsoestado.com\/danielmatos\/pesquisa-merita-aponta-subida-de-lobao-filho-e-queda-de-flavio-dino\/#primaryimage\"},\"thumbnailUrl\":\"https:\/\/www.blogsoestado.com\/danielmatos\/files\/2014\/09\/merita.png\",\"datePublished\":\"2014-09-24T23:59:00+00:00\",\"author\":{\"@id\":\"\"},\"breadcrumb\":{\"@id\":\"https:\/\/www.blogsoestado.com\/danielmatos\/pesquisa-merita-aponta-subida-de-lobao-filho-e-queda-de-flavio-dino\/#breadcrumb\"},\"inLanguage\":\"pt-BR\",\"potentialAction\":[{\"@type\":\"ReadAction\",\"target\":[\"https:\/\/www.blogsoestado.com\/danielmatos\/pesquisa-merita-aponta-subida-de-lobao-filho-e-queda-de-flavio-dino\/\"]}]},{\"@type\":\"ImageObject\",\"inLanguage\":\"pt-BR\",\"@id\":\"https:\/\/www.blogsoestado.com\/danielmatos\/pesquisa-merita-aponta-subida-de-lobao-filho-e-queda-de-flavio-dino\/#primaryimage\",\"url\":\"https:\/\/www.blogsoestado.com\/danielmatos\/files\/2014\/09\/merita.png\",\"contentUrl\":\"https:\/\/www.blogsoestado.com\/danielmatos\/files\/2014\/09\/merita.png\"},{\"@type\":\"BreadcrumbList\",\"@id\":\"https:\/\/www.blogsoestado.com\/danielmatos\/pesquisa-merita-aponta-subida-de-lobao-filho-e-queda-de-flavio-dino\/#breadcrumb\",\"itemListElement\":[{\"@type\":\"ListItem\",\"position\":1,\"name\":\"In\u00edcio\",\"item\":\"https:\/\/www.blogsoestado.com\/danielmatos\/\"},{\"@type\":\"ListItem\",\"position\":2,\"name\":\"Pesquisa Merita aponta subida de Lob\u00e3o Filho e queda de Fl\u00e1vio Dino\"}]},{\"@type\":\"WebSite\",\"@id\":\"https:\/\/www.blogsoestado.com\/danielmatos\/#website\",\"url\":\"https:\/\/www.blogsoestado.com\/danielmatos\/\",\"name\":\"Daniel Matos\",\"description\":\"\",\"potentialAction\":[{\"@type\":\"SearchAction\",\"target\":{\"@type\":\"EntryPoint\",\"urlTemplate\":\"https:\/\/www.blogsoestado.com\/danielmatos\/?s={search_term_string}\"},\"query-input\":{\"@type\":\"PropertyValueSpecification\",\"valueRequired\":true,\"valueName\":\"search_term_string\"}}],\"inLanguage\":\"pt-BR\"}]}<\/script>\n<!-- \/ Yoast SEO plugin. -->","yoast_head_json":{"title":"Pesquisa Merita aponta subida de Lob\u00e3o Filho e queda de Fl\u00e1vio Dino - Daniel Matos","robots":{"index":"index","follow":"follow","max-snippet":"max-snippet:-1","max-image-preview":"max-image-preview:large","max-video-preview":"max-video-preview:-1"},"canonical":"https:\/\/www.blogsoestado.com\/danielmatos\/pesquisa-merita-aponta-subida-de-lobao-filho-e-queda-de-flavio-dino\/","og_locale":"pt_BR","og_type":"article","og_title":"Pesquisa Merita aponta subida de Lob\u00e3o Filho e queda de Fl\u00e1vio Dino - Daniel Matos","og_description":"Blog Di\u00e1rio de Ros\u00e1rio Nova pesquisa do Instituto Merita confirma a subida de cinco pontos percentuais do candidato Lob\u00e3o Filho [&hellip;]","og_url":"https:\/\/www.blogsoestado.com\/danielmatos\/pesquisa-merita-aponta-subida-de-lobao-filho-e-queda-de-flavio-dino\/","og_site_name":"Daniel Matos","article_published_time":"2014-09-24T23:59:00+00:00","og_image":[{"url":"https:\/\/www.blogsoestado.com\/danielmatos\/files\/2014\/09\/merita.png","type":"","width":"","height":""}],"twitter_card":"summary_large_image","twitter_misc":{"Est. tempo de leitura":"1 minuto"},"schema":{"@context":"https:\/\/schema.org","@graph":[{"@type":"WebPage","@id":"https:\/\/www.blogsoestado.com\/danielmatos\/pesquisa-merita-aponta-subida-de-lobao-filho-e-queda-de-flavio-dino\/","url":"https:\/\/www.blogsoestado.com\/danielmatos\/pesquisa-merita-aponta-subida-de-lobao-filho-e-queda-de-flavio-dino\/","name":"Pesquisa Merita aponta subida de Lob\u00e3o Filho e queda de Fl\u00e1vio Dino - Daniel Matos","isPartOf":{"@id":"https:\/\/www.blogsoestado.com\/danielmatos\/#website"},"primaryImageOfPage":{"@id":"https:\/\/www.blogsoestado.com\/danielmatos\/pesquisa-merita-aponta-subida-de-lobao-filho-e-queda-de-flavio-dino\/#primaryimage"},"image":{"@id":"https:\/\/www.blogsoestado.com\/danielmatos\/pesquisa-merita-aponta-subida-de-lobao-filho-e-queda-de-flavio-dino\/#primaryimage"},"thumbnailUrl":"https:\/\/www.blogsoestado.com\/danielmatos\/files\/2014\/09\/merita.png","datePublished":"2014-09-24T23:59:00+00:00","author":{"@id":""},"breadcrumb":{"@id":"https:\/\/www.blogsoestado.com\/danielmatos\/pesquisa-merita-aponta-subida-de-lobao-filho-e-queda-de-flavio-dino\/#breadcrumb"},"inLanguage":"pt-BR","potentialAction":[{"@type":"ReadAction","target":["https:\/\/www.blogsoestado.com\/danielmatos\/pesquisa-merita-aponta-subida-de-lobao-filho-e-queda-de-flavio-dino\/"]}]},{"@type":"ImageObject","inLanguage":"pt-BR","@id":"https:\/\/www.blogsoestado.com\/danielmatos\/pesquisa-merita-aponta-subida-de-lobao-filho-e-queda-de-flavio-dino\/#primaryimage","url":"https:\/\/www.blogsoestado.com\/danielmatos\/files\/2014\/09\/merita.png","contentUrl":"https:\/\/www.blogsoestado.com\/danielmatos\/files\/2014\/09\/merita.png"},{"@type":"BreadcrumbList","@id":"https:\/\/www.blogsoestado.com\/danielmatos\/pesquisa-merita-aponta-subida-de-lobao-filho-e-queda-de-flavio-dino\/#breadcrumb","itemListElement":[{"@type":"ListItem","position":1,"name":"In\u00edcio","item":"https:\/\/www.blogsoestado.com\/danielmatos\/"},{"@type":"ListItem","position":2,"name":"Pesquisa Merita aponta subida de Lob\u00e3o Filho e queda de Fl\u00e1vio Dino"}]},{"@type":"WebSite","@id":"https:\/\/www.blogsoestado.com\/danielmatos\/#website","url":"https:\/\/www.blogsoestado.com\/danielmatos\/","name":"Daniel Matos","description":"","potentialAction":[{"@type":"SearchAction","target":{"@type":"EntryPoint","urlTemplate":"https:\/\/www.blogsoestado.com\/danielmatos\/?s={search_term_string}"},"query-input":{"@type":"PropertyValueSpecification","valueRequired":true,"valueName":"search_term_string"}}],"inLanguage":"pt-BR"}]}},"jetpack_featured_media_url":"","_links":{"self":[{"href":"https:\/\/www.blogsoestado.com\/danielmatos\/wp-json\/wp\/v2\/posts\/19452","targetHints":{"allow":["GET"]}}],"collection":[{"href":"https:\/\/www.blogsoestado.com\/danielmatos\/wp-json\/wp\/v2\/posts"}],"about":[{"href":"https:\/\/www.blogsoestado.com\/danielmatos\/wp-json\/wp\/v2\/types\/post"}],"replies":[{"embeddable":true,"href":"https:\/\/www.blogsoestado.com\/danielmatos\/wp-json\/wp\/v2\/comments?post=19452"}],"version-history":[{"count":0,"href":"https:\/\/www.blogsoestado.com\/danielmatos\/wp-json\/wp\/v2\/posts\/19452\/revisions"}],"wp:attachment":[{"href":"https:\/\/www.blogsoestado.com\/danielmatos\/wp-json\/wp\/v2\/media?parent=19452"}],"wp:term":[{"taxonomy":"category","embeddable":true,"href":"https:\/\/www.blogsoestado.com\/danielmatos\/wp-json\/wp\/v2\/categories?post=19452"},{"taxonomy":"post_tag","embeddable":true,"href":"https:\/\/www.blogsoestado.com\/danielmatos\/wp-json\/wp\/v2\/tags?post=19452"}],"curies":[{"name":"wp","href":"https:\/\/api.w.org\/{rel}","templated":true}]}}