{"id":19463,"date":"2014-09-25T09:28:39","date_gmt":"2014-09-25T12:28:39","guid":{"rendered":"https:\/\/www.blogsoestado.com\/danielmatos\/?p=19463"},"modified":"2014-09-25T09:28:39","modified_gmt":"2014-09-25T12:28:39","slug":"escolas-municipais-de-paco-do-lumiar-recebem-novas-carteiras","status":"publish","type":"post","link":"https:\/\/www.blogsoestado.com\/danielmatos\/escolas-municipais-de-paco-do-lumiar-recebem-novas-carteiras\/","title":{"rendered":"Escolas municipais de Pa\u00e7o do Lumiar recebem novas carteiras"},"content":{"rendered":"<figure id=\"attachment_19464\" aria-describedby=\"caption-attachment-19464\" style=\"width: 640px\" class=\"wp-caption aligncenter\"><a href=\"https:\/\/www.blogsoestado.com\/danielmatos\/files\/2014\/09\/pa\u00e7o-carteiras.jpg\"><img fetchpriority=\"high\" decoding=\"async\" class=\"size-full wp-image-19464\" src=\"https:\/\/www.blogsoestado.com\/danielmatos\/files\/2014\/09\/pa\u00e7o-carteiras.jpg\" alt=\"S\u00e3o 4.360 novas carteiras escolares, adquiridas por meio do Fundo Nacional de Desenvolvimento da Educa\u00e7\u00e3o, para equipar as 71 escolas da rede municipal\" width=\"640\" height=\"427\" \/><\/a><figcaption id=\"caption-attachment-19464\" class=\"wp-caption-text\">S\u00e3o 4.360 novas carteiras escolares, adquiridas por meio do Fundo Nacional de Desenvolvimento da Educa\u00e7\u00e3o, para equipar as 71 escolas da rede municipal<\/figcaption><\/figure>\n<p>A Prefeitura de Pa\u00e7o do Lumiar, por meio da Secretaria Municipal de Educa\u00e7\u00e3o \u2013 Semed &#8211; adquiriu 4.360 novas carteiras escolares para equipar as 71 escolas da rede municipal de ensino. A aquisi\u00e7\u00e3o foi feita a partir de recursos do Fundo Nacional de Desenvolvimento da Educa\u00e7\u00e3o. Do total recebido, 249 unidades foram destinadas para professores e 176 para cadeirantes.<\/p>\n<p>\u201cAl\u00e9m deste material, v\u00e3o chegar 1.500 cadeiras no modelo universit\u00e1rio e mais 500 conjuntos de mesas e cadeiras para a educa\u00e7\u00e3o infantil, estas \u00faltimas com verbas do Munic\u00edpio\u201d, informou a assessora t\u00e9cnica de Compra da Semed, Karene Hernadez.<\/p>\n<p>Na escola Henrique de La Roque, onde est\u00e3o matriculados 800 alunos, a substitui\u00e7\u00e3o das carteiras de madeira pelas novas adquiridas pela Prefeitura, foi bastante elogiada pelos alunos. \u201cCom as novas carteiras temos espa\u00e7o para escrever e colocar meus materiais escolares, agora est\u00e1 bem melhor\u201d, comemora a estudante do 6\u00ba Ano, Ana Vit\u00f3ria, 11 anos.<\/p>\n<p>Para a gestora adjunta da escola, Fabiana Carneiro, as novas carteiras influenciam, diretamente e positivamente, no desempenho escolar dos alunos. \u201cO aluno quando n\u00e3o se sente confort\u00e1vel no ambiente de ensino, n\u00e3o consegue se concentrar no conte\u00fado ministrado pelo professor. Desde que as novas cadeiras chegaram notamos uma queda na evas\u00e3o escolar. Aluno satisfeito \u00e9 aluno dedicado\u201d, pontuou.<\/p>\n<figure id=\"attachment_19465\" aria-describedby=\"caption-attachment-19465\" style=\"width: 640px\" class=\"wp-caption aligncenter\"><a href=\"https:\/\/www.blogsoestado.com\/danielmatos\/files\/2014\/09\/pa\u00e7o-carteiras2.jpg\"><img decoding=\"async\" class=\"size-full wp-image-19465\" src=\"https:\/\/www.blogsoestado.com\/danielmatos\/files\/2014\/09\/pa\u00e7o-carteiras2.jpg\" alt=\"Estudantes comemoram a substitui\u00e7\u00e3o das carteiras escolares em unidade de ensino de Pa\u00e7o do Lumiar\" width=\"640\" height=\"427\" \/><\/a><figcaption id=\"caption-attachment-19465\" class=\"wp-caption-text\">Estudantes comemoram a substitui\u00e7\u00e3o das carteiras escolares em unidade de ensino de Pa\u00e7o do Lumiar<\/figcaption><\/figure>\n<p>Para a gestora da UEB Mickey Mouse, Dileuza Mendes dos Santos, a substitui\u00e7\u00e3o das carteiras muda o dia-a-dia da escola e a absor\u00e7\u00e3o do conte\u00fado: \u201cEssa foi uma novidade encantadora n\u00e3o s\u00f3 para os alunos, mas para n\u00f3s educadores e at\u00e9 mesmo para os pais, desde que o material chegou, notamos que at\u00e9 interesse das crian\u00e7as aumentou consideravelmente\u201d, afirma.<\/p>\n<p>A UEB Mickey Mouse recebeu 93 kits atendendo 865 crian\u00e7as das turmas do primeiro, segundo, terceiro e quarto ano, al\u00e9m das turmas do infantil dois e da creche.<\/p>\n<p>Ao todo, 90% das carteiras j\u00e1 foram entregues para as escolas da educa\u00e7\u00e3o infantil. O recebimento de novas carteiras despertou nas crian\u00e7as a consci\u00eancia de preserva\u00e7\u00e3o: \u201cEstou feliz com minha mesa nova, e cuido dela direitinho\u201d, ressaltou a aluna Livia Safira, 4 anos.<\/p>\n<p><strong>Mais a\u00e7\u00f5es<\/strong><\/p>\n<p>A previs\u00e3o \u00e9 que at\u00e9 2015, todas as escolas do munic\u00edpio passem por reforma, e ainda a aquisi\u00e7\u00e3o de mais um ve\u00edculo de transporte escolar. A rede j\u00e1 possui uma frota de 11 \u00f4nibus.<\/p>\n","protected":false},"excerpt":{"rendered":"<p>A Prefeitura de Pa\u00e7o do Lumiar, por meio da Secretaria Municipal de Educa\u00e7\u00e3o \u2013 Semed &#8211; adquiriu 4.360 novas carteiras [&hellip;]<\/p>\n","protected":false},"author":0,"featured_media":0,"comment_status":"open","ping_status":"open","sticky":false,"template":"","format":"standard","meta":{"site-sidebar-layout":"default","site-content-layout":"","ast-site-content-layout":"default","site-content-style":"default","site-sidebar-style":"default","ast-global-header-display":"","ast-banner-title-visibility":"","ast-main-header-display":"","ast-hfb-above-header-display":"","ast-hfb-below-header-display":"","ast-hfb-mobile-header-display":"","site-post-title":"","ast-breadcrumbs-content":"","ast-featured-img":"","footer-sml-layout":"","ast-disable-related-posts":"","theme-transparent-header-meta":"","adv-header-id-meta":"","stick-header-meta":"","header-above-stick-meta":"","header-main-stick-meta":"","header-below-stick-meta":"","astra-migrate-meta-layouts":"default","ast-page-background-enabled":"default","ast-page-background-meta":{"desktop":{"background-color":"var(--ast-global-color-5)","background-image":"","background-repeat":"repeat","background-position":"center center","background-size":"auto","background-attachment":"scroll","background-type":"","background-media":"","overlay-type":"","overlay-color":"","overlay-opacity":"","overlay-gradient":""},"tablet":{"background-color":"","background-image":"","background-repeat":"repeat","background-position":"center center","background-size":"auto","background-attachment":"scroll","background-type":"","background-media":"","overlay-type":"","overlay-color":"","overlay-opacity":"","overlay-gradient":""},"mobile":{"background-color":"","background-image":"","background-repeat":"repeat","background-position":"center center","background-size":"auto","background-attachment":"scroll","background-type":"","background-media":"","overlay-type":"","overlay-color":"","overlay-opacity":"","overlay-gradient":""}},"ast-content-background-meta":{"desktop":{"background-color":"var(--ast-global-color-4)","background-image":"","background-repeat":"repeat","background-position":"center center","background-size":"auto","background-attachment":"scroll","background-type":"","background-media":"","overlay-type":"","overlay-color":"","overlay-opacity":"","overlay-gradient":""},"tablet":{"background-color":"var(--ast-global-color-4)","background-image":"","background-repeat":"repeat","background-position":"center center","background-size":"auto","background-attachment":"scroll","background-type":"","background-media":"","overlay-type":"","overlay-color":"","overlay-opacity":"","overlay-gradient":""},"mobile":{"background-color":"var(--ast-global-color-4)","background-image":"","background-repeat":"repeat","background-position":"center center","background-size":"auto","background-attachment":"scroll","background-type":"","background-media":"","overlay-type":"","overlay-color":"","overlay-opacity":"","overlay-gradient":""}},"footnotes":""},"categories":[1],"tags":[],"class_list":["post-19463","post","type-post","status-publish","format-standard","hentry","category-sem-categoria"],"yoast_head":"<!-- This site is optimized with the Yoast SEO plugin v26.6 - https:\/\/yoast.com\/wordpress\/plugins\/seo\/ -->\n<title>Escolas municipais de Pa\u00e7o do Lumiar recebem novas carteiras - Daniel Matos<\/title>\n<meta name=\"robots\" content=\"index, follow, max-snippet:-1, max-image-preview:large, max-video-preview:-1\" \/>\n<link rel=\"canonical\" href=\"https:\/\/www.blogsoestado.com\/danielmatos\/escolas-municipais-de-paco-do-lumiar-recebem-novas-carteiras\/\" \/>\n<meta property=\"og:locale\" content=\"pt_BR\" \/>\n<meta property=\"og:type\" content=\"article\" \/>\n<meta property=\"og:title\" content=\"Escolas municipais de Pa\u00e7o do Lumiar recebem novas carteiras - Daniel Matos\" \/>\n<meta property=\"og:description\" content=\"A Prefeitura de Pa\u00e7o do Lumiar, por meio da Secretaria Municipal de Educa\u00e7\u00e3o \u2013 Semed &#8211; adquiriu 4.360 novas carteiras [&hellip;]\" \/>\n<meta property=\"og:url\" content=\"https:\/\/www.blogsoestado.com\/danielmatos\/escolas-municipais-de-paco-do-lumiar-recebem-novas-carteiras\/\" \/>\n<meta property=\"og:site_name\" content=\"Daniel Matos\" \/>\n<meta property=\"article:published_time\" content=\"2014-09-25T12:28:39+00:00\" \/>\n<meta name=\"twitter:card\" content=\"summary_large_image\" \/>\n<meta name=\"twitter:label1\" content=\"Est. tempo de leitura\" \/>\n\t<meta name=\"twitter:data1\" content=\"2 minutos\" \/>\n<script type=\"application\/ld+json\" class=\"yoast-schema-graph\">{\"@context\":\"https:\/\/schema.org\",\"@graph\":[{\"@type\":\"WebPage\",\"@id\":\"https:\/\/www.blogsoestado.com\/danielmatos\/escolas-municipais-de-paco-do-lumiar-recebem-novas-carteiras\/\",\"url\":\"https:\/\/www.blogsoestado.com\/danielmatos\/escolas-municipais-de-paco-do-lumiar-recebem-novas-carteiras\/\",\"name\":\"Escolas municipais de Pa\u00e7o do Lumiar recebem novas carteiras - Daniel Matos\",\"isPartOf\":{\"@id\":\"https:\/\/www.blogsoestado.com\/danielmatos\/#website\"},\"datePublished\":\"2014-09-25T12:28:39+00:00\",\"author\":{\"@id\":\"\"},\"breadcrumb\":{\"@id\":\"https:\/\/www.blogsoestado.com\/danielmatos\/escolas-municipais-de-paco-do-lumiar-recebem-novas-carteiras\/#breadcrumb\"},\"inLanguage\":\"pt-BR\",\"potentialAction\":[{\"@type\":\"ReadAction\",\"target\":[\"https:\/\/www.blogsoestado.com\/danielmatos\/escolas-municipais-de-paco-do-lumiar-recebem-novas-carteiras\/\"]}]},{\"@type\":\"BreadcrumbList\",\"@id\":\"https:\/\/www.blogsoestado.com\/danielmatos\/escolas-municipais-de-paco-do-lumiar-recebem-novas-carteiras\/#breadcrumb\",\"itemListElement\":[{\"@type\":\"ListItem\",\"position\":1,\"name\":\"In\u00edcio\",\"item\":\"https:\/\/www.blogsoestado.com\/danielmatos\/\"},{\"@type\":\"ListItem\",\"position\":2,\"name\":\"Escolas municipais de Pa\u00e7o do Lumiar recebem novas carteiras\"}]},{\"@type\":\"WebSite\",\"@id\":\"https:\/\/www.blogsoestado.com\/danielmatos\/#website\",\"url\":\"https:\/\/www.blogsoestado.com\/danielmatos\/\",\"name\":\"Daniel Matos\",\"description\":\"\",\"potentialAction\":[{\"@type\":\"SearchAction\",\"target\":{\"@type\":\"EntryPoint\",\"urlTemplate\":\"https:\/\/www.blogsoestado.com\/danielmatos\/?s={search_term_string}\"},\"query-input\":{\"@type\":\"PropertyValueSpecification\",\"valueRequired\":true,\"valueName\":\"search_term_string\"}}],\"inLanguage\":\"pt-BR\"}]}<\/script>\n<!-- \/ Yoast SEO plugin. -->","yoast_head_json":{"title":"Escolas municipais de Pa\u00e7o do Lumiar recebem novas carteiras - Daniel Matos","robots":{"index":"index","follow":"follow","max-snippet":"max-snippet:-1","max-image-preview":"max-image-preview:large","max-video-preview":"max-video-preview:-1"},"canonical":"https:\/\/www.blogsoestado.com\/danielmatos\/escolas-municipais-de-paco-do-lumiar-recebem-novas-carteiras\/","og_locale":"pt_BR","og_type":"article","og_title":"Escolas municipais de Pa\u00e7o do Lumiar recebem novas carteiras - Daniel Matos","og_description":"A Prefeitura de Pa\u00e7o do Lumiar, por meio da Secretaria Municipal de Educa\u00e7\u00e3o \u2013 Semed &#8211; adquiriu 4.360 novas carteiras [&hellip;]","og_url":"https:\/\/www.blogsoestado.com\/danielmatos\/escolas-municipais-de-paco-do-lumiar-recebem-novas-carteiras\/","og_site_name":"Daniel Matos","article_published_time":"2014-09-25T12:28:39+00:00","twitter_card":"summary_large_image","twitter_misc":{"Est. tempo de leitura":"2 minutos"},"schema":{"@context":"https:\/\/schema.org","@graph":[{"@type":"WebPage","@id":"https:\/\/www.blogsoestado.com\/danielmatos\/escolas-municipais-de-paco-do-lumiar-recebem-novas-carteiras\/","url":"https:\/\/www.blogsoestado.com\/danielmatos\/escolas-municipais-de-paco-do-lumiar-recebem-novas-carteiras\/","name":"Escolas municipais de Pa\u00e7o do Lumiar recebem novas carteiras - Daniel Matos","isPartOf":{"@id":"https:\/\/www.blogsoestado.com\/danielmatos\/#website"},"datePublished":"2014-09-25T12:28:39+00:00","author":{"@id":""},"breadcrumb":{"@id":"https:\/\/www.blogsoestado.com\/danielmatos\/escolas-municipais-de-paco-do-lumiar-recebem-novas-carteiras\/#breadcrumb"},"inLanguage":"pt-BR","potentialAction":[{"@type":"ReadAction","target":["https:\/\/www.blogsoestado.com\/danielmatos\/escolas-municipais-de-paco-do-lumiar-recebem-novas-carteiras\/"]}]},{"@type":"BreadcrumbList","@id":"https:\/\/www.blogsoestado.com\/danielmatos\/escolas-municipais-de-paco-do-lumiar-recebem-novas-carteiras\/#breadcrumb","itemListElement":[{"@type":"ListItem","position":1,"name":"In\u00edcio","item":"https:\/\/www.blogsoestado.com\/danielmatos\/"},{"@type":"ListItem","position":2,"name":"Escolas municipais de Pa\u00e7o do Lumiar recebem novas carteiras"}]},{"@type":"WebSite","@id":"https:\/\/www.blogsoestado.com\/danielmatos\/#website","url":"https:\/\/www.blogsoestado.com\/danielmatos\/","name":"Daniel Matos","description":"","potentialAction":[{"@type":"SearchAction","target":{"@type":"EntryPoint","urlTemplate":"https:\/\/www.blogsoestado.com\/danielmatos\/?s={search_term_string}"},"query-input":{"@type":"PropertyValueSpecification","valueRequired":true,"valueName":"search_term_string"}}],"inLanguage":"pt-BR"}]}},"jetpack_featured_media_url":"","_links":{"self":[{"href":"https:\/\/www.blogsoestado.com\/danielmatos\/wp-json\/wp\/v2\/posts\/19463","targetHints":{"allow":["GET"]}}],"collection":[{"href":"https:\/\/www.blogsoestado.com\/danielmatos\/wp-json\/wp\/v2\/posts"}],"about":[{"href":"https:\/\/www.blogsoestado.com\/danielmatos\/wp-json\/wp\/v2\/types\/post"}],"replies":[{"embeddable":true,"href":"https:\/\/www.blogsoestado.com\/danielmatos\/wp-json\/wp\/v2\/comments?post=19463"}],"version-history":[{"count":0,"href":"https:\/\/www.blogsoestado.com\/danielmatos\/wp-json\/wp\/v2\/posts\/19463\/revisions"}],"wp:attachment":[{"href":"https:\/\/www.blogsoestado.com\/danielmatos\/wp-json\/wp\/v2\/media?parent=19463"}],"wp:term":[{"taxonomy":"category","embeddable":true,"href":"https:\/\/www.blogsoestado.com\/danielmatos\/wp-json\/wp\/v2\/categories?post=19463"},{"taxonomy":"post_tag","embeddable":true,"href":"https:\/\/www.blogsoestado.com\/danielmatos\/wp-json\/wp\/v2\/tags?post=19463"}],"curies":[{"name":"wp","href":"https:\/\/api.w.org\/{rel}","templated":true}]}}