{"id":19467,"date":"2014-09-25T11:06:05","date_gmt":"2014-09-25T14:06:05","guid":{"rendered":"https:\/\/www.blogsoestado.com\/danielmatos\/?p=19467"},"modified":"2014-09-25T11:06:05","modified_gmt":"2014-09-25T14:06:05","slug":"ze-inacio-intensifica-campanha-na-grande-sao-luis","status":"publish","type":"post","link":"https:\/\/www.blogsoestado.com\/danielmatos\/ze-inacio-intensifica-campanha-na-grande-sao-luis\/","title":{"rendered":"Z\u00e9 In\u00e1cio intensifica campanha na Grande S\u00e3o Lu\u00eds"},"content":{"rendered":"<figure id=\"attachment_19468\" aria-describedby=\"caption-attachment-19468\" style=\"width: 567px\" class=\"wp-caption aligncenter\"><a href=\"https:\/\/www.blogsoestado.com\/danielmatos\/files\/2014\/09\/inacio-slz.jpg\"><img fetchpriority=\"high\" decoding=\"async\" class=\"size-full wp-image-19468\" src=\"https:\/\/www.blogsoestado.com\/danielmatos\/files\/2014\/09\/inacio-slz.jpg\" alt=\"Z\u00e9 In\u00e1cio faz caminhada na Rua Grande, maior centro comercial de S\u00e3o Luis\" width=\"567\" height=\"399\" \/><\/a><figcaption id=\"caption-attachment-19468\" class=\"wp-caption-text\">Com Z\u00e9 Ant\u00f4nio Heluy e Kleber Gomes, Z\u00e9 In\u00e1cio faz caminhada na Rua Grande, no\u00a0centro comercial de S\u00e3o Luis<\/figcaption><\/figure>\n<p>A Rua Grande, no centro de S\u00e3o Lu\u00eds, recebeu, na tarde desta ter\u00e7a-feira (23), uma grande caminhada com o candidato a deputado estadual Z\u00e9 In\u00e1cio (PT). Al\u00e9m de correligion\u00e1rios e eleitores, estiveram presentes o candidato a suplente de senador\u00a0Jos\u00e9\u00a0Ant\u00f4nio Heluy (PT) e o coordenador da campanha de Dilma em S\u00e3o Lu\u00eds, Kleber Gomes (PT).<\/p>\n<p>Durante a caminhada, Z\u00e9 In\u00e1cio apresentou aos comerci\u00e1rios, camel\u00f4s, lojistas e pessoas que por ali passavam suas propostas de campanha. A vendedora de loja Cristina Maria Viana confessou que gostou das propostas de Z\u00e9 In\u00e1cio e que ele sim merecia o seu voto. \u201cEstou desacreditada da pol\u00edtica, mas lendo as propostas de Z\u00e9 In\u00e1cio acreditamos que ainda existem pol\u00edticos comprometidos. Vou votar nele!\u201d, declarou.<\/p>\n<p>Jos\u00e9 In\u00e1cio estava acompanhado de duas grandes lideran\u00e7as do PT,\u00a0Jos\u00e9 Ant\u00f4nio Heluy\u00a0e Kleber Gomes, que tamb\u00e9m declararam apoio \u00e0 luta do candidato.<\/p>\n<p>Muitos correligion\u00e1rios acompanharam Z\u00e9 In\u00e1cio pela Rua Grande, entre os quais\u00a0a dona de casa Maria Tereza Silva. \u201cSou 13123 e Z\u00e9 In\u00e1cio vai ser o no nosso deputado estadual, tenho f\u00e9 em Deus\u201d, disse, confiante.<\/p>\n<p>A caminhada foi encerrada em grande estilo na Pra\u00e7a Deodoro, local onde Z\u00e9 In\u00e1cio recordou ter sido palco de seus discursos quando iniciou sua milit\u00e2ncia pol\u00edtica. \u201cRecordo que no inicio da minha trajet\u00f3ria pol\u00edtica a Pra\u00e7a Deodoro era o local de encontro daqueles que sempre lutaram por uma sociedade mais justa. E hoje estou aqui novamente, s\u00f3 que desta vez pedindo o seu voto para que na Assembleia Legislativa possamos fazer transformar esse sonho em realidade\u201d, concluiu.<\/p>\n<p><strong>Campanha intensa<\/strong><\/p>\n<figure id=\"attachment_19469\" aria-describedby=\"caption-attachment-19469\" style=\"width: 568px\" class=\"wp-caption aligncenter\"><a href=\"https:\/\/www.blogsoestado.com\/danielmatos\/files\/2014\/09\/inacio-slz2.jpg\"><img decoding=\"async\" class=\"size-full wp-image-19469\" src=\"https:\/\/www.blogsoestado.com\/danielmatos\/files\/2014\/09\/inacio-slz2.jpg\" alt=\"Z\u00e9 In\u00e1cio Intensifica campanha na grande Ilha\" width=\"568\" height=\"424\" \/><\/a><figcaption id=\"caption-attachment-19469\" class=\"wp-caption-text\">Z\u00e9 In\u00e1cio Intensifica campanha na grande Ilha, com atos de campanha nas zonas urbana e rural<\/figcaption><\/figure>\n<p>Desde o inicio da semana, as atividades do candidato est\u00e3o voltadas para a grande Ilha. No domingo, amigos e correligion\u00e1rios realizaram uma carreata pelas principais ruas da \u00e1rea Itaqui-Bacanga, com participa\u00e7\u00e3o de mais de cem carros. No mesmo dia foi realizando um almo\u00e7o em Pa\u00e7o do Lumiar, no qual Z\u00e9 In\u00e1cio reuniu amigos e apoiadores. Na ocasi\u00e3o, tamb\u00e9m estiveram presentes o coordenador da campanha, Sidney Nogueira, e toda a equipe da coordena\u00e7\u00e3o geral.<\/p>\n<p>Na manh\u00e3 de segunda-feira, Z\u00e9 In\u00e1cio esteve na Vila Horizonte, localidade da\u00a0zona rural de S\u00e3o Lu\u00eds, na companhia\u00a0de\u00a0lideran\u00e7as de Coqueiro, Vila Samara, Inha\u00fama, Estiva, Vila Pi\u00e7arreira e Vila Esperan\u00e7a.<\/p>\n<p>Ainda na segunda-feira, o petista\u00a0participou de uma reuni\u00e3o com lideran\u00e7as comunit\u00e1rias da zona rural de S\u00e3o Lu\u00eds. O encontro aconteceu na Vila dos Cachorros, com a\u00a0presen\u00e7a de representantes das comunidades Taim, Vila Sarney, Pedrinhas, Pau Deitado, Vila Maranh\u00e3o, Jacu, Cajueiro, Matinha e dos bairros S\u00e3o Crist\u00f3v\u00e3o e Jo\u00e3o de Deus. O ato contou tamb\u00e9m com representantes do candidato a deputado federal Cleber Verde e foi organizado\u00a0pela petista Maria M\u00e1xima Pires.<\/p>\n<p>No per\u00edodo da noite, Z\u00e9 In\u00e1cio encerrou suas atividades com mais uma reuni\u00e3o. Dessa vez, no bairro Liberdade, onde teve a oportunidade de conversar com a equipe da brigada e l\u00edderes comunit\u00e1rios. O encontro foi organizado por Ana Lourdes Almeida Rosa. Tamb\u00e9m esteve presente um representante do deputado federal Z\u00e9 Carlos. O trabalho da brigada \u00e9 realizado por 32 pessoas e atinge v\u00e1rios bairros de S\u00e3o Lu\u00eds, como Liberdade , Coroadinho , Maracan\u00e3, Centro, Monte Castelo, Vila Palmeira, entre outros.<\/p>\n<p>Na manh\u00e3 de ter\u00e7a-feira, foi realizada uma reuni\u00e3o com a presen\u00e7a de Z\u00e9 In\u00e1cio e do candidato a deputado federal Z\u00e9 Carlos, no residencial Cana\u00e3, tamb\u00e9m na zona rural de S\u00e3o Lu\u00eds. O petista levou suas propostas para a comunidade e recebeu apoio dos eleitores.<\/p>\n","protected":false},"excerpt":{"rendered":"<p>A Rua Grande, no centro de S\u00e3o Lu\u00eds, recebeu, na tarde desta ter\u00e7a-feira (23), uma grande caminhada com o candidato [&hellip;]<\/p>\n","protected":false},"author":0,"featured_media":0,"comment_status":"open","ping_status":"open","sticky":false,"template":"","format":"standard","meta":{"site-sidebar-layout":"default","site-content-layout":"","ast-site-content-layout":"default","site-content-style":"default","site-sidebar-style":"default","ast-global-header-display":"","ast-banner-title-visibility":"","ast-main-header-display":"","ast-hfb-above-header-display":"","ast-hfb-below-header-display":"","ast-hfb-mobile-header-display":"","site-post-title":"","ast-breadcrumbs-content":"","ast-featured-img":"","footer-sml-layout":"","ast-disable-related-posts":"","theme-transparent-header-meta":"","adv-header-id-meta":"","stick-header-meta":"","header-above-stick-meta":"","header-main-stick-meta":"","header-below-stick-meta":"","astra-migrate-meta-layouts":"default","ast-page-background-enabled":"default","ast-page-background-meta":{"desktop":{"background-color":"var(--ast-global-color-5)","background-image":"","background-repeat":"repeat","background-position":"center center","background-size":"auto","background-attachment":"scroll","background-type":"","background-media":"","overlay-type":"","overlay-color":"","overlay-opacity":"","overlay-gradient":""},"tablet":{"background-color":"","background-image":"","background-repeat":"repeat","background-position":"center center","background-size":"auto","background-attachment":"scroll","background-type":"","background-media":"","overlay-type":"","overlay-color":"","overlay-opacity":"","overlay-gradient":""},"mobile":{"background-color":"","background-image":"","background-repeat":"repeat","background-position":"center center","background-size":"auto","background-attachment":"scroll","background-type":"","background-media":"","overlay-type":"","overlay-color":"","overlay-opacity":"","overlay-gradient":""}},"ast-content-background-meta":{"desktop":{"background-color":"var(--ast-global-color-4)","background-image":"","background-repeat":"repeat","background-position":"center center","background-size":"auto","background-attachment":"scroll","background-type":"","background-media":"","overlay-type":"","overlay-color":"","overlay-opacity":"","overlay-gradient":""},"tablet":{"background-color":"var(--ast-global-color-4)","background-image":"","background-repeat":"repeat","background-position":"center center","background-size":"auto","background-attachment":"scroll","background-type":"","background-media":"","overlay-type":"","overlay-color":"","overlay-opacity":"","overlay-gradient":""},"mobile":{"background-color":"var(--ast-global-color-4)","background-image":"","background-repeat":"repeat","background-position":"center center","background-size":"auto","background-attachment":"scroll","background-type":"","background-media":"","overlay-type":"","overlay-color":"","overlay-opacity":"","overlay-gradient":""}},"footnotes":""},"categories":[1],"tags":[],"class_list":["post-19467","post","type-post","status-publish","format-standard","hentry","category-sem-categoria"],"yoast_head":"<!-- This site is optimized with the Yoast SEO plugin v26.6 - https:\/\/yoast.com\/wordpress\/plugins\/seo\/ -->\n<title>Z\u00e9 In\u00e1cio intensifica campanha na Grande S\u00e3o Lu\u00eds - Daniel Matos<\/title>\n<meta name=\"robots\" content=\"index, follow, max-snippet:-1, max-image-preview:large, max-video-preview:-1\" \/>\n<link rel=\"canonical\" href=\"https:\/\/www.blogsoestado.com\/danielmatos\/ze-inacio-intensifica-campanha-na-grande-sao-luis\/\" \/>\n<meta property=\"og:locale\" content=\"pt_BR\" \/>\n<meta property=\"og:type\" content=\"article\" \/>\n<meta property=\"og:title\" content=\"Z\u00e9 In\u00e1cio intensifica campanha na Grande S\u00e3o Lu\u00eds - Daniel Matos\" \/>\n<meta property=\"og:description\" content=\"A Rua Grande, no centro de S\u00e3o Lu\u00eds, recebeu, na tarde desta ter\u00e7a-feira (23), uma grande caminhada com o candidato [&hellip;]\" \/>\n<meta property=\"og:url\" content=\"https:\/\/www.blogsoestado.com\/danielmatos\/ze-inacio-intensifica-campanha-na-grande-sao-luis\/\" \/>\n<meta property=\"og:site_name\" content=\"Daniel Matos\" \/>\n<meta property=\"article:published_time\" content=\"2014-09-25T14:06:05+00:00\" \/>\n<meta property=\"og:image\" content=\"https:\/\/www.blogsoestado.com\/danielmatos\/files\/2014\/09\/inacio-slz.jpg\" \/>\n<meta name=\"twitter:card\" content=\"summary_large_image\" \/>\n<meta name=\"twitter:label1\" content=\"Est. tempo de leitura\" \/>\n\t<meta name=\"twitter:data1\" content=\"3 minutos\" \/>\n<script type=\"application\/ld+json\" class=\"yoast-schema-graph\">{\"@context\":\"https:\/\/schema.org\",\"@graph\":[{\"@type\":\"WebPage\",\"@id\":\"https:\/\/www.blogsoestado.com\/danielmatos\/ze-inacio-intensifica-campanha-na-grande-sao-luis\/\",\"url\":\"https:\/\/www.blogsoestado.com\/danielmatos\/ze-inacio-intensifica-campanha-na-grande-sao-luis\/\",\"name\":\"Z\u00e9 In\u00e1cio intensifica campanha na Grande S\u00e3o Lu\u00eds - Daniel Matos\",\"isPartOf\":{\"@id\":\"https:\/\/www.blogsoestado.com\/danielmatos\/#website\"},\"primaryImageOfPage\":{\"@id\":\"https:\/\/www.blogsoestado.com\/danielmatos\/ze-inacio-intensifica-campanha-na-grande-sao-luis\/#primaryimage\"},\"image\":{\"@id\":\"https:\/\/www.blogsoestado.com\/danielmatos\/ze-inacio-intensifica-campanha-na-grande-sao-luis\/#primaryimage\"},\"thumbnailUrl\":\"https:\/\/www.blogsoestado.com\/danielmatos\/files\/2014\/09\/inacio-slz.jpg\",\"datePublished\":\"2014-09-25T14:06:05+00:00\",\"author\":{\"@id\":\"\"},\"breadcrumb\":{\"@id\":\"https:\/\/www.blogsoestado.com\/danielmatos\/ze-inacio-intensifica-campanha-na-grande-sao-luis\/#breadcrumb\"},\"inLanguage\":\"pt-BR\",\"potentialAction\":[{\"@type\":\"ReadAction\",\"target\":[\"https:\/\/www.blogsoestado.com\/danielmatos\/ze-inacio-intensifica-campanha-na-grande-sao-luis\/\"]}]},{\"@type\":\"ImageObject\",\"inLanguage\":\"pt-BR\",\"@id\":\"https:\/\/www.blogsoestado.com\/danielmatos\/ze-inacio-intensifica-campanha-na-grande-sao-luis\/#primaryimage\",\"url\":\"https:\/\/www.blogsoestado.com\/danielmatos\/files\/2014\/09\/inacio-slz.jpg\",\"contentUrl\":\"https:\/\/www.blogsoestado.com\/danielmatos\/files\/2014\/09\/inacio-slz.jpg\"},{\"@type\":\"BreadcrumbList\",\"@id\":\"https:\/\/www.blogsoestado.com\/danielmatos\/ze-inacio-intensifica-campanha-na-grande-sao-luis\/#breadcrumb\",\"itemListElement\":[{\"@type\":\"ListItem\",\"position\":1,\"name\":\"In\u00edcio\",\"item\":\"https:\/\/www.blogsoestado.com\/danielmatos\/\"},{\"@type\":\"ListItem\",\"position\":2,\"name\":\"Z\u00e9 In\u00e1cio intensifica campanha na Grande S\u00e3o Lu\u00eds\"}]},{\"@type\":\"WebSite\",\"@id\":\"https:\/\/www.blogsoestado.com\/danielmatos\/#website\",\"url\":\"https:\/\/www.blogsoestado.com\/danielmatos\/\",\"name\":\"Daniel Matos\",\"description\":\"\",\"potentialAction\":[{\"@type\":\"SearchAction\",\"target\":{\"@type\":\"EntryPoint\",\"urlTemplate\":\"https:\/\/www.blogsoestado.com\/danielmatos\/?s={search_term_string}\"},\"query-input\":{\"@type\":\"PropertyValueSpecification\",\"valueRequired\":true,\"valueName\":\"search_term_string\"}}],\"inLanguage\":\"pt-BR\"}]}<\/script>\n<!-- \/ Yoast SEO plugin. -->","yoast_head_json":{"title":"Z\u00e9 In\u00e1cio intensifica campanha na Grande S\u00e3o Lu\u00eds - Daniel Matos","robots":{"index":"index","follow":"follow","max-snippet":"max-snippet:-1","max-image-preview":"max-image-preview:large","max-video-preview":"max-video-preview:-1"},"canonical":"https:\/\/www.blogsoestado.com\/danielmatos\/ze-inacio-intensifica-campanha-na-grande-sao-luis\/","og_locale":"pt_BR","og_type":"article","og_title":"Z\u00e9 In\u00e1cio intensifica campanha na Grande S\u00e3o Lu\u00eds - Daniel Matos","og_description":"A Rua Grande, no centro de S\u00e3o Lu\u00eds, recebeu, na tarde desta ter\u00e7a-feira (23), uma grande caminhada com o candidato [&hellip;]","og_url":"https:\/\/www.blogsoestado.com\/danielmatos\/ze-inacio-intensifica-campanha-na-grande-sao-luis\/","og_site_name":"Daniel Matos","article_published_time":"2014-09-25T14:06:05+00:00","og_image":[{"url":"https:\/\/www.blogsoestado.com\/danielmatos\/files\/2014\/09\/inacio-slz.jpg","type":"","width":"","height":""}],"twitter_card":"summary_large_image","twitter_misc":{"Est. tempo de leitura":"3 minutos"},"schema":{"@context":"https:\/\/schema.org","@graph":[{"@type":"WebPage","@id":"https:\/\/www.blogsoestado.com\/danielmatos\/ze-inacio-intensifica-campanha-na-grande-sao-luis\/","url":"https:\/\/www.blogsoestado.com\/danielmatos\/ze-inacio-intensifica-campanha-na-grande-sao-luis\/","name":"Z\u00e9 In\u00e1cio intensifica campanha na Grande S\u00e3o Lu\u00eds - Daniel Matos","isPartOf":{"@id":"https:\/\/www.blogsoestado.com\/danielmatos\/#website"},"primaryImageOfPage":{"@id":"https:\/\/www.blogsoestado.com\/danielmatos\/ze-inacio-intensifica-campanha-na-grande-sao-luis\/#primaryimage"},"image":{"@id":"https:\/\/www.blogsoestado.com\/danielmatos\/ze-inacio-intensifica-campanha-na-grande-sao-luis\/#primaryimage"},"thumbnailUrl":"https:\/\/www.blogsoestado.com\/danielmatos\/files\/2014\/09\/inacio-slz.jpg","datePublished":"2014-09-25T14:06:05+00:00","author":{"@id":""},"breadcrumb":{"@id":"https:\/\/www.blogsoestado.com\/danielmatos\/ze-inacio-intensifica-campanha-na-grande-sao-luis\/#breadcrumb"},"inLanguage":"pt-BR","potentialAction":[{"@type":"ReadAction","target":["https:\/\/www.blogsoestado.com\/danielmatos\/ze-inacio-intensifica-campanha-na-grande-sao-luis\/"]}]},{"@type":"ImageObject","inLanguage":"pt-BR","@id":"https:\/\/www.blogsoestado.com\/danielmatos\/ze-inacio-intensifica-campanha-na-grande-sao-luis\/#primaryimage","url":"https:\/\/www.blogsoestado.com\/danielmatos\/files\/2014\/09\/inacio-slz.jpg","contentUrl":"https:\/\/www.blogsoestado.com\/danielmatos\/files\/2014\/09\/inacio-slz.jpg"},{"@type":"BreadcrumbList","@id":"https:\/\/www.blogsoestado.com\/danielmatos\/ze-inacio-intensifica-campanha-na-grande-sao-luis\/#breadcrumb","itemListElement":[{"@type":"ListItem","position":1,"name":"In\u00edcio","item":"https:\/\/www.blogsoestado.com\/danielmatos\/"},{"@type":"ListItem","position":2,"name":"Z\u00e9 In\u00e1cio intensifica campanha na Grande S\u00e3o Lu\u00eds"}]},{"@type":"WebSite","@id":"https:\/\/www.blogsoestado.com\/danielmatos\/#website","url":"https:\/\/www.blogsoestado.com\/danielmatos\/","name":"Daniel Matos","description":"","potentialAction":[{"@type":"SearchAction","target":{"@type":"EntryPoint","urlTemplate":"https:\/\/www.blogsoestado.com\/danielmatos\/?s={search_term_string}"},"query-input":{"@type":"PropertyValueSpecification","valueRequired":true,"valueName":"search_term_string"}}],"inLanguage":"pt-BR"}]}},"jetpack_featured_media_url":"","_links":{"self":[{"href":"https:\/\/www.blogsoestado.com\/danielmatos\/wp-json\/wp\/v2\/posts\/19467","targetHints":{"allow":["GET"]}}],"collection":[{"href":"https:\/\/www.blogsoestado.com\/danielmatos\/wp-json\/wp\/v2\/posts"}],"about":[{"href":"https:\/\/www.blogsoestado.com\/danielmatos\/wp-json\/wp\/v2\/types\/post"}],"replies":[{"embeddable":true,"href":"https:\/\/www.blogsoestado.com\/danielmatos\/wp-json\/wp\/v2\/comments?post=19467"}],"version-history":[{"count":0,"href":"https:\/\/www.blogsoestado.com\/danielmatos\/wp-json\/wp\/v2\/posts\/19467\/revisions"}],"wp:attachment":[{"href":"https:\/\/www.blogsoestado.com\/danielmatos\/wp-json\/wp\/v2\/media?parent=19467"}],"wp:term":[{"taxonomy":"category","embeddable":true,"href":"https:\/\/www.blogsoestado.com\/danielmatos\/wp-json\/wp\/v2\/categories?post=19467"},{"taxonomy":"post_tag","embeddable":true,"href":"https:\/\/www.blogsoestado.com\/danielmatos\/wp-json\/wp\/v2\/tags?post=19467"}],"curies":[{"name":"wp","href":"https:\/\/api.w.org\/{rel}","templated":true}]}}