{"id":19472,"date":"2014-09-25T11:51:50","date_gmt":"2014-09-25T14:51:50","guid":{"rendered":"https:\/\/www.blogsoestado.com\/danielmatos\/?p=19472"},"modified":"2014-09-25T11:51:50","modified_gmt":"2014-09-25T14:51:50","slug":"lobao-filho-faz-representacao-criminal-contra-flavio-dino-por-calunia","status":"publish","type":"post","link":"https:\/\/www.blogsoestado.com\/danielmatos\/lobao-filho-faz-representacao-criminal-contra-flavio-dino-por-calunia\/","title":{"rendered":"Lob\u00e3o Filho faz representa\u00e7\u00e3o criminal contra Fl\u00e1vio Dino por cal\u00fania"},"content":{"rendered":"<figure id=\"attachment_19474\" aria-describedby=\"caption-attachment-19474\" style=\"width: 403px\" class=\"wp-caption alignright\"><a href=\"https:\/\/www.blogsoestado.com\/danielmatos\/files\/2014\/09\/dino-medo.jpg\"><img fetchpriority=\"high\" decoding=\"async\" class=\"size-full wp-image-19474\" src=\"https:\/\/www.blogsoestado.com\/danielmatos\/files\/2014\/09\/dino-medo.jpg\" alt=\"Dino responder\u00e1 por den\u00fancia caluniosa contra advers\u00e1rio\" width=\"403\" height=\"336\" \/><\/a><figcaption id=\"caption-attachment-19474\" class=\"wp-caption-text\">Comunista Fl\u00e1vio Dino responder\u00e1 por den\u00fancia caluniosa contra\u00a0rival<\/figcaption><\/figure>\n<p>O candidato da coliga\u00e7\u00e3o &#8220;Pra Frente, Maranh\u00e3o&#8221;, Lob\u00e3o Filho, impetrou\u00a0ontem, no Minist\u00e9rio P\u00fablico Eleitoral (MPE), uma representa\u00e7\u00e3o criminal por cal\u00fania contra o\u00a0candidato da coliga\u00e7\u00e3o &#8220;Todos pelo Maranh\u00e3o&#8221;, Fl\u00e1vio Dino, devido a\u00a0acusa\u00e7\u00f5es que considerou levianas feitas pelo comunista.<\/p>\n<p>Segundo Dino, Lob\u00e3o Filho\u00a0estaria envolvido com a produ\u00e7\u00e3o e falsifica\u00e7\u00e3o de v\u00eddeo no qual ele\u00a0\u00e9 acusado pelo assaltante Andr\u00e9 Caldas de liderar uma quadrilha especializada em assaltos a bancos, carros fortes, tr\u00e1fico de drogas, com conex\u00f5es dentro do Complexo Penitenci\u00e1rio de Pedrinhas.<\/p>\n<p>A coliga\u00e7\u00e3o &#8220;Pra Frente, Maranh\u00e3o&#8221; pediu tamb\u00e9m que seja aberto procedimento investigat\u00f3rio na Superintend\u00eancia da Pol\u00edcia Federal para apurar a conduta caluniosa do candidato do PCdoB.<\/p>\n<p><strong>Oportunismo\u00a0eleitoreiro<\/strong><\/p>\n<p>Na representa\u00e7\u00e3o, protocolada com pedido de urg\u00eancia, Lob\u00e3o Filho argumenta que Fl\u00e1vio Dino trouxe a discuss\u00e3o para o \u00e2mbito eleitoral, imputando conduta criminosa a quem sequer tinha conhecimento da exist\u00eancia do material. No\u00a0programa eleitoral veiculado nesta quarta-feira (24\/09), das 7h \u00e0s 7h50,\u00a0em emissoras de r\u00e1dio, o comunista atacou o advers\u00e1rio de forma direta, atribuindo a ele a autoria e a divulga\u00e7\u00e3o do v\u00eddeo.<\/p>\n<figure id=\"attachment_19473\" aria-describedby=\"caption-attachment-19473\" style=\"width: 480px\" class=\"wp-caption aligncenter\"><a href=\"https:\/\/www.blogsoestado.com\/danielmatos\/files\/2014\/09\/representa\u00e7\u00e3o-dino2.jpg\"><img decoding=\"async\" class=\"size-full wp-image-19473\" src=\"https:\/\/www.blogsoestado.com\/danielmatos\/files\/2014\/09\/representa\u00e7\u00e3o-dino2.jpg\" alt=\"A\u00e7\u00e3o penal foi protocolada no MPE com pedido de urg\u00eancia\" width=\"480\" height=\"640\" \/><\/a><figcaption id=\"caption-attachment-19473\" class=\"wp-caption-text\">A\u00e7\u00e3o penal foi protocolada por Lob\u00e3o Filho no MPE com pedido de urg\u00eancia<\/figcaption><\/figure>\n<p>&#8220;Portanto, n\u00e3o restam d\u00favidas de que o candidato representado aproveitou-se da divulga\u00e7\u00e3o do v\u00eddeo para criar um fato pol\u00edtico que o beneficie nas urnas&#8221;, diz um trecho da representa\u00e7\u00e3o. &#8220;O representado, de maneira caluniosa\u00a0e extremamente grave, alcan\u00e7a a honra e a integridade moral do candidato Lob\u00e3o Filho, buscando imput\u00e1-lo a\u00e7\u00e3o criminosa com o fito de se beneficiar eleitoralmente&#8221;, frisa o peemedebista na a\u00e7\u00e3o.<\/p>\n<p>Lob\u00e3o Filho pede ao MPE que apure a conduta caluniosa de Fl\u00e1vio Dino, visando benef\u00edcios eleitoreiros, para posterior ajuizamento de a\u00e7\u00e3o penal.<\/p>\n","protected":false},"excerpt":{"rendered":"<p>O candidato da coliga\u00e7\u00e3o &#8220;Pra Frente, Maranh\u00e3o&#8221;, Lob\u00e3o Filho, impetrou\u00a0ontem, no Minist\u00e9rio P\u00fablico Eleitoral (MPE), uma representa\u00e7\u00e3o criminal por cal\u00fania [&hellip;]<\/p>\n","protected":false},"author":0,"featured_media":0,"comment_status":"open","ping_status":"open","sticky":false,"template":"","format":"standard","meta":{"site-sidebar-layout":"default","site-content-layout":"","ast-site-content-layout":"default","site-content-style":"default","site-sidebar-style":"default","ast-global-header-display":"","ast-banner-title-visibility":"","ast-main-header-display":"","ast-hfb-above-header-display":"","ast-hfb-below-header-display":"","ast-hfb-mobile-header-display":"","site-post-title":"","ast-breadcrumbs-content":"","ast-featured-img":"","footer-sml-layout":"","ast-disable-related-posts":"","theme-transparent-header-meta":"","adv-header-id-meta":"","stick-header-meta":"","header-above-stick-meta":"","header-main-stick-meta":"","header-below-stick-meta":"","astra-migrate-meta-layouts":"default","ast-page-background-enabled":"default","ast-page-background-meta":{"desktop":{"background-color":"var(--ast-global-color-5)","background-image":"","background-repeat":"repeat","background-position":"center center","background-size":"auto","background-attachment":"scroll","background-type":"","background-media":"","overlay-type":"","overlay-color":"","overlay-opacity":"","overlay-gradient":""},"tablet":{"background-color":"","background-image":"","background-repeat":"repeat","background-position":"center center","background-size":"auto","background-attachment":"scroll","background-type":"","background-media":"","overlay-type":"","overlay-color":"","overlay-opacity":"","overlay-gradient":""},"mobile":{"background-color":"","background-image":"","background-repeat":"repeat","background-position":"center center","background-size":"auto","background-attachment":"scroll","background-type":"","background-media":"","overlay-type":"","overlay-color":"","overlay-opacity":"","overlay-gradient":""}},"ast-content-background-meta":{"desktop":{"background-color":"var(--ast-global-color-4)","background-image":"","background-repeat":"repeat","background-position":"center center","background-size":"auto","background-attachment":"scroll","background-type":"","background-media":"","overlay-type":"","overlay-color":"","overlay-opacity":"","overlay-gradient":""},"tablet":{"background-color":"var(--ast-global-color-4)","background-image":"","background-repeat":"repeat","background-position":"center center","background-size":"auto","background-attachment":"scroll","background-type":"","background-media":"","overlay-type":"","overlay-color":"","overlay-opacity":"","overlay-gradient":""},"mobile":{"background-color":"var(--ast-global-color-4)","background-image":"","background-repeat":"repeat","background-position":"center center","background-size":"auto","background-attachment":"scroll","background-type":"","background-media":"","overlay-type":"","overlay-color":"","overlay-opacity":"","overlay-gradient":""}},"footnotes":""},"categories":[1],"tags":[],"class_list":["post-19472","post","type-post","status-publish","format-standard","hentry","category-sem-categoria"],"yoast_head":"<!-- This site is optimized with the Yoast SEO plugin v26.6 - https:\/\/yoast.com\/wordpress\/plugins\/seo\/ -->\n<title>Lob\u00e3o Filho faz representa\u00e7\u00e3o criminal contra Fl\u00e1vio Dino por cal\u00fania - Daniel Matos<\/title>\n<meta name=\"robots\" content=\"index, follow, max-snippet:-1, max-image-preview:large, max-video-preview:-1\" \/>\n<link rel=\"canonical\" href=\"https:\/\/www.blogsoestado.com\/danielmatos\/lobao-filho-faz-representacao-criminal-contra-flavio-dino-por-calunia\/\" \/>\n<meta property=\"og:locale\" content=\"pt_BR\" \/>\n<meta property=\"og:type\" content=\"article\" \/>\n<meta property=\"og:title\" content=\"Lob\u00e3o Filho faz representa\u00e7\u00e3o criminal contra Fl\u00e1vio Dino por cal\u00fania - Daniel Matos\" \/>\n<meta property=\"og:description\" content=\"O candidato da coliga\u00e7\u00e3o &#8220;Pra Frente, Maranh\u00e3o&#8221;, Lob\u00e3o Filho, impetrou\u00a0ontem, no Minist\u00e9rio P\u00fablico Eleitoral (MPE), uma representa\u00e7\u00e3o criminal por cal\u00fania [&hellip;]\" \/>\n<meta property=\"og:url\" content=\"https:\/\/www.blogsoestado.com\/danielmatos\/lobao-filho-faz-representacao-criminal-contra-flavio-dino-por-calunia\/\" \/>\n<meta property=\"og:site_name\" content=\"Daniel Matos\" \/>\n<meta property=\"article:published_time\" content=\"2014-09-25T14:51:50+00:00\" \/>\n<meta property=\"og:image\" content=\"https:\/\/www.blogsoestado.com\/danielmatos\/files\/2014\/09\/dino-medo.jpg\" \/>\n<meta name=\"twitter:card\" content=\"summary_large_image\" \/>\n<meta name=\"twitter:label1\" content=\"Est. tempo de leitura\" \/>\n\t<meta name=\"twitter:data1\" content=\"2 minutos\" \/>\n<script type=\"application\/ld+json\" class=\"yoast-schema-graph\">{\"@context\":\"https:\/\/schema.org\",\"@graph\":[{\"@type\":\"WebPage\",\"@id\":\"https:\/\/www.blogsoestado.com\/danielmatos\/lobao-filho-faz-representacao-criminal-contra-flavio-dino-por-calunia\/\",\"url\":\"https:\/\/www.blogsoestado.com\/danielmatos\/lobao-filho-faz-representacao-criminal-contra-flavio-dino-por-calunia\/\",\"name\":\"Lob\u00e3o Filho faz representa\u00e7\u00e3o criminal contra Fl\u00e1vio Dino por cal\u00fania - Daniel Matos\",\"isPartOf\":{\"@id\":\"https:\/\/www.blogsoestado.com\/danielmatos\/#website\"},\"primaryImageOfPage\":{\"@id\":\"https:\/\/www.blogsoestado.com\/danielmatos\/lobao-filho-faz-representacao-criminal-contra-flavio-dino-por-calunia\/#primaryimage\"},\"image\":{\"@id\":\"https:\/\/www.blogsoestado.com\/danielmatos\/lobao-filho-faz-representacao-criminal-contra-flavio-dino-por-calunia\/#primaryimage\"},\"thumbnailUrl\":\"https:\/\/www.blogsoestado.com\/danielmatos\/files\/2014\/09\/dino-medo.jpg\",\"datePublished\":\"2014-09-25T14:51:50+00:00\",\"author\":{\"@id\":\"\"},\"breadcrumb\":{\"@id\":\"https:\/\/www.blogsoestado.com\/danielmatos\/lobao-filho-faz-representacao-criminal-contra-flavio-dino-por-calunia\/#breadcrumb\"},\"inLanguage\":\"pt-BR\",\"potentialAction\":[{\"@type\":\"ReadAction\",\"target\":[\"https:\/\/www.blogsoestado.com\/danielmatos\/lobao-filho-faz-representacao-criminal-contra-flavio-dino-por-calunia\/\"]}]},{\"@type\":\"ImageObject\",\"inLanguage\":\"pt-BR\",\"@id\":\"https:\/\/www.blogsoestado.com\/danielmatos\/lobao-filho-faz-representacao-criminal-contra-flavio-dino-por-calunia\/#primaryimage\",\"url\":\"https:\/\/www.blogsoestado.com\/danielmatos\/files\/2014\/09\/dino-medo.jpg\",\"contentUrl\":\"https:\/\/www.blogsoestado.com\/danielmatos\/files\/2014\/09\/dino-medo.jpg\"},{\"@type\":\"BreadcrumbList\",\"@id\":\"https:\/\/www.blogsoestado.com\/danielmatos\/lobao-filho-faz-representacao-criminal-contra-flavio-dino-por-calunia\/#breadcrumb\",\"itemListElement\":[{\"@type\":\"ListItem\",\"position\":1,\"name\":\"In\u00edcio\",\"item\":\"https:\/\/www.blogsoestado.com\/danielmatos\/\"},{\"@type\":\"ListItem\",\"position\":2,\"name\":\"Lob\u00e3o Filho faz representa\u00e7\u00e3o criminal contra Fl\u00e1vio Dino por cal\u00fania\"}]},{\"@type\":\"WebSite\",\"@id\":\"https:\/\/www.blogsoestado.com\/danielmatos\/#website\",\"url\":\"https:\/\/www.blogsoestado.com\/danielmatos\/\",\"name\":\"Daniel Matos\",\"description\":\"\",\"potentialAction\":[{\"@type\":\"SearchAction\",\"target\":{\"@type\":\"EntryPoint\",\"urlTemplate\":\"https:\/\/www.blogsoestado.com\/danielmatos\/?s={search_term_string}\"},\"query-input\":{\"@type\":\"PropertyValueSpecification\",\"valueRequired\":true,\"valueName\":\"search_term_string\"}}],\"inLanguage\":\"pt-BR\"}]}<\/script>\n<!-- \/ Yoast SEO plugin. -->","yoast_head_json":{"title":"Lob\u00e3o Filho faz representa\u00e7\u00e3o criminal contra Fl\u00e1vio Dino por cal\u00fania - Daniel Matos","robots":{"index":"index","follow":"follow","max-snippet":"max-snippet:-1","max-image-preview":"max-image-preview:large","max-video-preview":"max-video-preview:-1"},"canonical":"https:\/\/www.blogsoestado.com\/danielmatos\/lobao-filho-faz-representacao-criminal-contra-flavio-dino-por-calunia\/","og_locale":"pt_BR","og_type":"article","og_title":"Lob\u00e3o Filho faz representa\u00e7\u00e3o criminal contra Fl\u00e1vio Dino por cal\u00fania - Daniel Matos","og_description":"O candidato da coliga\u00e7\u00e3o &#8220;Pra Frente, Maranh\u00e3o&#8221;, Lob\u00e3o Filho, impetrou\u00a0ontem, no Minist\u00e9rio P\u00fablico Eleitoral (MPE), uma representa\u00e7\u00e3o criminal por cal\u00fania [&hellip;]","og_url":"https:\/\/www.blogsoestado.com\/danielmatos\/lobao-filho-faz-representacao-criminal-contra-flavio-dino-por-calunia\/","og_site_name":"Daniel Matos","article_published_time":"2014-09-25T14:51:50+00:00","og_image":[{"url":"https:\/\/www.blogsoestado.com\/danielmatos\/files\/2014\/09\/dino-medo.jpg","type":"","width":"","height":""}],"twitter_card":"summary_large_image","twitter_misc":{"Est. tempo de leitura":"2 minutos"},"schema":{"@context":"https:\/\/schema.org","@graph":[{"@type":"WebPage","@id":"https:\/\/www.blogsoestado.com\/danielmatos\/lobao-filho-faz-representacao-criminal-contra-flavio-dino-por-calunia\/","url":"https:\/\/www.blogsoestado.com\/danielmatos\/lobao-filho-faz-representacao-criminal-contra-flavio-dino-por-calunia\/","name":"Lob\u00e3o Filho faz representa\u00e7\u00e3o criminal contra Fl\u00e1vio Dino por cal\u00fania - Daniel Matos","isPartOf":{"@id":"https:\/\/www.blogsoestado.com\/danielmatos\/#website"},"primaryImageOfPage":{"@id":"https:\/\/www.blogsoestado.com\/danielmatos\/lobao-filho-faz-representacao-criminal-contra-flavio-dino-por-calunia\/#primaryimage"},"image":{"@id":"https:\/\/www.blogsoestado.com\/danielmatos\/lobao-filho-faz-representacao-criminal-contra-flavio-dino-por-calunia\/#primaryimage"},"thumbnailUrl":"https:\/\/www.blogsoestado.com\/danielmatos\/files\/2014\/09\/dino-medo.jpg","datePublished":"2014-09-25T14:51:50+00:00","author":{"@id":""},"breadcrumb":{"@id":"https:\/\/www.blogsoestado.com\/danielmatos\/lobao-filho-faz-representacao-criminal-contra-flavio-dino-por-calunia\/#breadcrumb"},"inLanguage":"pt-BR","potentialAction":[{"@type":"ReadAction","target":["https:\/\/www.blogsoestado.com\/danielmatos\/lobao-filho-faz-representacao-criminal-contra-flavio-dino-por-calunia\/"]}]},{"@type":"ImageObject","inLanguage":"pt-BR","@id":"https:\/\/www.blogsoestado.com\/danielmatos\/lobao-filho-faz-representacao-criminal-contra-flavio-dino-por-calunia\/#primaryimage","url":"https:\/\/www.blogsoestado.com\/danielmatos\/files\/2014\/09\/dino-medo.jpg","contentUrl":"https:\/\/www.blogsoestado.com\/danielmatos\/files\/2014\/09\/dino-medo.jpg"},{"@type":"BreadcrumbList","@id":"https:\/\/www.blogsoestado.com\/danielmatos\/lobao-filho-faz-representacao-criminal-contra-flavio-dino-por-calunia\/#breadcrumb","itemListElement":[{"@type":"ListItem","position":1,"name":"In\u00edcio","item":"https:\/\/www.blogsoestado.com\/danielmatos\/"},{"@type":"ListItem","position":2,"name":"Lob\u00e3o Filho faz representa\u00e7\u00e3o criminal contra Fl\u00e1vio Dino por cal\u00fania"}]},{"@type":"WebSite","@id":"https:\/\/www.blogsoestado.com\/danielmatos\/#website","url":"https:\/\/www.blogsoestado.com\/danielmatos\/","name":"Daniel Matos","description":"","potentialAction":[{"@type":"SearchAction","target":{"@type":"EntryPoint","urlTemplate":"https:\/\/www.blogsoestado.com\/danielmatos\/?s={search_term_string}"},"query-input":{"@type":"PropertyValueSpecification","valueRequired":true,"valueName":"search_term_string"}}],"inLanguage":"pt-BR"}]}},"jetpack_featured_media_url":"","_links":{"self":[{"href":"https:\/\/www.blogsoestado.com\/danielmatos\/wp-json\/wp\/v2\/posts\/19472","targetHints":{"allow":["GET"]}}],"collection":[{"href":"https:\/\/www.blogsoestado.com\/danielmatos\/wp-json\/wp\/v2\/posts"}],"about":[{"href":"https:\/\/www.blogsoestado.com\/danielmatos\/wp-json\/wp\/v2\/types\/post"}],"replies":[{"embeddable":true,"href":"https:\/\/www.blogsoestado.com\/danielmatos\/wp-json\/wp\/v2\/comments?post=19472"}],"version-history":[{"count":0,"href":"https:\/\/www.blogsoestado.com\/danielmatos\/wp-json\/wp\/v2\/posts\/19472\/revisions"}],"wp:attachment":[{"href":"https:\/\/www.blogsoestado.com\/danielmatos\/wp-json\/wp\/v2\/media?parent=19472"}],"wp:term":[{"taxonomy":"category","embeddable":true,"href":"https:\/\/www.blogsoestado.com\/danielmatos\/wp-json\/wp\/v2\/categories?post=19472"},{"taxonomy":"post_tag","embeddable":true,"href":"https:\/\/www.blogsoestado.com\/danielmatos\/wp-json\/wp\/v2\/tags?post=19472"}],"curies":[{"name":"wp","href":"https:\/\/api.w.org\/{rel}","templated":true}]}}