{"id":19478,"date":"2014-09-25T16:17:13","date_gmt":"2014-09-25T19:17:13","guid":{"rendered":"https:\/\/www.blogsoestado.com\/danielmatos\/?p=19478"},"modified":"2014-09-25T16:17:13","modified_gmt":"2014-09-25T19:17:13","slug":"pmdb-nacional-repudia-acao-arbitraria-da-pf-a-comitiva-de-lobao-filho","status":"publish","type":"post","link":"https:\/\/www.blogsoestado.com\/danielmatos\/pmdb-nacional-repudia-acao-arbitraria-da-pf-a-comitiva-de-lobao-filho\/","title":{"rendered":"PMDB nacional repudia a\u00e7\u00e3o arbitr\u00e1ria da PF a comitiva de Lob\u00e3o Filho"},"content":{"rendered":"<p>O vice-presidente da rep\u00fablica, e Presidente do diret\u00f3rio nacional do PMDB, Michel Temer, repudiou em nota divulgada a imprensa na manh\u00e3 desta quinta-feira (25), a a\u00e7\u00e3o da Pol\u00edcia Federal que abordou de forma dr\u00e1stica e arbitr\u00e1ria a equipe e comitiva do Senador Lob\u00e3o Filho nesta quarta-feira (24), no aeroporto de Imperatriz quando a comitiva chegava ap\u00f3s com\u00edcio realizado na cidade de Estreito, no qual uma multid\u00e3o participou.<\/p>\n<p>Sem raz\u00e3o legal, policiais federais realizaram buscas na aeronave e bagagem de todos os componentes da comitiva, sem, contudo encontrar nenhum indicio de irregularidades.<\/p>\n<p><strong>Representa\u00e7\u00e3o por cal\u00fania<\/strong><\/p>\n<p>O candidato ao governo do Maranh\u00e3o Lob\u00e3o Filho (PMDB), pela coliga\u00e7\u00e3o Pra Frente Maranh\u00e3o, ingressou ainda nesta quarta-feira (24), com representa\u00e7\u00e3o por cal\u00fania contra o candidato Fl\u00e1vio Dino (PCdoB), devido \u00e0s acusa\u00e7\u00f5es de que o candidato peemedebista estaria envolvido com a produ\u00e7\u00e3o e falsifica\u00e7\u00e3o de v\u00eddeo, no qual o seu advers\u00e1rio \u00e9 acusado pelo assaltante Andr\u00e9 Caldas.<\/p>\n<p>A coliga\u00e7\u00e3o Pra Frente, Maranh\u00e3o pediu tamb\u00e9m aberto procedimento investigat\u00f3rio na Superintend\u00eancia da Pol\u00edcia Federal para apurar com os rigores da lei todos os fatos.<\/p>\n<p>Abaixo na integra nota divulgada pelo PMDB nacional sobre a abordagem arbitr\u00e1ria da Pol\u00edcia Federal:<\/p>\n<p><em>O diret\u00f3rio nacional do PMDB repudia a a\u00e7\u00e3o de integrantes da Pol\u00edcia Federal, que abordaram de armas em punho a comitiva do candidato a governador do Maranh\u00e3o, senador Edison Lob\u00e3o Filho, no aeroporto da cidade de Imperatriz na noite desta quarta-feira.<\/em><\/p>\n<p><em>Sob o pretexto de buscar recursos ilegais de campanha, foram feitas buscas na aeronave, nos autom\u00f3veis e na bagagem dos membros da comitiva, numa a\u00e7\u00e3o intimidat\u00f3ria que, ao final, nada encontrou de irregular. O procedimento foi baseado em den\u00fancia an\u00f4nima durante o curso da disputa eleitoral intensa. No estado democr\u00e1tico de direito \u00e9 inadmiss\u00edvel que for\u00e7as policiais sejam instrumentalizadas para atingir candidaturas legitimamente constitu\u00eddas.<\/em><\/p>\n<p>Michel Temer<br \/>\nPresidente Nacional do PMDB<\/p>\n","protected":false},"excerpt":{"rendered":"<p>O vice-presidente da rep\u00fablica, e Presidente do diret\u00f3rio nacional do PMDB, Michel Temer, repudiou em nota divulgada a imprensa na [&hellip;]<\/p>\n","protected":false},"author":0,"featured_media":0,"comment_status":"open","ping_status":"open","sticky":false,"template":"","format":"standard","meta":{"site-sidebar-layout":"default","site-content-layout":"","ast-site-content-layout":"default","site-content-style":"default","site-sidebar-style":"default","ast-global-header-display":"","ast-banner-title-visibility":"","ast-main-header-display":"","ast-hfb-above-header-display":"","ast-hfb-below-header-display":"","ast-hfb-mobile-header-display":"","site-post-title":"","ast-breadcrumbs-content":"","ast-featured-img":"","footer-sml-layout":"","ast-disable-related-posts":"","theme-transparent-header-meta":"","adv-header-id-meta":"","stick-header-meta":"","header-above-stick-meta":"","header-main-stick-meta":"","header-below-stick-meta":"","astra-migrate-meta-layouts":"default","ast-page-background-enabled":"default","ast-page-background-meta":{"desktop":{"background-color":"var(--ast-global-color-5)","background-image":"","background-repeat":"repeat","background-position":"center center","background-size":"auto","background-attachment":"scroll","background-type":"","background-media":"","overlay-type":"","overlay-color":"","overlay-opacity":"","overlay-gradient":""},"tablet":{"background-color":"","background-image":"","background-repeat":"repeat","background-position":"center center","background-size":"auto","background-attachment":"scroll","background-type":"","background-media":"","overlay-type":"","overlay-color":"","overlay-opacity":"","overlay-gradient":""},"mobile":{"background-color":"","background-image":"","background-repeat":"repeat","background-position":"center center","background-size":"auto","background-attachment":"scroll","background-type":"","background-media":"","overlay-type":"","overlay-color":"","overlay-opacity":"","overlay-gradient":""}},"ast-content-background-meta":{"desktop":{"background-color":"var(--ast-global-color-4)","background-image":"","background-repeat":"repeat","background-position":"center center","background-size":"auto","background-attachment":"scroll","background-type":"","background-media":"","overlay-type":"","overlay-color":"","overlay-opacity":"","overlay-gradient":""},"tablet":{"background-color":"var(--ast-global-color-4)","background-image":"","background-repeat":"repeat","background-position":"center center","background-size":"auto","background-attachment":"scroll","background-type":"","background-media":"","overlay-type":"","overlay-color":"","overlay-opacity":"","overlay-gradient":""},"mobile":{"background-color":"var(--ast-global-color-4)","background-image":"","background-repeat":"repeat","background-position":"center center","background-size":"auto","background-attachment":"scroll","background-type":"","background-media":"","overlay-type":"","overlay-color":"","overlay-opacity":"","overlay-gradient":""}},"footnotes":""},"categories":[1],"tags":[],"class_list":["post-19478","post","type-post","status-publish","format-standard","hentry","category-sem-categoria"],"yoast_head":"<!-- This site is optimized with the Yoast SEO plugin v26.6 - https:\/\/yoast.com\/wordpress\/plugins\/seo\/ -->\n<title>PMDB nacional repudia a\u00e7\u00e3o arbitr\u00e1ria da PF a comitiva de Lob\u00e3o Filho - Daniel Matos<\/title>\n<meta name=\"robots\" content=\"index, follow, max-snippet:-1, max-image-preview:large, max-video-preview:-1\" \/>\n<link rel=\"canonical\" href=\"https:\/\/www.blogsoestado.com\/danielmatos\/pmdb-nacional-repudia-acao-arbitraria-da-pf-a-comitiva-de-lobao-filho\/\" \/>\n<meta property=\"og:locale\" content=\"pt_BR\" \/>\n<meta property=\"og:type\" content=\"article\" \/>\n<meta property=\"og:title\" content=\"PMDB nacional repudia a\u00e7\u00e3o arbitr\u00e1ria da PF a comitiva de Lob\u00e3o Filho - Daniel Matos\" \/>\n<meta property=\"og:description\" content=\"O vice-presidente da rep\u00fablica, e Presidente do diret\u00f3rio nacional do PMDB, Michel Temer, repudiou em nota divulgada a imprensa na [&hellip;]\" \/>\n<meta property=\"og:url\" content=\"https:\/\/www.blogsoestado.com\/danielmatos\/pmdb-nacional-repudia-acao-arbitraria-da-pf-a-comitiva-de-lobao-filho\/\" \/>\n<meta property=\"og:site_name\" content=\"Daniel Matos\" \/>\n<meta property=\"article:published_time\" content=\"2014-09-25T19:17:13+00:00\" \/>\n<meta name=\"twitter:card\" content=\"summary_large_image\" \/>\n<meta name=\"twitter:label1\" content=\"Est. tempo de leitura\" \/>\n\t<meta name=\"twitter:data1\" content=\"2 minutos\" \/>\n<script type=\"application\/ld+json\" class=\"yoast-schema-graph\">{\"@context\":\"https:\/\/schema.org\",\"@graph\":[{\"@type\":\"WebPage\",\"@id\":\"https:\/\/www.blogsoestado.com\/danielmatos\/pmdb-nacional-repudia-acao-arbitraria-da-pf-a-comitiva-de-lobao-filho\/\",\"url\":\"https:\/\/www.blogsoestado.com\/danielmatos\/pmdb-nacional-repudia-acao-arbitraria-da-pf-a-comitiva-de-lobao-filho\/\",\"name\":\"PMDB nacional repudia a\u00e7\u00e3o arbitr\u00e1ria da PF a comitiva de Lob\u00e3o Filho - Daniel Matos\",\"isPartOf\":{\"@id\":\"https:\/\/www.blogsoestado.com\/danielmatos\/#website\"},\"datePublished\":\"2014-09-25T19:17:13+00:00\",\"author\":{\"@id\":\"\"},\"breadcrumb\":{\"@id\":\"https:\/\/www.blogsoestado.com\/danielmatos\/pmdb-nacional-repudia-acao-arbitraria-da-pf-a-comitiva-de-lobao-filho\/#breadcrumb\"},\"inLanguage\":\"pt-BR\",\"potentialAction\":[{\"@type\":\"ReadAction\",\"target\":[\"https:\/\/www.blogsoestado.com\/danielmatos\/pmdb-nacional-repudia-acao-arbitraria-da-pf-a-comitiva-de-lobao-filho\/\"]}]},{\"@type\":\"BreadcrumbList\",\"@id\":\"https:\/\/www.blogsoestado.com\/danielmatos\/pmdb-nacional-repudia-acao-arbitraria-da-pf-a-comitiva-de-lobao-filho\/#breadcrumb\",\"itemListElement\":[{\"@type\":\"ListItem\",\"position\":1,\"name\":\"In\u00edcio\",\"item\":\"https:\/\/www.blogsoestado.com\/danielmatos\/\"},{\"@type\":\"ListItem\",\"position\":2,\"name\":\"PMDB nacional repudia a\u00e7\u00e3o arbitr\u00e1ria da PF a comitiva de Lob\u00e3o Filho\"}]},{\"@type\":\"WebSite\",\"@id\":\"https:\/\/www.blogsoestado.com\/danielmatos\/#website\",\"url\":\"https:\/\/www.blogsoestado.com\/danielmatos\/\",\"name\":\"Daniel Matos\",\"description\":\"\",\"potentialAction\":[{\"@type\":\"SearchAction\",\"target\":{\"@type\":\"EntryPoint\",\"urlTemplate\":\"https:\/\/www.blogsoestado.com\/danielmatos\/?s={search_term_string}\"},\"query-input\":{\"@type\":\"PropertyValueSpecification\",\"valueRequired\":true,\"valueName\":\"search_term_string\"}}],\"inLanguage\":\"pt-BR\"}]}<\/script>\n<!-- \/ Yoast SEO plugin. -->","yoast_head_json":{"title":"PMDB nacional repudia a\u00e7\u00e3o arbitr\u00e1ria da PF a comitiva de Lob\u00e3o Filho - Daniel Matos","robots":{"index":"index","follow":"follow","max-snippet":"max-snippet:-1","max-image-preview":"max-image-preview:large","max-video-preview":"max-video-preview:-1"},"canonical":"https:\/\/www.blogsoestado.com\/danielmatos\/pmdb-nacional-repudia-acao-arbitraria-da-pf-a-comitiva-de-lobao-filho\/","og_locale":"pt_BR","og_type":"article","og_title":"PMDB nacional repudia a\u00e7\u00e3o arbitr\u00e1ria da PF a comitiva de Lob\u00e3o Filho - Daniel Matos","og_description":"O vice-presidente da rep\u00fablica, e Presidente do diret\u00f3rio nacional do PMDB, Michel Temer, repudiou em nota divulgada a imprensa na [&hellip;]","og_url":"https:\/\/www.blogsoestado.com\/danielmatos\/pmdb-nacional-repudia-acao-arbitraria-da-pf-a-comitiva-de-lobao-filho\/","og_site_name":"Daniel Matos","article_published_time":"2014-09-25T19:17:13+00:00","twitter_card":"summary_large_image","twitter_misc":{"Est. tempo de leitura":"2 minutos"},"schema":{"@context":"https:\/\/schema.org","@graph":[{"@type":"WebPage","@id":"https:\/\/www.blogsoestado.com\/danielmatos\/pmdb-nacional-repudia-acao-arbitraria-da-pf-a-comitiva-de-lobao-filho\/","url":"https:\/\/www.blogsoestado.com\/danielmatos\/pmdb-nacional-repudia-acao-arbitraria-da-pf-a-comitiva-de-lobao-filho\/","name":"PMDB nacional repudia a\u00e7\u00e3o arbitr\u00e1ria da PF a comitiva de Lob\u00e3o Filho - Daniel Matos","isPartOf":{"@id":"https:\/\/www.blogsoestado.com\/danielmatos\/#website"},"datePublished":"2014-09-25T19:17:13+00:00","author":{"@id":""},"breadcrumb":{"@id":"https:\/\/www.blogsoestado.com\/danielmatos\/pmdb-nacional-repudia-acao-arbitraria-da-pf-a-comitiva-de-lobao-filho\/#breadcrumb"},"inLanguage":"pt-BR","potentialAction":[{"@type":"ReadAction","target":["https:\/\/www.blogsoestado.com\/danielmatos\/pmdb-nacional-repudia-acao-arbitraria-da-pf-a-comitiva-de-lobao-filho\/"]}]},{"@type":"BreadcrumbList","@id":"https:\/\/www.blogsoestado.com\/danielmatos\/pmdb-nacional-repudia-acao-arbitraria-da-pf-a-comitiva-de-lobao-filho\/#breadcrumb","itemListElement":[{"@type":"ListItem","position":1,"name":"In\u00edcio","item":"https:\/\/www.blogsoestado.com\/danielmatos\/"},{"@type":"ListItem","position":2,"name":"PMDB nacional repudia a\u00e7\u00e3o arbitr\u00e1ria da PF a comitiva de Lob\u00e3o Filho"}]},{"@type":"WebSite","@id":"https:\/\/www.blogsoestado.com\/danielmatos\/#website","url":"https:\/\/www.blogsoestado.com\/danielmatos\/","name":"Daniel Matos","description":"","potentialAction":[{"@type":"SearchAction","target":{"@type":"EntryPoint","urlTemplate":"https:\/\/www.blogsoestado.com\/danielmatos\/?s={search_term_string}"},"query-input":{"@type":"PropertyValueSpecification","valueRequired":true,"valueName":"search_term_string"}}],"inLanguage":"pt-BR"}]}},"jetpack_featured_media_url":"","_links":{"self":[{"href":"https:\/\/www.blogsoestado.com\/danielmatos\/wp-json\/wp\/v2\/posts\/19478","targetHints":{"allow":["GET"]}}],"collection":[{"href":"https:\/\/www.blogsoestado.com\/danielmatos\/wp-json\/wp\/v2\/posts"}],"about":[{"href":"https:\/\/www.blogsoestado.com\/danielmatos\/wp-json\/wp\/v2\/types\/post"}],"replies":[{"embeddable":true,"href":"https:\/\/www.blogsoestado.com\/danielmatos\/wp-json\/wp\/v2\/comments?post=19478"}],"version-history":[{"count":0,"href":"https:\/\/www.blogsoestado.com\/danielmatos\/wp-json\/wp\/v2\/posts\/19478\/revisions"}],"wp:attachment":[{"href":"https:\/\/www.blogsoestado.com\/danielmatos\/wp-json\/wp\/v2\/media?parent=19478"}],"wp:term":[{"taxonomy":"category","embeddable":true,"href":"https:\/\/www.blogsoestado.com\/danielmatos\/wp-json\/wp\/v2\/categories?post=19478"},{"taxonomy":"post_tag","embeddable":true,"href":"https:\/\/www.blogsoestado.com\/danielmatos\/wp-json\/wp\/v2\/tags?post=19478"}],"curies":[{"name":"wp","href":"https:\/\/api.w.org\/{rel}","templated":true}]}}