{"id":19480,"date":"2014-09-25T18:00:22","date_gmt":"2014-09-25T21:00:22","guid":{"rendered":"https:\/\/www.blogsoestado.com\/danielmatos\/?p=19480"},"modified":"2014-09-25T18:00:22","modified_gmt":"2014-09-25T21:00:22","slug":"lobao-filho-reune-milhares-em-comicio-em-estreito","status":"publish","type":"post","link":"https:\/\/www.blogsoestado.com\/danielmatos\/lobao-filho-reune-milhares-em-comicio-em-estreito\/","title":{"rendered":"Lob\u00e3o Filho re\u00fane milhares em com\u00edcio em Estreito"},"content":{"rendered":"<figure id=\"attachment_19481\" aria-describedby=\"caption-attachment-19481\" style=\"width: 640px\" class=\"wp-caption aligncenter\"><a href=\"https:\/\/www.blogsoestado.com\/danielmatos\/files\/2014\/09\/lobao-estreito.jpg\"><img fetchpriority=\"high\" decoding=\"async\" class=\"size-full wp-image-19481\" src=\"https:\/\/www.blogsoestado.com\/danielmatos\/files\/2014\/09\/lobao-estreito.jpg\" alt=\"Com\u00edcio de Lob\u00e3o Filho em Estreito reuniu as principais lideran\u00e7as pol\u00edticas do Sul do Maranh\u00e3o\" width=\"640\" height=\"323\" \/><\/a><figcaption id=\"caption-attachment-19481\" class=\"wp-caption-text\">Com\u00edcio de Lob\u00e3o Filho em Estreito reuniu as principais lideran\u00e7as pol\u00edticas do Sul do Maranh\u00e3o (<strong>Foto:<\/strong> J\u00fanior Foicinha)<\/figcaption><\/figure>\n<p>O candidato da coliga\u00e7\u00e3o \u201cPra Frente, Maranh\u00e3o\u201d ao governo estadual, senador Lob\u00e3o Filho (PMDB), ratificou em um grande com\u00edcio na cidade de Estreito, que reuniu as principais lideran\u00e7as pol\u00edticas do Sul do Maranh\u00e3o, que o seu governo ter\u00e1 em sua ess\u00eancia as marcas da efetividade, da compet\u00eancia e resultados c\u00e9leres e positivos que v\u00e3o transformar o Maranh\u00e3o em um estado de oportunidades para todos, rico economicamente, com justi\u00e7a social e melhor distribui\u00e7\u00e3o de renda.<\/p>\n<p>Entre as v\u00e1rias a\u00e7\u00f5es para garantir uma gest\u00e3o \u201cempresarial\u201d, Lob\u00e3o Filho citou o programa \u201cGoverno 3E &#8211; Eficiente, Eficaz, Efetivo\u201d com novos paradigmas de administra\u00e7\u00e3o e com mecanismos e instrumentos para aumentar a sua efici\u00eancia no controle das contas p\u00fablicas, efic\u00e1cia na solu\u00e7\u00e3o das demandas e efetividade na manuten\u00e7\u00e3o de suas diretrizes.<\/p>\n<p>O candidato peemedebista disse ainda que a \u201cEscola de Governo\u201d ter\u00e1 um papel essencial para revitalizar e fortalecer a m\u00e1quina governamental. \u201cVamos torn\u00e1-la um centro de capacita\u00e7\u00e3o dos servidores p\u00fablicos em sintonia com os novos paradigmas de gest\u00e3o que vamos implementar\u201d, disse Lob\u00e3o Filho ao anunciar tamb\u00e9m a pavimenta\u00e7\u00e3o da MA 138, entre os munic\u00edpios de Estreito e S\u00e3o Pedro dos Crentes.<\/p>\n<p>Outro programa de governo arrolado pelo senador foi o programa \u201cHonra ao M\u00e9rito\u201d, que vai possibilitar a ascens\u00e3o funcional e acr\u00e9scimos de remunera\u00e7\u00e3o com base no m\u00e9rito e na produtividade dos servidores p\u00fablicos estaduais, com foco na meritocracia. \u201cVamos implantar um sistema de governo com base s\u00f3lida no planejamento e na implememta\u00e7\u00e3o de estrat\u00e9gias interligadas para fortalecer a imagem e a identidade interna e externa do Maranh\u00e3o e de sua gente\u201d, afirmou.<\/p>\n<p>Lob\u00e3o Filho destacou ainda os programas \u201cMaranh\u00e3o Banda Larga\u201d, que ser\u00e1 desenvolvido em parceria com a iniciativa privada para fortalecer a Rede Estadual de Tecnologia da Informa\u00e7\u00e3o e Comunica\u00e7\u00e3o, inserindo definitivamente o Estado no mapa mundial virtual e o \u201cMaranh\u00e3o Transparente\u201d, para disponibilizar a todos os dados referentes a projetos, obras, a\u00e7\u00f5es e contas p\u00fablicas, com seus respectivos cronogramas de realiza\u00e7\u00e3o.<\/p>\n<p>\u201cEsse vai ser o nosso governo. Com f\u00e9, amor e esperan\u00e7a no cora\u00e7\u00e3o vamos imprimir um governo atuante e consonante \u00e0s aspira\u00e7\u00f5es e demandas de nossa popula\u00e7\u00e3o, dos nossos munic\u00edpios. Um governo que vai dotar o Maranh\u00e3o de toda a infraestrutura necess\u00e1ria e um ambiente prop\u00edcio ao desenvolvimento econ\u00f4mico e social, onde cada maranhense ter\u00e1 orgulho de sua terra e for\u00e7a do trabalho para a sua realiza\u00e7\u00e3o plena enquanto cidad\u00e3o\u201d, enfatizou Lob\u00e3o Filho ao constatar a for\u00e7a do povo que o apoia e de correntes pol\u00edticas que est\u00e3o engrossando as fileiras do \u201cPra Frente, Maranh\u00e3o\u201d, rumo a vit\u00f3ria em cinco de outubro.<\/p>\n<p><strong>For\u00e7a pol\u00edtica <\/strong><\/p>\n<p>O com\u00edcio na cidade de Estreito entre outras lideran\u00e7as da regi\u00e3o do Sul do Maranh\u00e3o reuniu os prefeitos de Campestre, Valmir Morais, S\u00e3o Jo\u00e3o do Para\u00edso, Jos\u00e9 Aldo, Carolina, Ubiratan Juc\u00e1, Bom Jesus das Selvas, Cristiane Campos, Feira Nova, Paulo Barbosa, Governador Edison Lob\u00e3o, Evandro Viana, Riach\u00e3o, Dr. Cris\u00f3gno, al\u00e9m de vereadores e outras lideran\u00e7as desses e de outros munic\u00edpios.<\/p>\n<p>O anfitri\u00e3o, o prefeito de Estreito, C\u00edcero Morais, (o Cicin), disse que apoia Lob\u00e3o Filho por que tem certeza que vai continuar realizando o sonho da popula\u00e7\u00e3o de sua cidade e mudando para melhor toda a sua infraestrutura. \u201cHoje, temos mais de 50 obras em plena execu\u00e7\u00e3o. Implantamos o nosso Distrito Industrial. Temos energia el\u00e9trica na quase totalidade de nossas localidades. Lob\u00e3o Filho \u00e9 sin\u00f4nimo progresso e desenvolvimento. Vamos sempre para frente e n\u00e3o vamos n\u00f3s deixar enganar com falsas promessas\u201d, alertou.<\/p>\n<p>A presidente da C\u00e2mara de Vereadores de Estreito, Mariana Leite, afirmou que apoia Lob\u00e3o Filho para que Estreito continue seguindo com a transforma\u00e7\u00e3o que est\u00e1 passando, para melhor, na zona urbana e rural e \u201cn\u00e3o podemos nos iludir com hist\u00f3rias para dormir daqueles que s\u00f3 tem promessas e n\u00e3o trabalho por seu Estado e a sua gente\u201d.<\/p>\n","protected":false},"excerpt":{"rendered":"<p>O candidato da coliga\u00e7\u00e3o \u201cPra Frente, Maranh\u00e3o\u201d ao governo estadual, senador Lob\u00e3o Filho (PMDB), ratificou em um grande com\u00edcio na [&hellip;]<\/p>\n","protected":false},"author":0,"featured_media":0,"comment_status":"open","ping_status":"open","sticky":false,"template":"","format":"standard","meta":{"site-sidebar-layout":"default","site-content-layout":"","ast-site-content-layout":"default","site-content-style":"default","site-sidebar-style":"default","ast-global-header-display":"","ast-banner-title-visibility":"","ast-main-header-display":"","ast-hfb-above-header-display":"","ast-hfb-below-header-display":"","ast-hfb-mobile-header-display":"","site-post-title":"","ast-breadcrumbs-content":"","ast-featured-img":"","footer-sml-layout":"","ast-disable-related-posts":"","theme-transparent-header-meta":"","adv-header-id-meta":"","stick-header-meta":"","header-above-stick-meta":"","header-main-stick-meta":"","header-below-stick-meta":"","astra-migrate-meta-layouts":"default","ast-page-background-enabled":"default","ast-page-background-meta":{"desktop":{"background-color":"var(--ast-global-color-5)","background-image":"","background-repeat":"repeat","background-position":"center center","background-size":"auto","background-attachment":"scroll","background-type":"","background-media":"","overlay-type":"","overlay-color":"","overlay-opacity":"","overlay-gradient":""},"tablet":{"background-color":"","background-image":"","background-repeat":"repeat","background-position":"center center","background-size":"auto","background-attachment":"scroll","background-type":"","background-media":"","overlay-type":"","overlay-color":"","overlay-opacity":"","overlay-gradient":""},"mobile":{"background-color":"","background-image":"","background-repeat":"repeat","background-position":"center center","background-size":"auto","background-attachment":"scroll","background-type":"","background-media":"","overlay-type":"","overlay-color":"","overlay-opacity":"","overlay-gradient":""}},"ast-content-background-meta":{"desktop":{"background-color":"var(--ast-global-color-4)","background-image":"","background-repeat":"repeat","background-position":"center center","background-size":"auto","background-attachment":"scroll","background-type":"","background-media":"","overlay-type":"","overlay-color":"","overlay-opacity":"","overlay-gradient":""},"tablet":{"background-color":"var(--ast-global-color-4)","background-image":"","background-repeat":"repeat","background-position":"center center","background-size":"auto","background-attachment":"scroll","background-type":"","background-media":"","overlay-type":"","overlay-color":"","overlay-opacity":"","overlay-gradient":""},"mobile":{"background-color":"var(--ast-global-color-4)","background-image":"","background-repeat":"repeat","background-position":"center center","background-size":"auto","background-attachment":"scroll","background-type":"","background-media":"","overlay-type":"","overlay-color":"","overlay-opacity":"","overlay-gradient":""}},"footnotes":""},"categories":[1],"tags":[],"class_list":["post-19480","post","type-post","status-publish","format-standard","hentry","category-sem-categoria"],"yoast_head":"<!-- This site is optimized with the Yoast SEO plugin v26.6 - https:\/\/yoast.com\/wordpress\/plugins\/seo\/ -->\n<title>Lob\u00e3o Filho re\u00fane milhares em com\u00edcio em Estreito - Daniel Matos<\/title>\n<meta name=\"robots\" content=\"index, follow, max-snippet:-1, max-image-preview:large, max-video-preview:-1\" \/>\n<link rel=\"canonical\" href=\"https:\/\/www.blogsoestado.com\/danielmatos\/lobao-filho-reune-milhares-em-comicio-em-estreito\/\" \/>\n<meta property=\"og:locale\" content=\"pt_BR\" \/>\n<meta property=\"og:type\" content=\"article\" \/>\n<meta property=\"og:title\" content=\"Lob\u00e3o Filho re\u00fane milhares em com\u00edcio em Estreito - Daniel Matos\" \/>\n<meta property=\"og:description\" content=\"O candidato da coliga\u00e7\u00e3o \u201cPra Frente, Maranh\u00e3o\u201d ao governo estadual, senador Lob\u00e3o Filho (PMDB), ratificou em um grande com\u00edcio na [&hellip;]\" \/>\n<meta property=\"og:url\" content=\"https:\/\/www.blogsoestado.com\/danielmatos\/lobao-filho-reune-milhares-em-comicio-em-estreito\/\" \/>\n<meta property=\"og:site_name\" content=\"Daniel Matos\" \/>\n<meta property=\"article:published_time\" content=\"2014-09-25T21:00:22+00:00\" \/>\n<meta property=\"og:image\" content=\"https:\/\/www.blogsoestado.com\/danielmatos\/files\/2014\/09\/lobao-estreito.jpg\" \/>\n<meta name=\"twitter:card\" content=\"summary_large_image\" \/>\n<meta name=\"twitter:label1\" content=\"Est. tempo de leitura\" \/>\n\t<meta name=\"twitter:data1\" content=\"4 minutos\" \/>\n<script type=\"application\/ld+json\" class=\"yoast-schema-graph\">{\"@context\":\"https:\/\/schema.org\",\"@graph\":[{\"@type\":\"WebPage\",\"@id\":\"https:\/\/www.blogsoestado.com\/danielmatos\/lobao-filho-reune-milhares-em-comicio-em-estreito\/\",\"url\":\"https:\/\/www.blogsoestado.com\/danielmatos\/lobao-filho-reune-milhares-em-comicio-em-estreito\/\",\"name\":\"Lob\u00e3o Filho re\u00fane milhares em com\u00edcio em Estreito - Daniel Matos\",\"isPartOf\":{\"@id\":\"https:\/\/www.blogsoestado.com\/danielmatos\/#website\"},\"primaryImageOfPage\":{\"@id\":\"https:\/\/www.blogsoestado.com\/danielmatos\/lobao-filho-reune-milhares-em-comicio-em-estreito\/#primaryimage\"},\"image\":{\"@id\":\"https:\/\/www.blogsoestado.com\/danielmatos\/lobao-filho-reune-milhares-em-comicio-em-estreito\/#primaryimage\"},\"thumbnailUrl\":\"https:\/\/www.blogsoestado.com\/danielmatos\/files\/2014\/09\/lobao-estreito.jpg\",\"datePublished\":\"2014-09-25T21:00:22+00:00\",\"author\":{\"@id\":\"\"},\"breadcrumb\":{\"@id\":\"https:\/\/www.blogsoestado.com\/danielmatos\/lobao-filho-reune-milhares-em-comicio-em-estreito\/#breadcrumb\"},\"inLanguage\":\"pt-BR\",\"potentialAction\":[{\"@type\":\"ReadAction\",\"target\":[\"https:\/\/www.blogsoestado.com\/danielmatos\/lobao-filho-reune-milhares-em-comicio-em-estreito\/\"]}]},{\"@type\":\"ImageObject\",\"inLanguage\":\"pt-BR\",\"@id\":\"https:\/\/www.blogsoestado.com\/danielmatos\/lobao-filho-reune-milhares-em-comicio-em-estreito\/#primaryimage\",\"url\":\"https:\/\/www.blogsoestado.com\/danielmatos\/files\/2014\/09\/lobao-estreito.jpg\",\"contentUrl\":\"https:\/\/www.blogsoestado.com\/danielmatos\/files\/2014\/09\/lobao-estreito.jpg\"},{\"@type\":\"BreadcrumbList\",\"@id\":\"https:\/\/www.blogsoestado.com\/danielmatos\/lobao-filho-reune-milhares-em-comicio-em-estreito\/#breadcrumb\",\"itemListElement\":[{\"@type\":\"ListItem\",\"position\":1,\"name\":\"In\u00edcio\",\"item\":\"https:\/\/www.blogsoestado.com\/danielmatos\/\"},{\"@type\":\"ListItem\",\"position\":2,\"name\":\"Lob\u00e3o Filho re\u00fane milhares em com\u00edcio em Estreito\"}]},{\"@type\":\"WebSite\",\"@id\":\"https:\/\/www.blogsoestado.com\/danielmatos\/#website\",\"url\":\"https:\/\/www.blogsoestado.com\/danielmatos\/\",\"name\":\"Daniel Matos\",\"description\":\"\",\"potentialAction\":[{\"@type\":\"SearchAction\",\"target\":{\"@type\":\"EntryPoint\",\"urlTemplate\":\"https:\/\/www.blogsoestado.com\/danielmatos\/?s={search_term_string}\"},\"query-input\":{\"@type\":\"PropertyValueSpecification\",\"valueRequired\":true,\"valueName\":\"search_term_string\"}}],\"inLanguage\":\"pt-BR\"}]}<\/script>\n<!-- \/ Yoast SEO plugin. -->","yoast_head_json":{"title":"Lob\u00e3o Filho re\u00fane milhares em com\u00edcio em Estreito - Daniel Matos","robots":{"index":"index","follow":"follow","max-snippet":"max-snippet:-1","max-image-preview":"max-image-preview:large","max-video-preview":"max-video-preview:-1"},"canonical":"https:\/\/www.blogsoestado.com\/danielmatos\/lobao-filho-reune-milhares-em-comicio-em-estreito\/","og_locale":"pt_BR","og_type":"article","og_title":"Lob\u00e3o Filho re\u00fane milhares em com\u00edcio em Estreito - Daniel Matos","og_description":"O candidato da coliga\u00e7\u00e3o \u201cPra Frente, Maranh\u00e3o\u201d ao governo estadual, senador Lob\u00e3o Filho (PMDB), ratificou em um grande com\u00edcio na [&hellip;]","og_url":"https:\/\/www.blogsoestado.com\/danielmatos\/lobao-filho-reune-milhares-em-comicio-em-estreito\/","og_site_name":"Daniel Matos","article_published_time":"2014-09-25T21:00:22+00:00","og_image":[{"url":"https:\/\/www.blogsoestado.com\/danielmatos\/files\/2014\/09\/lobao-estreito.jpg","type":"","width":"","height":""}],"twitter_card":"summary_large_image","twitter_misc":{"Est. tempo de leitura":"4 minutos"},"schema":{"@context":"https:\/\/schema.org","@graph":[{"@type":"WebPage","@id":"https:\/\/www.blogsoestado.com\/danielmatos\/lobao-filho-reune-milhares-em-comicio-em-estreito\/","url":"https:\/\/www.blogsoestado.com\/danielmatos\/lobao-filho-reune-milhares-em-comicio-em-estreito\/","name":"Lob\u00e3o Filho re\u00fane milhares em com\u00edcio em Estreito - Daniel Matos","isPartOf":{"@id":"https:\/\/www.blogsoestado.com\/danielmatos\/#website"},"primaryImageOfPage":{"@id":"https:\/\/www.blogsoestado.com\/danielmatos\/lobao-filho-reune-milhares-em-comicio-em-estreito\/#primaryimage"},"image":{"@id":"https:\/\/www.blogsoestado.com\/danielmatos\/lobao-filho-reune-milhares-em-comicio-em-estreito\/#primaryimage"},"thumbnailUrl":"https:\/\/www.blogsoestado.com\/danielmatos\/files\/2014\/09\/lobao-estreito.jpg","datePublished":"2014-09-25T21:00:22+00:00","author":{"@id":""},"breadcrumb":{"@id":"https:\/\/www.blogsoestado.com\/danielmatos\/lobao-filho-reune-milhares-em-comicio-em-estreito\/#breadcrumb"},"inLanguage":"pt-BR","potentialAction":[{"@type":"ReadAction","target":["https:\/\/www.blogsoestado.com\/danielmatos\/lobao-filho-reune-milhares-em-comicio-em-estreito\/"]}]},{"@type":"ImageObject","inLanguage":"pt-BR","@id":"https:\/\/www.blogsoestado.com\/danielmatos\/lobao-filho-reune-milhares-em-comicio-em-estreito\/#primaryimage","url":"https:\/\/www.blogsoestado.com\/danielmatos\/files\/2014\/09\/lobao-estreito.jpg","contentUrl":"https:\/\/www.blogsoestado.com\/danielmatos\/files\/2014\/09\/lobao-estreito.jpg"},{"@type":"BreadcrumbList","@id":"https:\/\/www.blogsoestado.com\/danielmatos\/lobao-filho-reune-milhares-em-comicio-em-estreito\/#breadcrumb","itemListElement":[{"@type":"ListItem","position":1,"name":"In\u00edcio","item":"https:\/\/www.blogsoestado.com\/danielmatos\/"},{"@type":"ListItem","position":2,"name":"Lob\u00e3o Filho re\u00fane milhares em com\u00edcio em Estreito"}]},{"@type":"WebSite","@id":"https:\/\/www.blogsoestado.com\/danielmatos\/#website","url":"https:\/\/www.blogsoestado.com\/danielmatos\/","name":"Daniel Matos","description":"","potentialAction":[{"@type":"SearchAction","target":{"@type":"EntryPoint","urlTemplate":"https:\/\/www.blogsoestado.com\/danielmatos\/?s={search_term_string}"},"query-input":{"@type":"PropertyValueSpecification","valueRequired":true,"valueName":"search_term_string"}}],"inLanguage":"pt-BR"}]}},"jetpack_featured_media_url":"","_links":{"self":[{"href":"https:\/\/www.blogsoestado.com\/danielmatos\/wp-json\/wp\/v2\/posts\/19480","targetHints":{"allow":["GET"]}}],"collection":[{"href":"https:\/\/www.blogsoestado.com\/danielmatos\/wp-json\/wp\/v2\/posts"}],"about":[{"href":"https:\/\/www.blogsoestado.com\/danielmatos\/wp-json\/wp\/v2\/types\/post"}],"replies":[{"embeddable":true,"href":"https:\/\/www.blogsoestado.com\/danielmatos\/wp-json\/wp\/v2\/comments?post=19480"}],"version-history":[{"count":0,"href":"https:\/\/www.blogsoestado.com\/danielmatos\/wp-json\/wp\/v2\/posts\/19480\/revisions"}],"wp:attachment":[{"href":"https:\/\/www.blogsoestado.com\/danielmatos\/wp-json\/wp\/v2\/media?parent=19480"}],"wp:term":[{"taxonomy":"category","embeddable":true,"href":"https:\/\/www.blogsoestado.com\/danielmatos\/wp-json\/wp\/v2\/categories?post=19480"},{"taxonomy":"post_tag","embeddable":true,"href":"https:\/\/www.blogsoestado.com\/danielmatos\/wp-json\/wp\/v2\/tags?post=19480"}],"curies":[{"name":"wp","href":"https:\/\/api.w.org\/{rel}","templated":true}]}}