{"id":19483,"date":"2014-09-25T17:45:13","date_gmt":"2014-09-25T20:45:13","guid":{"rendered":"https:\/\/www.blogsoestado.com\/danielmatos\/?p=19483"},"modified":"2014-09-25T17:45:13","modified_gmt":"2014-09-25T20:45:13","slug":"eleicao-tre-pede-reforco-de-tropas-federais-tambem-em-sao-luis","status":"publish","type":"post","link":"https:\/\/www.blogsoestado.com\/danielmatos\/eleicao-tre-pede-reforco-de-tropas-federais-tambem-em-sao-luis\/","title":{"rendered":"Elei\u00e7\u00e3o: TRE aprova refor\u00e7o de tropas federais em S\u00e3o Lu\u00eds, mas \u00faltima palavra ser\u00e1 do TSE"},"content":{"rendered":"<figure id=\"attachment_19484\" aria-describedby=\"caption-attachment-19484\" style=\"width: 430px\" class=\"wp-caption alignleft\"><a href=\"https:\/\/www.blogsoestado.com\/danielmatos\/files\/2014\/09\/tre-tropas.jpg\"><img fetchpriority=\"high\" decoding=\"async\" class=\"size-full wp-image-19484\" src=\"https:\/\/www.blogsoestado.com\/danielmatos\/files\/2014\/09\/tre-tropas.jpg\" alt=\"Corte eleitoral pediu refor\u00e7o de tropas federais tamb\u00e9m para S\u00e3o Lu\u00eds\" width=\"430\" height=\"220\" \/><\/a><figcaption id=\"caption-attachment-19484\" class=\"wp-caption-text\">Corte eleitoral pediu refor\u00e7o de tropas federais tamb\u00e9m para S\u00e3o Lu\u00eds<\/figcaption><\/figure>\n<p>Em raz\u00e3o dos \u00faltimos acontecimentos de viol\u00eancia ocorridos em S\u00e3o Lu\u00eds, capital do Estado do Maranh\u00e3o, os membros do Tribunal Regional Eleitoral aprovaram na tarde desta quinta-feira, 25 de setembro, o encaminhamento ao Tribunal Superior Eleitoral de pedido de for\u00e7a federal para o munic\u00edpio.<\/p>\n<p>O deferimento se deu ap\u00f3s os ju\u00edzes eleitorais das 1\u00aa, 2\u00aa, 3\u00aa, 10\u00aa, 76\u00aa, 88\u00aa, 89\u00aa, 90\u00aa e 91\u00aa zonas eleitorais se manifestarem em 24h sobre a necessidade ou n\u00e3o do refor\u00e7o, visto a urg\u00eancia na an\u00e1lise do processo, que foi levado para julgamento pela primeira vez na sess\u00e3o administrativa da \u00faltima ter\u00e7a-feira, 23.<\/p>\n<p>A autoriza\u00e7\u00e3o para que a tropa federal atue na capital maranhense cabe ao TSE. Para o relator do processo, desembargador eleitoral Jos\u00e9 Eul\u00e1lio Figueiredo de Almeida, a medida \u00e9 pertinente para assegurar a seguran\u00e7a do processo eleitoral em curso.<br \/>\n\u201cQueremos dizer \u00e0 popula\u00e7\u00e3o que n\u00e3o estamos medindo esfor\u00e7os para garantir que as elei\u00e7\u00f5es transcorram normalmente, sem que nenhum incidente seja registrado. A preocupa\u00e7\u00e3o com seguran\u00e7a \u00e9 salutar e nossas a\u00e7\u00f5es t\u00eam sido com o objetivo de prevenir\u201d, afirmou o desembargador Froz Sobrinho, presidente do TRE-MA.<\/p>\n<p><strong>Parceria<\/strong><\/p>\n<p>O presidente tamb\u00e9m explicou que os \u00f3rg\u00e3os de seguran\u00e7a e a Justi\u00e7a Eleitoral trabalham em parceria, se reunindo periodicamente para tra\u00e7ar estrat\u00e9gias. \u201cEm 2014, inclusive descentralizamos as atividades do Gabinete de Seguran\u00e7a Institucional, que est\u00e1 montado um em S\u00e3o Lu\u00eds e outro em Imperatriz\u201d, finalizou.<\/p>\n<p>Est\u00e3o envolvidos com a seguran\u00e7a do pleito membros do TRE-MA, do Minist\u00e9rio P\u00fablico Eleitoral, do Ex\u00e9rcito e das pol\u00edcias civil, militar, federal, rodovi\u00e1ria federal e corpo de bombeiros.<\/p>\n<p>O TSE j\u00e1 aprovou o envio de for\u00e7a federal para 10 cidades maranhenses: Santa Luzia, Alto Alegre do Pindar\u00e9, Barra do Corda, Fernando Falc\u00e3o, Jenipapo das Vieiras, S\u00e3o Mateus, Z\u00e9 Doca, Santa Luzia do Paru\u00e1, Nova Olinda e Benedito Leite. Ainda aguardam autoriza\u00e7\u00e3o os munic\u00edpios de Colinas, Cod\u00f3, Chapadinha e Bacabal, que tiveram seus pedidos deferidos pelo TRE-MA em 23 de setembro.<\/p>\n<p><strong>Os pedidos<\/strong><\/p>\n<p>O Regional recebeu 3 pedidos solicitando envio de for\u00e7a federal para S\u00e3o Lu\u00eds: da coliga\u00e7\u00e3o Todos Pelo Maranh\u00e3o, da Corregedoria Geral de Justi\u00e7a e da Ordem dos Advogados.<\/p>\n<p><strong>Fonte:<\/strong> Tribunal Regional Eleitoral (TRE-MA)<\/p>\n","protected":false},"excerpt":{"rendered":"<p>Em raz\u00e3o dos \u00faltimos acontecimentos de viol\u00eancia ocorridos em S\u00e3o Lu\u00eds, capital do Estado do Maranh\u00e3o, os membros do Tribunal [&hellip;]<\/p>\n","protected":false},"author":0,"featured_media":0,"comment_status":"open","ping_status":"open","sticky":false,"template":"","format":"standard","meta":{"site-sidebar-layout":"default","site-content-layout":"","ast-site-content-layout":"default","site-content-style":"default","site-sidebar-style":"default","ast-global-header-display":"","ast-banner-title-visibility":"","ast-main-header-display":"","ast-hfb-above-header-display":"","ast-hfb-below-header-display":"","ast-hfb-mobile-header-display":"","site-post-title":"","ast-breadcrumbs-content":"","ast-featured-img":"","footer-sml-layout":"","ast-disable-related-posts":"","theme-transparent-header-meta":"","adv-header-id-meta":"","stick-header-meta":"","header-above-stick-meta":"","header-main-stick-meta":"","header-below-stick-meta":"","astra-migrate-meta-layouts":"default","ast-page-background-enabled":"default","ast-page-background-meta":{"desktop":{"background-color":"var(--ast-global-color-5)","background-image":"","background-repeat":"repeat","background-position":"center center","background-size":"auto","background-attachment":"scroll","background-type":"","background-media":"","overlay-type":"","overlay-color":"","overlay-opacity":"","overlay-gradient":""},"tablet":{"background-color":"","background-image":"","background-repeat":"repeat","background-position":"center center","background-size":"auto","background-attachment":"scroll","background-type":"","background-media":"","overlay-type":"","overlay-color":"","overlay-opacity":"","overlay-gradient":""},"mobile":{"background-color":"","background-image":"","background-repeat":"repeat","background-position":"center center","background-size":"auto","background-attachment":"scroll","background-type":"","background-media":"","overlay-type":"","overlay-color":"","overlay-opacity":"","overlay-gradient":""}},"ast-content-background-meta":{"desktop":{"background-color":"var(--ast-global-color-4)","background-image":"","background-repeat":"repeat","background-position":"center center","background-size":"auto","background-attachment":"scroll","background-type":"","background-media":"","overlay-type":"","overlay-color":"","overlay-opacity":"","overlay-gradient":""},"tablet":{"background-color":"var(--ast-global-color-4)","background-image":"","background-repeat":"repeat","background-position":"center center","background-size":"auto","background-attachment":"scroll","background-type":"","background-media":"","overlay-type":"","overlay-color":"","overlay-opacity":"","overlay-gradient":""},"mobile":{"background-color":"var(--ast-global-color-4)","background-image":"","background-repeat":"repeat","background-position":"center center","background-size":"auto","background-attachment":"scroll","background-type":"","background-media":"","overlay-type":"","overlay-color":"","overlay-opacity":"","overlay-gradient":""}},"footnotes":""},"categories":[1],"tags":[],"class_list":["post-19483","post","type-post","status-publish","format-standard","hentry","category-sem-categoria"],"yoast_head":"<!-- This site is optimized with the Yoast SEO plugin v26.6 - https:\/\/yoast.com\/wordpress\/plugins\/seo\/ -->\n<title>Elei\u00e7\u00e3o: TRE aprova refor\u00e7o de tropas federais em S\u00e3o Lu\u00eds, mas \u00faltima palavra ser\u00e1 do TSE - Daniel Matos<\/title>\n<meta name=\"robots\" content=\"index, follow, max-snippet:-1, max-image-preview:large, max-video-preview:-1\" \/>\n<link rel=\"canonical\" href=\"https:\/\/www.blogsoestado.com\/danielmatos\/eleicao-tre-pede-reforco-de-tropas-federais-tambem-em-sao-luis\/\" \/>\n<meta property=\"og:locale\" content=\"pt_BR\" \/>\n<meta property=\"og:type\" content=\"article\" \/>\n<meta property=\"og:title\" content=\"Elei\u00e7\u00e3o: TRE aprova refor\u00e7o de tropas federais em S\u00e3o Lu\u00eds, mas \u00faltima palavra ser\u00e1 do TSE - Daniel Matos\" \/>\n<meta property=\"og:description\" content=\"Em raz\u00e3o dos \u00faltimos acontecimentos de viol\u00eancia ocorridos em S\u00e3o Lu\u00eds, capital do Estado do Maranh\u00e3o, os membros do Tribunal [&hellip;]\" \/>\n<meta property=\"og:url\" content=\"https:\/\/www.blogsoestado.com\/danielmatos\/eleicao-tre-pede-reforco-de-tropas-federais-tambem-em-sao-luis\/\" \/>\n<meta property=\"og:site_name\" content=\"Daniel Matos\" \/>\n<meta property=\"article:published_time\" content=\"2014-09-25T20:45:13+00:00\" \/>\n<meta property=\"og:image\" content=\"https:\/\/www.blogsoestado.com\/danielmatos\/files\/2014\/09\/tre-tropas.jpg\" \/>\n<meta name=\"twitter:card\" content=\"summary_large_image\" \/>\n<meta name=\"twitter:label1\" content=\"Est. tempo de leitura\" \/>\n\t<meta name=\"twitter:data1\" content=\"2 minutos\" \/>\n<script type=\"application\/ld+json\" class=\"yoast-schema-graph\">{\"@context\":\"https:\/\/schema.org\",\"@graph\":[{\"@type\":\"WebPage\",\"@id\":\"https:\/\/www.blogsoestado.com\/danielmatos\/eleicao-tre-pede-reforco-de-tropas-federais-tambem-em-sao-luis\/\",\"url\":\"https:\/\/www.blogsoestado.com\/danielmatos\/eleicao-tre-pede-reforco-de-tropas-federais-tambem-em-sao-luis\/\",\"name\":\"Elei\u00e7\u00e3o: TRE aprova refor\u00e7o de tropas federais em S\u00e3o Lu\u00eds, mas \u00faltima palavra ser\u00e1 do TSE - Daniel Matos\",\"isPartOf\":{\"@id\":\"https:\/\/www.blogsoestado.com\/danielmatos\/#website\"},\"primaryImageOfPage\":{\"@id\":\"https:\/\/www.blogsoestado.com\/danielmatos\/eleicao-tre-pede-reforco-de-tropas-federais-tambem-em-sao-luis\/#primaryimage\"},\"image\":{\"@id\":\"https:\/\/www.blogsoestado.com\/danielmatos\/eleicao-tre-pede-reforco-de-tropas-federais-tambem-em-sao-luis\/#primaryimage\"},\"thumbnailUrl\":\"https:\/\/www.blogsoestado.com\/danielmatos\/files\/2014\/09\/tre-tropas.jpg\",\"datePublished\":\"2014-09-25T20:45:13+00:00\",\"author\":{\"@id\":\"\"},\"breadcrumb\":{\"@id\":\"https:\/\/www.blogsoestado.com\/danielmatos\/eleicao-tre-pede-reforco-de-tropas-federais-tambem-em-sao-luis\/#breadcrumb\"},\"inLanguage\":\"pt-BR\",\"potentialAction\":[{\"@type\":\"ReadAction\",\"target\":[\"https:\/\/www.blogsoestado.com\/danielmatos\/eleicao-tre-pede-reforco-de-tropas-federais-tambem-em-sao-luis\/\"]}]},{\"@type\":\"ImageObject\",\"inLanguage\":\"pt-BR\",\"@id\":\"https:\/\/www.blogsoestado.com\/danielmatos\/eleicao-tre-pede-reforco-de-tropas-federais-tambem-em-sao-luis\/#primaryimage\",\"url\":\"https:\/\/www.blogsoestado.com\/danielmatos\/files\/2014\/09\/tre-tropas.jpg\",\"contentUrl\":\"https:\/\/www.blogsoestado.com\/danielmatos\/files\/2014\/09\/tre-tropas.jpg\"},{\"@type\":\"BreadcrumbList\",\"@id\":\"https:\/\/www.blogsoestado.com\/danielmatos\/eleicao-tre-pede-reforco-de-tropas-federais-tambem-em-sao-luis\/#breadcrumb\",\"itemListElement\":[{\"@type\":\"ListItem\",\"position\":1,\"name\":\"In\u00edcio\",\"item\":\"https:\/\/www.blogsoestado.com\/danielmatos\/\"},{\"@type\":\"ListItem\",\"position\":2,\"name\":\"Elei\u00e7\u00e3o: TRE aprova refor\u00e7o de tropas federais em S\u00e3o Lu\u00eds, mas \u00faltima palavra ser\u00e1 do TSE\"}]},{\"@type\":\"WebSite\",\"@id\":\"https:\/\/www.blogsoestado.com\/danielmatos\/#website\",\"url\":\"https:\/\/www.blogsoestado.com\/danielmatos\/\",\"name\":\"Daniel Matos\",\"description\":\"\",\"potentialAction\":[{\"@type\":\"SearchAction\",\"target\":{\"@type\":\"EntryPoint\",\"urlTemplate\":\"https:\/\/www.blogsoestado.com\/danielmatos\/?s={search_term_string}\"},\"query-input\":{\"@type\":\"PropertyValueSpecification\",\"valueRequired\":true,\"valueName\":\"search_term_string\"}}],\"inLanguage\":\"pt-BR\"}]}<\/script>\n<!-- \/ Yoast SEO plugin. -->","yoast_head_json":{"title":"Elei\u00e7\u00e3o: TRE aprova refor\u00e7o de tropas federais em S\u00e3o Lu\u00eds, mas \u00faltima palavra ser\u00e1 do TSE - Daniel Matos","robots":{"index":"index","follow":"follow","max-snippet":"max-snippet:-1","max-image-preview":"max-image-preview:large","max-video-preview":"max-video-preview:-1"},"canonical":"https:\/\/www.blogsoestado.com\/danielmatos\/eleicao-tre-pede-reforco-de-tropas-federais-tambem-em-sao-luis\/","og_locale":"pt_BR","og_type":"article","og_title":"Elei\u00e7\u00e3o: TRE aprova refor\u00e7o de tropas federais em S\u00e3o Lu\u00eds, mas \u00faltima palavra ser\u00e1 do TSE - Daniel Matos","og_description":"Em raz\u00e3o dos \u00faltimos acontecimentos de viol\u00eancia ocorridos em S\u00e3o Lu\u00eds, capital do Estado do Maranh\u00e3o, os membros do Tribunal [&hellip;]","og_url":"https:\/\/www.blogsoestado.com\/danielmatos\/eleicao-tre-pede-reforco-de-tropas-federais-tambem-em-sao-luis\/","og_site_name":"Daniel Matos","article_published_time":"2014-09-25T20:45:13+00:00","og_image":[{"url":"https:\/\/www.blogsoestado.com\/danielmatos\/files\/2014\/09\/tre-tropas.jpg","type":"","width":"","height":""}],"twitter_card":"summary_large_image","twitter_misc":{"Est. tempo de leitura":"2 minutos"},"schema":{"@context":"https:\/\/schema.org","@graph":[{"@type":"WebPage","@id":"https:\/\/www.blogsoestado.com\/danielmatos\/eleicao-tre-pede-reforco-de-tropas-federais-tambem-em-sao-luis\/","url":"https:\/\/www.blogsoestado.com\/danielmatos\/eleicao-tre-pede-reforco-de-tropas-federais-tambem-em-sao-luis\/","name":"Elei\u00e7\u00e3o: TRE aprova refor\u00e7o de tropas federais em S\u00e3o Lu\u00eds, mas \u00faltima palavra ser\u00e1 do TSE - Daniel Matos","isPartOf":{"@id":"https:\/\/www.blogsoestado.com\/danielmatos\/#website"},"primaryImageOfPage":{"@id":"https:\/\/www.blogsoestado.com\/danielmatos\/eleicao-tre-pede-reforco-de-tropas-federais-tambem-em-sao-luis\/#primaryimage"},"image":{"@id":"https:\/\/www.blogsoestado.com\/danielmatos\/eleicao-tre-pede-reforco-de-tropas-federais-tambem-em-sao-luis\/#primaryimage"},"thumbnailUrl":"https:\/\/www.blogsoestado.com\/danielmatos\/files\/2014\/09\/tre-tropas.jpg","datePublished":"2014-09-25T20:45:13+00:00","author":{"@id":""},"breadcrumb":{"@id":"https:\/\/www.blogsoestado.com\/danielmatos\/eleicao-tre-pede-reforco-de-tropas-federais-tambem-em-sao-luis\/#breadcrumb"},"inLanguage":"pt-BR","potentialAction":[{"@type":"ReadAction","target":["https:\/\/www.blogsoestado.com\/danielmatos\/eleicao-tre-pede-reforco-de-tropas-federais-tambem-em-sao-luis\/"]}]},{"@type":"ImageObject","inLanguage":"pt-BR","@id":"https:\/\/www.blogsoestado.com\/danielmatos\/eleicao-tre-pede-reforco-de-tropas-federais-tambem-em-sao-luis\/#primaryimage","url":"https:\/\/www.blogsoestado.com\/danielmatos\/files\/2014\/09\/tre-tropas.jpg","contentUrl":"https:\/\/www.blogsoestado.com\/danielmatos\/files\/2014\/09\/tre-tropas.jpg"},{"@type":"BreadcrumbList","@id":"https:\/\/www.blogsoestado.com\/danielmatos\/eleicao-tre-pede-reforco-de-tropas-federais-tambem-em-sao-luis\/#breadcrumb","itemListElement":[{"@type":"ListItem","position":1,"name":"In\u00edcio","item":"https:\/\/www.blogsoestado.com\/danielmatos\/"},{"@type":"ListItem","position":2,"name":"Elei\u00e7\u00e3o: TRE aprova refor\u00e7o de tropas federais em S\u00e3o Lu\u00eds, mas \u00faltima palavra ser\u00e1 do TSE"}]},{"@type":"WebSite","@id":"https:\/\/www.blogsoestado.com\/danielmatos\/#website","url":"https:\/\/www.blogsoestado.com\/danielmatos\/","name":"Daniel Matos","description":"","potentialAction":[{"@type":"SearchAction","target":{"@type":"EntryPoint","urlTemplate":"https:\/\/www.blogsoestado.com\/danielmatos\/?s={search_term_string}"},"query-input":{"@type":"PropertyValueSpecification","valueRequired":true,"valueName":"search_term_string"}}],"inLanguage":"pt-BR"}]}},"jetpack_featured_media_url":"","_links":{"self":[{"href":"https:\/\/www.blogsoestado.com\/danielmatos\/wp-json\/wp\/v2\/posts\/19483","targetHints":{"allow":["GET"]}}],"collection":[{"href":"https:\/\/www.blogsoestado.com\/danielmatos\/wp-json\/wp\/v2\/posts"}],"about":[{"href":"https:\/\/www.blogsoestado.com\/danielmatos\/wp-json\/wp\/v2\/types\/post"}],"replies":[{"embeddable":true,"href":"https:\/\/www.blogsoestado.com\/danielmatos\/wp-json\/wp\/v2\/comments?post=19483"}],"version-history":[{"count":0,"href":"https:\/\/www.blogsoestado.com\/danielmatos\/wp-json\/wp\/v2\/posts\/19483\/revisions"}],"wp:attachment":[{"href":"https:\/\/www.blogsoestado.com\/danielmatos\/wp-json\/wp\/v2\/media?parent=19483"}],"wp:term":[{"taxonomy":"category","embeddable":true,"href":"https:\/\/www.blogsoestado.com\/danielmatos\/wp-json\/wp\/v2\/categories?post=19483"},{"taxonomy":"post_tag","embeddable":true,"href":"https:\/\/www.blogsoestado.com\/danielmatos\/wp-json\/wp\/v2\/tags?post=19483"}],"curies":[{"name":"wp","href":"https:\/\/api.w.org\/{rel}","templated":true}]}}