{"id":19489,"date":"2014-09-25T18:06:30","date_gmt":"2014-09-25T21:06:30","guid":{"rendered":"https:\/\/www.blogsoestado.com\/danielmatos\/?p=19489"},"modified":"2014-09-25T18:06:30","modified_gmt":"2014-09-25T21:06:30","slug":"sejap-afasta-diretores-da-ccpj-de-pedrinhas-ate-conclusao-de-inquerito-sobre-video","status":"publish","type":"post","link":"https:\/\/www.blogsoestado.com\/danielmatos\/sejap-afasta-diretores-da-ccpj-de-pedrinhas-ate-conclusao-de-inquerito-sobre-video\/","title":{"rendered":"Sejap afasta diretores da CCPJ de Pedrinhas at\u00e9 conclus\u00e3o de inqu\u00e9rito sobre v\u00eddeo"},"content":{"rendered":"<p>Em nota divulgada no final da tarde desta quinta-feira, a Secretaria de Estado de Justi\u00e7a e Administra\u00e7\u00e3o Penitenci\u00e1ria (Sejap) informa o afastamento de dois diretores da Central de Cust\u00f3dia de Presos de Justi\u00e7a (CCPJ) de Pedrinhas at\u00e9 a conclus\u00e3o da investiga\u00e7\u00e3o sobre o conte\u00fado do v\u00eddeo em que o preso Andr\u00e9 Esc\u00f3cio de Caldas acusa o candidato da coliga\u00e7\u00e3o &#8220;Todos pelo Maranh\u00e3o&#8221;, Fl\u00e1vio Dino, de liderar uma quadrilha especializada em roubos a banco, carros fortes, tr\u00e1fico de drogas, que teria conex\u00f5es no sistema prisional.<\/p>\n<p>Abaixo a \u00edntegra da nota:<\/p>\n<p><em>A Secretaria de Estado de Justi\u00e7a e Administra\u00e7\u00e3o Penitenci\u00e1ria do Maranh\u00e3o (Sejap) informa que determinou o afastamento imediato de Carlos Eduardo Sousa Aguiar, diretor da Central de Cust\u00f3dia de Presos de Justi\u00e7a (CCPJ), do Complexo Penitenci\u00e1rio de Pedrinhas, e Elenilson Ara\u00fajo, diretor administrativo da CCPJ de Pedrinhas, at\u00e9 que sejam conclu\u00eddas as investiga\u00e7\u00f5es sobre o v\u00eddeo do detento Andr\u00e9 Esc\u00f3cio de Caldas.<\/em><\/p>\n<p><em>Al\u00e9m da Corregedoria da Sejap, a Superintend\u00eancia de Investiga\u00e7\u00f5es Criminais (Seic) &#8211; \u00f3rg\u00e3o da Secretaria de Seguran\u00e7a P\u00fablica (SSP) \u2013, e a Pol\u00edcia Federal tamb\u00e9m est\u00e3o investigando o caso.<\/em><\/p>\n<p><strong>Fonte:<\/strong> Secretaria de Estado de Justi\u00e7a e Administra\u00e7\u00e3o Penitenci\u00e1ria (Sejap)<\/p>\n","protected":false},"excerpt":{"rendered":"<p>Em nota divulgada no final da tarde desta quinta-feira, a Secretaria de Estado de Justi\u00e7a e Administra\u00e7\u00e3o Penitenci\u00e1ria (Sejap) informa [&hellip;]<\/p>\n","protected":false},"author":0,"featured_media":0,"comment_status":"open","ping_status":"open","sticky":false,"template":"","format":"standard","meta":{"site-sidebar-layout":"default","site-content-layout":"","ast-site-content-layout":"default","site-content-style":"default","site-sidebar-style":"default","ast-global-header-display":"","ast-banner-title-visibility":"","ast-main-header-display":"","ast-hfb-above-header-display":"","ast-hfb-below-header-display":"","ast-hfb-mobile-header-display":"","site-post-title":"","ast-breadcrumbs-content":"","ast-featured-img":"","footer-sml-layout":"","ast-disable-related-posts":"","theme-transparent-header-meta":"","adv-header-id-meta":"","stick-header-meta":"","header-above-stick-meta":"","header-main-stick-meta":"","header-below-stick-meta":"","astra-migrate-meta-layouts":"default","ast-page-background-enabled":"default","ast-page-background-meta":{"desktop":{"background-color":"var(--ast-global-color-5)","background-image":"","background-repeat":"repeat","background-position":"center center","background-size":"auto","background-attachment":"scroll","background-type":"","background-media":"","overlay-type":"","overlay-color":"","overlay-opacity":"","overlay-gradient":""},"tablet":{"background-color":"","background-image":"","background-repeat":"repeat","background-position":"center center","background-size":"auto","background-attachment":"scroll","background-type":"","background-media":"","overlay-type":"","overlay-color":"","overlay-opacity":"","overlay-gradient":""},"mobile":{"background-color":"","background-image":"","background-repeat":"repeat","background-position":"center center","background-size":"auto","background-attachment":"scroll","background-type":"","background-media":"","overlay-type":"","overlay-color":"","overlay-opacity":"","overlay-gradient":""}},"ast-content-background-meta":{"desktop":{"background-color":"var(--ast-global-color-4)","background-image":"","background-repeat":"repeat","background-position":"center center","background-size":"auto","background-attachment":"scroll","background-type":"","background-media":"","overlay-type":"","overlay-color":"","overlay-opacity":"","overlay-gradient":""},"tablet":{"background-color":"var(--ast-global-color-4)","background-image":"","background-repeat":"repeat","background-position":"center center","background-size":"auto","background-attachment":"scroll","background-type":"","background-media":"","overlay-type":"","overlay-color":"","overlay-opacity":"","overlay-gradient":""},"mobile":{"background-color":"var(--ast-global-color-4)","background-image":"","background-repeat":"repeat","background-position":"center center","background-size":"auto","background-attachment":"scroll","background-type":"","background-media":"","overlay-type":"","overlay-color":"","overlay-opacity":"","overlay-gradient":""}},"footnotes":""},"categories":[1],"tags":[],"class_list":["post-19489","post","type-post","status-publish","format-standard","hentry","category-sem-categoria"],"yoast_head":"<!-- This site is optimized with the Yoast SEO plugin v26.6 - https:\/\/yoast.com\/wordpress\/plugins\/seo\/ -->\n<title>Sejap afasta diretores da CCPJ de Pedrinhas at\u00e9 conclus\u00e3o de inqu\u00e9rito sobre v\u00eddeo - Daniel Matos<\/title>\n<meta name=\"robots\" content=\"index, follow, max-snippet:-1, max-image-preview:large, max-video-preview:-1\" \/>\n<link rel=\"canonical\" href=\"https:\/\/www.blogsoestado.com\/danielmatos\/sejap-afasta-diretores-da-ccpj-de-pedrinhas-ate-conclusao-de-inquerito-sobre-video\/\" \/>\n<meta property=\"og:locale\" content=\"pt_BR\" \/>\n<meta property=\"og:type\" content=\"article\" \/>\n<meta property=\"og:title\" content=\"Sejap afasta diretores da CCPJ de Pedrinhas at\u00e9 conclus\u00e3o de inqu\u00e9rito sobre v\u00eddeo - Daniel Matos\" \/>\n<meta property=\"og:description\" content=\"Em nota divulgada no final da tarde desta quinta-feira, a Secretaria de Estado de Justi\u00e7a e Administra\u00e7\u00e3o Penitenci\u00e1ria (Sejap) informa [&hellip;]\" \/>\n<meta property=\"og:url\" content=\"https:\/\/www.blogsoestado.com\/danielmatos\/sejap-afasta-diretores-da-ccpj-de-pedrinhas-ate-conclusao-de-inquerito-sobre-video\/\" \/>\n<meta property=\"og:site_name\" content=\"Daniel Matos\" \/>\n<meta property=\"article:published_time\" content=\"2014-09-25T21:06:30+00:00\" \/>\n<meta name=\"twitter:card\" content=\"summary_large_image\" \/>\n<meta name=\"twitter:label1\" content=\"Est. tempo de leitura\" \/>\n\t<meta name=\"twitter:data1\" content=\"1 minuto\" \/>\n<script type=\"application\/ld+json\" class=\"yoast-schema-graph\">{\"@context\":\"https:\/\/schema.org\",\"@graph\":[{\"@type\":\"WebPage\",\"@id\":\"https:\/\/www.blogsoestado.com\/danielmatos\/sejap-afasta-diretores-da-ccpj-de-pedrinhas-ate-conclusao-de-inquerito-sobre-video\/\",\"url\":\"https:\/\/www.blogsoestado.com\/danielmatos\/sejap-afasta-diretores-da-ccpj-de-pedrinhas-ate-conclusao-de-inquerito-sobre-video\/\",\"name\":\"Sejap afasta diretores da CCPJ de Pedrinhas at\u00e9 conclus\u00e3o de inqu\u00e9rito sobre v\u00eddeo - Daniel Matos\",\"isPartOf\":{\"@id\":\"https:\/\/www.blogsoestado.com\/danielmatos\/#website\"},\"datePublished\":\"2014-09-25T21:06:30+00:00\",\"author\":{\"@id\":\"\"},\"breadcrumb\":{\"@id\":\"https:\/\/www.blogsoestado.com\/danielmatos\/sejap-afasta-diretores-da-ccpj-de-pedrinhas-ate-conclusao-de-inquerito-sobre-video\/#breadcrumb\"},\"inLanguage\":\"pt-BR\",\"potentialAction\":[{\"@type\":\"ReadAction\",\"target\":[\"https:\/\/www.blogsoestado.com\/danielmatos\/sejap-afasta-diretores-da-ccpj-de-pedrinhas-ate-conclusao-de-inquerito-sobre-video\/\"]}]},{\"@type\":\"BreadcrumbList\",\"@id\":\"https:\/\/www.blogsoestado.com\/danielmatos\/sejap-afasta-diretores-da-ccpj-de-pedrinhas-ate-conclusao-de-inquerito-sobre-video\/#breadcrumb\",\"itemListElement\":[{\"@type\":\"ListItem\",\"position\":1,\"name\":\"In\u00edcio\",\"item\":\"https:\/\/www.blogsoestado.com\/danielmatos\/\"},{\"@type\":\"ListItem\",\"position\":2,\"name\":\"Sejap afasta diretores da CCPJ de Pedrinhas at\u00e9 conclus\u00e3o de inqu\u00e9rito sobre v\u00eddeo\"}]},{\"@type\":\"WebSite\",\"@id\":\"https:\/\/www.blogsoestado.com\/danielmatos\/#website\",\"url\":\"https:\/\/www.blogsoestado.com\/danielmatos\/\",\"name\":\"Daniel Matos\",\"description\":\"\",\"potentialAction\":[{\"@type\":\"SearchAction\",\"target\":{\"@type\":\"EntryPoint\",\"urlTemplate\":\"https:\/\/www.blogsoestado.com\/danielmatos\/?s={search_term_string}\"},\"query-input\":{\"@type\":\"PropertyValueSpecification\",\"valueRequired\":true,\"valueName\":\"search_term_string\"}}],\"inLanguage\":\"pt-BR\"}]}<\/script>\n<!-- \/ Yoast SEO plugin. -->","yoast_head_json":{"title":"Sejap afasta diretores da CCPJ de Pedrinhas at\u00e9 conclus\u00e3o de inqu\u00e9rito sobre v\u00eddeo - Daniel Matos","robots":{"index":"index","follow":"follow","max-snippet":"max-snippet:-1","max-image-preview":"max-image-preview:large","max-video-preview":"max-video-preview:-1"},"canonical":"https:\/\/www.blogsoestado.com\/danielmatos\/sejap-afasta-diretores-da-ccpj-de-pedrinhas-ate-conclusao-de-inquerito-sobre-video\/","og_locale":"pt_BR","og_type":"article","og_title":"Sejap afasta diretores da CCPJ de Pedrinhas at\u00e9 conclus\u00e3o de inqu\u00e9rito sobre v\u00eddeo - Daniel Matos","og_description":"Em nota divulgada no final da tarde desta quinta-feira, a Secretaria de Estado de Justi\u00e7a e Administra\u00e7\u00e3o Penitenci\u00e1ria (Sejap) informa [&hellip;]","og_url":"https:\/\/www.blogsoestado.com\/danielmatos\/sejap-afasta-diretores-da-ccpj-de-pedrinhas-ate-conclusao-de-inquerito-sobre-video\/","og_site_name":"Daniel Matos","article_published_time":"2014-09-25T21:06:30+00:00","twitter_card":"summary_large_image","twitter_misc":{"Est. tempo de leitura":"1 minuto"},"schema":{"@context":"https:\/\/schema.org","@graph":[{"@type":"WebPage","@id":"https:\/\/www.blogsoestado.com\/danielmatos\/sejap-afasta-diretores-da-ccpj-de-pedrinhas-ate-conclusao-de-inquerito-sobre-video\/","url":"https:\/\/www.blogsoestado.com\/danielmatos\/sejap-afasta-diretores-da-ccpj-de-pedrinhas-ate-conclusao-de-inquerito-sobre-video\/","name":"Sejap afasta diretores da CCPJ de Pedrinhas at\u00e9 conclus\u00e3o de inqu\u00e9rito sobre v\u00eddeo - Daniel Matos","isPartOf":{"@id":"https:\/\/www.blogsoestado.com\/danielmatos\/#website"},"datePublished":"2014-09-25T21:06:30+00:00","author":{"@id":""},"breadcrumb":{"@id":"https:\/\/www.blogsoestado.com\/danielmatos\/sejap-afasta-diretores-da-ccpj-de-pedrinhas-ate-conclusao-de-inquerito-sobre-video\/#breadcrumb"},"inLanguage":"pt-BR","potentialAction":[{"@type":"ReadAction","target":["https:\/\/www.blogsoestado.com\/danielmatos\/sejap-afasta-diretores-da-ccpj-de-pedrinhas-ate-conclusao-de-inquerito-sobre-video\/"]}]},{"@type":"BreadcrumbList","@id":"https:\/\/www.blogsoestado.com\/danielmatos\/sejap-afasta-diretores-da-ccpj-de-pedrinhas-ate-conclusao-de-inquerito-sobre-video\/#breadcrumb","itemListElement":[{"@type":"ListItem","position":1,"name":"In\u00edcio","item":"https:\/\/www.blogsoestado.com\/danielmatos\/"},{"@type":"ListItem","position":2,"name":"Sejap afasta diretores da CCPJ de Pedrinhas at\u00e9 conclus\u00e3o de inqu\u00e9rito sobre v\u00eddeo"}]},{"@type":"WebSite","@id":"https:\/\/www.blogsoestado.com\/danielmatos\/#website","url":"https:\/\/www.blogsoestado.com\/danielmatos\/","name":"Daniel Matos","description":"","potentialAction":[{"@type":"SearchAction","target":{"@type":"EntryPoint","urlTemplate":"https:\/\/www.blogsoestado.com\/danielmatos\/?s={search_term_string}"},"query-input":{"@type":"PropertyValueSpecification","valueRequired":true,"valueName":"search_term_string"}}],"inLanguage":"pt-BR"}]}},"jetpack_featured_media_url":"","_links":{"self":[{"href":"https:\/\/www.blogsoestado.com\/danielmatos\/wp-json\/wp\/v2\/posts\/19489","targetHints":{"allow":["GET"]}}],"collection":[{"href":"https:\/\/www.blogsoestado.com\/danielmatos\/wp-json\/wp\/v2\/posts"}],"about":[{"href":"https:\/\/www.blogsoestado.com\/danielmatos\/wp-json\/wp\/v2\/types\/post"}],"replies":[{"embeddable":true,"href":"https:\/\/www.blogsoestado.com\/danielmatos\/wp-json\/wp\/v2\/comments?post=19489"}],"version-history":[{"count":0,"href":"https:\/\/www.blogsoestado.com\/danielmatos\/wp-json\/wp\/v2\/posts\/19489\/revisions"}],"wp:attachment":[{"href":"https:\/\/www.blogsoestado.com\/danielmatos\/wp-json\/wp\/v2\/media?parent=19489"}],"wp:term":[{"taxonomy":"category","embeddable":true,"href":"https:\/\/www.blogsoestado.com\/danielmatos\/wp-json\/wp\/v2\/categories?post=19489"},{"taxonomy":"post_tag","embeddable":true,"href":"https:\/\/www.blogsoestado.com\/danielmatos\/wp-json\/wp\/v2\/tags?post=19489"}],"curies":[{"name":"wp","href":"https:\/\/api.w.org\/{rel}","templated":true}]}}