{"id":19492,"date":"2014-09-25T18:09:11","date_gmt":"2014-09-25T21:09:11","guid":{"rendered":"https:\/\/www.blogsoestado.com\/danielmatos\/?p=19492"},"modified":"2014-09-25T18:09:11","modified_gmt":"2014-09-25T21:09:11","slug":"coligacao-pra-frente-maranhao-pede-explicacao-sobre-abuso-da-pf","status":"publish","type":"post","link":"https:\/\/www.blogsoestado.com\/danielmatos\/coligacao-pra-frente-maranhao-pede-explicacao-sobre-abuso-da-pf\/","title":{"rendered":"Coliga\u00e7\u00e3o &#8220;Pra Frente, Maranh\u00e3o&#8221; pede explica\u00e7\u00e3o sobre abuso da PF"},"content":{"rendered":"<p>Advogados da Coliga\u00e7\u00e3o Pra Frente Maranh\u00e3o lan\u00e7aram um ofensiva judicial nesta tarde contra uma s equencia de abusos ocorridos na campanha ao governo do Estado.<\/p>\n<p>A lista de representa\u00e7\u00f5es come\u00e7a com um pedido de esclarecimento pela a\u00e7\u00e3o de uma equipe da Pol\u00edcia Federal, que abordou, sem a devida documenta\u00e7\u00e3o, o avi\u00e3o do candidato Lob\u00e3o Filho (PMDB), no aeroporto de Imperatriz. O fato aconteceu na madrugada desta quinta-feira (24). Questionados, os policiais disseram que \u201chaviam recebido den\u00fancia an\u00f4nima\u201d, sem, no entanto, especificar o teor da den\u00fancia.<\/p>\n<p>A nota divulgada pelos advogados da coliga\u00e7\u00e3o Pra Frente Maranh\u00e3o menciona peti\u00e7\u00e3o ao Tribunal Regional Eleitoral, comunicando a a\u00e7\u00e3o do policiais contra candidatos em campanha, aparentemente, sem o devido amparo legal.<\/p>\n<p>Al\u00e9m disso, foi pedida tamb\u00e9m investiga\u00e7\u00e3o junto ao Tribunal Superior Eleitoral, requerendo puni\u00e7\u00e3o de eventuais respons\u00e1veis por conduta irregular<\/p>\n<p>Os advogados tamb\u00e9m requereram em S\u00e3o Lu\u00eds e em Bras\u00edlia investiga\u00e7\u00e3o eleitoral contra o funcion\u00e1rio p\u00fablico, Paulo Abra\u00e3o, atual secret\u00e1rio nacional de Justi\u00e7a, que fez campanha pol\u00edtica de dentro do MJ, aparentemente de dentro de seu gabinete. Coincidentemente, hauras antes da opera\u00e7\u00e3o policial ser deflagrada em Imperatriz contra Lob\u00e3o Filho e sua comitiva. Com o se sabe, a PF est\u00e1 subordinada aos Minist\u00e9rio da Justi\u00e7a.<\/p>\n<p>Outra representa\u00e7\u00e3o encaminhada contra Paulo Abra\u00e3o, por pr\u00e1tica de conduta vedada, na forma da Lei Eleitoral.<\/p>\n<p>Outra peti\u00e7\u00e3o foi encaminhada contra Fl\u00e1vio Dino, junto ao TSE\/TRE, por ter se beneficiado da campanha feita por funcion\u00e1rio p\u00fablico de maneira ilegal.<\/p>\n","protected":false},"excerpt":{"rendered":"<p>Advogados da Coliga\u00e7\u00e3o Pra Frente Maranh\u00e3o lan\u00e7aram um ofensiva judicial nesta tarde contra uma s equencia de abusos ocorridos na [&hellip;]<\/p>\n","protected":false},"author":0,"featured_media":0,"comment_status":"open","ping_status":"open","sticky":false,"template":"","format":"standard","meta":{"site-sidebar-layout":"default","site-content-layout":"","ast-site-content-layout":"default","site-content-style":"default","site-sidebar-style":"default","ast-global-header-display":"","ast-banner-title-visibility":"","ast-main-header-display":"","ast-hfb-above-header-display":"","ast-hfb-below-header-display":"","ast-hfb-mobile-header-display":"","site-post-title":"","ast-breadcrumbs-content":"","ast-featured-img":"","footer-sml-layout":"","ast-disable-related-posts":"","theme-transparent-header-meta":"","adv-header-id-meta":"","stick-header-meta":"","header-above-stick-meta":"","header-main-stick-meta":"","header-below-stick-meta":"","astra-migrate-meta-layouts":"default","ast-page-background-enabled":"default","ast-page-background-meta":{"desktop":{"background-color":"var(--ast-global-color-5)","background-image":"","background-repeat":"repeat","background-position":"center center","background-size":"auto","background-attachment":"scroll","background-type":"","background-media":"","overlay-type":"","overlay-color":"","overlay-opacity":"","overlay-gradient":""},"tablet":{"background-color":"","background-image":"","background-repeat":"repeat","background-position":"center center","background-size":"auto","background-attachment":"scroll","background-type":"","background-media":"","overlay-type":"","overlay-color":"","overlay-opacity":"","overlay-gradient":""},"mobile":{"background-color":"","background-image":"","background-repeat":"repeat","background-position":"center center","background-size":"auto","background-attachment":"scroll","background-type":"","background-media":"","overlay-type":"","overlay-color":"","overlay-opacity":"","overlay-gradient":""}},"ast-content-background-meta":{"desktop":{"background-color":"var(--ast-global-color-4)","background-image":"","background-repeat":"repeat","background-position":"center center","background-size":"auto","background-attachment":"scroll","background-type":"","background-media":"","overlay-type":"","overlay-color":"","overlay-opacity":"","overlay-gradient":""},"tablet":{"background-color":"var(--ast-global-color-4)","background-image":"","background-repeat":"repeat","background-position":"center center","background-size":"auto","background-attachment":"scroll","background-type":"","background-media":"","overlay-type":"","overlay-color":"","overlay-opacity":"","overlay-gradient":""},"mobile":{"background-color":"var(--ast-global-color-4)","background-image":"","background-repeat":"repeat","background-position":"center center","background-size":"auto","background-attachment":"scroll","background-type":"","background-media":"","overlay-type":"","overlay-color":"","overlay-opacity":"","overlay-gradient":""}},"footnotes":""},"categories":[1],"tags":[],"class_list":["post-19492","post","type-post","status-publish","format-standard","hentry","category-sem-categoria"],"yoast_head":"<!-- This site is optimized with the Yoast SEO plugin v26.6 - https:\/\/yoast.com\/wordpress\/plugins\/seo\/ -->\n<title>Coliga\u00e7\u00e3o &quot;Pra Frente, Maranh\u00e3o&quot; pede explica\u00e7\u00e3o sobre abuso da PF - Daniel Matos<\/title>\n<meta name=\"robots\" content=\"index, follow, max-snippet:-1, max-image-preview:large, max-video-preview:-1\" \/>\n<link rel=\"canonical\" href=\"https:\/\/www.blogsoestado.com\/danielmatos\/coligacao-pra-frente-maranhao-pede-explicacao-sobre-abuso-da-pf\/\" \/>\n<meta property=\"og:locale\" content=\"pt_BR\" \/>\n<meta property=\"og:type\" content=\"article\" \/>\n<meta property=\"og:title\" content=\"Coliga\u00e7\u00e3o &quot;Pra Frente, Maranh\u00e3o&quot; pede explica\u00e7\u00e3o sobre abuso da PF - Daniel Matos\" \/>\n<meta property=\"og:description\" content=\"Advogados da Coliga\u00e7\u00e3o Pra Frente Maranh\u00e3o lan\u00e7aram um ofensiva judicial nesta tarde contra uma s equencia de abusos ocorridos na [&hellip;]\" \/>\n<meta property=\"og:url\" content=\"https:\/\/www.blogsoestado.com\/danielmatos\/coligacao-pra-frente-maranhao-pede-explicacao-sobre-abuso-da-pf\/\" \/>\n<meta property=\"og:site_name\" content=\"Daniel Matos\" \/>\n<meta property=\"article:published_time\" content=\"2014-09-25T21:09:11+00:00\" \/>\n<meta name=\"twitter:card\" content=\"summary_large_image\" \/>\n<meta name=\"twitter:label1\" content=\"Est. tempo de leitura\" \/>\n\t<meta name=\"twitter:data1\" content=\"1 minuto\" \/>\n<script type=\"application\/ld+json\" class=\"yoast-schema-graph\">{\"@context\":\"https:\/\/schema.org\",\"@graph\":[{\"@type\":\"WebPage\",\"@id\":\"https:\/\/www.blogsoestado.com\/danielmatos\/coligacao-pra-frente-maranhao-pede-explicacao-sobre-abuso-da-pf\/\",\"url\":\"https:\/\/www.blogsoestado.com\/danielmatos\/coligacao-pra-frente-maranhao-pede-explicacao-sobre-abuso-da-pf\/\",\"name\":\"Coliga\u00e7\u00e3o \\\"Pra Frente, Maranh\u00e3o\\\" pede explica\u00e7\u00e3o sobre abuso da PF - Daniel Matos\",\"isPartOf\":{\"@id\":\"https:\/\/www.blogsoestado.com\/danielmatos\/#website\"},\"datePublished\":\"2014-09-25T21:09:11+00:00\",\"author\":{\"@id\":\"\"},\"breadcrumb\":{\"@id\":\"https:\/\/www.blogsoestado.com\/danielmatos\/coligacao-pra-frente-maranhao-pede-explicacao-sobre-abuso-da-pf\/#breadcrumb\"},\"inLanguage\":\"pt-BR\",\"potentialAction\":[{\"@type\":\"ReadAction\",\"target\":[\"https:\/\/www.blogsoestado.com\/danielmatos\/coligacao-pra-frente-maranhao-pede-explicacao-sobre-abuso-da-pf\/\"]}]},{\"@type\":\"BreadcrumbList\",\"@id\":\"https:\/\/www.blogsoestado.com\/danielmatos\/coligacao-pra-frente-maranhao-pede-explicacao-sobre-abuso-da-pf\/#breadcrumb\",\"itemListElement\":[{\"@type\":\"ListItem\",\"position\":1,\"name\":\"In\u00edcio\",\"item\":\"https:\/\/www.blogsoestado.com\/danielmatos\/\"},{\"@type\":\"ListItem\",\"position\":2,\"name\":\"Coliga\u00e7\u00e3o &#8220;Pra Frente, Maranh\u00e3o&#8221; pede explica\u00e7\u00e3o sobre abuso da PF\"}]},{\"@type\":\"WebSite\",\"@id\":\"https:\/\/www.blogsoestado.com\/danielmatos\/#website\",\"url\":\"https:\/\/www.blogsoestado.com\/danielmatos\/\",\"name\":\"Daniel Matos\",\"description\":\"\",\"potentialAction\":[{\"@type\":\"SearchAction\",\"target\":{\"@type\":\"EntryPoint\",\"urlTemplate\":\"https:\/\/www.blogsoestado.com\/danielmatos\/?s={search_term_string}\"},\"query-input\":{\"@type\":\"PropertyValueSpecification\",\"valueRequired\":true,\"valueName\":\"search_term_string\"}}],\"inLanguage\":\"pt-BR\"}]}<\/script>\n<!-- \/ Yoast SEO plugin. -->","yoast_head_json":{"title":"Coliga\u00e7\u00e3o \"Pra Frente, Maranh\u00e3o\" pede explica\u00e7\u00e3o sobre abuso da PF - Daniel Matos","robots":{"index":"index","follow":"follow","max-snippet":"max-snippet:-1","max-image-preview":"max-image-preview:large","max-video-preview":"max-video-preview:-1"},"canonical":"https:\/\/www.blogsoestado.com\/danielmatos\/coligacao-pra-frente-maranhao-pede-explicacao-sobre-abuso-da-pf\/","og_locale":"pt_BR","og_type":"article","og_title":"Coliga\u00e7\u00e3o \"Pra Frente, Maranh\u00e3o\" pede explica\u00e7\u00e3o sobre abuso da PF - Daniel Matos","og_description":"Advogados da Coliga\u00e7\u00e3o Pra Frente Maranh\u00e3o lan\u00e7aram um ofensiva judicial nesta tarde contra uma s equencia de abusos ocorridos na [&hellip;]","og_url":"https:\/\/www.blogsoestado.com\/danielmatos\/coligacao-pra-frente-maranhao-pede-explicacao-sobre-abuso-da-pf\/","og_site_name":"Daniel Matos","article_published_time":"2014-09-25T21:09:11+00:00","twitter_card":"summary_large_image","twitter_misc":{"Est. tempo de leitura":"1 minuto"},"schema":{"@context":"https:\/\/schema.org","@graph":[{"@type":"WebPage","@id":"https:\/\/www.blogsoestado.com\/danielmatos\/coligacao-pra-frente-maranhao-pede-explicacao-sobre-abuso-da-pf\/","url":"https:\/\/www.blogsoestado.com\/danielmatos\/coligacao-pra-frente-maranhao-pede-explicacao-sobre-abuso-da-pf\/","name":"Coliga\u00e7\u00e3o \"Pra Frente, Maranh\u00e3o\" pede explica\u00e7\u00e3o sobre abuso da PF - Daniel Matos","isPartOf":{"@id":"https:\/\/www.blogsoestado.com\/danielmatos\/#website"},"datePublished":"2014-09-25T21:09:11+00:00","author":{"@id":""},"breadcrumb":{"@id":"https:\/\/www.blogsoestado.com\/danielmatos\/coligacao-pra-frente-maranhao-pede-explicacao-sobre-abuso-da-pf\/#breadcrumb"},"inLanguage":"pt-BR","potentialAction":[{"@type":"ReadAction","target":["https:\/\/www.blogsoestado.com\/danielmatos\/coligacao-pra-frente-maranhao-pede-explicacao-sobre-abuso-da-pf\/"]}]},{"@type":"BreadcrumbList","@id":"https:\/\/www.blogsoestado.com\/danielmatos\/coligacao-pra-frente-maranhao-pede-explicacao-sobre-abuso-da-pf\/#breadcrumb","itemListElement":[{"@type":"ListItem","position":1,"name":"In\u00edcio","item":"https:\/\/www.blogsoestado.com\/danielmatos\/"},{"@type":"ListItem","position":2,"name":"Coliga\u00e7\u00e3o &#8220;Pra Frente, Maranh\u00e3o&#8221; pede explica\u00e7\u00e3o sobre abuso da PF"}]},{"@type":"WebSite","@id":"https:\/\/www.blogsoestado.com\/danielmatos\/#website","url":"https:\/\/www.blogsoestado.com\/danielmatos\/","name":"Daniel Matos","description":"","potentialAction":[{"@type":"SearchAction","target":{"@type":"EntryPoint","urlTemplate":"https:\/\/www.blogsoestado.com\/danielmatos\/?s={search_term_string}"},"query-input":{"@type":"PropertyValueSpecification","valueRequired":true,"valueName":"search_term_string"}}],"inLanguage":"pt-BR"}]}},"jetpack_featured_media_url":"","_links":{"self":[{"href":"https:\/\/www.blogsoestado.com\/danielmatos\/wp-json\/wp\/v2\/posts\/19492","targetHints":{"allow":["GET"]}}],"collection":[{"href":"https:\/\/www.blogsoestado.com\/danielmatos\/wp-json\/wp\/v2\/posts"}],"about":[{"href":"https:\/\/www.blogsoestado.com\/danielmatos\/wp-json\/wp\/v2\/types\/post"}],"replies":[{"embeddable":true,"href":"https:\/\/www.blogsoestado.com\/danielmatos\/wp-json\/wp\/v2\/comments?post=19492"}],"version-history":[{"count":0,"href":"https:\/\/www.blogsoestado.com\/danielmatos\/wp-json\/wp\/v2\/posts\/19492\/revisions"}],"wp:attachment":[{"href":"https:\/\/www.blogsoestado.com\/danielmatos\/wp-json\/wp\/v2\/media?parent=19492"}],"wp:term":[{"taxonomy":"category","embeddable":true,"href":"https:\/\/www.blogsoestado.com\/danielmatos\/wp-json\/wp\/v2\/categories?post=19492"},{"taxonomy":"post_tag","embeddable":true,"href":"https:\/\/www.blogsoestado.com\/danielmatos\/wp-json\/wp\/v2\/tags?post=19492"}],"curies":[{"name":"wp","href":"https:\/\/api.w.org\/{rel}","templated":true}]}}