{"id":19497,"date":"2014-09-26T10:49:55","date_gmt":"2014-09-26T13:49:55","guid":{"rendered":"https:\/\/www.blogsoestado.com\/danielmatos\/?p=19497"},"modified":"2014-09-26T10:49:55","modified_gmt":"2014-09-26T13:49:55","slug":"cameras-flagram-assalto-a-extrafarma-do-cohatrac","status":"publish","type":"post","link":"https:\/\/www.blogsoestado.com\/danielmatos\/cameras-flagram-assalto-a-extrafarma-do-cohatrac\/","title":{"rendered":"C\u00e2meras flagram assalto \u00e0 Extrafarma do Cohatrac"},"content":{"rendered":"<p>O v\u00eddeo abaixo mostra o assalto ocorrido na noite da \u00faltima quarta-feira (24) \u00e0 farm\u00e1cia Extrafarma do Cohatrac, flagrado pelas c\u00e2meras do circuito interno de TV da loja. Dois bandidos armados entraram no estabelecimento e anunciaram o roubo, rendendo funcion\u00e1rios e clientes e levando toda a renda\u00a0dos caixas, al\u00e9m do montante guardado no escrit\u00f3rio.<\/p>\n<p>Inicialmente, um\u00a0indiv\u00edduo\u00a0entrou na farm\u00e1cia e, de arma em punho, deu voz de assalto. Para dificultar\u00a0sua identifica\u00e7\u00e3o, ele tomou o capacete de um cliente. O assaltante\u00a0levou funcion\u00e1rios e pessoas que faziam compras para os fundos da loja, para em seguida exigir o dinheiro que estava nos caixas.<\/p>\n<p>Uma cliente\u00a0que deixou a farm\u00e1cia ao perceber o assalto chegou a avisar a um homem que estava\u00a0na\u00a0porta do estabelecimento sobre o crime, sem saber que se tratava de mais um bandido, que aguardava o comparsa do lado de fora. Em seguida, o segundo criminoso, tamb\u00e9m armado e de cara limpa, entrou na\u00a0loja\u00a0e logo abordou um funcion\u00e1rio, tomando-lhe alguns pertences.<\/p>\n<p>Ap\u00f3s o c\u00famplice\u00a0limpar os caixas, o criminoso que havia entrado por \u00faltimo\u00a0se dirigiu ao escrit\u00f3rio e\u00a0rendeu um funcion\u00e1rio que parecia ser o gerente da loja, obrigando-o a entregar todo o dinheiro que estava em duas\u00a0gavetas. O assaltante guardou parte da quantia em um dos bolsos e o restante\u00a0em um saco pl\u00e1stico que encontrou no pr\u00f3prio local. Assista ao v\u00eddeo:<\/p>\n<p>[youtube 1pFXJLBPw-E]<\/p>\n","protected":false},"excerpt":{"rendered":"<p>O v\u00eddeo abaixo mostra o assalto ocorrido na noite da \u00faltima quarta-feira (24) \u00e0 farm\u00e1cia Extrafarma do Cohatrac, flagrado pelas [&hellip;]<\/p>\n","protected":false},"author":0,"featured_media":0,"comment_status":"open","ping_status":"open","sticky":false,"template":"","format":"standard","meta":{"site-sidebar-layout":"default","site-content-layout":"","ast-site-content-layout":"default","site-content-style":"default","site-sidebar-style":"default","ast-global-header-display":"","ast-banner-title-visibility":"","ast-main-header-display":"","ast-hfb-above-header-display":"","ast-hfb-below-header-display":"","ast-hfb-mobile-header-display":"","site-post-title":"","ast-breadcrumbs-content":"","ast-featured-img":"","footer-sml-layout":"","ast-disable-related-posts":"","theme-transparent-header-meta":"","adv-header-id-meta":"","stick-header-meta":"","header-above-stick-meta":"","header-main-stick-meta":"","header-below-stick-meta":"","astra-migrate-meta-layouts":"default","ast-page-background-enabled":"default","ast-page-background-meta":{"desktop":{"background-color":"var(--ast-global-color-5)","background-image":"","background-repeat":"repeat","background-position":"center center","background-size":"auto","background-attachment":"scroll","background-type":"","background-media":"","overlay-type":"","overlay-color":"","overlay-opacity":"","overlay-gradient":""},"tablet":{"background-color":"","background-image":"","background-repeat":"repeat","background-position":"center center","background-size":"auto","background-attachment":"scroll","background-type":"","background-media":"","overlay-type":"","overlay-color":"","overlay-opacity":"","overlay-gradient":""},"mobile":{"background-color":"","background-image":"","background-repeat":"repeat","background-position":"center center","background-size":"auto","background-attachment":"scroll","background-type":"","background-media":"","overlay-type":"","overlay-color":"","overlay-opacity":"","overlay-gradient":""}},"ast-content-background-meta":{"desktop":{"background-color":"var(--ast-global-color-4)","background-image":"","background-repeat":"repeat","background-position":"center center","background-size":"auto","background-attachment":"scroll","background-type":"","background-media":"","overlay-type":"","overlay-color":"","overlay-opacity":"","overlay-gradient":""},"tablet":{"background-color":"var(--ast-global-color-4)","background-image":"","background-repeat":"repeat","background-position":"center center","background-size":"auto","background-attachment":"scroll","background-type":"","background-media":"","overlay-type":"","overlay-color":"","overlay-opacity":"","overlay-gradient":""},"mobile":{"background-color":"var(--ast-global-color-4)","background-image":"","background-repeat":"repeat","background-position":"center center","background-size":"auto","background-attachment":"scroll","background-type":"","background-media":"","overlay-type":"","overlay-color":"","overlay-opacity":"","overlay-gradient":""}},"footnotes":""},"categories":[1],"tags":[],"class_list":["post-19497","post","type-post","status-publish","format-standard","hentry","category-sem-categoria"],"yoast_head":"<!-- This site is optimized with the Yoast SEO plugin v26.6 - https:\/\/yoast.com\/wordpress\/plugins\/seo\/ -->\n<title>C\u00e2meras flagram assalto \u00e0 Extrafarma do Cohatrac - Daniel Matos<\/title>\n<meta name=\"robots\" content=\"index, follow, max-snippet:-1, max-image-preview:large, max-video-preview:-1\" \/>\n<link rel=\"canonical\" href=\"https:\/\/www.blogsoestado.com\/danielmatos\/cameras-flagram-assalto-a-extrafarma-do-cohatrac\/\" \/>\n<meta property=\"og:locale\" content=\"pt_BR\" \/>\n<meta property=\"og:type\" content=\"article\" \/>\n<meta property=\"og:title\" content=\"C\u00e2meras flagram assalto \u00e0 Extrafarma do Cohatrac - Daniel Matos\" \/>\n<meta property=\"og:description\" content=\"O v\u00eddeo abaixo mostra o assalto ocorrido na noite da \u00faltima quarta-feira (24) \u00e0 farm\u00e1cia Extrafarma do Cohatrac, flagrado pelas [&hellip;]\" \/>\n<meta property=\"og:url\" content=\"https:\/\/www.blogsoestado.com\/danielmatos\/cameras-flagram-assalto-a-extrafarma-do-cohatrac\/\" \/>\n<meta property=\"og:site_name\" content=\"Daniel Matos\" \/>\n<meta property=\"article:published_time\" content=\"2014-09-26T13:49:55+00:00\" \/>\n<meta name=\"twitter:card\" content=\"summary_large_image\" \/>\n<meta name=\"twitter:label1\" content=\"Est. tempo de leitura\" \/>\n\t<meta name=\"twitter:data1\" content=\"1 minuto\" \/>\n<script type=\"application\/ld+json\" class=\"yoast-schema-graph\">{\"@context\":\"https:\/\/schema.org\",\"@graph\":[{\"@type\":\"WebPage\",\"@id\":\"https:\/\/www.blogsoestado.com\/danielmatos\/cameras-flagram-assalto-a-extrafarma-do-cohatrac\/\",\"url\":\"https:\/\/www.blogsoestado.com\/danielmatos\/cameras-flagram-assalto-a-extrafarma-do-cohatrac\/\",\"name\":\"C\u00e2meras flagram assalto \u00e0 Extrafarma do Cohatrac - Daniel Matos\",\"isPartOf\":{\"@id\":\"https:\/\/www.blogsoestado.com\/danielmatos\/#website\"},\"datePublished\":\"2014-09-26T13:49:55+00:00\",\"author\":{\"@id\":\"\"},\"breadcrumb\":{\"@id\":\"https:\/\/www.blogsoestado.com\/danielmatos\/cameras-flagram-assalto-a-extrafarma-do-cohatrac\/#breadcrumb\"},\"inLanguage\":\"pt-BR\",\"potentialAction\":[{\"@type\":\"ReadAction\",\"target\":[\"https:\/\/www.blogsoestado.com\/danielmatos\/cameras-flagram-assalto-a-extrafarma-do-cohatrac\/\"]}]},{\"@type\":\"BreadcrumbList\",\"@id\":\"https:\/\/www.blogsoestado.com\/danielmatos\/cameras-flagram-assalto-a-extrafarma-do-cohatrac\/#breadcrumb\",\"itemListElement\":[{\"@type\":\"ListItem\",\"position\":1,\"name\":\"In\u00edcio\",\"item\":\"https:\/\/www.blogsoestado.com\/danielmatos\/\"},{\"@type\":\"ListItem\",\"position\":2,\"name\":\"C\u00e2meras flagram assalto \u00e0 Extrafarma do Cohatrac\"}]},{\"@type\":\"WebSite\",\"@id\":\"https:\/\/www.blogsoestado.com\/danielmatos\/#website\",\"url\":\"https:\/\/www.blogsoestado.com\/danielmatos\/\",\"name\":\"Daniel Matos\",\"description\":\"\",\"potentialAction\":[{\"@type\":\"SearchAction\",\"target\":{\"@type\":\"EntryPoint\",\"urlTemplate\":\"https:\/\/www.blogsoestado.com\/danielmatos\/?s={search_term_string}\"},\"query-input\":{\"@type\":\"PropertyValueSpecification\",\"valueRequired\":true,\"valueName\":\"search_term_string\"}}],\"inLanguage\":\"pt-BR\"}]}<\/script>\n<!-- \/ Yoast SEO plugin. -->","yoast_head_json":{"title":"C\u00e2meras flagram assalto \u00e0 Extrafarma do Cohatrac - Daniel Matos","robots":{"index":"index","follow":"follow","max-snippet":"max-snippet:-1","max-image-preview":"max-image-preview:large","max-video-preview":"max-video-preview:-1"},"canonical":"https:\/\/www.blogsoestado.com\/danielmatos\/cameras-flagram-assalto-a-extrafarma-do-cohatrac\/","og_locale":"pt_BR","og_type":"article","og_title":"C\u00e2meras flagram assalto \u00e0 Extrafarma do Cohatrac - Daniel Matos","og_description":"O v\u00eddeo abaixo mostra o assalto ocorrido na noite da \u00faltima quarta-feira (24) \u00e0 farm\u00e1cia Extrafarma do Cohatrac, flagrado pelas [&hellip;]","og_url":"https:\/\/www.blogsoestado.com\/danielmatos\/cameras-flagram-assalto-a-extrafarma-do-cohatrac\/","og_site_name":"Daniel Matos","article_published_time":"2014-09-26T13:49:55+00:00","twitter_card":"summary_large_image","twitter_misc":{"Est. tempo de leitura":"1 minuto"},"schema":{"@context":"https:\/\/schema.org","@graph":[{"@type":"WebPage","@id":"https:\/\/www.blogsoestado.com\/danielmatos\/cameras-flagram-assalto-a-extrafarma-do-cohatrac\/","url":"https:\/\/www.blogsoestado.com\/danielmatos\/cameras-flagram-assalto-a-extrafarma-do-cohatrac\/","name":"C\u00e2meras flagram assalto \u00e0 Extrafarma do Cohatrac - Daniel Matos","isPartOf":{"@id":"https:\/\/www.blogsoestado.com\/danielmatos\/#website"},"datePublished":"2014-09-26T13:49:55+00:00","author":{"@id":""},"breadcrumb":{"@id":"https:\/\/www.blogsoestado.com\/danielmatos\/cameras-flagram-assalto-a-extrafarma-do-cohatrac\/#breadcrumb"},"inLanguage":"pt-BR","potentialAction":[{"@type":"ReadAction","target":["https:\/\/www.blogsoestado.com\/danielmatos\/cameras-flagram-assalto-a-extrafarma-do-cohatrac\/"]}]},{"@type":"BreadcrumbList","@id":"https:\/\/www.blogsoestado.com\/danielmatos\/cameras-flagram-assalto-a-extrafarma-do-cohatrac\/#breadcrumb","itemListElement":[{"@type":"ListItem","position":1,"name":"In\u00edcio","item":"https:\/\/www.blogsoestado.com\/danielmatos\/"},{"@type":"ListItem","position":2,"name":"C\u00e2meras flagram assalto \u00e0 Extrafarma do Cohatrac"}]},{"@type":"WebSite","@id":"https:\/\/www.blogsoestado.com\/danielmatos\/#website","url":"https:\/\/www.blogsoestado.com\/danielmatos\/","name":"Daniel Matos","description":"","potentialAction":[{"@type":"SearchAction","target":{"@type":"EntryPoint","urlTemplate":"https:\/\/www.blogsoestado.com\/danielmatos\/?s={search_term_string}"},"query-input":{"@type":"PropertyValueSpecification","valueRequired":true,"valueName":"search_term_string"}}],"inLanguage":"pt-BR"}]}},"jetpack_featured_media_url":"","_links":{"self":[{"href":"https:\/\/www.blogsoestado.com\/danielmatos\/wp-json\/wp\/v2\/posts\/19497","targetHints":{"allow":["GET"]}}],"collection":[{"href":"https:\/\/www.blogsoestado.com\/danielmatos\/wp-json\/wp\/v2\/posts"}],"about":[{"href":"https:\/\/www.blogsoestado.com\/danielmatos\/wp-json\/wp\/v2\/types\/post"}],"replies":[{"embeddable":true,"href":"https:\/\/www.blogsoestado.com\/danielmatos\/wp-json\/wp\/v2\/comments?post=19497"}],"version-history":[{"count":0,"href":"https:\/\/www.blogsoestado.com\/danielmatos\/wp-json\/wp\/v2\/posts\/19497\/revisions"}],"wp:attachment":[{"href":"https:\/\/www.blogsoestado.com\/danielmatos\/wp-json\/wp\/v2\/media?parent=19497"}],"wp:term":[{"taxonomy":"category","embeddable":true,"href":"https:\/\/www.blogsoestado.com\/danielmatos\/wp-json\/wp\/v2\/categories?post=19497"},{"taxonomy":"post_tag","embeddable":true,"href":"https:\/\/www.blogsoestado.com\/danielmatos\/wp-json\/wp\/v2\/tags?post=19497"}],"curies":[{"name":"wp","href":"https:\/\/api.w.org\/{rel}","templated":true}]}}