{"id":19505,"date":"2014-09-26T17:02:21","date_gmt":"2014-09-26T20:02:21","guid":{"rendered":"https:\/\/www.blogsoestado.com\/danielmatos\/?p=19505"},"modified":"2014-09-26T17:02:21","modified_gmt":"2014-09-26T20:02:21","slug":"ministro-da-justica-ordena-que-pf-investigue-intimidacao-a-lobao-filho","status":"publish","type":"post","link":"https:\/\/www.blogsoestado.com\/danielmatos\/ministro-da-justica-ordena-que-pf-investigue-intimidacao-a-lobao-filho\/","title":{"rendered":"Ministro da Justi\u00e7a ordena que PF investigue intimida\u00e7\u00e3o a Lob\u00e3o Filho"},"content":{"rendered":"<figure id=\"attachment_19506\" aria-describedby=\"caption-attachment-19506\" style=\"width: 448px\" class=\"wp-caption alignright\"><a href=\"https:\/\/www.blogsoestado.com\/danielmatos\/files\/2014\/09\/cardozo.jpg\"><img fetchpriority=\"high\" decoding=\"async\" class=\"size-full wp-image-19506\" src=\"https:\/\/www.blogsoestado.com\/danielmatos\/files\/2014\/09\/cardozo.jpg\" alt=\"Ministro da Justi\u00e7a, Eduardo Cardozo, ordenou \u00e0 PF que investiga abuso contra Lob\u00e3o Filho e comitiva\" width=\"448\" height=\"252\" \/><\/a><figcaption id=\"caption-attachment-19506\" class=\"wp-caption-text\">Ministro da Justi\u00e7a, Eduardo Cardozo, ordenou \u00e0 PF que investiga abuso contra Lob\u00e3o Filho e comitiva<\/figcaption><\/figure>\n<p>O ministro da Justi\u00e7a, Jos\u00e9 Eduardo Cardozo enviou of\u00edcio ao diretor da Pol\u00edcia Federal, Leandro Daielo Coimbra, pedindo investiga\u00e7\u00e3o rigorosa para apurar abusos de agentes federais em revista ao avi\u00e3o do senador Lob\u00e3o Filho, candidato ao governo do Maranh\u00e3o pela coliga\u00e7\u00e3o Pra Frente Maranh\u00e3o. A opera\u00e7\u00e3o n\u00e3o tinha documenta\u00e7\u00e3o judicial e teria se baseado em informa\u00e7\u00e3o an\u00f4nima.<\/p>\n<p>O envio do of\u00edcio foi confirmado pela assessoria do Minist\u00e9rio da Justi\u00e7a e espera-se que a Superintend\u00eancia da Pol\u00edcia Federal no Maranh\u00e3o envie a Bras\u00edlia um relat\u00f3rio detalhado da ocorr\u00eancia.<\/p>\n<p>A opera\u00e7\u00e3o dos agentes foi comandada pelo delegado Paulo de Tarso Cruz Viana Jr, filho de Paulo Cruz, ex-prefeito de S\u00edtio Novo e que apoia o candidato Fl\u00e1vio Dino (PCdoB) nas elei\u00e7\u00f5es.<\/p>\n<p>De armas em punho, oito policiais revistaram o avi\u00e3o que traria a comitiva de Lob\u00e3o Filho a S\u00e3o Lu\u00eds, por volta da 1h da manh\u00e3 desta quinta-feira (25), ap\u00f3s um com\u00edcio na cidade de Estreito.<\/p>\n<p>Advogados da coliga\u00e7\u00e3o Pra Frente Maranh\u00e3o exigem judicialmente que os abusos na elei\u00e7\u00e3o maranhense sejam coibidos pela Justi\u00e7a Eleitoral, Minist\u00e9rio P\u00fablico e Pol\u00edcia Federal.<\/p>\n<p>Na manh\u00e3 de sexta-feira (26), a presidente Dilma Rousseff ouviu pessoalmente do ministro Cardozo, detalhes do pedido de investiga\u00e7\u00e3o. O presidente nacional do PMDB, Michel Temer, e o presidente do Senado, Renan Calheiros, repudiaram em notas a a\u00e7\u00e3o arbitr\u00e1ria dos policiais.<\/p>\n","protected":false},"excerpt":{"rendered":"<p>O ministro da Justi\u00e7a, Jos\u00e9 Eduardo Cardozo enviou of\u00edcio ao diretor da Pol\u00edcia Federal, Leandro Daielo Coimbra, pedindo investiga\u00e7\u00e3o rigorosa [&hellip;]<\/p>\n","protected":false},"author":0,"featured_media":0,"comment_status":"open","ping_status":"open","sticky":false,"template":"","format":"standard","meta":{"site-sidebar-layout":"default","site-content-layout":"","ast-site-content-layout":"default","site-content-style":"default","site-sidebar-style":"default","ast-global-header-display":"","ast-banner-title-visibility":"","ast-main-header-display":"","ast-hfb-above-header-display":"","ast-hfb-below-header-display":"","ast-hfb-mobile-header-display":"","site-post-title":"","ast-breadcrumbs-content":"","ast-featured-img":"","footer-sml-layout":"","ast-disable-related-posts":"","theme-transparent-header-meta":"","adv-header-id-meta":"","stick-header-meta":"","header-above-stick-meta":"","header-main-stick-meta":"","header-below-stick-meta":"","astra-migrate-meta-layouts":"default","ast-page-background-enabled":"default","ast-page-background-meta":{"desktop":{"background-color":"var(--ast-global-color-5)","background-image":"","background-repeat":"repeat","background-position":"center center","background-size":"auto","background-attachment":"scroll","background-type":"","background-media":"","overlay-type":"","overlay-color":"","overlay-opacity":"","overlay-gradient":""},"tablet":{"background-color":"","background-image":"","background-repeat":"repeat","background-position":"center center","background-size":"auto","background-attachment":"scroll","background-type":"","background-media":"","overlay-type":"","overlay-color":"","overlay-opacity":"","overlay-gradient":""},"mobile":{"background-color":"","background-image":"","background-repeat":"repeat","background-position":"center center","background-size":"auto","background-attachment":"scroll","background-type":"","background-media":"","overlay-type":"","overlay-color":"","overlay-opacity":"","overlay-gradient":""}},"ast-content-background-meta":{"desktop":{"background-color":"var(--ast-global-color-4)","background-image":"","background-repeat":"repeat","background-position":"center center","background-size":"auto","background-attachment":"scroll","background-type":"","background-media":"","overlay-type":"","overlay-color":"","overlay-opacity":"","overlay-gradient":""},"tablet":{"background-color":"var(--ast-global-color-4)","background-image":"","background-repeat":"repeat","background-position":"center center","background-size":"auto","background-attachment":"scroll","background-type":"","background-media":"","overlay-type":"","overlay-color":"","overlay-opacity":"","overlay-gradient":""},"mobile":{"background-color":"var(--ast-global-color-4)","background-image":"","background-repeat":"repeat","background-position":"center center","background-size":"auto","background-attachment":"scroll","background-type":"","background-media":"","overlay-type":"","overlay-color":"","overlay-opacity":"","overlay-gradient":""}},"footnotes":""},"categories":[1],"tags":[],"class_list":["post-19505","post","type-post","status-publish","format-standard","hentry","category-sem-categoria"],"yoast_head":"<!-- This site is optimized with the Yoast SEO plugin v26.6 - https:\/\/yoast.com\/wordpress\/plugins\/seo\/ -->\n<title>Ministro da Justi\u00e7a ordena que PF investigue intimida\u00e7\u00e3o a Lob\u00e3o Filho - Daniel Matos<\/title>\n<meta name=\"robots\" content=\"index, follow, max-snippet:-1, max-image-preview:large, max-video-preview:-1\" \/>\n<link rel=\"canonical\" href=\"https:\/\/www.blogsoestado.com\/danielmatos\/ministro-da-justica-ordena-que-pf-investigue-intimidacao-a-lobao-filho\/\" \/>\n<meta property=\"og:locale\" content=\"pt_BR\" \/>\n<meta property=\"og:type\" content=\"article\" \/>\n<meta property=\"og:title\" content=\"Ministro da Justi\u00e7a ordena que PF investigue intimida\u00e7\u00e3o a Lob\u00e3o Filho - Daniel Matos\" \/>\n<meta property=\"og:description\" content=\"O ministro da Justi\u00e7a, Jos\u00e9 Eduardo Cardozo enviou of\u00edcio ao diretor da Pol\u00edcia Federal, Leandro Daielo Coimbra, pedindo investiga\u00e7\u00e3o rigorosa [&hellip;]\" \/>\n<meta property=\"og:url\" content=\"https:\/\/www.blogsoestado.com\/danielmatos\/ministro-da-justica-ordena-que-pf-investigue-intimidacao-a-lobao-filho\/\" \/>\n<meta property=\"og:site_name\" content=\"Daniel Matos\" \/>\n<meta property=\"article:published_time\" content=\"2014-09-26T20:02:21+00:00\" \/>\n<meta property=\"og:image\" content=\"https:\/\/www.blogsoestado.com\/danielmatos\/files\/2014\/09\/cardozo.jpg\" \/>\n<meta name=\"twitter:card\" content=\"summary_large_image\" \/>\n<meta name=\"twitter:label1\" content=\"Est. tempo de leitura\" \/>\n\t<meta name=\"twitter:data1\" content=\"1 minuto\" \/>\n<script type=\"application\/ld+json\" class=\"yoast-schema-graph\">{\"@context\":\"https:\/\/schema.org\",\"@graph\":[{\"@type\":\"WebPage\",\"@id\":\"https:\/\/www.blogsoestado.com\/danielmatos\/ministro-da-justica-ordena-que-pf-investigue-intimidacao-a-lobao-filho\/\",\"url\":\"https:\/\/www.blogsoestado.com\/danielmatos\/ministro-da-justica-ordena-que-pf-investigue-intimidacao-a-lobao-filho\/\",\"name\":\"Ministro da Justi\u00e7a ordena que PF investigue intimida\u00e7\u00e3o a Lob\u00e3o Filho - Daniel Matos\",\"isPartOf\":{\"@id\":\"https:\/\/www.blogsoestado.com\/danielmatos\/#website\"},\"primaryImageOfPage\":{\"@id\":\"https:\/\/www.blogsoestado.com\/danielmatos\/ministro-da-justica-ordena-que-pf-investigue-intimidacao-a-lobao-filho\/#primaryimage\"},\"image\":{\"@id\":\"https:\/\/www.blogsoestado.com\/danielmatos\/ministro-da-justica-ordena-que-pf-investigue-intimidacao-a-lobao-filho\/#primaryimage\"},\"thumbnailUrl\":\"https:\/\/www.blogsoestado.com\/danielmatos\/files\/2014\/09\/cardozo.jpg\",\"datePublished\":\"2014-09-26T20:02:21+00:00\",\"author\":{\"@id\":\"\"},\"breadcrumb\":{\"@id\":\"https:\/\/www.blogsoestado.com\/danielmatos\/ministro-da-justica-ordena-que-pf-investigue-intimidacao-a-lobao-filho\/#breadcrumb\"},\"inLanguage\":\"pt-BR\",\"potentialAction\":[{\"@type\":\"ReadAction\",\"target\":[\"https:\/\/www.blogsoestado.com\/danielmatos\/ministro-da-justica-ordena-que-pf-investigue-intimidacao-a-lobao-filho\/\"]}]},{\"@type\":\"ImageObject\",\"inLanguage\":\"pt-BR\",\"@id\":\"https:\/\/www.blogsoestado.com\/danielmatos\/ministro-da-justica-ordena-que-pf-investigue-intimidacao-a-lobao-filho\/#primaryimage\",\"url\":\"https:\/\/www.blogsoestado.com\/danielmatos\/files\/2014\/09\/cardozo.jpg\",\"contentUrl\":\"https:\/\/www.blogsoestado.com\/danielmatos\/files\/2014\/09\/cardozo.jpg\"},{\"@type\":\"BreadcrumbList\",\"@id\":\"https:\/\/www.blogsoestado.com\/danielmatos\/ministro-da-justica-ordena-que-pf-investigue-intimidacao-a-lobao-filho\/#breadcrumb\",\"itemListElement\":[{\"@type\":\"ListItem\",\"position\":1,\"name\":\"In\u00edcio\",\"item\":\"https:\/\/www.blogsoestado.com\/danielmatos\/\"},{\"@type\":\"ListItem\",\"position\":2,\"name\":\"Ministro da Justi\u00e7a ordena que PF investigue intimida\u00e7\u00e3o a Lob\u00e3o Filho\"}]},{\"@type\":\"WebSite\",\"@id\":\"https:\/\/www.blogsoestado.com\/danielmatos\/#website\",\"url\":\"https:\/\/www.blogsoestado.com\/danielmatos\/\",\"name\":\"Daniel Matos\",\"description\":\"\",\"potentialAction\":[{\"@type\":\"SearchAction\",\"target\":{\"@type\":\"EntryPoint\",\"urlTemplate\":\"https:\/\/www.blogsoestado.com\/danielmatos\/?s={search_term_string}\"},\"query-input\":{\"@type\":\"PropertyValueSpecification\",\"valueRequired\":true,\"valueName\":\"search_term_string\"}}],\"inLanguage\":\"pt-BR\"}]}<\/script>\n<!-- \/ Yoast SEO plugin. -->","yoast_head_json":{"title":"Ministro da Justi\u00e7a ordena que PF investigue intimida\u00e7\u00e3o a Lob\u00e3o Filho - Daniel Matos","robots":{"index":"index","follow":"follow","max-snippet":"max-snippet:-1","max-image-preview":"max-image-preview:large","max-video-preview":"max-video-preview:-1"},"canonical":"https:\/\/www.blogsoestado.com\/danielmatos\/ministro-da-justica-ordena-que-pf-investigue-intimidacao-a-lobao-filho\/","og_locale":"pt_BR","og_type":"article","og_title":"Ministro da Justi\u00e7a ordena que PF investigue intimida\u00e7\u00e3o a Lob\u00e3o Filho - Daniel Matos","og_description":"O ministro da Justi\u00e7a, Jos\u00e9 Eduardo Cardozo enviou of\u00edcio ao diretor da Pol\u00edcia Federal, Leandro Daielo Coimbra, pedindo investiga\u00e7\u00e3o rigorosa [&hellip;]","og_url":"https:\/\/www.blogsoestado.com\/danielmatos\/ministro-da-justica-ordena-que-pf-investigue-intimidacao-a-lobao-filho\/","og_site_name":"Daniel Matos","article_published_time":"2014-09-26T20:02:21+00:00","og_image":[{"url":"https:\/\/www.blogsoestado.com\/danielmatos\/files\/2014\/09\/cardozo.jpg","type":"","width":"","height":""}],"twitter_card":"summary_large_image","twitter_misc":{"Est. tempo de leitura":"1 minuto"},"schema":{"@context":"https:\/\/schema.org","@graph":[{"@type":"WebPage","@id":"https:\/\/www.blogsoestado.com\/danielmatos\/ministro-da-justica-ordena-que-pf-investigue-intimidacao-a-lobao-filho\/","url":"https:\/\/www.blogsoestado.com\/danielmatos\/ministro-da-justica-ordena-que-pf-investigue-intimidacao-a-lobao-filho\/","name":"Ministro da Justi\u00e7a ordena que PF investigue intimida\u00e7\u00e3o a Lob\u00e3o Filho - Daniel Matos","isPartOf":{"@id":"https:\/\/www.blogsoestado.com\/danielmatos\/#website"},"primaryImageOfPage":{"@id":"https:\/\/www.blogsoestado.com\/danielmatos\/ministro-da-justica-ordena-que-pf-investigue-intimidacao-a-lobao-filho\/#primaryimage"},"image":{"@id":"https:\/\/www.blogsoestado.com\/danielmatos\/ministro-da-justica-ordena-que-pf-investigue-intimidacao-a-lobao-filho\/#primaryimage"},"thumbnailUrl":"https:\/\/www.blogsoestado.com\/danielmatos\/files\/2014\/09\/cardozo.jpg","datePublished":"2014-09-26T20:02:21+00:00","author":{"@id":""},"breadcrumb":{"@id":"https:\/\/www.blogsoestado.com\/danielmatos\/ministro-da-justica-ordena-que-pf-investigue-intimidacao-a-lobao-filho\/#breadcrumb"},"inLanguage":"pt-BR","potentialAction":[{"@type":"ReadAction","target":["https:\/\/www.blogsoestado.com\/danielmatos\/ministro-da-justica-ordena-que-pf-investigue-intimidacao-a-lobao-filho\/"]}]},{"@type":"ImageObject","inLanguage":"pt-BR","@id":"https:\/\/www.blogsoestado.com\/danielmatos\/ministro-da-justica-ordena-que-pf-investigue-intimidacao-a-lobao-filho\/#primaryimage","url":"https:\/\/www.blogsoestado.com\/danielmatos\/files\/2014\/09\/cardozo.jpg","contentUrl":"https:\/\/www.blogsoestado.com\/danielmatos\/files\/2014\/09\/cardozo.jpg"},{"@type":"BreadcrumbList","@id":"https:\/\/www.blogsoestado.com\/danielmatos\/ministro-da-justica-ordena-que-pf-investigue-intimidacao-a-lobao-filho\/#breadcrumb","itemListElement":[{"@type":"ListItem","position":1,"name":"In\u00edcio","item":"https:\/\/www.blogsoestado.com\/danielmatos\/"},{"@type":"ListItem","position":2,"name":"Ministro da Justi\u00e7a ordena que PF investigue intimida\u00e7\u00e3o a Lob\u00e3o Filho"}]},{"@type":"WebSite","@id":"https:\/\/www.blogsoestado.com\/danielmatos\/#website","url":"https:\/\/www.blogsoestado.com\/danielmatos\/","name":"Daniel Matos","description":"","potentialAction":[{"@type":"SearchAction","target":{"@type":"EntryPoint","urlTemplate":"https:\/\/www.blogsoestado.com\/danielmatos\/?s={search_term_string}"},"query-input":{"@type":"PropertyValueSpecification","valueRequired":true,"valueName":"search_term_string"}}],"inLanguage":"pt-BR"}]}},"jetpack_featured_media_url":"","_links":{"self":[{"href":"https:\/\/www.blogsoestado.com\/danielmatos\/wp-json\/wp\/v2\/posts\/19505","targetHints":{"allow":["GET"]}}],"collection":[{"href":"https:\/\/www.blogsoestado.com\/danielmatos\/wp-json\/wp\/v2\/posts"}],"about":[{"href":"https:\/\/www.blogsoestado.com\/danielmatos\/wp-json\/wp\/v2\/types\/post"}],"replies":[{"embeddable":true,"href":"https:\/\/www.blogsoestado.com\/danielmatos\/wp-json\/wp\/v2\/comments?post=19505"}],"version-history":[{"count":0,"href":"https:\/\/www.blogsoestado.com\/danielmatos\/wp-json\/wp\/v2\/posts\/19505\/revisions"}],"wp:attachment":[{"href":"https:\/\/www.blogsoestado.com\/danielmatos\/wp-json\/wp\/v2\/media?parent=19505"}],"wp:term":[{"taxonomy":"category","embeddable":true,"href":"https:\/\/www.blogsoestado.com\/danielmatos\/wp-json\/wp\/v2\/categories?post=19505"},{"taxonomy":"post_tag","embeddable":true,"href":"https:\/\/www.blogsoestado.com\/danielmatos\/wp-json\/wp\/v2\/tags?post=19505"}],"curies":[{"name":"wp","href":"https:\/\/api.w.org\/{rel}","templated":true}]}}