{"id":19509,"date":"2014-09-27T12:58:47","date_gmt":"2014-09-27T15:58:47","guid":{"rendered":"https:\/\/www.blogsoestado.com\/danielmatos\/?p=19509"},"modified":"2014-09-27T12:58:47","modified_gmt":"2014-09-27T15:58:47","slug":"dilma-diz-que-uso-eleitoral-da-pf-e-volta-atras","status":"publish","type":"post","link":"https:\/\/www.blogsoestado.com\/danielmatos\/dilma-diz-que-uso-eleitoral-da-pf-e-volta-atras\/","title":{"rendered":"Dilma diz que uso eleitoral da PF \u00e9 &#8220;volta atr\u00e1s&#8221;"},"content":{"rendered":"<figure id=\"attachment_19510\" aria-describedby=\"caption-attachment-19510\" style=\"width: 448px\" class=\"wp-caption alignleft\"><a href=\"https:\/\/www.blogsoestado.com\/danielmatos\/files\/2014\/09\/dilma.jpg\"><img fetchpriority=\"high\" decoding=\"async\" class=\"size-full wp-image-19510\" src=\"https:\/\/www.blogsoestado.com\/danielmatos\/files\/2014\/09\/dilma.jpg\" alt=\"Dilma classificou uso eleitoral da PF como retrocesso\" width=\"448\" height=\"234\" \/><\/a><figcaption id=\"caption-attachment-19510\" class=\"wp-caption-text\">Dilma Rousseff classificou uso eleitoral da PF como retrocesso<\/figcaption><\/figure>\n<p>A presidente Dilma Roussef se pronunciou na noite desta sexta-feira (26), a cerca do epis\u00f3dio envolvendo o Senador Lob\u00e3o Filho e pediu investiga\u00e7\u00e3o sobre a revista feita pela Pol\u00edcia Federal em avi\u00e3o que levava o senador Lob\u00e3o Filho (PMDB-MA), candidato ao governo do Maranh\u00e3o, al\u00e9m do deputado federal, Gast\u00e3o Vieira e membros de sua comitiva. Ela intitulou o ato como sendo \u201cuma volta atr\u00e1s\u201d a utiliza\u00e7\u00e3o de for\u00e7a policial para comprometer processo eleitoral.<\/p>\n<p>\u2014 Eu acho que o fato de terem utilizado uma den\u00fancia an\u00f4nima cria maior necessidade de fazer investiga\u00e7\u00e3o. \u00c9 necess\u00e1rio saber quem denunciou, a quem interessava, se os processos foram cumpridos dentro da legalidade. O que n\u00e3o \u00e9 poss\u00edvel \u00e9 um ato desse acontecer no meio de uma elei\u00e7\u00e3o. Esse pa\u00eds n\u00e3o \u00e9 isso mais, \u00e9 um pa\u00eds com uma democracia estruturada, que n\u00e3o admite o uso nem de pol\u00edcia nem de ningu\u00e9m no sentido de comprometer processos eleitorais. \u00c9 uma volta atr\u00e1s se isso se caracterizar<\/p>\n<p>Homens da Pol\u00edcia Federal revistaram na noite de quarta-feira o avi\u00e3o da comitiva de Lob\u00e3o Filho. A informa\u00e7\u00e3o foi divulgada pelo pr\u00f3prio PMDB, em nota assinada pelo presidente do partido e vice-presidente da Rep\u00fablica, Michel Temer. Na nota, Temer condena a a\u00e7\u00e3o, classificada como intimidat\u00f3ria e n\u00e3o condizente com o Estado Democr\u00e1tico de Direito.<\/p>\n<p>Questionada, Dilma afirmou que a Pol\u00edcia Federal tem autonomia para investigar, mas n\u00e3o para cometer \u201cato incorreto\u201d.<br \/>\n\u2014 Autonomia n\u00e3o significa autonomia para cometer erros, coisas incorretas. \u00c9 autonomia para investigar. N\u00e3o \u00e9 poss\u00edvel fazer isso ao arrepio da lei, \u00e9 isso que vamos investigar. N\u00e3o estou dizendo que foi feito.<\/p>\n<p>A presidente disse que faz \u201cabsoluta quest\u00e3o dessa investiga\u00e7\u00e3o\u201d e que pediu \u201crigor e rapidez\u201d ao ministro Jos\u00e9 Eduardo Cardozo (Justi\u00e7a).<\/p>\n<p>\u2014 N\u00f3s tomamos as provid\u00eancias para investigar essa situa\u00e7\u00e3o, porque uma das coisas que temos que ter garantia, principalmente durante processos eleitorais, \u00e9 que \u00f3rg\u00e3os governamentais n\u00e3o sejam usadas em proveito de um ou outro candidato. \u00c9 fun\u00e7\u00e3o da corregedoria da Pol\u00edcia Federal atuar no sentido de garantir plena isen\u00e7\u00e3o da pol\u00edcia. Pol\u00edcia n\u00e3o persegue pessoas das quais n\u00e3o gosta, nem protege as que gosta. A Pol\u00edcia Federal \u00e9 \u00f3rg\u00e3o que tem que ter comportamento absolutamente isento.<\/p>\n","protected":false},"excerpt":{"rendered":"<p>A presidente Dilma Roussef se pronunciou na noite desta sexta-feira (26), a cerca do epis\u00f3dio envolvendo o Senador Lob\u00e3o Filho [&hellip;]<\/p>\n","protected":false},"author":0,"featured_media":0,"comment_status":"open","ping_status":"open","sticky":false,"template":"","format":"standard","meta":{"site-sidebar-layout":"default","site-content-layout":"","ast-site-content-layout":"default","site-content-style":"default","site-sidebar-style":"default","ast-global-header-display":"","ast-banner-title-visibility":"","ast-main-header-display":"","ast-hfb-above-header-display":"","ast-hfb-below-header-display":"","ast-hfb-mobile-header-display":"","site-post-title":"","ast-breadcrumbs-content":"","ast-featured-img":"","footer-sml-layout":"","ast-disable-related-posts":"","theme-transparent-header-meta":"","adv-header-id-meta":"","stick-header-meta":"","header-above-stick-meta":"","header-main-stick-meta":"","header-below-stick-meta":"","astra-migrate-meta-layouts":"default","ast-page-background-enabled":"default","ast-page-background-meta":{"desktop":{"background-color":"var(--ast-global-color-5)","background-image":"","background-repeat":"repeat","background-position":"center center","background-size":"auto","background-attachment":"scroll","background-type":"","background-media":"","overlay-type":"","overlay-color":"","overlay-opacity":"","overlay-gradient":""},"tablet":{"background-color":"","background-image":"","background-repeat":"repeat","background-position":"center center","background-size":"auto","background-attachment":"scroll","background-type":"","background-media":"","overlay-type":"","overlay-color":"","overlay-opacity":"","overlay-gradient":""},"mobile":{"background-color":"","background-image":"","background-repeat":"repeat","background-position":"center center","background-size":"auto","background-attachment":"scroll","background-type":"","background-media":"","overlay-type":"","overlay-color":"","overlay-opacity":"","overlay-gradient":""}},"ast-content-background-meta":{"desktop":{"background-color":"var(--ast-global-color-4)","background-image":"","background-repeat":"repeat","background-position":"center center","background-size":"auto","background-attachment":"scroll","background-type":"","background-media":"","overlay-type":"","overlay-color":"","overlay-opacity":"","overlay-gradient":""},"tablet":{"background-color":"var(--ast-global-color-4)","background-image":"","background-repeat":"repeat","background-position":"center center","background-size":"auto","background-attachment":"scroll","background-type":"","background-media":"","overlay-type":"","overlay-color":"","overlay-opacity":"","overlay-gradient":""},"mobile":{"background-color":"var(--ast-global-color-4)","background-image":"","background-repeat":"repeat","background-position":"center center","background-size":"auto","background-attachment":"scroll","background-type":"","background-media":"","overlay-type":"","overlay-color":"","overlay-opacity":"","overlay-gradient":""}},"footnotes":""},"categories":[1],"tags":[],"class_list":["post-19509","post","type-post","status-publish","format-standard","hentry","category-sem-categoria"],"yoast_head":"<!-- This site is optimized with the Yoast SEO plugin v26.6 - https:\/\/yoast.com\/wordpress\/plugins\/seo\/ -->\n<title>Dilma diz que uso eleitoral da PF \u00e9 &quot;volta atr\u00e1s&quot; - Daniel Matos<\/title>\n<meta name=\"robots\" content=\"index, follow, max-snippet:-1, max-image-preview:large, max-video-preview:-1\" \/>\n<link rel=\"canonical\" href=\"https:\/\/www.blogsoestado.com\/danielmatos\/dilma-diz-que-uso-eleitoral-da-pf-e-volta-atras\/\" \/>\n<meta property=\"og:locale\" content=\"pt_BR\" \/>\n<meta property=\"og:type\" content=\"article\" \/>\n<meta property=\"og:title\" content=\"Dilma diz que uso eleitoral da PF \u00e9 &quot;volta atr\u00e1s&quot; - Daniel Matos\" \/>\n<meta property=\"og:description\" content=\"A presidente Dilma Roussef se pronunciou na noite desta sexta-feira (26), a cerca do epis\u00f3dio envolvendo o Senador Lob\u00e3o Filho [&hellip;]\" \/>\n<meta property=\"og:url\" content=\"https:\/\/www.blogsoestado.com\/danielmatos\/dilma-diz-que-uso-eleitoral-da-pf-e-volta-atras\/\" \/>\n<meta property=\"og:site_name\" content=\"Daniel Matos\" \/>\n<meta property=\"article:published_time\" content=\"2014-09-27T15:58:47+00:00\" \/>\n<meta property=\"og:image\" content=\"https:\/\/www.blogsoestado.com\/danielmatos\/files\/2014\/09\/dilma.jpg\" \/>\n<meta name=\"twitter:card\" content=\"summary_large_image\" \/>\n<meta name=\"twitter:label1\" content=\"Est. tempo de leitura\" \/>\n\t<meta name=\"twitter:data1\" content=\"2 minutos\" \/>\n<script type=\"application\/ld+json\" class=\"yoast-schema-graph\">{\"@context\":\"https:\/\/schema.org\",\"@graph\":[{\"@type\":\"WebPage\",\"@id\":\"https:\/\/www.blogsoestado.com\/danielmatos\/dilma-diz-que-uso-eleitoral-da-pf-e-volta-atras\/\",\"url\":\"https:\/\/www.blogsoestado.com\/danielmatos\/dilma-diz-que-uso-eleitoral-da-pf-e-volta-atras\/\",\"name\":\"Dilma diz que uso eleitoral da PF \u00e9 \\\"volta atr\u00e1s\\\" - Daniel Matos\",\"isPartOf\":{\"@id\":\"https:\/\/www.blogsoestado.com\/danielmatos\/#website\"},\"primaryImageOfPage\":{\"@id\":\"https:\/\/www.blogsoestado.com\/danielmatos\/dilma-diz-que-uso-eleitoral-da-pf-e-volta-atras\/#primaryimage\"},\"image\":{\"@id\":\"https:\/\/www.blogsoestado.com\/danielmatos\/dilma-diz-que-uso-eleitoral-da-pf-e-volta-atras\/#primaryimage\"},\"thumbnailUrl\":\"https:\/\/www.blogsoestado.com\/danielmatos\/files\/2014\/09\/dilma.jpg\",\"datePublished\":\"2014-09-27T15:58:47+00:00\",\"author\":{\"@id\":\"\"},\"breadcrumb\":{\"@id\":\"https:\/\/www.blogsoestado.com\/danielmatos\/dilma-diz-que-uso-eleitoral-da-pf-e-volta-atras\/#breadcrumb\"},\"inLanguage\":\"pt-BR\",\"potentialAction\":[{\"@type\":\"ReadAction\",\"target\":[\"https:\/\/www.blogsoestado.com\/danielmatos\/dilma-diz-que-uso-eleitoral-da-pf-e-volta-atras\/\"]}]},{\"@type\":\"ImageObject\",\"inLanguage\":\"pt-BR\",\"@id\":\"https:\/\/www.blogsoestado.com\/danielmatos\/dilma-diz-que-uso-eleitoral-da-pf-e-volta-atras\/#primaryimage\",\"url\":\"https:\/\/www.blogsoestado.com\/danielmatos\/files\/2014\/09\/dilma.jpg\",\"contentUrl\":\"https:\/\/www.blogsoestado.com\/danielmatos\/files\/2014\/09\/dilma.jpg\"},{\"@type\":\"BreadcrumbList\",\"@id\":\"https:\/\/www.blogsoestado.com\/danielmatos\/dilma-diz-que-uso-eleitoral-da-pf-e-volta-atras\/#breadcrumb\",\"itemListElement\":[{\"@type\":\"ListItem\",\"position\":1,\"name\":\"In\u00edcio\",\"item\":\"https:\/\/www.blogsoestado.com\/danielmatos\/\"},{\"@type\":\"ListItem\",\"position\":2,\"name\":\"Dilma diz que uso eleitoral da PF \u00e9 &#8220;volta atr\u00e1s&#8221;\"}]},{\"@type\":\"WebSite\",\"@id\":\"https:\/\/www.blogsoestado.com\/danielmatos\/#website\",\"url\":\"https:\/\/www.blogsoestado.com\/danielmatos\/\",\"name\":\"Daniel Matos\",\"description\":\"\",\"potentialAction\":[{\"@type\":\"SearchAction\",\"target\":{\"@type\":\"EntryPoint\",\"urlTemplate\":\"https:\/\/www.blogsoestado.com\/danielmatos\/?s={search_term_string}\"},\"query-input\":{\"@type\":\"PropertyValueSpecification\",\"valueRequired\":true,\"valueName\":\"search_term_string\"}}],\"inLanguage\":\"pt-BR\"}]}<\/script>\n<!-- \/ Yoast SEO plugin. -->","yoast_head_json":{"title":"Dilma diz que uso eleitoral da PF \u00e9 \"volta atr\u00e1s\" - Daniel Matos","robots":{"index":"index","follow":"follow","max-snippet":"max-snippet:-1","max-image-preview":"max-image-preview:large","max-video-preview":"max-video-preview:-1"},"canonical":"https:\/\/www.blogsoestado.com\/danielmatos\/dilma-diz-que-uso-eleitoral-da-pf-e-volta-atras\/","og_locale":"pt_BR","og_type":"article","og_title":"Dilma diz que uso eleitoral da PF \u00e9 \"volta atr\u00e1s\" - Daniel Matos","og_description":"A presidente Dilma Roussef se pronunciou na noite desta sexta-feira (26), a cerca do epis\u00f3dio envolvendo o Senador Lob\u00e3o Filho [&hellip;]","og_url":"https:\/\/www.blogsoestado.com\/danielmatos\/dilma-diz-que-uso-eleitoral-da-pf-e-volta-atras\/","og_site_name":"Daniel Matos","article_published_time":"2014-09-27T15:58:47+00:00","og_image":[{"url":"https:\/\/www.blogsoestado.com\/danielmatos\/files\/2014\/09\/dilma.jpg","type":"","width":"","height":""}],"twitter_card":"summary_large_image","twitter_misc":{"Est. tempo de leitura":"2 minutos"},"schema":{"@context":"https:\/\/schema.org","@graph":[{"@type":"WebPage","@id":"https:\/\/www.blogsoestado.com\/danielmatos\/dilma-diz-que-uso-eleitoral-da-pf-e-volta-atras\/","url":"https:\/\/www.blogsoestado.com\/danielmatos\/dilma-diz-que-uso-eleitoral-da-pf-e-volta-atras\/","name":"Dilma diz que uso eleitoral da PF \u00e9 \"volta atr\u00e1s\" - Daniel Matos","isPartOf":{"@id":"https:\/\/www.blogsoestado.com\/danielmatos\/#website"},"primaryImageOfPage":{"@id":"https:\/\/www.blogsoestado.com\/danielmatos\/dilma-diz-que-uso-eleitoral-da-pf-e-volta-atras\/#primaryimage"},"image":{"@id":"https:\/\/www.blogsoestado.com\/danielmatos\/dilma-diz-que-uso-eleitoral-da-pf-e-volta-atras\/#primaryimage"},"thumbnailUrl":"https:\/\/www.blogsoestado.com\/danielmatos\/files\/2014\/09\/dilma.jpg","datePublished":"2014-09-27T15:58:47+00:00","author":{"@id":""},"breadcrumb":{"@id":"https:\/\/www.blogsoestado.com\/danielmatos\/dilma-diz-que-uso-eleitoral-da-pf-e-volta-atras\/#breadcrumb"},"inLanguage":"pt-BR","potentialAction":[{"@type":"ReadAction","target":["https:\/\/www.blogsoestado.com\/danielmatos\/dilma-diz-que-uso-eleitoral-da-pf-e-volta-atras\/"]}]},{"@type":"ImageObject","inLanguage":"pt-BR","@id":"https:\/\/www.blogsoestado.com\/danielmatos\/dilma-diz-que-uso-eleitoral-da-pf-e-volta-atras\/#primaryimage","url":"https:\/\/www.blogsoestado.com\/danielmatos\/files\/2014\/09\/dilma.jpg","contentUrl":"https:\/\/www.blogsoestado.com\/danielmatos\/files\/2014\/09\/dilma.jpg"},{"@type":"BreadcrumbList","@id":"https:\/\/www.blogsoestado.com\/danielmatos\/dilma-diz-que-uso-eleitoral-da-pf-e-volta-atras\/#breadcrumb","itemListElement":[{"@type":"ListItem","position":1,"name":"In\u00edcio","item":"https:\/\/www.blogsoestado.com\/danielmatos\/"},{"@type":"ListItem","position":2,"name":"Dilma diz que uso eleitoral da PF \u00e9 &#8220;volta atr\u00e1s&#8221;"}]},{"@type":"WebSite","@id":"https:\/\/www.blogsoestado.com\/danielmatos\/#website","url":"https:\/\/www.blogsoestado.com\/danielmatos\/","name":"Daniel Matos","description":"","potentialAction":[{"@type":"SearchAction","target":{"@type":"EntryPoint","urlTemplate":"https:\/\/www.blogsoestado.com\/danielmatos\/?s={search_term_string}"},"query-input":{"@type":"PropertyValueSpecification","valueRequired":true,"valueName":"search_term_string"}}],"inLanguage":"pt-BR"}]}},"jetpack_featured_media_url":"","_links":{"self":[{"href":"https:\/\/www.blogsoestado.com\/danielmatos\/wp-json\/wp\/v2\/posts\/19509","targetHints":{"allow":["GET"]}}],"collection":[{"href":"https:\/\/www.blogsoestado.com\/danielmatos\/wp-json\/wp\/v2\/posts"}],"about":[{"href":"https:\/\/www.blogsoestado.com\/danielmatos\/wp-json\/wp\/v2\/types\/post"}],"replies":[{"embeddable":true,"href":"https:\/\/www.blogsoestado.com\/danielmatos\/wp-json\/wp\/v2\/comments?post=19509"}],"version-history":[{"count":0,"href":"https:\/\/www.blogsoestado.com\/danielmatos\/wp-json\/wp\/v2\/posts\/19509\/revisions"}],"wp:attachment":[{"href":"https:\/\/www.blogsoestado.com\/danielmatos\/wp-json\/wp\/v2\/media?parent=19509"}],"wp:term":[{"taxonomy":"category","embeddable":true,"href":"https:\/\/www.blogsoestado.com\/danielmatos\/wp-json\/wp\/v2\/categories?post=19509"},{"taxonomy":"post_tag","embeddable":true,"href":"https:\/\/www.blogsoestado.com\/danielmatos\/wp-json\/wp\/v2\/tags?post=19509"}],"curies":[{"name":"wp","href":"https:\/\/api.w.org\/{rel}","templated":true}]}}