{"id":19513,"date":"2014-09-27T13:03:42","date_gmt":"2014-09-27T16:03:42","guid":{"rendered":"https:\/\/www.blogsoestado.com\/danielmatos\/?p=19513"},"modified":"2014-09-27T13:03:42","modified_gmt":"2014-09-27T16:03:42","slug":"flavio-dino-falsifica-documento-publico-no-programa-eleitoral-diz-advogado","status":"publish","type":"post","link":"https:\/\/www.blogsoestado.com\/danielmatos\/flavio-dino-falsifica-documento-publico-no-programa-eleitoral-diz-advogado\/","title":{"rendered":"Fl\u00e1vio Dino falsifica documento p\u00fablico no programa eleitoral, diz advogado"},"content":{"rendered":"<figure id=\"attachment_19514\" aria-describedby=\"caption-attachment-19514\" style=\"width: 442px\" class=\"wp-caption alignright\"><a href=\"https:\/\/www.blogsoestado.com\/danielmatos\/files\/2014\/09\/depoimento.jpg\"><img fetchpriority=\"high\" decoding=\"async\" class=\"size-full wp-image-19514\" src=\"https:\/\/www.blogsoestado.com\/danielmatos\/files\/2014\/09\/depoimento.jpg\" alt=\"Documenta\u00e7\u00e3o apresentada por Fl\u00e1vio Dino em programa eleitoral foi forjada, segundo advogados\" width=\"442\" height=\"419\" \/><\/a><figcaption id=\"caption-attachment-19514\" class=\"wp-caption-text\">Documenta\u00e7\u00e3o apresentada por Fl\u00e1vio Dino em programa eleitoral foi forjada, segundo advogados<\/figcaption><\/figure>\n<p>Os advogados da coliga\u00e7\u00e3o Pra Frente Maranh\u00e3o j\u00e1 entraram na Justi\u00e7a com pedido de liminar contra a coliga\u00e7\u00e3o de Fl\u00e1vio Dino que apresentou um programa com documenta\u00e7\u00e3o forjada, na \u00faltima sexta-feira.<\/p>\n<p>O programa de Fl\u00e1vio Dino afirma textualmente que a Secretaria de Seguran\u00e7a P\u00fablica do Estado afirmou que o v\u00eddeo em que um detento acusa Fl\u00e1vio Dino de ser membro de uma quadrilha de assalto a bancos era forjado. De posse do documento oficial da SSP, os advogados da Coliga\u00e7\u00e3o Pra Frente Maranh\u00e3o ficaram indignados.<\/p>\n<p>\u201cA delegada geral Maria Cristina Meneses n\u00e3o escreveu isso, at\u00e9 porque n\u00e3o existe imagem f\u00edsica para se fazer per\u00edcia. Nenhum perito apresentou laudo negando a autenticidade das imagens. O que existe de imagem est\u00e1 postado no youtube, sem uma fita ou dispositivo digital para ser periciado. A delegada afirmou apenas que o v\u00eddeo n\u00e3o fazia parte como prova de inqu\u00e9rito policial\u201d, explicou o advogado Ruy Villas Boas.<\/p>\n<p>Na interpreta\u00e7\u00e3o dos advogados, &#8220;Fl\u00e1vio usou um artif\u00edcio ilegal para tirar vantagem eleitoral por meio de fraude de informa\u00e7\u00e3o oficial. Entraremos na Justi\u00e7a para proibir a representa\u00e7\u00e3o desse material falso\u201d, comentou o advogado.<\/p>\n<p>O documento foi assinado pela delegada geral Maria Cristina Meneses no dia 24 de setembro de 2014 e afirma categoricamente o seguinte: \u201cnada consta a respeito da reprodu\u00e7\u00e3o do referido v\u00eddeo para fins de constitui\u00e7\u00e3o de provas em inqu\u00e9rito policial ou quaisquer outros procedimentos administrativos conclu\u00eddos ou tramitando no \u00e2mbito da Pol\u00edcia Judici\u00e1ria do Estado do Maranh\u00e3o.\u201d<\/p>\n<p>A fraude usada no programa de Fl\u00e1vio Dino aconteceu com a parte do texto que inicia a certid\u00e3o assinada pela chefe da Pol\u00edcia Civil maranhense. A terceira linha do documento traz o seguinte:<\/p>\n<p>\u201c\u2026o senhor Marcelo Tavares (como representante da Coliga\u00e7\u00e3o Todos pelo Maranh\u00e3o), que se reporta a suposto v\u00eddeo forjado que menciona, nominalmente, o candidato a governador pela referida coliga\u00e7\u00e3o partid\u00e1ria, Fl\u00e1vio Dino, como envolvido em quadrilha de assaltantes de bancos e de tr\u00e1fico de droga\u2026\u201d (grifo da reda\u00e7\u00e3o).<\/p>\n<p>O texto fala em \u201csuposto v\u00eddeo forjado\u201d, explica o advogado da Coliga\u00e7\u00e3o Pra Frente Maranh\u00e3o.<\/p>\n<p>\u201cEm nenhum momento a SSP afirma que o v\u00eddeo \u00e9 forjado. A certid\u00e3o fala claramente que a requerimento da parte interessada, subscrito pelo representante da Coliga\u00e7\u00e3o todos pelo Maranh\u00e3o, o senhor Marcelo Tavares Silva, que se reporta a suposto v\u00eddeo forjado e n\u00e3o afirma que as imagens s\u00e3o, de fato, forjadas\u201d, explica Ruy Villas Boas.<\/p>\n<p>Os advogados da Coliga\u00e7\u00e3o Pra Frente Maranh\u00e3o esperam que a Justi\u00e7a Eleitoral puna severamente a coliga\u00e7\u00e3o de Fl\u00e1vio Dino, com poss\u00edvel perda de tempo nos \u00faltimos programas pol\u00edticos.<\/p>\n","protected":false},"excerpt":{"rendered":"<p>Os advogados da coliga\u00e7\u00e3o Pra Frente Maranh\u00e3o j\u00e1 entraram na Justi\u00e7a com pedido de liminar contra a coliga\u00e7\u00e3o de Fl\u00e1vio [&hellip;]<\/p>\n","protected":false},"author":0,"featured_media":0,"comment_status":"open","ping_status":"open","sticky":false,"template":"","format":"standard","meta":{"site-sidebar-layout":"default","site-content-layout":"","ast-site-content-layout":"default","site-content-style":"default","site-sidebar-style":"default","ast-global-header-display":"","ast-banner-title-visibility":"","ast-main-header-display":"","ast-hfb-above-header-display":"","ast-hfb-below-header-display":"","ast-hfb-mobile-header-display":"","site-post-title":"","ast-breadcrumbs-content":"","ast-featured-img":"","footer-sml-layout":"","ast-disable-related-posts":"","theme-transparent-header-meta":"","adv-header-id-meta":"","stick-header-meta":"","header-above-stick-meta":"","header-main-stick-meta":"","header-below-stick-meta":"","astra-migrate-meta-layouts":"default","ast-page-background-enabled":"default","ast-page-background-meta":{"desktop":{"background-color":"var(--ast-global-color-5)","background-image":"","background-repeat":"repeat","background-position":"center center","background-size":"auto","background-attachment":"scroll","background-type":"","background-media":"","overlay-type":"","overlay-color":"","overlay-opacity":"","overlay-gradient":""},"tablet":{"background-color":"","background-image":"","background-repeat":"repeat","background-position":"center center","background-size":"auto","background-attachment":"scroll","background-type":"","background-media":"","overlay-type":"","overlay-color":"","overlay-opacity":"","overlay-gradient":""},"mobile":{"background-color":"","background-image":"","background-repeat":"repeat","background-position":"center center","background-size":"auto","background-attachment":"scroll","background-type":"","background-media":"","overlay-type":"","overlay-color":"","overlay-opacity":"","overlay-gradient":""}},"ast-content-background-meta":{"desktop":{"background-color":"var(--ast-global-color-4)","background-image":"","background-repeat":"repeat","background-position":"center center","background-size":"auto","background-attachment":"scroll","background-type":"","background-media":"","overlay-type":"","overlay-color":"","overlay-opacity":"","overlay-gradient":""},"tablet":{"background-color":"var(--ast-global-color-4)","background-image":"","background-repeat":"repeat","background-position":"center center","background-size":"auto","background-attachment":"scroll","background-type":"","background-media":"","overlay-type":"","overlay-color":"","overlay-opacity":"","overlay-gradient":""},"mobile":{"background-color":"var(--ast-global-color-4)","background-image":"","background-repeat":"repeat","background-position":"center center","background-size":"auto","background-attachment":"scroll","background-type":"","background-media":"","overlay-type":"","overlay-color":"","overlay-opacity":"","overlay-gradient":""}},"footnotes":""},"categories":[1],"tags":[],"class_list":["post-19513","post","type-post","status-publish","format-standard","hentry","category-sem-categoria"],"yoast_head":"<!-- This site is optimized with the Yoast SEO plugin v26.6 - https:\/\/yoast.com\/wordpress\/plugins\/seo\/ -->\n<title>Fl\u00e1vio Dino falsifica documento p\u00fablico no programa eleitoral, diz advogado - Daniel Matos<\/title>\n<meta name=\"robots\" content=\"index, follow, max-snippet:-1, max-image-preview:large, max-video-preview:-1\" \/>\n<link rel=\"canonical\" href=\"https:\/\/www.blogsoestado.com\/danielmatos\/flavio-dino-falsifica-documento-publico-no-programa-eleitoral-diz-advogado\/\" \/>\n<meta property=\"og:locale\" content=\"pt_BR\" \/>\n<meta property=\"og:type\" content=\"article\" \/>\n<meta property=\"og:title\" content=\"Fl\u00e1vio Dino falsifica documento p\u00fablico no programa eleitoral, diz advogado - Daniel Matos\" \/>\n<meta property=\"og:description\" content=\"Os advogados da coliga\u00e7\u00e3o Pra Frente Maranh\u00e3o j\u00e1 entraram na Justi\u00e7a com pedido de liminar contra a coliga\u00e7\u00e3o de Fl\u00e1vio [&hellip;]\" \/>\n<meta property=\"og:url\" content=\"https:\/\/www.blogsoestado.com\/danielmatos\/flavio-dino-falsifica-documento-publico-no-programa-eleitoral-diz-advogado\/\" \/>\n<meta property=\"og:site_name\" content=\"Daniel Matos\" \/>\n<meta property=\"article:published_time\" content=\"2014-09-27T16:03:42+00:00\" \/>\n<meta property=\"og:image\" content=\"https:\/\/www.blogsoestado.com\/danielmatos\/files\/2014\/09\/depoimento.jpg\" \/>\n<meta name=\"twitter:card\" content=\"summary_large_image\" \/>\n<meta name=\"twitter:label1\" content=\"Est. tempo de leitura\" \/>\n\t<meta name=\"twitter:data1\" content=\"3 minutos\" \/>\n<script type=\"application\/ld+json\" class=\"yoast-schema-graph\">{\"@context\":\"https:\/\/schema.org\",\"@graph\":[{\"@type\":\"WebPage\",\"@id\":\"https:\/\/www.blogsoestado.com\/danielmatos\/flavio-dino-falsifica-documento-publico-no-programa-eleitoral-diz-advogado\/\",\"url\":\"https:\/\/www.blogsoestado.com\/danielmatos\/flavio-dino-falsifica-documento-publico-no-programa-eleitoral-diz-advogado\/\",\"name\":\"Fl\u00e1vio Dino falsifica documento p\u00fablico no programa eleitoral, diz advogado - Daniel Matos\",\"isPartOf\":{\"@id\":\"https:\/\/www.blogsoestado.com\/danielmatos\/#website\"},\"primaryImageOfPage\":{\"@id\":\"https:\/\/www.blogsoestado.com\/danielmatos\/flavio-dino-falsifica-documento-publico-no-programa-eleitoral-diz-advogado\/#primaryimage\"},\"image\":{\"@id\":\"https:\/\/www.blogsoestado.com\/danielmatos\/flavio-dino-falsifica-documento-publico-no-programa-eleitoral-diz-advogado\/#primaryimage\"},\"thumbnailUrl\":\"https:\/\/www.blogsoestado.com\/danielmatos\/files\/2014\/09\/depoimento.jpg\",\"datePublished\":\"2014-09-27T16:03:42+00:00\",\"author\":{\"@id\":\"\"},\"breadcrumb\":{\"@id\":\"https:\/\/www.blogsoestado.com\/danielmatos\/flavio-dino-falsifica-documento-publico-no-programa-eleitoral-diz-advogado\/#breadcrumb\"},\"inLanguage\":\"pt-BR\",\"potentialAction\":[{\"@type\":\"ReadAction\",\"target\":[\"https:\/\/www.blogsoestado.com\/danielmatos\/flavio-dino-falsifica-documento-publico-no-programa-eleitoral-diz-advogado\/\"]}]},{\"@type\":\"ImageObject\",\"inLanguage\":\"pt-BR\",\"@id\":\"https:\/\/www.blogsoestado.com\/danielmatos\/flavio-dino-falsifica-documento-publico-no-programa-eleitoral-diz-advogado\/#primaryimage\",\"url\":\"https:\/\/www.blogsoestado.com\/danielmatos\/files\/2014\/09\/depoimento.jpg\",\"contentUrl\":\"https:\/\/www.blogsoestado.com\/danielmatos\/files\/2014\/09\/depoimento.jpg\"},{\"@type\":\"BreadcrumbList\",\"@id\":\"https:\/\/www.blogsoestado.com\/danielmatos\/flavio-dino-falsifica-documento-publico-no-programa-eleitoral-diz-advogado\/#breadcrumb\",\"itemListElement\":[{\"@type\":\"ListItem\",\"position\":1,\"name\":\"In\u00edcio\",\"item\":\"https:\/\/www.blogsoestado.com\/danielmatos\/\"},{\"@type\":\"ListItem\",\"position\":2,\"name\":\"Fl\u00e1vio Dino falsifica documento p\u00fablico no programa eleitoral, diz advogado\"}]},{\"@type\":\"WebSite\",\"@id\":\"https:\/\/www.blogsoestado.com\/danielmatos\/#website\",\"url\":\"https:\/\/www.blogsoestado.com\/danielmatos\/\",\"name\":\"Daniel Matos\",\"description\":\"\",\"potentialAction\":[{\"@type\":\"SearchAction\",\"target\":{\"@type\":\"EntryPoint\",\"urlTemplate\":\"https:\/\/www.blogsoestado.com\/danielmatos\/?s={search_term_string}\"},\"query-input\":{\"@type\":\"PropertyValueSpecification\",\"valueRequired\":true,\"valueName\":\"search_term_string\"}}],\"inLanguage\":\"pt-BR\"}]}<\/script>\n<!-- \/ Yoast SEO plugin. -->","yoast_head_json":{"title":"Fl\u00e1vio Dino falsifica documento p\u00fablico no programa eleitoral, diz advogado - Daniel Matos","robots":{"index":"index","follow":"follow","max-snippet":"max-snippet:-1","max-image-preview":"max-image-preview:large","max-video-preview":"max-video-preview:-1"},"canonical":"https:\/\/www.blogsoestado.com\/danielmatos\/flavio-dino-falsifica-documento-publico-no-programa-eleitoral-diz-advogado\/","og_locale":"pt_BR","og_type":"article","og_title":"Fl\u00e1vio Dino falsifica documento p\u00fablico no programa eleitoral, diz advogado - Daniel Matos","og_description":"Os advogados da coliga\u00e7\u00e3o Pra Frente Maranh\u00e3o j\u00e1 entraram na Justi\u00e7a com pedido de liminar contra a coliga\u00e7\u00e3o de Fl\u00e1vio [&hellip;]","og_url":"https:\/\/www.blogsoestado.com\/danielmatos\/flavio-dino-falsifica-documento-publico-no-programa-eleitoral-diz-advogado\/","og_site_name":"Daniel Matos","article_published_time":"2014-09-27T16:03:42+00:00","og_image":[{"url":"https:\/\/www.blogsoestado.com\/danielmatos\/files\/2014\/09\/depoimento.jpg","type":"","width":"","height":""}],"twitter_card":"summary_large_image","twitter_misc":{"Est. tempo de leitura":"3 minutos"},"schema":{"@context":"https:\/\/schema.org","@graph":[{"@type":"WebPage","@id":"https:\/\/www.blogsoestado.com\/danielmatos\/flavio-dino-falsifica-documento-publico-no-programa-eleitoral-diz-advogado\/","url":"https:\/\/www.blogsoestado.com\/danielmatos\/flavio-dino-falsifica-documento-publico-no-programa-eleitoral-diz-advogado\/","name":"Fl\u00e1vio Dino falsifica documento p\u00fablico no programa eleitoral, diz advogado - Daniel Matos","isPartOf":{"@id":"https:\/\/www.blogsoestado.com\/danielmatos\/#website"},"primaryImageOfPage":{"@id":"https:\/\/www.blogsoestado.com\/danielmatos\/flavio-dino-falsifica-documento-publico-no-programa-eleitoral-diz-advogado\/#primaryimage"},"image":{"@id":"https:\/\/www.blogsoestado.com\/danielmatos\/flavio-dino-falsifica-documento-publico-no-programa-eleitoral-diz-advogado\/#primaryimage"},"thumbnailUrl":"https:\/\/www.blogsoestado.com\/danielmatos\/files\/2014\/09\/depoimento.jpg","datePublished":"2014-09-27T16:03:42+00:00","author":{"@id":""},"breadcrumb":{"@id":"https:\/\/www.blogsoestado.com\/danielmatos\/flavio-dino-falsifica-documento-publico-no-programa-eleitoral-diz-advogado\/#breadcrumb"},"inLanguage":"pt-BR","potentialAction":[{"@type":"ReadAction","target":["https:\/\/www.blogsoestado.com\/danielmatos\/flavio-dino-falsifica-documento-publico-no-programa-eleitoral-diz-advogado\/"]}]},{"@type":"ImageObject","inLanguage":"pt-BR","@id":"https:\/\/www.blogsoestado.com\/danielmatos\/flavio-dino-falsifica-documento-publico-no-programa-eleitoral-diz-advogado\/#primaryimage","url":"https:\/\/www.blogsoestado.com\/danielmatos\/files\/2014\/09\/depoimento.jpg","contentUrl":"https:\/\/www.blogsoestado.com\/danielmatos\/files\/2014\/09\/depoimento.jpg"},{"@type":"BreadcrumbList","@id":"https:\/\/www.blogsoestado.com\/danielmatos\/flavio-dino-falsifica-documento-publico-no-programa-eleitoral-diz-advogado\/#breadcrumb","itemListElement":[{"@type":"ListItem","position":1,"name":"In\u00edcio","item":"https:\/\/www.blogsoestado.com\/danielmatos\/"},{"@type":"ListItem","position":2,"name":"Fl\u00e1vio Dino falsifica documento p\u00fablico no programa eleitoral, diz advogado"}]},{"@type":"WebSite","@id":"https:\/\/www.blogsoestado.com\/danielmatos\/#website","url":"https:\/\/www.blogsoestado.com\/danielmatos\/","name":"Daniel Matos","description":"","potentialAction":[{"@type":"SearchAction","target":{"@type":"EntryPoint","urlTemplate":"https:\/\/www.blogsoestado.com\/danielmatos\/?s={search_term_string}"},"query-input":{"@type":"PropertyValueSpecification","valueRequired":true,"valueName":"search_term_string"}}],"inLanguage":"pt-BR"}]}},"jetpack_featured_media_url":"","_links":{"self":[{"href":"https:\/\/www.blogsoestado.com\/danielmatos\/wp-json\/wp\/v2\/posts\/19513","targetHints":{"allow":["GET"]}}],"collection":[{"href":"https:\/\/www.blogsoestado.com\/danielmatos\/wp-json\/wp\/v2\/posts"}],"about":[{"href":"https:\/\/www.blogsoestado.com\/danielmatos\/wp-json\/wp\/v2\/types\/post"}],"replies":[{"embeddable":true,"href":"https:\/\/www.blogsoestado.com\/danielmatos\/wp-json\/wp\/v2\/comments?post=19513"}],"version-history":[{"count":0,"href":"https:\/\/www.blogsoestado.com\/danielmatos\/wp-json\/wp\/v2\/posts\/19513\/revisions"}],"wp:attachment":[{"href":"https:\/\/www.blogsoestado.com\/danielmatos\/wp-json\/wp\/v2\/media?parent=19513"}],"wp:term":[{"taxonomy":"category","embeddable":true,"href":"https:\/\/www.blogsoestado.com\/danielmatos\/wp-json\/wp\/v2\/categories?post=19513"},{"taxonomy":"post_tag","embeddable":true,"href":"https:\/\/www.blogsoestado.com\/danielmatos\/wp-json\/wp\/v2\/tags?post=19513"}],"curies":[{"name":"wp","href":"https:\/\/api.w.org\/{rel}","templated":true}]}}