{"id":19518,"date":"2014-09-27T16:57:31","date_gmt":"2014-09-27T19:57:31","guid":{"rendered":"https:\/\/www.blogsoestado.com\/danielmatos\/?p=19518"},"modified":"2014-09-27T16:57:31","modified_gmt":"2014-09-27T19:57:31","slug":"paulinha-lobao-faz-caminhada-em-sao-jose-de-ribamar","status":"publish","type":"post","link":"https:\/\/www.blogsoestado.com\/danielmatos\/paulinha-lobao-faz-caminhada-em-sao-jose-de-ribamar\/","title":{"rendered":"Paulinha Lob\u00e3o faz caminhada em S\u00e3o Jos\u00e9 de Ribamar"},"content":{"rendered":"<figure id=\"attachment_19519\" aria-describedby=\"caption-attachment-19519\" style=\"width: 640px\" class=\"wp-caption aligncenter\"><a href=\"https:\/\/www.blogsoestado.com\/danielmatos\/files\/2014\/09\/paulinha.jpg\"><img fetchpriority=\"high\" decoding=\"async\" class=\"size-full wp-image-19519\" src=\"https:\/\/www.blogsoestado.com\/danielmatos\/files\/2014\/09\/paulinha.jpg\" alt=\"Com aliados e milit\u00e2ncia, Paulinha levou mensagem do candidato Lob\u00e3o Filho ao povo de Ribamar \" width=\"640\" height=\"480\" \/><\/a><figcaption id=\"caption-attachment-19519\" class=\"wp-caption-text\">Com aliados e milit\u00e2ncia, Paulinha levou mensagem do candidato Lob\u00e3o Filho ao povo de S\u00e3o Jos\u00e9 de Ribamar<\/figcaption><\/figure>\n<p>A caravana da mulher intensificou suas a\u00e7\u00f5es na regi\u00e3o metropolitana de S\u00e3o Lu\u00eds. A apresentadora Paulinha Lob\u00e3o, esposa do candidato ao governo do MA, Lob\u00e3o Filho (PMDB), arrastou uma multid\u00e3o na manh\u00e3 deste s\u00e1bado (27), pelas principais ruas do munic\u00edpio de Pa\u00e7o do Lumiar, na \u201cCaravana da Mulher\u201d, que faz parte do movimento \u201cPra Frente Maranh\u00e3o \u2013 com a for\u00e7a da mulher\u201d.<\/p>\n<p>Ao lado da filha Tatiana Lob\u00e3o, a comunicadora recebeu grande apoio dos moradores e seguiu percurso com grande anima\u00e7\u00e3o. \u201cEu n\u00e3o poderia deixar de vir aqui para sentir essa energia e pronunciar uma palavra de f\u00e9 e de esperan\u00e7a para voc\u00eas. Eu estou sentindo todo o carinho de voc\u00eas e posso concluir, com toda certeza, que o 15 invadiu S\u00e3o Jo\u00e3o de Ribamar\u201d, disse.<\/p>\n<p>Aproximadamente cinco mil pessoas acompanharam o percurso com bandeiras que anunciavam a grande virada. \u201cEstou certo que Lob\u00e3o Filho tem compet\u00eancia e garra para governar nosso estado. A melhor solu\u00e7\u00e3o para o Maranh\u00e3o, \u00e9 o candidato do 15, Lob\u00e3o Filho\u201d, garantiu o eletricista Rom\u00e1rio Fonseca.<\/p>\n<figure id=\"attachment_19520\" aria-describedby=\"caption-attachment-19520\" style=\"width: 640px\" class=\"wp-caption aligncenter\"><a href=\"https:\/\/www.blogsoestado.com\/danielmatos\/files\/2014\/09\/paulinha2.jpg\"><img decoding=\"async\" class=\"size-full wp-image-19520\" src=\"https:\/\/www.blogsoestado.com\/danielmatos\/files\/2014\/09\/paulinha2.jpg\" alt=\"Caravana da Mulher intensificou suas a\u00e7\u00f5es na regi\u00e3o metropolitana de S\u00e3o Lu\u00eds\" width=\"640\" height=\"480\" \/><\/a><figcaption id=\"caption-attachment-19520\" class=\"wp-caption-text\">Caravana da Mulher intensificou suas a\u00e7\u00f5es na regi\u00e3o metropolitana de S\u00e3o Lu\u00eds, onde foi bem recebida<\/figcaption><\/figure>\n<p>A dona de casa Helena Moraes, comentou a participa\u00e7\u00e3o da esposa de Lob\u00e3o no refor\u00e7o da campanha peemedebista. \u201c\u00c9 muito bom ver que a Paulinha est\u00e1 participando ativamente da campanha do marido. Hoje eu estou conhecendo a filha deles (Tatiana) e vejo que eles s\u00e3o uma fam\u00edlia unida, em busca de um prop\u00f3sito: melhorar as nossas vidas. \u00c9 uma fam\u00edlia assim que eu quero para governar o meu estado\u201d.<\/p>\n<p>O secret\u00e1rio de Programas Especiais e Assuntos Pol\u00edticos, Rodrigo Valente, disse que a a\u00e7\u00e3o desenvolvida marcou a hist\u00f3ria do munic\u00edpio e demonstrou a escolha popular. \u201cEssa \u00e9 a maior prova de que n\u00f3s temos S\u00e3o Jos\u00e9 de Ribamar com Lob\u00e3o. Toda a regi\u00e3o declara hoje, que Lob\u00e3o Filho \u00e9 o governador que vai mudar o Maranh\u00e3o. O estado quer realmente um homem empreendedor , e ele veio pra fazer a diferen\u00e7a\u201d, concluiu.<\/p>\n","protected":false},"excerpt":{"rendered":"<p>A caravana da mulher intensificou suas a\u00e7\u00f5es na regi\u00e3o metropolitana de S\u00e3o Lu\u00eds. A apresentadora Paulinha Lob\u00e3o, esposa do candidato [&hellip;]<\/p>\n","protected":false},"author":0,"featured_media":0,"comment_status":"open","ping_status":"open","sticky":false,"template":"","format":"standard","meta":{"site-sidebar-layout":"default","site-content-layout":"","ast-site-content-layout":"default","site-content-style":"default","site-sidebar-style":"default","ast-global-header-display":"","ast-banner-title-visibility":"","ast-main-header-display":"","ast-hfb-above-header-display":"","ast-hfb-below-header-display":"","ast-hfb-mobile-header-display":"","site-post-title":"","ast-breadcrumbs-content":"","ast-featured-img":"","footer-sml-layout":"","ast-disable-related-posts":"","theme-transparent-header-meta":"","adv-header-id-meta":"","stick-header-meta":"","header-above-stick-meta":"","header-main-stick-meta":"","header-below-stick-meta":"","astra-migrate-meta-layouts":"default","ast-page-background-enabled":"default","ast-page-background-meta":{"desktop":{"background-color":"var(--ast-global-color-5)","background-image":"","background-repeat":"repeat","background-position":"center center","background-size":"auto","background-attachment":"scroll","background-type":"","background-media":"","overlay-type":"","overlay-color":"","overlay-opacity":"","overlay-gradient":""},"tablet":{"background-color":"","background-image":"","background-repeat":"repeat","background-position":"center center","background-size":"auto","background-attachment":"scroll","background-type":"","background-media":"","overlay-type":"","overlay-color":"","overlay-opacity":"","overlay-gradient":""},"mobile":{"background-color":"","background-image":"","background-repeat":"repeat","background-position":"center center","background-size":"auto","background-attachment":"scroll","background-type":"","background-media":"","overlay-type":"","overlay-color":"","overlay-opacity":"","overlay-gradient":""}},"ast-content-background-meta":{"desktop":{"background-color":"var(--ast-global-color-4)","background-image":"","background-repeat":"repeat","background-position":"center center","background-size":"auto","background-attachment":"scroll","background-type":"","background-media":"","overlay-type":"","overlay-color":"","overlay-opacity":"","overlay-gradient":""},"tablet":{"background-color":"var(--ast-global-color-4)","background-image":"","background-repeat":"repeat","background-position":"center center","background-size":"auto","background-attachment":"scroll","background-type":"","background-media":"","overlay-type":"","overlay-color":"","overlay-opacity":"","overlay-gradient":""},"mobile":{"background-color":"var(--ast-global-color-4)","background-image":"","background-repeat":"repeat","background-position":"center center","background-size":"auto","background-attachment":"scroll","background-type":"","background-media":"","overlay-type":"","overlay-color":"","overlay-opacity":"","overlay-gradient":""}},"footnotes":""},"categories":[1],"tags":[],"class_list":["post-19518","post","type-post","status-publish","format-standard","hentry","category-sem-categoria"],"yoast_head":"<!-- This site is optimized with the Yoast SEO plugin v26.6 - https:\/\/yoast.com\/wordpress\/plugins\/seo\/ -->\n<title>Paulinha Lob\u00e3o faz caminhada em S\u00e3o Jos\u00e9 de Ribamar - Daniel Matos<\/title>\n<meta name=\"robots\" content=\"index, follow, max-snippet:-1, max-image-preview:large, max-video-preview:-1\" \/>\n<link rel=\"canonical\" href=\"https:\/\/www.blogsoestado.com\/danielmatos\/paulinha-lobao-faz-caminhada-em-sao-jose-de-ribamar\/\" \/>\n<meta property=\"og:locale\" content=\"pt_BR\" \/>\n<meta property=\"og:type\" content=\"article\" \/>\n<meta property=\"og:title\" content=\"Paulinha Lob\u00e3o faz caminhada em S\u00e3o Jos\u00e9 de Ribamar - Daniel Matos\" \/>\n<meta property=\"og:description\" content=\"A caravana da mulher intensificou suas a\u00e7\u00f5es na regi\u00e3o metropolitana de S\u00e3o Lu\u00eds. A apresentadora Paulinha Lob\u00e3o, esposa do candidato [&hellip;]\" \/>\n<meta property=\"og:url\" content=\"https:\/\/www.blogsoestado.com\/danielmatos\/paulinha-lobao-faz-caminhada-em-sao-jose-de-ribamar\/\" \/>\n<meta property=\"og:site_name\" content=\"Daniel Matos\" \/>\n<meta property=\"article:published_time\" content=\"2014-09-27T19:57:31+00:00\" \/>\n<meta property=\"og:image\" content=\"https:\/\/www.blogsoestado.com\/danielmatos\/files\/2014\/09\/paulinha.jpg\" \/>\n<meta name=\"twitter:card\" content=\"summary_large_image\" \/>\n<meta name=\"twitter:label1\" content=\"Est. tempo de leitura\" \/>\n\t<meta name=\"twitter:data1\" content=\"2 minutos\" \/>\n<script type=\"application\/ld+json\" class=\"yoast-schema-graph\">{\"@context\":\"https:\/\/schema.org\",\"@graph\":[{\"@type\":\"WebPage\",\"@id\":\"https:\/\/www.blogsoestado.com\/danielmatos\/paulinha-lobao-faz-caminhada-em-sao-jose-de-ribamar\/\",\"url\":\"https:\/\/www.blogsoestado.com\/danielmatos\/paulinha-lobao-faz-caminhada-em-sao-jose-de-ribamar\/\",\"name\":\"Paulinha Lob\u00e3o faz caminhada em S\u00e3o Jos\u00e9 de Ribamar - Daniel Matos\",\"isPartOf\":{\"@id\":\"https:\/\/www.blogsoestado.com\/danielmatos\/#website\"},\"primaryImageOfPage\":{\"@id\":\"https:\/\/www.blogsoestado.com\/danielmatos\/paulinha-lobao-faz-caminhada-em-sao-jose-de-ribamar\/#primaryimage\"},\"image\":{\"@id\":\"https:\/\/www.blogsoestado.com\/danielmatos\/paulinha-lobao-faz-caminhada-em-sao-jose-de-ribamar\/#primaryimage\"},\"thumbnailUrl\":\"https:\/\/www.blogsoestado.com\/danielmatos\/files\/2014\/09\/paulinha.jpg\",\"datePublished\":\"2014-09-27T19:57:31+00:00\",\"author\":{\"@id\":\"\"},\"breadcrumb\":{\"@id\":\"https:\/\/www.blogsoestado.com\/danielmatos\/paulinha-lobao-faz-caminhada-em-sao-jose-de-ribamar\/#breadcrumb\"},\"inLanguage\":\"pt-BR\",\"potentialAction\":[{\"@type\":\"ReadAction\",\"target\":[\"https:\/\/www.blogsoestado.com\/danielmatos\/paulinha-lobao-faz-caminhada-em-sao-jose-de-ribamar\/\"]}]},{\"@type\":\"ImageObject\",\"inLanguage\":\"pt-BR\",\"@id\":\"https:\/\/www.blogsoestado.com\/danielmatos\/paulinha-lobao-faz-caminhada-em-sao-jose-de-ribamar\/#primaryimage\",\"url\":\"https:\/\/www.blogsoestado.com\/danielmatos\/files\/2014\/09\/paulinha.jpg\",\"contentUrl\":\"https:\/\/www.blogsoestado.com\/danielmatos\/files\/2014\/09\/paulinha.jpg\"},{\"@type\":\"BreadcrumbList\",\"@id\":\"https:\/\/www.blogsoestado.com\/danielmatos\/paulinha-lobao-faz-caminhada-em-sao-jose-de-ribamar\/#breadcrumb\",\"itemListElement\":[{\"@type\":\"ListItem\",\"position\":1,\"name\":\"In\u00edcio\",\"item\":\"https:\/\/www.blogsoestado.com\/danielmatos\/\"},{\"@type\":\"ListItem\",\"position\":2,\"name\":\"Paulinha Lob\u00e3o faz caminhada em S\u00e3o Jos\u00e9 de Ribamar\"}]},{\"@type\":\"WebSite\",\"@id\":\"https:\/\/www.blogsoestado.com\/danielmatos\/#website\",\"url\":\"https:\/\/www.blogsoestado.com\/danielmatos\/\",\"name\":\"Daniel Matos\",\"description\":\"\",\"potentialAction\":[{\"@type\":\"SearchAction\",\"target\":{\"@type\":\"EntryPoint\",\"urlTemplate\":\"https:\/\/www.blogsoestado.com\/danielmatos\/?s={search_term_string}\"},\"query-input\":{\"@type\":\"PropertyValueSpecification\",\"valueRequired\":true,\"valueName\":\"search_term_string\"}}],\"inLanguage\":\"pt-BR\"}]}<\/script>\n<!-- \/ Yoast SEO plugin. -->","yoast_head_json":{"title":"Paulinha Lob\u00e3o faz caminhada em S\u00e3o Jos\u00e9 de Ribamar - Daniel Matos","robots":{"index":"index","follow":"follow","max-snippet":"max-snippet:-1","max-image-preview":"max-image-preview:large","max-video-preview":"max-video-preview:-1"},"canonical":"https:\/\/www.blogsoestado.com\/danielmatos\/paulinha-lobao-faz-caminhada-em-sao-jose-de-ribamar\/","og_locale":"pt_BR","og_type":"article","og_title":"Paulinha Lob\u00e3o faz caminhada em S\u00e3o Jos\u00e9 de Ribamar - Daniel Matos","og_description":"A caravana da mulher intensificou suas a\u00e7\u00f5es na regi\u00e3o metropolitana de S\u00e3o Lu\u00eds. A apresentadora Paulinha Lob\u00e3o, esposa do candidato [&hellip;]","og_url":"https:\/\/www.blogsoestado.com\/danielmatos\/paulinha-lobao-faz-caminhada-em-sao-jose-de-ribamar\/","og_site_name":"Daniel Matos","article_published_time":"2014-09-27T19:57:31+00:00","og_image":[{"url":"https:\/\/www.blogsoestado.com\/danielmatos\/files\/2014\/09\/paulinha.jpg","type":"","width":"","height":""}],"twitter_card":"summary_large_image","twitter_misc":{"Est. tempo de leitura":"2 minutos"},"schema":{"@context":"https:\/\/schema.org","@graph":[{"@type":"WebPage","@id":"https:\/\/www.blogsoestado.com\/danielmatos\/paulinha-lobao-faz-caminhada-em-sao-jose-de-ribamar\/","url":"https:\/\/www.blogsoestado.com\/danielmatos\/paulinha-lobao-faz-caminhada-em-sao-jose-de-ribamar\/","name":"Paulinha Lob\u00e3o faz caminhada em S\u00e3o Jos\u00e9 de Ribamar - Daniel Matos","isPartOf":{"@id":"https:\/\/www.blogsoestado.com\/danielmatos\/#website"},"primaryImageOfPage":{"@id":"https:\/\/www.blogsoestado.com\/danielmatos\/paulinha-lobao-faz-caminhada-em-sao-jose-de-ribamar\/#primaryimage"},"image":{"@id":"https:\/\/www.blogsoestado.com\/danielmatos\/paulinha-lobao-faz-caminhada-em-sao-jose-de-ribamar\/#primaryimage"},"thumbnailUrl":"https:\/\/www.blogsoestado.com\/danielmatos\/files\/2014\/09\/paulinha.jpg","datePublished":"2014-09-27T19:57:31+00:00","author":{"@id":""},"breadcrumb":{"@id":"https:\/\/www.blogsoestado.com\/danielmatos\/paulinha-lobao-faz-caminhada-em-sao-jose-de-ribamar\/#breadcrumb"},"inLanguage":"pt-BR","potentialAction":[{"@type":"ReadAction","target":["https:\/\/www.blogsoestado.com\/danielmatos\/paulinha-lobao-faz-caminhada-em-sao-jose-de-ribamar\/"]}]},{"@type":"ImageObject","inLanguage":"pt-BR","@id":"https:\/\/www.blogsoestado.com\/danielmatos\/paulinha-lobao-faz-caminhada-em-sao-jose-de-ribamar\/#primaryimage","url":"https:\/\/www.blogsoestado.com\/danielmatos\/files\/2014\/09\/paulinha.jpg","contentUrl":"https:\/\/www.blogsoestado.com\/danielmatos\/files\/2014\/09\/paulinha.jpg"},{"@type":"BreadcrumbList","@id":"https:\/\/www.blogsoestado.com\/danielmatos\/paulinha-lobao-faz-caminhada-em-sao-jose-de-ribamar\/#breadcrumb","itemListElement":[{"@type":"ListItem","position":1,"name":"In\u00edcio","item":"https:\/\/www.blogsoestado.com\/danielmatos\/"},{"@type":"ListItem","position":2,"name":"Paulinha Lob\u00e3o faz caminhada em S\u00e3o Jos\u00e9 de Ribamar"}]},{"@type":"WebSite","@id":"https:\/\/www.blogsoestado.com\/danielmatos\/#website","url":"https:\/\/www.blogsoestado.com\/danielmatos\/","name":"Daniel Matos","description":"","potentialAction":[{"@type":"SearchAction","target":{"@type":"EntryPoint","urlTemplate":"https:\/\/www.blogsoestado.com\/danielmatos\/?s={search_term_string}"},"query-input":{"@type":"PropertyValueSpecification","valueRequired":true,"valueName":"search_term_string"}}],"inLanguage":"pt-BR"}]}},"jetpack_featured_media_url":"","_links":{"self":[{"href":"https:\/\/www.blogsoestado.com\/danielmatos\/wp-json\/wp\/v2\/posts\/19518","targetHints":{"allow":["GET"]}}],"collection":[{"href":"https:\/\/www.blogsoestado.com\/danielmatos\/wp-json\/wp\/v2\/posts"}],"about":[{"href":"https:\/\/www.blogsoestado.com\/danielmatos\/wp-json\/wp\/v2\/types\/post"}],"replies":[{"embeddable":true,"href":"https:\/\/www.blogsoestado.com\/danielmatos\/wp-json\/wp\/v2\/comments?post=19518"}],"version-history":[{"count":0,"href":"https:\/\/www.blogsoestado.com\/danielmatos\/wp-json\/wp\/v2\/posts\/19518\/revisions"}],"wp:attachment":[{"href":"https:\/\/www.blogsoestado.com\/danielmatos\/wp-json\/wp\/v2\/media?parent=19518"}],"wp:term":[{"taxonomy":"category","embeddable":true,"href":"https:\/\/www.blogsoestado.com\/danielmatos\/wp-json\/wp\/v2\/categories?post=19518"},{"taxonomy":"post_tag","embeddable":true,"href":"https:\/\/www.blogsoestado.com\/danielmatos\/wp-json\/wp\/v2\/tags?post=19518"}],"curies":[{"name":"wp","href":"https:\/\/api.w.org\/{rel}","templated":true}]}}