{"id":19523,"date":"2014-09-29T08:54:47","date_gmt":"2014-09-29T11:54:47","guid":{"rendered":"https:\/\/www.blogsoestado.com\/danielmatos\/?p=19523"},"modified":"2014-09-29T08:54:47","modified_gmt":"2014-09-29T11:54:47","slug":"populacao-de-colinas-faz-homenagem-a-lobao-filho-durante-comicio","status":"publish","type":"post","link":"https:\/\/www.blogsoestado.com\/danielmatos\/populacao-de-colinas-faz-homenagem-a-lobao-filho-durante-comicio\/","title":{"rendered":"Popula\u00e7\u00e3o de Colinas faz homenagem a Lob\u00e3o Filho durante com\u00edcio"},"content":{"rendered":"<figure id=\"attachment_19524\" aria-describedby=\"caption-attachment-19524\" style=\"width: 640px\" class=\"wp-caption aligncenter\"><a href=\"https:\/\/www.blogsoestado.com\/danielmatos\/files\/2014\/09\/lobao-colinas.jpg\"><img fetchpriority=\"high\" decoding=\"async\" class=\"size-full wp-image-19524\" src=\"https:\/\/www.blogsoestado.com\/danielmatos\/files\/2014\/09\/lobao-colinas.jpg\" alt=\"Lob\u00e3o Filho foi homenageado com um v\u00eddeo em que moradores do Alto do Bode narraram uma hist\u00f3ria quando o seu pai, o ministro das Minas e Energia, Edison Lob\u00e3o, era governador do Maranh\u00e3o\" width=\"640\" height=\"421\" \/><\/a><figcaption id=\"caption-attachment-19524\" class=\"wp-caption-text\">Lob\u00e3o Filho foi homenageado com um v\u00eddeo em que moradores do Alto do Bode, em Colinas, narraram uma hist\u00f3ria quando o seu pai, o ministro das Minas e Energia, Edison Lob\u00e3o, era governador do Maranh\u00e3o (<strong>Foto:<\/strong> J\u00fanior Foicinha)<\/figcaption><\/figure>\n<p>\u201cVamos construir a maior vit\u00f3ria pol\u00edtica da hist\u00f3ria do Maranh\u00e3o. Nesses \u00faltimos dias de campanha vamos virar esse jogo e vencer as elei\u00e7\u00f5es em cinco de outubro\u201d, a declara\u00e7\u00e3o foi pelo candidato da coliga\u00e7\u00e3o \u201cPra Frente, Maranh\u00e3o\u201d ao governado do estado, senador Edison Lob\u00e3o (PMDB), ao comandar uma mega carreata na cidade de Jatob\u00e1 e ao discursar para uma multid\u00e3o na cidade de Colinas.<\/p>\n<p>Em Colinas Lob\u00e3o Filho foi homenageado com um v\u00eddeo em que moradores do Alto do Bode narraram uma hist\u00f3ria quando o seu pai, o ministro das Minas e Energia, Edison Lob\u00e3o, era governador do Maranh\u00e3o. Naquela ocasi\u00e3o todas as casas dessa pequena comunidade pegaram fogo e seus moradores ficaram sem teto e sem nenhuma perspectiva de vida. Lob\u00e3o Filho foi ent\u00e3o visitar a comunidade onde assumiu o compromisso de reconstruir todas as resid\u00eancias s\u00f3 que desta vez de alvenaria e cobertas de telha.<\/p>\n<p>Da localidade, Lob\u00e3o Filho falou com o seu o pai, o governador Edison Lob\u00e3o e disse que o problema estava resolvido por que o governo do Estado iria garantir as suas resid\u00eancias de volta. Nesse momento come\u00e7a a narrativa daqueles que duvidavam da palavra do ent\u00e3o jovem Edinho Lob\u00e3o.<\/p>\n<p>&#8211; Ele (Lob\u00e3o Filho) era muito jovem. Nunca imaginamos que a sua promessa seria cumprida. Em pouco tempo tivemos as nossas de volta. Se ele fez isso quando era apenas um jovem imagina que \u00e9 maduro e tem uma longa de boas atitudes, dizem em tom un\u00edssono todos os moradores e que ainda tamb\u00e9m desejam e apostam na vit\u00f3ria de Lob\u00e3o Filho para a constru\u00e7\u00e3o de um grande Maranh\u00e3o para todos.<\/p>\n<p>Ap\u00f3s assistir ao v\u00eddeo, Lob\u00e3o Filho disse que est\u00e1 a cada dia mais convicto em sua vit\u00f3ria, na vit\u00f3ria do povo do Maranh\u00e3o. \u201cNos \u00faltimos anos todas as elei\u00e7\u00f5es no Estado foram vencidas nos \u00faltimos 15 dias. O carinho da popula\u00e7\u00e3o seja em v\u00eddeos ou andando nas ruas demonstram que a nossas propostas e os nossos prop\u00f3sitos est\u00e3o cada vez mais sendo entendidos\u201d, afirmou.<\/p>\n<p>O senador do PMDB refletiu ainda que essa for\u00e7a e energia da popula\u00e7\u00e3o o incentiva para continuar nessa \u201clonga jornada para renovar o Maranh\u00e3o com um governo municipalista e com um amplo programa de governo que propiciar aos sete milh\u00f5es de brasileiros que residem no Maranh\u00e3o uma vida digna\u201d.<\/p>\n<p><strong>Apoios <\/strong><\/p>\n<p>Nos munic\u00edpios de Jatob\u00e1 e Colinas as duas principais lideran\u00e7as municipais declararam apoio ao senador Lob\u00e3o Filho. A prefeita de Jatob\u00e1, Consuelo Lima, destacou que o munic\u00edpio n\u00e3o precisa de mudan\u00e7a e sim de trabalho. \u201cAqui temos trabalho em muito e com Lob\u00e3o Filho vamos fazer muito mais\u201d.<\/p>\n<p>O prefeito de Colinas, Antonio Pereira de Oliveira, destacou v\u00e1rias obras realizadas com o apoio do senador lob\u00e3o e do seu grupo como o Sistema de Abastecimento de \u00c1gua. \u201cCom Lob\u00e3o Filho pelo seu hist\u00f3rico de trabalho pelo Maranh\u00e3o vamos fazer muito mais por nossa cidade\u201d.<\/p>\n","protected":false},"excerpt":{"rendered":"<p>\u201cVamos construir a maior vit\u00f3ria pol\u00edtica da hist\u00f3ria do Maranh\u00e3o. Nesses \u00faltimos dias de campanha vamos virar esse jogo e [&hellip;]<\/p>\n","protected":false},"author":0,"featured_media":0,"comment_status":"open","ping_status":"open","sticky":false,"template":"","format":"standard","meta":{"site-sidebar-layout":"default","site-content-layout":"","ast-site-content-layout":"default","site-content-style":"default","site-sidebar-style":"default","ast-global-header-display":"","ast-banner-title-visibility":"","ast-main-header-display":"","ast-hfb-above-header-display":"","ast-hfb-below-header-display":"","ast-hfb-mobile-header-display":"","site-post-title":"","ast-breadcrumbs-content":"","ast-featured-img":"","footer-sml-layout":"","ast-disable-related-posts":"","theme-transparent-header-meta":"","adv-header-id-meta":"","stick-header-meta":"","header-above-stick-meta":"","header-main-stick-meta":"","header-below-stick-meta":"","astra-migrate-meta-layouts":"default","ast-page-background-enabled":"default","ast-page-background-meta":{"desktop":{"background-color":"var(--ast-global-color-5)","background-image":"","background-repeat":"repeat","background-position":"center center","background-size":"auto","background-attachment":"scroll","background-type":"","background-media":"","overlay-type":"","overlay-color":"","overlay-opacity":"","overlay-gradient":""},"tablet":{"background-color":"","background-image":"","background-repeat":"repeat","background-position":"center center","background-size":"auto","background-attachment":"scroll","background-type":"","background-media":"","overlay-type":"","overlay-color":"","overlay-opacity":"","overlay-gradient":""},"mobile":{"background-color":"","background-image":"","background-repeat":"repeat","background-position":"center center","background-size":"auto","background-attachment":"scroll","background-type":"","background-media":"","overlay-type":"","overlay-color":"","overlay-opacity":"","overlay-gradient":""}},"ast-content-background-meta":{"desktop":{"background-color":"var(--ast-global-color-4)","background-image":"","background-repeat":"repeat","background-position":"center center","background-size":"auto","background-attachment":"scroll","background-type":"","background-media":"","overlay-type":"","overlay-color":"","overlay-opacity":"","overlay-gradient":""},"tablet":{"background-color":"var(--ast-global-color-4)","background-image":"","background-repeat":"repeat","background-position":"center center","background-size":"auto","background-attachment":"scroll","background-type":"","background-media":"","overlay-type":"","overlay-color":"","overlay-opacity":"","overlay-gradient":""},"mobile":{"background-color":"var(--ast-global-color-4)","background-image":"","background-repeat":"repeat","background-position":"center center","background-size":"auto","background-attachment":"scroll","background-type":"","background-media":"","overlay-type":"","overlay-color":"","overlay-opacity":"","overlay-gradient":""}},"footnotes":""},"categories":[1],"tags":[],"class_list":["post-19523","post","type-post","status-publish","format-standard","hentry","category-sem-categoria"],"yoast_head":"<!-- This site is optimized with the Yoast SEO plugin v26.6 - https:\/\/yoast.com\/wordpress\/plugins\/seo\/ -->\n<title>Popula\u00e7\u00e3o de Colinas faz homenagem a Lob\u00e3o Filho durante com\u00edcio - Daniel Matos<\/title>\n<meta name=\"robots\" content=\"index, follow, max-snippet:-1, max-image-preview:large, max-video-preview:-1\" \/>\n<link rel=\"canonical\" href=\"https:\/\/www.blogsoestado.com\/danielmatos\/populacao-de-colinas-faz-homenagem-a-lobao-filho-durante-comicio\/\" \/>\n<meta property=\"og:locale\" content=\"pt_BR\" \/>\n<meta property=\"og:type\" content=\"article\" \/>\n<meta property=\"og:title\" content=\"Popula\u00e7\u00e3o de Colinas faz homenagem a Lob\u00e3o Filho durante com\u00edcio - Daniel Matos\" \/>\n<meta property=\"og:description\" content=\"\u201cVamos construir a maior vit\u00f3ria pol\u00edtica da hist\u00f3ria do Maranh\u00e3o. Nesses \u00faltimos dias de campanha vamos virar esse jogo e [&hellip;]\" \/>\n<meta property=\"og:url\" content=\"https:\/\/www.blogsoestado.com\/danielmatos\/populacao-de-colinas-faz-homenagem-a-lobao-filho-durante-comicio\/\" \/>\n<meta property=\"og:site_name\" content=\"Daniel Matos\" \/>\n<meta property=\"article:published_time\" content=\"2014-09-29T11:54:47+00:00\" \/>\n<meta property=\"og:image\" content=\"https:\/\/www.blogsoestado.com\/danielmatos\/files\/2014\/09\/lobao-colinas.jpg\" \/>\n<meta name=\"twitter:card\" content=\"summary_large_image\" \/>\n<meta name=\"twitter:label1\" content=\"Est. tempo de leitura\" \/>\n\t<meta name=\"twitter:data1\" content=\"3 minutos\" \/>\n<script type=\"application\/ld+json\" class=\"yoast-schema-graph\">{\"@context\":\"https:\/\/schema.org\",\"@graph\":[{\"@type\":\"WebPage\",\"@id\":\"https:\/\/www.blogsoestado.com\/danielmatos\/populacao-de-colinas-faz-homenagem-a-lobao-filho-durante-comicio\/\",\"url\":\"https:\/\/www.blogsoestado.com\/danielmatos\/populacao-de-colinas-faz-homenagem-a-lobao-filho-durante-comicio\/\",\"name\":\"Popula\u00e7\u00e3o de Colinas faz homenagem a Lob\u00e3o Filho durante com\u00edcio - Daniel Matos\",\"isPartOf\":{\"@id\":\"https:\/\/www.blogsoestado.com\/danielmatos\/#website\"},\"primaryImageOfPage\":{\"@id\":\"https:\/\/www.blogsoestado.com\/danielmatos\/populacao-de-colinas-faz-homenagem-a-lobao-filho-durante-comicio\/#primaryimage\"},\"image\":{\"@id\":\"https:\/\/www.blogsoestado.com\/danielmatos\/populacao-de-colinas-faz-homenagem-a-lobao-filho-durante-comicio\/#primaryimage\"},\"thumbnailUrl\":\"https:\/\/www.blogsoestado.com\/danielmatos\/files\/2014\/09\/lobao-colinas.jpg\",\"datePublished\":\"2014-09-29T11:54:47+00:00\",\"author\":{\"@id\":\"\"},\"breadcrumb\":{\"@id\":\"https:\/\/www.blogsoestado.com\/danielmatos\/populacao-de-colinas-faz-homenagem-a-lobao-filho-durante-comicio\/#breadcrumb\"},\"inLanguage\":\"pt-BR\",\"potentialAction\":[{\"@type\":\"ReadAction\",\"target\":[\"https:\/\/www.blogsoestado.com\/danielmatos\/populacao-de-colinas-faz-homenagem-a-lobao-filho-durante-comicio\/\"]}]},{\"@type\":\"ImageObject\",\"inLanguage\":\"pt-BR\",\"@id\":\"https:\/\/www.blogsoestado.com\/danielmatos\/populacao-de-colinas-faz-homenagem-a-lobao-filho-durante-comicio\/#primaryimage\",\"url\":\"https:\/\/www.blogsoestado.com\/danielmatos\/files\/2014\/09\/lobao-colinas.jpg\",\"contentUrl\":\"https:\/\/www.blogsoestado.com\/danielmatos\/files\/2014\/09\/lobao-colinas.jpg\"},{\"@type\":\"BreadcrumbList\",\"@id\":\"https:\/\/www.blogsoestado.com\/danielmatos\/populacao-de-colinas-faz-homenagem-a-lobao-filho-durante-comicio\/#breadcrumb\",\"itemListElement\":[{\"@type\":\"ListItem\",\"position\":1,\"name\":\"In\u00edcio\",\"item\":\"https:\/\/www.blogsoestado.com\/danielmatos\/\"},{\"@type\":\"ListItem\",\"position\":2,\"name\":\"Popula\u00e7\u00e3o de Colinas faz homenagem a Lob\u00e3o Filho durante com\u00edcio\"}]},{\"@type\":\"WebSite\",\"@id\":\"https:\/\/www.blogsoestado.com\/danielmatos\/#website\",\"url\":\"https:\/\/www.blogsoestado.com\/danielmatos\/\",\"name\":\"Daniel Matos\",\"description\":\"\",\"potentialAction\":[{\"@type\":\"SearchAction\",\"target\":{\"@type\":\"EntryPoint\",\"urlTemplate\":\"https:\/\/www.blogsoestado.com\/danielmatos\/?s={search_term_string}\"},\"query-input\":{\"@type\":\"PropertyValueSpecification\",\"valueRequired\":true,\"valueName\":\"search_term_string\"}}],\"inLanguage\":\"pt-BR\"}]}<\/script>\n<!-- \/ Yoast SEO plugin. -->","yoast_head_json":{"title":"Popula\u00e7\u00e3o de Colinas faz homenagem a Lob\u00e3o Filho durante com\u00edcio - Daniel Matos","robots":{"index":"index","follow":"follow","max-snippet":"max-snippet:-1","max-image-preview":"max-image-preview:large","max-video-preview":"max-video-preview:-1"},"canonical":"https:\/\/www.blogsoestado.com\/danielmatos\/populacao-de-colinas-faz-homenagem-a-lobao-filho-durante-comicio\/","og_locale":"pt_BR","og_type":"article","og_title":"Popula\u00e7\u00e3o de Colinas faz homenagem a Lob\u00e3o Filho durante com\u00edcio - Daniel Matos","og_description":"\u201cVamos construir a maior vit\u00f3ria pol\u00edtica da hist\u00f3ria do Maranh\u00e3o. Nesses \u00faltimos dias de campanha vamos virar esse jogo e [&hellip;]","og_url":"https:\/\/www.blogsoestado.com\/danielmatos\/populacao-de-colinas-faz-homenagem-a-lobao-filho-durante-comicio\/","og_site_name":"Daniel Matos","article_published_time":"2014-09-29T11:54:47+00:00","og_image":[{"url":"https:\/\/www.blogsoestado.com\/danielmatos\/files\/2014\/09\/lobao-colinas.jpg","type":"","width":"","height":""}],"twitter_card":"summary_large_image","twitter_misc":{"Est. tempo de leitura":"3 minutos"},"schema":{"@context":"https:\/\/schema.org","@graph":[{"@type":"WebPage","@id":"https:\/\/www.blogsoestado.com\/danielmatos\/populacao-de-colinas-faz-homenagem-a-lobao-filho-durante-comicio\/","url":"https:\/\/www.blogsoestado.com\/danielmatos\/populacao-de-colinas-faz-homenagem-a-lobao-filho-durante-comicio\/","name":"Popula\u00e7\u00e3o de Colinas faz homenagem a Lob\u00e3o Filho durante com\u00edcio - Daniel Matos","isPartOf":{"@id":"https:\/\/www.blogsoestado.com\/danielmatos\/#website"},"primaryImageOfPage":{"@id":"https:\/\/www.blogsoestado.com\/danielmatos\/populacao-de-colinas-faz-homenagem-a-lobao-filho-durante-comicio\/#primaryimage"},"image":{"@id":"https:\/\/www.blogsoestado.com\/danielmatos\/populacao-de-colinas-faz-homenagem-a-lobao-filho-durante-comicio\/#primaryimage"},"thumbnailUrl":"https:\/\/www.blogsoestado.com\/danielmatos\/files\/2014\/09\/lobao-colinas.jpg","datePublished":"2014-09-29T11:54:47+00:00","author":{"@id":""},"breadcrumb":{"@id":"https:\/\/www.blogsoestado.com\/danielmatos\/populacao-de-colinas-faz-homenagem-a-lobao-filho-durante-comicio\/#breadcrumb"},"inLanguage":"pt-BR","potentialAction":[{"@type":"ReadAction","target":["https:\/\/www.blogsoestado.com\/danielmatos\/populacao-de-colinas-faz-homenagem-a-lobao-filho-durante-comicio\/"]}]},{"@type":"ImageObject","inLanguage":"pt-BR","@id":"https:\/\/www.blogsoestado.com\/danielmatos\/populacao-de-colinas-faz-homenagem-a-lobao-filho-durante-comicio\/#primaryimage","url":"https:\/\/www.blogsoestado.com\/danielmatos\/files\/2014\/09\/lobao-colinas.jpg","contentUrl":"https:\/\/www.blogsoestado.com\/danielmatos\/files\/2014\/09\/lobao-colinas.jpg"},{"@type":"BreadcrumbList","@id":"https:\/\/www.blogsoestado.com\/danielmatos\/populacao-de-colinas-faz-homenagem-a-lobao-filho-durante-comicio\/#breadcrumb","itemListElement":[{"@type":"ListItem","position":1,"name":"In\u00edcio","item":"https:\/\/www.blogsoestado.com\/danielmatos\/"},{"@type":"ListItem","position":2,"name":"Popula\u00e7\u00e3o de Colinas faz homenagem a Lob\u00e3o Filho durante com\u00edcio"}]},{"@type":"WebSite","@id":"https:\/\/www.blogsoestado.com\/danielmatos\/#website","url":"https:\/\/www.blogsoestado.com\/danielmatos\/","name":"Daniel Matos","description":"","potentialAction":[{"@type":"SearchAction","target":{"@type":"EntryPoint","urlTemplate":"https:\/\/www.blogsoestado.com\/danielmatos\/?s={search_term_string}"},"query-input":{"@type":"PropertyValueSpecification","valueRequired":true,"valueName":"search_term_string"}}],"inLanguage":"pt-BR"}]}},"jetpack_featured_media_url":"","_links":{"self":[{"href":"https:\/\/www.blogsoestado.com\/danielmatos\/wp-json\/wp\/v2\/posts\/19523","targetHints":{"allow":["GET"]}}],"collection":[{"href":"https:\/\/www.blogsoestado.com\/danielmatos\/wp-json\/wp\/v2\/posts"}],"about":[{"href":"https:\/\/www.blogsoestado.com\/danielmatos\/wp-json\/wp\/v2\/types\/post"}],"replies":[{"embeddable":true,"href":"https:\/\/www.blogsoestado.com\/danielmatos\/wp-json\/wp\/v2\/comments?post=19523"}],"version-history":[{"count":0,"href":"https:\/\/www.blogsoestado.com\/danielmatos\/wp-json\/wp\/v2\/posts\/19523\/revisions"}],"wp:attachment":[{"href":"https:\/\/www.blogsoestado.com\/danielmatos\/wp-json\/wp\/v2\/media?parent=19523"}],"wp:term":[{"taxonomy":"category","embeddable":true,"href":"https:\/\/www.blogsoestado.com\/danielmatos\/wp-json\/wp\/v2\/categories?post=19523"},{"taxonomy":"post_tag","embeddable":true,"href":"https:\/\/www.blogsoestado.com\/danielmatos\/wp-json\/wp\/v2\/tags?post=19523"}],"curies":[{"name":"wp","href":"https:\/\/api.w.org\/{rel}","templated":true}]}}