{"id":19526,"date":"2014-09-29T09:07:23","date_gmt":"2014-09-29T12:07:23","guid":{"rendered":"https:\/\/www.blogsoestado.com\/danielmatos\/?p=19526"},"modified":"2014-09-29T09:07:23","modified_gmt":"2014-09-29T12:07:23","slug":"prefeito-de-paco-do-lumiar-reafirma-apoio-a-lobao-gastao-glalbert-e-davi-jr","status":"publish","type":"post","link":"https:\/\/www.blogsoestado.com\/danielmatos\/prefeito-de-paco-do-lumiar-reafirma-apoio-a-lobao-gastao-glalbert-e-davi-jr\/","title":{"rendered":"Prefeito de Pa\u00e7o do Lumiar reafirma apoio a Lob\u00e3o, Gast\u00e3o, Glalbert e Davi Jr."},"content":{"rendered":"<figure id=\"attachment_19527\" aria-describedby=\"caption-attachment-19527\" style=\"width: 640px\" class=\"wp-caption aligncenter\"><a href=\"https:\/\/www.blogsoestado.com\/danielmatos\/files\/2014\/09\/pa\u00e7o-apoio.jpg\"><img fetchpriority=\"high\" decoding=\"async\" class=\"size-full wp-image-19527\" src=\"https:\/\/www.blogsoestado.com\/danielmatos\/files\/2014\/09\/pa\u00e7o-apoio.jpg\" alt=\"O l\u00edder do executivo municipal de Pa\u00e7o do Lumiar apoia Lob\u00e3o Filho, Gast\u00e3o Vieira, Davi Junior e Glalberth Cutrim\" width=\"640\" height=\"427\" \/><\/a><figcaption id=\"caption-attachment-19527\" class=\"wp-caption-text\">Prefeito Josemar Sobreiro e seu grupo pol\u00edtico\u00a0apoiam Lob\u00e3o Filho, Gast\u00e3o Vieira, Davi Junior e Glalberth Cutrim<\/figcaption><\/figure>\n<p>A poucos dias das elei\u00e7\u00f5es, o prefeito\u00a0de Pa\u00e7o do Lumiar, Josemar Sobreiro (PR), reafirmou, em reuni\u00e3o com lideran\u00e7as pol\u00edticas e comunit\u00e1rias da regi\u00e3o, o apoio aos candidatos da coliga\u00e7\u00e3o \u201cPra frente, Maranh\u00e3o\u201d, Glalbert Cutrim e Davi Alves Junior, que disputam uma vaga a deputados estadual e federal, respectivamente.<\/p>\n<p>O evento aconteceu, nesta sexta-feira, 26, na escola Cefran, no Maiob\u00e3o, e reuniu centenas de pessoas. O primeiro suplente do candidato ao Senado Gast\u00e3o Vieira, Jos\u00e9 Antonio Heluy, e a comitiva do candidato ao governo do estado, Lob\u00e3o Filho, representado, na ocasi\u00e3o, pela esposa Paulinha Lob\u00e3o, tamb\u00e9m marcaram presen\u00e7a \u00e0 reuni\u00e3o pol\u00edtica.<\/p>\n<p>Em discurso aos presentes, o prefeito Josemar Sobreiro ressaltou a import\u00e2ncia do apoio dos candidatos para as melhorias no munic\u00edpio. \u201cGlalbert, esse jovem e trabalhador, muito contribuiu em trazer benef\u00edcios para Pa\u00e7o. E \u00e9 devido a Davizinho que hoje sou prefeito, pois ele me deu uma legenda. Agora estou retribuindo esse apoio, certo de que eles v\u00e3o trabalhar por n\u00f3s\u201d, assegurou.<\/p>\n<p>O presidente da C\u00e2mara de Vereadores de Pa\u00e7o do Lumiar, Leonardo Bruno, ressaltou que os candidatos est\u00e3o preparados e que, com certeza, far\u00e3o um bom mandato. \u201cLutamos por dignidade em Pa\u00e7o, portanto devemos eleger pessoas de confian\u00e7a, que trabalhar\u00e3o, tamb\u00e9m, em benef\u00edcio do nosso munic\u00edpio. Acredito que Glalbert e Davi far\u00e3o hist\u00f3ria, porque eles est\u00e3o preparados\u201d, pontuou.<\/p>\n<p>O candidato Davi Alves Junior reafirmou o seu compromisso com o munic\u00edpio. \u201cMeu primeiro projeto ser\u00e1 implantar um hospital maternidade em Pa\u00e7o do Lumiar\u201d. Proposta de campanha refor\u00e7ada por Glalbert Cutrim. \u201cVou trabalhar incansavelmente para trazer esse grande sonho que \u00e9 o hospital maternidade. Em Ribamar eu j\u00e1 consegui, e aqui n\u00e3o ser\u00e1 diferente\u201d, concluiu.<\/p>\n<p>Os presentes tamb\u00e9m dedicaram parte dos discursos para refor\u00e7ar o voto e apoio \u00e0s candidaturas de Lob\u00e3o Filho e Gast\u00e3o Vieira.<\/p>\n","protected":false},"excerpt":{"rendered":"<p>A poucos dias das elei\u00e7\u00f5es, o prefeito\u00a0de Pa\u00e7o do Lumiar, Josemar Sobreiro (PR), reafirmou, em reuni\u00e3o com lideran\u00e7as pol\u00edticas e [&hellip;]<\/p>\n","protected":false},"author":0,"featured_media":0,"comment_status":"open","ping_status":"open","sticky":false,"template":"","format":"standard","meta":{"site-sidebar-layout":"default","site-content-layout":"","ast-site-content-layout":"default","site-content-style":"default","site-sidebar-style":"default","ast-global-header-display":"","ast-banner-title-visibility":"","ast-main-header-display":"","ast-hfb-above-header-display":"","ast-hfb-below-header-display":"","ast-hfb-mobile-header-display":"","site-post-title":"","ast-breadcrumbs-content":"","ast-featured-img":"","footer-sml-layout":"","ast-disable-related-posts":"","theme-transparent-header-meta":"","adv-header-id-meta":"","stick-header-meta":"","header-above-stick-meta":"","header-main-stick-meta":"","header-below-stick-meta":"","astra-migrate-meta-layouts":"default","ast-page-background-enabled":"default","ast-page-background-meta":{"desktop":{"background-color":"var(--ast-global-color-5)","background-image":"","background-repeat":"repeat","background-position":"center center","background-size":"auto","background-attachment":"scroll","background-type":"","background-media":"","overlay-type":"","overlay-color":"","overlay-opacity":"","overlay-gradient":""},"tablet":{"background-color":"","background-image":"","background-repeat":"repeat","background-position":"center center","background-size":"auto","background-attachment":"scroll","background-type":"","background-media":"","overlay-type":"","overlay-color":"","overlay-opacity":"","overlay-gradient":""},"mobile":{"background-color":"","background-image":"","background-repeat":"repeat","background-position":"center center","background-size":"auto","background-attachment":"scroll","background-type":"","background-media":"","overlay-type":"","overlay-color":"","overlay-opacity":"","overlay-gradient":""}},"ast-content-background-meta":{"desktop":{"background-color":"var(--ast-global-color-4)","background-image":"","background-repeat":"repeat","background-position":"center center","background-size":"auto","background-attachment":"scroll","background-type":"","background-media":"","overlay-type":"","overlay-color":"","overlay-opacity":"","overlay-gradient":""},"tablet":{"background-color":"var(--ast-global-color-4)","background-image":"","background-repeat":"repeat","background-position":"center center","background-size":"auto","background-attachment":"scroll","background-type":"","background-media":"","overlay-type":"","overlay-color":"","overlay-opacity":"","overlay-gradient":""},"mobile":{"background-color":"var(--ast-global-color-4)","background-image":"","background-repeat":"repeat","background-position":"center center","background-size":"auto","background-attachment":"scroll","background-type":"","background-media":"","overlay-type":"","overlay-color":"","overlay-opacity":"","overlay-gradient":""}},"footnotes":""},"categories":[1],"tags":[],"class_list":["post-19526","post","type-post","status-publish","format-standard","hentry","category-sem-categoria"],"yoast_head":"<!-- This site is optimized with the Yoast SEO plugin v26.6 - https:\/\/yoast.com\/wordpress\/plugins\/seo\/ -->\n<title>Prefeito de Pa\u00e7o do Lumiar reafirma apoio a Lob\u00e3o, Gast\u00e3o, Glalbert e Davi Jr. - Daniel Matos<\/title>\n<meta name=\"robots\" content=\"index, follow, max-snippet:-1, max-image-preview:large, max-video-preview:-1\" \/>\n<link rel=\"canonical\" href=\"https:\/\/www.blogsoestado.com\/danielmatos\/prefeito-de-paco-do-lumiar-reafirma-apoio-a-lobao-gastao-glalbert-e-davi-jr\/\" \/>\n<meta property=\"og:locale\" content=\"pt_BR\" \/>\n<meta property=\"og:type\" content=\"article\" \/>\n<meta property=\"og:title\" content=\"Prefeito de Pa\u00e7o do Lumiar reafirma apoio a Lob\u00e3o, Gast\u00e3o, Glalbert e Davi Jr. - Daniel Matos\" \/>\n<meta property=\"og:description\" content=\"A poucos dias das elei\u00e7\u00f5es, o prefeito\u00a0de Pa\u00e7o do Lumiar, Josemar Sobreiro (PR), reafirmou, em reuni\u00e3o com lideran\u00e7as pol\u00edticas e [&hellip;]\" \/>\n<meta property=\"og:url\" content=\"https:\/\/www.blogsoestado.com\/danielmatos\/prefeito-de-paco-do-lumiar-reafirma-apoio-a-lobao-gastao-glalbert-e-davi-jr\/\" \/>\n<meta property=\"og:site_name\" content=\"Daniel Matos\" \/>\n<meta property=\"article:published_time\" content=\"2014-09-29T12:07:23+00:00\" \/>\n<meta name=\"twitter:card\" content=\"summary_large_image\" \/>\n<meta name=\"twitter:label1\" content=\"Est. tempo de leitura\" \/>\n\t<meta name=\"twitter:data1\" content=\"2 minutos\" \/>\n<script type=\"application\/ld+json\" class=\"yoast-schema-graph\">{\"@context\":\"https:\/\/schema.org\",\"@graph\":[{\"@type\":\"WebPage\",\"@id\":\"https:\/\/www.blogsoestado.com\/danielmatos\/prefeito-de-paco-do-lumiar-reafirma-apoio-a-lobao-gastao-glalbert-e-davi-jr\/\",\"url\":\"https:\/\/www.blogsoestado.com\/danielmatos\/prefeito-de-paco-do-lumiar-reafirma-apoio-a-lobao-gastao-glalbert-e-davi-jr\/\",\"name\":\"Prefeito de Pa\u00e7o do Lumiar reafirma apoio a Lob\u00e3o, Gast\u00e3o, Glalbert e Davi Jr. - Daniel Matos\",\"isPartOf\":{\"@id\":\"https:\/\/www.blogsoestado.com\/danielmatos\/#website\"},\"datePublished\":\"2014-09-29T12:07:23+00:00\",\"author\":{\"@id\":\"\"},\"breadcrumb\":{\"@id\":\"https:\/\/www.blogsoestado.com\/danielmatos\/prefeito-de-paco-do-lumiar-reafirma-apoio-a-lobao-gastao-glalbert-e-davi-jr\/#breadcrumb\"},\"inLanguage\":\"pt-BR\",\"potentialAction\":[{\"@type\":\"ReadAction\",\"target\":[\"https:\/\/www.blogsoestado.com\/danielmatos\/prefeito-de-paco-do-lumiar-reafirma-apoio-a-lobao-gastao-glalbert-e-davi-jr\/\"]}]},{\"@type\":\"BreadcrumbList\",\"@id\":\"https:\/\/www.blogsoestado.com\/danielmatos\/prefeito-de-paco-do-lumiar-reafirma-apoio-a-lobao-gastao-glalbert-e-davi-jr\/#breadcrumb\",\"itemListElement\":[{\"@type\":\"ListItem\",\"position\":1,\"name\":\"In\u00edcio\",\"item\":\"https:\/\/www.blogsoestado.com\/danielmatos\/\"},{\"@type\":\"ListItem\",\"position\":2,\"name\":\"Prefeito de Pa\u00e7o do Lumiar reafirma apoio a Lob\u00e3o, Gast\u00e3o, Glalbert e Davi Jr.\"}]},{\"@type\":\"WebSite\",\"@id\":\"https:\/\/www.blogsoestado.com\/danielmatos\/#website\",\"url\":\"https:\/\/www.blogsoestado.com\/danielmatos\/\",\"name\":\"Daniel Matos\",\"description\":\"\",\"potentialAction\":[{\"@type\":\"SearchAction\",\"target\":{\"@type\":\"EntryPoint\",\"urlTemplate\":\"https:\/\/www.blogsoestado.com\/danielmatos\/?s={search_term_string}\"},\"query-input\":{\"@type\":\"PropertyValueSpecification\",\"valueRequired\":true,\"valueName\":\"search_term_string\"}}],\"inLanguage\":\"pt-BR\"}]}<\/script>\n<!-- \/ Yoast SEO plugin. -->","yoast_head_json":{"title":"Prefeito de Pa\u00e7o do Lumiar reafirma apoio a Lob\u00e3o, Gast\u00e3o, Glalbert e Davi Jr. - Daniel Matos","robots":{"index":"index","follow":"follow","max-snippet":"max-snippet:-1","max-image-preview":"max-image-preview:large","max-video-preview":"max-video-preview:-1"},"canonical":"https:\/\/www.blogsoestado.com\/danielmatos\/prefeito-de-paco-do-lumiar-reafirma-apoio-a-lobao-gastao-glalbert-e-davi-jr\/","og_locale":"pt_BR","og_type":"article","og_title":"Prefeito de Pa\u00e7o do Lumiar reafirma apoio a Lob\u00e3o, Gast\u00e3o, Glalbert e Davi Jr. - Daniel Matos","og_description":"A poucos dias das elei\u00e7\u00f5es, o prefeito\u00a0de Pa\u00e7o do Lumiar, Josemar Sobreiro (PR), reafirmou, em reuni\u00e3o com lideran\u00e7as pol\u00edticas e [&hellip;]","og_url":"https:\/\/www.blogsoestado.com\/danielmatos\/prefeito-de-paco-do-lumiar-reafirma-apoio-a-lobao-gastao-glalbert-e-davi-jr\/","og_site_name":"Daniel Matos","article_published_time":"2014-09-29T12:07:23+00:00","twitter_card":"summary_large_image","twitter_misc":{"Est. tempo de leitura":"2 minutos"},"schema":{"@context":"https:\/\/schema.org","@graph":[{"@type":"WebPage","@id":"https:\/\/www.blogsoestado.com\/danielmatos\/prefeito-de-paco-do-lumiar-reafirma-apoio-a-lobao-gastao-glalbert-e-davi-jr\/","url":"https:\/\/www.blogsoestado.com\/danielmatos\/prefeito-de-paco-do-lumiar-reafirma-apoio-a-lobao-gastao-glalbert-e-davi-jr\/","name":"Prefeito de Pa\u00e7o do Lumiar reafirma apoio a Lob\u00e3o, Gast\u00e3o, Glalbert e Davi Jr. - Daniel Matos","isPartOf":{"@id":"https:\/\/www.blogsoestado.com\/danielmatos\/#website"},"datePublished":"2014-09-29T12:07:23+00:00","author":{"@id":""},"breadcrumb":{"@id":"https:\/\/www.blogsoestado.com\/danielmatos\/prefeito-de-paco-do-lumiar-reafirma-apoio-a-lobao-gastao-glalbert-e-davi-jr\/#breadcrumb"},"inLanguage":"pt-BR","potentialAction":[{"@type":"ReadAction","target":["https:\/\/www.blogsoestado.com\/danielmatos\/prefeito-de-paco-do-lumiar-reafirma-apoio-a-lobao-gastao-glalbert-e-davi-jr\/"]}]},{"@type":"BreadcrumbList","@id":"https:\/\/www.blogsoestado.com\/danielmatos\/prefeito-de-paco-do-lumiar-reafirma-apoio-a-lobao-gastao-glalbert-e-davi-jr\/#breadcrumb","itemListElement":[{"@type":"ListItem","position":1,"name":"In\u00edcio","item":"https:\/\/www.blogsoestado.com\/danielmatos\/"},{"@type":"ListItem","position":2,"name":"Prefeito de Pa\u00e7o do Lumiar reafirma apoio a Lob\u00e3o, Gast\u00e3o, Glalbert e Davi Jr."}]},{"@type":"WebSite","@id":"https:\/\/www.blogsoestado.com\/danielmatos\/#website","url":"https:\/\/www.blogsoestado.com\/danielmatos\/","name":"Daniel Matos","description":"","potentialAction":[{"@type":"SearchAction","target":{"@type":"EntryPoint","urlTemplate":"https:\/\/www.blogsoestado.com\/danielmatos\/?s={search_term_string}"},"query-input":{"@type":"PropertyValueSpecification","valueRequired":true,"valueName":"search_term_string"}}],"inLanguage":"pt-BR"}]}},"jetpack_featured_media_url":"","_links":{"self":[{"href":"https:\/\/www.blogsoestado.com\/danielmatos\/wp-json\/wp\/v2\/posts\/19526","targetHints":{"allow":["GET"]}}],"collection":[{"href":"https:\/\/www.blogsoestado.com\/danielmatos\/wp-json\/wp\/v2\/posts"}],"about":[{"href":"https:\/\/www.blogsoestado.com\/danielmatos\/wp-json\/wp\/v2\/types\/post"}],"replies":[{"embeddable":true,"href":"https:\/\/www.blogsoestado.com\/danielmatos\/wp-json\/wp\/v2\/comments?post=19526"}],"version-history":[{"count":0,"href":"https:\/\/www.blogsoestado.com\/danielmatos\/wp-json\/wp\/v2\/posts\/19526\/revisions"}],"wp:attachment":[{"href":"https:\/\/www.blogsoestado.com\/danielmatos\/wp-json\/wp\/v2\/media?parent=19526"}],"wp:term":[{"taxonomy":"category","embeddable":true,"href":"https:\/\/www.blogsoestado.com\/danielmatos\/wp-json\/wp\/v2\/categories?post=19526"},{"taxonomy":"post_tag","embeddable":true,"href":"https:\/\/www.blogsoestado.com\/danielmatos\/wp-json\/wp\/v2\/tags?post=19526"}],"curies":[{"name":"wp","href":"https:\/\/api.w.org\/{rel}","templated":true}]}}