{"id":19530,"date":"2014-09-29T11:30:00","date_gmt":"2014-09-29T14:30:00","guid":{"rendered":"https:\/\/www.blogsoestado.com\/danielmatos\/?p=19530"},"modified":"2014-09-29T11:30:00","modified_gmt":"2014-09-29T14:30:00","slug":"lista-de-secretariaveis-de-flavio-dino-tem-varios-processados-e-condenados","status":"publish","type":"post","link":"https:\/\/www.blogsoestado.com\/danielmatos\/lista-de-secretariaveis-de-flavio-dino-tem-varios-processados-e-condenados\/","title":{"rendered":"Lista de secretari\u00e1veis de Fl\u00e1vio Dino tem v\u00e1rios processados e condenados"},"content":{"rendered":"<figure id=\"attachment_19532\" aria-describedby=\"caption-attachment-19532\" style=\"width: 319px\" class=\"wp-caption alignleft\"><a href=\"https:\/\/www.blogsoestado.com\/danielmatos\/files\/2014\/09\/z\u00e9-reinaldo-sujeira.jpg\"><img fetchpriority=\"high\" decoding=\"async\" class=\"size-full wp-image-19532\" src=\"https:\/\/www.blogsoestado.com\/danielmatos\/files\/2014\/09\/z\u00e9-reinaldo-sujeira.jpg\" alt=\"Jos\u00e9 Reinaldo teria sido indicado pela Sinfra, mesmo tendo sido preso por irregularidades na pasta em seu governo\" width=\"319\" height=\"361\" \/><\/a><figcaption id=\"caption-attachment-19532\" class=\"wp-caption-text\">Jos\u00e9 Reinaldo teria sido indicado pela Sinfra, mesmo tendo sido preso por irregularidades na pasta em seu governo<\/figcaption><\/figure>\n<p>Os comunistas do Maranh\u00e3o mant\u00eam inabal\u00e1vel a f\u00e9 na vit\u00f3ria do seu l\u00edder m\u00e1ximo, Fl\u00e1vio Dino, e j\u00e1 at\u00e9 montaram uma lista com os nomes dos poss\u00edveis secret\u00e1rios estaduais que ser\u00e3o nomeados e empossados no dia 1\u00ba de janeiro de 2015. Faltando sete dias para a elei\u00e7\u00e3o, a\u00a0rela\u00e7\u00e3o circula nas redes sociais, com ampla repercuss\u00e3o. Aliados de Dino, desde os mais chegados aos\u00a0n\u00e3o t\u00e3o pr\u00f3ximos, d\u00e3o como certa a informa\u00e7\u00e3o de que\u00a0caso n\u00e3o seja a pr\u00f3pria pessoa apontada na lista a assumir a secretaria, esta ter\u00e1 pelo menos o poder de indicar quem ocupar\u00e1 a pasta.<\/p>\n<p>Entre os secretari\u00e1veis est\u00e3o figuras carimbadas da pol\u00edtica local, conhecidos muito mais pela m\u00e1 conduta ao ocupar cargos p\u00fablicos. Alguns s\u00e3o r\u00e9us em processos por\u00a0irregularidades em suas respectivas\u00a0gest\u00f5es, enquanto outros j\u00e1 foram at\u00e9 condenados.<\/p>\n<p>Um dos auxiliares do &#8220;futuro&#8221; governo de Fl\u00e1vio Dino \u00e9\u00a0o empres\u00e1rio piauiense Ded\u00e9 Macedo, um dos maiores financiadores da campanha de Dino, que mant\u00e9m rela\u00e7\u00e3o controversa com empresas e pol\u00edticos maranhenses e \u00e9 dono do helic\u00f3ptero usado para transportar o comunista em suas viagens pelo estado.\u00a0Ele teria sido indicado para ocupar a Secretaria de Transpar\u00eancia, pasta que ser\u00e1 criada especialmente para acomod\u00e1-lo.<\/p>\n<p>A poderosa Secretaria de Infraestrutura\u00a0ser\u00e1 dada ao ex-governador Jos\u00e9 Reinaldo Tavares, candidato a deputado federal nestas elei\u00e7\u00f5es. A indica\u00e7\u00e3o \u00e9, no m\u00ednimo intrigante, j\u00e1 que foi justamente nessa pasta que ocorreram as irregularidades que resultaram na pris\u00e3o do Tavares e outros membros do seu governo por envolvimento em desvio de recursos p\u00fablicos investigados pela Opera\u00e7\u00e3o Navalha, deflagrada pela Pol\u00edcia Federal em 2007.<\/p>\n<figure id=\"attachment_19533\" aria-describedby=\"caption-attachment-19533\" style=\"width: 448px\" class=\"wp-caption alignright\"><a href=\"https:\/\/www.blogsoestado.com\/danielmatos\/files\/2014\/09\/weverton-rocha.jpg\"><img decoding=\"async\" class=\"size-full wp-image-19533\" src=\"https:\/\/www.blogsoestado.com\/danielmatos\/files\/2014\/09\/weverton-rocha.jpg\" alt=\"Condenado no epis\u00f3dio da demoli\u00e7\u00e3o do Costa Rodrigues, Weverton j\u00e1 teria sido indicado para voltar \u00e0 Sedel\" width=\"448\" height=\"299\" \/><\/a><figcaption id=\"caption-attachment-19533\" class=\"wp-caption-text\">Condenado no epis\u00f3dio da demoli\u00e7\u00e3o do Costa Rodrigues, Weverton j\u00e1 teria sido indicado para voltar \u00e0 Sedel<\/figcaption><\/figure>\n<p>Outro que integra a lista\u00a0\u00e9 o deputado federal Weverton Rocha (PDT). Ele seria contemplado com a Secretaria de Desportos e Lazer (Sedel), a mesma que ocupou no governo do falecido Jackson Lago, quando houve a demoli\u00e7\u00e3o do Gin\u00e1sio Costa Rodrigues, por ele autorizada, mediante o pagamento de R$ milh\u00f5es \u00e0 construtora respons\u00e1vel pela obra. Por causado epis\u00f3dio, Weverton teve os bens bloqueados pela Justi\u00e7a, a pedido do Minist\u00e9rio P\u00fablico (<a href=\"https:\/\/www.blogsoestado.com\/danielmatos\/2014\/06\/17\/caso-costa-rodrigues-justica-bloqueia-bens-de-weverton-rocha\/\" target=\"_blank\">recorde<\/a>).<\/p>\n<p>O ex-deputado estadual Rubens Pereira, pai do deputado estadual Rubens Jr. (PCdoB), que concorre a uma vaga na C\u00e2mara Federal, tamb\u00e9m faz parte da rela\u00e7\u00e3o. Ele ocuparia\u00a0a Secretaria de Educa\u00e7\u00e3o, uma das pastas mais cobi\u00e7adas em qualquer governo. Detalhe: o indicado foi condenado \u00e0 perda dos direitos pol\u00edticos por cinco anos\u00a0e\u00a0a devolver R$ 759,6 mil aos cofres do Estado, al\u00e9m de estar proibido de contratar ou receber incentivos financeiros do poder p\u00fablico devido a irregularidades registrados no per\u00edodo em que foi prefeito de Mat\u00f5es, na d\u00e9cada de 90.<\/p>\n<figure id=\"attachment_19534\" aria-describedby=\"caption-attachment-19534\" style=\"width: 448px\" class=\"wp-caption alignleft\"><a href=\"https:\/\/www.blogsoestado.com\/danielmatos\/files\/2014\/09\/othelino-cpi.jpg\"><img decoding=\"async\" class=\"size-full wp-image-19534\" src=\"https:\/\/www.blogsoestado.com\/danielmatos\/files\/2014\/09\/othelino-cpi.jpg\" alt=\"Othelino foi condenado \u00e0 perda dos direitos pol\u00edticos por m\u00e1 gest\u00e3o na Sema, mas poder\u00e1 voltar a comandar ou indicar nome para a pasta\" width=\"448\" height=\"299\" \/><\/a><figcaption id=\"caption-attachment-19534\" class=\"wp-caption-text\">Othelino foi condenado \u00e0 perda dos direitos pol\u00edticos por m\u00e1 gest\u00e3o na Sema, mas poder\u00e1 voltar a comandar ou indicar nome para a pasta<\/figcaption><\/figure>\n<p>Em 2006, Rubens\u00a0Pereira deixou de ser candidato a deputado, colocando o filho em seu lugar, por causa condena\u00e7\u00f5es parecidas.O ex-deputado foi acusado pelo Minist\u00e9rio P\u00fablico de desviar conv\u00eanios de associa\u00e7\u00f5es, especialmente na \u00e1rea de eletrifica\u00e7\u00e3o rural. O pai do deputado comunista usou o nome de 21 pessoas no golpe.<\/p>\n<p>O deputado Othelino Neto (PCdoB), outro que tenta renovar o mandato, \u00e9 cotado para voltar \u00e0 Secretaria de Meio Ambiente, pasta que comandou nos governos de Jos\u00e9 Reinaldo Tavares e Jackson Lago, com desempenho reprovado pela Justi\u00e7a.\u00a0Othelino foi condenado \u00e0 perda dos direitos pol\u00edticos por cinco anos por ter cometido atos de\u00a0improbidade administrativa ambiental, concess\u00e3o de licen\u00e7a sem cumprimento de formalidades legais e omiss\u00e3o do dever de fiscaliza\u00e7\u00e3o\u00a0pelo juiz da Vara de Interesses Difusos e Coletivos da Comarca de S\u00e3o Lu\u00eds, Manoel Matos de Ara\u00fajo Chaves<\/p>\n<p>A lista publicada \u00e9 composta somente por aliados do candidato Fl\u00e1vio Dino, com os quais o comunista\u00a0pretende contar no\u00a0mandato que ele j\u00e1 d\u00e1 como certo. Confira:<\/p>\n<p><strong>Secret\u00e1rio-Chefe da Casa Civil<\/strong> \u2013 M\u00e1rcio Jerry<br \/>\n<strong>Secret\u00e1rio-Chefe da Ass. Programas Especiais<\/strong> \u2013 S\u00e1lvio Dino<br \/>\n<strong>Secretaria de Estado da Mulher<\/strong> \u2013 Daniela Lima<br \/>\n<strong>Secret\u00e1rio-Chefe do Gab. Militar<\/strong> \u2013 Francisco Melo<br \/>\n<strong>Secretaria da Transparencia (pasta nova)<\/strong> \u2013 Ded\u00e9 Macedo<br \/>\n<strong>Secretaria de Estado Assuntos Pol\u00edticos<\/strong> \u2013 Marcelo Tavares<br \/>\n<strong>Secretaria de Estado da Comunica\u00e7\u00e3o Social<\/strong> \u2013 Aline Louise<br \/>\n<strong>Secretaria de Estado da Fazenda<\/strong> \u2013 Abdelaziz Santos<br \/>\n<strong>Secretaria de Estado da Seguran\u00e7a P\u00fablica<\/strong> \u2013 Jefferson Portela<br \/>\n<strong>Secretaria de Estado da Justi\u00e7a e Adm. Penitenci\u00e1ria<\/strong> \u2013 Raimundo Cutrim<br \/>\n<strong>Secretaria de Estado da Ci\u00eancia, Teconologia e Ensino Superior<\/strong> \u2013 Waldir Maranh\u00e3o<br \/>\n<strong>Secretaria de Estado da Educa\u00e7\u00e3o<\/strong> \u2013 Rubens Pereira<br \/>\n<strong>Secretaria de Estado da Infraestrutura<\/strong> \u2013 Jos\u00e9 Reinaldo Tavares<br \/>\n<strong>Secretaria de Estado da Sa\u00fade<\/strong> \u2013 Simplicio Ara\u00fajo<br \/>\n<strong>Secretaria de Estado das Cidades e Desenvolvimento Urbano<\/strong> \u2013 Raimundo Guanabara<br \/>\n<strong>Secretaria de Estado da Pesca e Aquicultura<\/strong> \u2013 Edilson Araujo<br \/>\n<strong>Secretaria de Estado do Des. Agr\u00e1rio e Agricultura Familiar<\/strong> \u2013 Patricia Vieira<br \/>\n<strong>Secretaria de Estado do Des. Social<\/strong> \u2013 Leny R\u00e9gia<br \/>\n<strong>Secretaria do Esporte e Lazer<\/strong> \u2013 Weverton Rocha<br \/>\n<strong>Secretaria de Estado do Meio Ambiente e Recursos Naturais<\/strong> \u2013 Othelino Neto<br \/>\n<strong>Secretaria de Estado da Cultura<\/strong> \u2013 Renato Dionisio<br \/>\n<strong>Secretaria de Estado Extraordinaria da Igualdade Racial<\/strong> \u2013 Eliziane Gama<br \/>\n<strong>Secretaria de Estado Extraordinaria de Assuntos Estrat\u00e9gicos<\/strong> \u2013 Pinto Itamaraty<br \/>\n<strong>Sec. De Estado Extraordinaria da Juventudade<\/strong> \u2013 Pablo Lima<br \/>\n<strong>Sec. De Estado Extraordinaria de Articula\u00e7\u00e3o Institucional<\/strong> \u2013 Marcio Jardim<\/p>\n","protected":false},"excerpt":{"rendered":"<p>Os comunistas do Maranh\u00e3o mant\u00eam inabal\u00e1vel a f\u00e9 na vit\u00f3ria do seu l\u00edder m\u00e1ximo, Fl\u00e1vio Dino, e j\u00e1 at\u00e9 montaram [&hellip;]<\/p>\n","protected":false},"author":0,"featured_media":0,"comment_status":"open","ping_status":"open","sticky":false,"template":"","format":"standard","meta":{"site-sidebar-layout":"default","site-content-layout":"","ast-site-content-layout":"default","site-content-style":"default","site-sidebar-style":"default","ast-global-header-display":"","ast-banner-title-visibility":"","ast-main-header-display":"","ast-hfb-above-header-display":"","ast-hfb-below-header-display":"","ast-hfb-mobile-header-display":"","site-post-title":"","ast-breadcrumbs-content":"","ast-featured-img":"","footer-sml-layout":"","ast-disable-related-posts":"","theme-transparent-header-meta":"","adv-header-id-meta":"","stick-header-meta":"","header-above-stick-meta":"","header-main-stick-meta":"","header-below-stick-meta":"","astra-migrate-meta-layouts":"default","ast-page-background-enabled":"default","ast-page-background-meta":{"desktop":{"background-color":"var(--ast-global-color-5)","background-image":"","background-repeat":"repeat","background-position":"center center","background-size":"auto","background-attachment":"scroll","background-type":"","background-media":"","overlay-type":"","overlay-color":"","overlay-opacity":"","overlay-gradient":""},"tablet":{"background-color":"","background-image":"","background-repeat":"repeat","background-position":"center center","background-size":"auto","background-attachment":"scroll","background-type":"","background-media":"","overlay-type":"","overlay-color":"","overlay-opacity":"","overlay-gradient":""},"mobile":{"background-color":"","background-image":"","background-repeat":"repeat","background-position":"center center","background-size":"auto","background-attachment":"scroll","background-type":"","background-media":"","overlay-type":"","overlay-color":"","overlay-opacity":"","overlay-gradient":""}},"ast-content-background-meta":{"desktop":{"background-color":"var(--ast-global-color-4)","background-image":"","background-repeat":"repeat","background-position":"center center","background-size":"auto","background-attachment":"scroll","background-type":"","background-media":"","overlay-type":"","overlay-color":"","overlay-opacity":"","overlay-gradient":""},"tablet":{"background-color":"var(--ast-global-color-4)","background-image":"","background-repeat":"repeat","background-position":"center center","background-size":"auto","background-attachment":"scroll","background-type":"","background-media":"","overlay-type":"","overlay-color":"","overlay-opacity":"","overlay-gradient":""},"mobile":{"background-color":"var(--ast-global-color-4)","background-image":"","background-repeat":"repeat","background-position":"center center","background-size":"auto","background-attachment":"scroll","background-type":"","background-media":"","overlay-type":"","overlay-color":"","overlay-opacity":"","overlay-gradient":""}},"footnotes":""},"categories":[1],"tags":[],"class_list":["post-19530","post","type-post","status-publish","format-standard","hentry","category-sem-categoria"],"yoast_head":"<!-- This site is optimized with the Yoast SEO plugin v26.6 - https:\/\/yoast.com\/wordpress\/plugins\/seo\/ -->\n<title>Lista de secretari\u00e1veis de Fl\u00e1vio Dino tem v\u00e1rios processados e condenados - Daniel Matos<\/title>\n<meta name=\"robots\" content=\"index, follow, max-snippet:-1, max-image-preview:large, max-video-preview:-1\" \/>\n<link rel=\"canonical\" href=\"https:\/\/www.blogsoestado.com\/danielmatos\/lista-de-secretariaveis-de-flavio-dino-tem-varios-processados-e-condenados\/\" \/>\n<meta property=\"og:locale\" content=\"pt_BR\" \/>\n<meta property=\"og:type\" content=\"article\" \/>\n<meta property=\"og:title\" content=\"Lista de secretari\u00e1veis de Fl\u00e1vio Dino tem v\u00e1rios processados e condenados - Daniel Matos\" \/>\n<meta property=\"og:description\" content=\"Os comunistas do Maranh\u00e3o mant\u00eam inabal\u00e1vel a f\u00e9 na vit\u00f3ria do seu l\u00edder m\u00e1ximo, Fl\u00e1vio Dino, e j\u00e1 at\u00e9 montaram [&hellip;]\" \/>\n<meta property=\"og:url\" content=\"https:\/\/www.blogsoestado.com\/danielmatos\/lista-de-secretariaveis-de-flavio-dino-tem-varios-processados-e-condenados\/\" \/>\n<meta property=\"og:site_name\" content=\"Daniel Matos\" \/>\n<meta property=\"article:published_time\" content=\"2014-09-29T14:30:00+00:00\" \/>\n<meta property=\"og:image\" content=\"https:\/\/www.blogsoestado.com\/danielmatos\/files\/2014\/09\/weverton-rocha.jpg\" \/>\n<meta name=\"twitter:card\" content=\"summary_large_image\" \/>\n<meta name=\"twitter:label1\" content=\"Est. tempo de leitura\" \/>\n\t<meta name=\"twitter:data1\" content=\"5 minutos\" \/>\n<script type=\"application\/ld+json\" class=\"yoast-schema-graph\">{\"@context\":\"https:\/\/schema.org\",\"@graph\":[{\"@type\":\"WebPage\",\"@id\":\"https:\/\/www.blogsoestado.com\/danielmatos\/lista-de-secretariaveis-de-flavio-dino-tem-varios-processados-e-condenados\/\",\"url\":\"https:\/\/www.blogsoestado.com\/danielmatos\/lista-de-secretariaveis-de-flavio-dino-tem-varios-processados-e-condenados\/\",\"name\":\"Lista de secretari\u00e1veis de Fl\u00e1vio Dino tem v\u00e1rios processados e condenados - Daniel Matos\",\"isPartOf\":{\"@id\":\"https:\/\/www.blogsoestado.com\/danielmatos\/#website\"},\"primaryImageOfPage\":{\"@id\":\"https:\/\/www.blogsoestado.com\/danielmatos\/lista-de-secretariaveis-de-flavio-dino-tem-varios-processados-e-condenados\/#primaryimage\"},\"image\":{\"@id\":\"https:\/\/www.blogsoestado.com\/danielmatos\/lista-de-secretariaveis-de-flavio-dino-tem-varios-processados-e-condenados\/#primaryimage\"},\"thumbnailUrl\":\"https:\/\/www.blogsoestado.com\/danielmatos\/files\/2014\/09\/weverton-rocha.jpg\",\"datePublished\":\"2014-09-29T14:30:00+00:00\",\"author\":{\"@id\":\"\"},\"breadcrumb\":{\"@id\":\"https:\/\/www.blogsoestado.com\/danielmatos\/lista-de-secretariaveis-de-flavio-dino-tem-varios-processados-e-condenados\/#breadcrumb\"},\"inLanguage\":\"pt-BR\",\"potentialAction\":[{\"@type\":\"ReadAction\",\"target\":[\"https:\/\/www.blogsoestado.com\/danielmatos\/lista-de-secretariaveis-de-flavio-dino-tem-varios-processados-e-condenados\/\"]}]},{\"@type\":\"ImageObject\",\"inLanguage\":\"pt-BR\",\"@id\":\"https:\/\/www.blogsoestado.com\/danielmatos\/lista-de-secretariaveis-de-flavio-dino-tem-varios-processados-e-condenados\/#primaryimage\",\"url\":\"https:\/\/www.blogsoestado.com\/danielmatos\/files\/2014\/09\/weverton-rocha.jpg\",\"contentUrl\":\"https:\/\/www.blogsoestado.com\/danielmatos\/files\/2014\/09\/weverton-rocha.jpg\"},{\"@type\":\"BreadcrumbList\",\"@id\":\"https:\/\/www.blogsoestado.com\/danielmatos\/lista-de-secretariaveis-de-flavio-dino-tem-varios-processados-e-condenados\/#breadcrumb\",\"itemListElement\":[{\"@type\":\"ListItem\",\"position\":1,\"name\":\"In\u00edcio\",\"item\":\"https:\/\/www.blogsoestado.com\/danielmatos\/\"},{\"@type\":\"ListItem\",\"position\":2,\"name\":\"Lista de secretari\u00e1veis de Fl\u00e1vio Dino tem v\u00e1rios processados e condenados\"}]},{\"@type\":\"WebSite\",\"@id\":\"https:\/\/www.blogsoestado.com\/danielmatos\/#website\",\"url\":\"https:\/\/www.blogsoestado.com\/danielmatos\/\",\"name\":\"Daniel Matos\",\"description\":\"\",\"potentialAction\":[{\"@type\":\"SearchAction\",\"target\":{\"@type\":\"EntryPoint\",\"urlTemplate\":\"https:\/\/www.blogsoestado.com\/danielmatos\/?s={search_term_string}\"},\"query-input\":{\"@type\":\"PropertyValueSpecification\",\"valueRequired\":true,\"valueName\":\"search_term_string\"}}],\"inLanguage\":\"pt-BR\"}]}<\/script>\n<!-- \/ Yoast SEO plugin. -->","yoast_head_json":{"title":"Lista de secretari\u00e1veis de Fl\u00e1vio Dino tem v\u00e1rios processados e condenados - Daniel Matos","robots":{"index":"index","follow":"follow","max-snippet":"max-snippet:-1","max-image-preview":"max-image-preview:large","max-video-preview":"max-video-preview:-1"},"canonical":"https:\/\/www.blogsoestado.com\/danielmatos\/lista-de-secretariaveis-de-flavio-dino-tem-varios-processados-e-condenados\/","og_locale":"pt_BR","og_type":"article","og_title":"Lista de secretari\u00e1veis de Fl\u00e1vio Dino tem v\u00e1rios processados e condenados - Daniel Matos","og_description":"Os comunistas do Maranh\u00e3o mant\u00eam inabal\u00e1vel a f\u00e9 na vit\u00f3ria do seu l\u00edder m\u00e1ximo, Fl\u00e1vio Dino, e j\u00e1 at\u00e9 montaram [&hellip;]","og_url":"https:\/\/www.blogsoestado.com\/danielmatos\/lista-de-secretariaveis-de-flavio-dino-tem-varios-processados-e-condenados\/","og_site_name":"Daniel Matos","article_published_time":"2014-09-29T14:30:00+00:00","og_image":[{"url":"https:\/\/www.blogsoestado.com\/danielmatos\/files\/2014\/09\/weverton-rocha.jpg","type":"","width":"","height":""}],"twitter_card":"summary_large_image","twitter_misc":{"Est. tempo de leitura":"5 minutos"},"schema":{"@context":"https:\/\/schema.org","@graph":[{"@type":"WebPage","@id":"https:\/\/www.blogsoestado.com\/danielmatos\/lista-de-secretariaveis-de-flavio-dino-tem-varios-processados-e-condenados\/","url":"https:\/\/www.blogsoestado.com\/danielmatos\/lista-de-secretariaveis-de-flavio-dino-tem-varios-processados-e-condenados\/","name":"Lista de secretari\u00e1veis de Fl\u00e1vio Dino tem v\u00e1rios processados e condenados - Daniel Matos","isPartOf":{"@id":"https:\/\/www.blogsoestado.com\/danielmatos\/#website"},"primaryImageOfPage":{"@id":"https:\/\/www.blogsoestado.com\/danielmatos\/lista-de-secretariaveis-de-flavio-dino-tem-varios-processados-e-condenados\/#primaryimage"},"image":{"@id":"https:\/\/www.blogsoestado.com\/danielmatos\/lista-de-secretariaveis-de-flavio-dino-tem-varios-processados-e-condenados\/#primaryimage"},"thumbnailUrl":"https:\/\/www.blogsoestado.com\/danielmatos\/files\/2014\/09\/weverton-rocha.jpg","datePublished":"2014-09-29T14:30:00+00:00","author":{"@id":""},"breadcrumb":{"@id":"https:\/\/www.blogsoestado.com\/danielmatos\/lista-de-secretariaveis-de-flavio-dino-tem-varios-processados-e-condenados\/#breadcrumb"},"inLanguage":"pt-BR","potentialAction":[{"@type":"ReadAction","target":["https:\/\/www.blogsoestado.com\/danielmatos\/lista-de-secretariaveis-de-flavio-dino-tem-varios-processados-e-condenados\/"]}]},{"@type":"ImageObject","inLanguage":"pt-BR","@id":"https:\/\/www.blogsoestado.com\/danielmatos\/lista-de-secretariaveis-de-flavio-dino-tem-varios-processados-e-condenados\/#primaryimage","url":"https:\/\/www.blogsoestado.com\/danielmatos\/files\/2014\/09\/weverton-rocha.jpg","contentUrl":"https:\/\/www.blogsoestado.com\/danielmatos\/files\/2014\/09\/weverton-rocha.jpg"},{"@type":"BreadcrumbList","@id":"https:\/\/www.blogsoestado.com\/danielmatos\/lista-de-secretariaveis-de-flavio-dino-tem-varios-processados-e-condenados\/#breadcrumb","itemListElement":[{"@type":"ListItem","position":1,"name":"In\u00edcio","item":"https:\/\/www.blogsoestado.com\/danielmatos\/"},{"@type":"ListItem","position":2,"name":"Lista de secretari\u00e1veis de Fl\u00e1vio Dino tem v\u00e1rios processados e condenados"}]},{"@type":"WebSite","@id":"https:\/\/www.blogsoestado.com\/danielmatos\/#website","url":"https:\/\/www.blogsoestado.com\/danielmatos\/","name":"Daniel Matos","description":"","potentialAction":[{"@type":"SearchAction","target":{"@type":"EntryPoint","urlTemplate":"https:\/\/www.blogsoestado.com\/danielmatos\/?s={search_term_string}"},"query-input":{"@type":"PropertyValueSpecification","valueRequired":true,"valueName":"search_term_string"}}],"inLanguage":"pt-BR"}]}},"jetpack_featured_media_url":"","_links":{"self":[{"href":"https:\/\/www.blogsoestado.com\/danielmatos\/wp-json\/wp\/v2\/posts\/19530","targetHints":{"allow":["GET"]}}],"collection":[{"href":"https:\/\/www.blogsoestado.com\/danielmatos\/wp-json\/wp\/v2\/posts"}],"about":[{"href":"https:\/\/www.blogsoestado.com\/danielmatos\/wp-json\/wp\/v2\/types\/post"}],"replies":[{"embeddable":true,"href":"https:\/\/www.blogsoestado.com\/danielmatos\/wp-json\/wp\/v2\/comments?post=19530"}],"version-history":[{"count":0,"href":"https:\/\/www.blogsoestado.com\/danielmatos\/wp-json\/wp\/v2\/posts\/19530\/revisions"}],"wp:attachment":[{"href":"https:\/\/www.blogsoestado.com\/danielmatos\/wp-json\/wp\/v2\/media?parent=19530"}],"wp:term":[{"taxonomy":"category","embeddable":true,"href":"https:\/\/www.blogsoestado.com\/danielmatos\/wp-json\/wp\/v2\/categories?post=19530"},{"taxonomy":"post_tag","embeddable":true,"href":"https:\/\/www.blogsoestado.com\/danielmatos\/wp-json\/wp\/v2\/tags?post=19530"}],"curies":[{"name":"wp","href":"https:\/\/api.w.org\/{rel}","templated":true}]}}