{"id":19537,"date":"2014-09-29T16:15:48","date_gmt":"2014-09-29T19:15:48","guid":{"rendered":"https:\/\/www.blogsoestado.com\/danielmatos\/?p=19537"},"modified":"2014-09-29T16:15:48","modified_gmt":"2014-09-29T19:15:48","slug":"em-reta-final-de-campanha-ze-inacio-percorre-varios-municipios","status":"publish","type":"post","link":"https:\/\/www.blogsoestado.com\/danielmatos\/em-reta-final-de-campanha-ze-inacio-percorre-varios-municipios\/","title":{"rendered":"Em reta final de campanha, Z\u00e9 In\u00e1cio percorre v\u00e1rios munic\u00edpios"},"content":{"rendered":"<figure id=\"attachment_19538\" aria-describedby=\"caption-attachment-19538\" style=\"width: 448px\" class=\"wp-caption alignright\"><a href=\"https:\/\/www.blogsoestado.com\/danielmatos\/files\/2014\/09\/inacio-fortuna.jpg\"><img fetchpriority=\"high\" decoding=\"async\" class=\"size-full wp-image-19538\" src=\"https:\/\/www.blogsoestado.com\/danielmatos\/files\/2014\/09\/inacio-fortuna.jpg\" alt=\"Z\u00e9 In\u00e1cio fez com\u00edcio em Fortuna e obteve apoio do povo \" width=\"448\" height=\"336\" \/><\/a><figcaption id=\"caption-attachment-19538\" class=\"wp-caption-text\">Z\u00e9 In\u00e1cio fez com\u00edcio em Fortuna e obteve apoio do povo, que reconheceu seu trabalho em prol do munic\u00edpio<\/figcaption><\/figure>\n<p>O munic\u00edpio de Fortuna mais uma vez recebeu a visita do candidato a deputado estadual Z\u00e9 In\u00e1cio (PT). Dessa vez, um grande com\u00edcio realizado no povoado Barro Preto, com a presen\u00e7a do prefeito, Arlindo Filho, secretariado, vereadores, lideran\u00e7as politicas e correligion\u00e1rios, levou centenas de eleitores a conhecer um pouco mais da trajet\u00f3ria pol\u00edtica do petista.<\/p>\n<p>A agricultora rural de Barro Preto Maria Celestina Oliveira da Silva declarou que ela e a fam\u00edlia votam 13 123. \u201cL\u00e1 em casa todo mundo \u00e9 13123. Z\u00e9 In\u00e1cio sempre deu aten\u00e7\u00e3o ao nosso povo quando a gente chegava ao Incra. N\u00e3o temos como n\u00e3o eleger esse homem\u201d.<\/p>\n<p>Z\u00e9 In\u00e1cio, como gestor p\u00fablico, conseguiu liberar recursos para o munic\u00edpio de Fortuna para a constru\u00e7\u00e3o de estradas em \u00e1reas de assentamentos, incluindo Barro Preto. Tamb\u00e9m nesse per\u00edodo foram liberadas m\u00e1quinas como patrol, retroescavadeira, ca\u00e7amba e carro-pipa.<\/p>\n<p>Para o prefeito Arlindo Filho, Z\u00e9 In\u00e1cio \u00e9 o candidato a deputado estadual com maior qualifica\u00e7\u00e3o para representar a classe trabalhadora e o homem do campo na Assembleia Legislativa. \u201cComo gestor p\u00fablico, Z\u00e9 In\u00e1cio sempre foi comprometido e dedicado \u00e0s a\u00e7\u00f5es referentes \u00e0 agricultura familiar e \u00e0 reforma agr\u00e1ria.\u00a0Por esse motivo, acredito que ser\u00e1 um candidato do povo. Estamos juntos nessa luta!\u201d, declarou Arlindo Filho.<\/p>\n<p>O presidente da C\u00e2mara Municipal, Vitorino Antunes, declarou que Z\u00e9 In\u00e1cio ser\u00e1 o candidato mais bem votado em\u00a0Fortuna, porque o povo sabe reconhecer o que ele fez pelo munic\u00edpio. \u201cZ\u00e9 In\u00e1cio, em parceria com o prefeito Arlindo Filho, deu qualidade de vida para o homem do campo de nossa terra. Hoje os caminhos de acesso nos assentamentos s\u00e3o\u00a0outros, porque o povo tem estrada para sair de suas localidades e vender o que produz\u201d, destacou\u00a0Vitorino Antunes.<\/p>\n<p><strong>\u00c9 do povo <\/strong><\/p>\n<figure id=\"attachment_19539\" aria-describedby=\"caption-attachment-19539\" style=\"width: 448px\" class=\"wp-caption alignleft\"><a href=\"https:\/\/www.blogsoestado.com\/danielmatos\/files\/2014\/09\/inacio-fortuna2.jpg\"><img decoding=\"async\" class=\"size-full wp-image-19539\" src=\"https:\/\/www.blogsoestado.com\/danielmatos\/files\/2014\/09\/inacio-fortuna2.jpg\" alt=\"Petista comandou carreata em Paulino Neves, cidade onde tamb\u00e9m dever\u00e1 ter vota\u00e7\u00e3o expressiva\" width=\"448\" height=\"336\" \/><\/a><figcaption id=\"caption-attachment-19539\" class=\"wp-caption-text\">Petista comandou carreata em Paulino Neves, cidade onde tamb\u00e9m dever\u00e1 ter vota\u00e7\u00e3o expressiva<\/figcaption><\/figure>\n<p>Ainda em atividades constantes por todo o Maranh\u00e3o, Z\u00e9 In\u00e1cio esteve em Tut\u00f3ia, onde se reuniu com uma grande quantidade de lideran\u00e7as comunit\u00e1rias de v\u00e1rios povoados que o apoiam, como \u00e9 o caso de Bebedouro, Bel\u2019\u00e1gua, Santa dos Cavalos, Curralino, Mutamba, Barro Duro, Santa Rosa do Jardim, Bom Gosto, Paxic\u00e1, Lagoinha, Santa Clara, Itaperibe e a pr\u00f3pria\u00a0sede. O evento foi organizado por membros do PT de Tut\u00f3ia.<\/p>\n<p>Ainda em Tut\u00f3ia, Z\u00e9 In\u00e1cio, acompanhado do vereador Osvaldo Sousa Filho, esteve no povoado Cana Brava, na Vila Cau\u00e3, levando suas propostas ao\u00a0conhecimento das fam\u00edlias da comunidade.<\/p>\n<p><strong>Carreata no Areial <\/strong><\/p>\n<p>No munic\u00edpio de Paulino Neves, o candidato petista\u00a0teve uma agenda bastante extensa. Participou de uma carreata no na localidade\u00a0Areial, que percorreu a sede do munic\u00edpio, e de uma reuni\u00e3o com lideran\u00e7as de Barreirinhas e Paulino Neves, no povoado Prata. A reuni\u00e3o foi liderada por Gerson Rocha Soeiro (Paulino Neves) e Mariana Pires dos Santos (Barreirinhas).<\/p>\n<p>De Paulino Neves estiveram presentes lideran\u00e7as de Passagem do Lago, Maraj\u00e1, Prata, Cardosa, Simpl\u00edcio, Contenda, Barroc\u00e3o e Anaj\u00e1. Do munic\u00edpio de Barreirinhas estiveram representantes das comunidades de Gira Mundo, PE Riachinho, Ponta do Buriti, Marcelinho, Goiabal, Quebra II, Santa Cruz, Mioa e Passagem do Gado.<\/p>\n<p>Em seguida, Z\u00e9 In\u00e1cio liderou\u00a0uma grande carreata, que teve inicio no povoado \u00c1gua Riquinha, com destino \u00e0 sede do munic\u00edpio Paulino Neves. O evento foi organizado pelas lideran\u00e7as Pedro da Barriquinha, Duca Emidio e Jeziel do Carmo e contou com a presen\u00e7a maci\u00e7a das comunidades em torno, S\u00e3o Domigos, Meladinho, Tingedor e Barriquinha.<\/p>\n","protected":false},"excerpt":{"rendered":"<p>O munic\u00edpio de Fortuna mais uma vez recebeu a visita do candidato a deputado estadual Z\u00e9 In\u00e1cio (PT). Dessa vez, [&hellip;]<\/p>\n","protected":false},"author":0,"featured_media":0,"comment_status":"open","ping_status":"open","sticky":false,"template":"","format":"standard","meta":{"site-sidebar-layout":"default","site-content-layout":"","ast-site-content-layout":"default","site-content-style":"default","site-sidebar-style":"default","ast-global-header-display":"","ast-banner-title-visibility":"","ast-main-header-display":"","ast-hfb-above-header-display":"","ast-hfb-below-header-display":"","ast-hfb-mobile-header-display":"","site-post-title":"","ast-breadcrumbs-content":"","ast-featured-img":"","footer-sml-layout":"","ast-disable-related-posts":"","theme-transparent-header-meta":"","adv-header-id-meta":"","stick-header-meta":"","header-above-stick-meta":"","header-main-stick-meta":"","header-below-stick-meta":"","astra-migrate-meta-layouts":"default","ast-page-background-enabled":"default","ast-page-background-meta":{"desktop":{"background-color":"var(--ast-global-color-5)","background-image":"","background-repeat":"repeat","background-position":"center center","background-size":"auto","background-attachment":"scroll","background-type":"","background-media":"","overlay-type":"","overlay-color":"","overlay-opacity":"","overlay-gradient":""},"tablet":{"background-color":"","background-image":"","background-repeat":"repeat","background-position":"center center","background-size":"auto","background-attachment":"scroll","background-type":"","background-media":"","overlay-type":"","overlay-color":"","overlay-opacity":"","overlay-gradient":""},"mobile":{"background-color":"","background-image":"","background-repeat":"repeat","background-position":"center center","background-size":"auto","background-attachment":"scroll","background-type":"","background-media":"","overlay-type":"","overlay-color":"","overlay-opacity":"","overlay-gradient":""}},"ast-content-background-meta":{"desktop":{"background-color":"var(--ast-global-color-4)","background-image":"","background-repeat":"repeat","background-position":"center center","background-size":"auto","background-attachment":"scroll","background-type":"","background-media":"","overlay-type":"","overlay-color":"","overlay-opacity":"","overlay-gradient":""},"tablet":{"background-color":"var(--ast-global-color-4)","background-image":"","background-repeat":"repeat","background-position":"center center","background-size":"auto","background-attachment":"scroll","background-type":"","background-media":"","overlay-type":"","overlay-color":"","overlay-opacity":"","overlay-gradient":""},"mobile":{"background-color":"var(--ast-global-color-4)","background-image":"","background-repeat":"repeat","background-position":"center center","background-size":"auto","background-attachment":"scroll","background-type":"","background-media":"","overlay-type":"","overlay-color":"","overlay-opacity":"","overlay-gradient":""}},"footnotes":""},"categories":[1],"tags":[],"class_list":["post-19537","post","type-post","status-publish","format-standard","hentry","category-sem-categoria"],"yoast_head":"<!-- This site is optimized with the Yoast SEO plugin v26.6 - https:\/\/yoast.com\/wordpress\/plugins\/seo\/ -->\n<title>Em reta final de campanha, Z\u00e9 In\u00e1cio percorre v\u00e1rios munic\u00edpios - Daniel Matos<\/title>\n<meta name=\"robots\" content=\"index, follow, max-snippet:-1, max-image-preview:large, max-video-preview:-1\" \/>\n<link rel=\"canonical\" href=\"https:\/\/www.blogsoestado.com\/danielmatos\/em-reta-final-de-campanha-ze-inacio-percorre-varios-municipios\/\" \/>\n<meta property=\"og:locale\" content=\"pt_BR\" \/>\n<meta property=\"og:type\" content=\"article\" \/>\n<meta property=\"og:title\" content=\"Em reta final de campanha, Z\u00e9 In\u00e1cio percorre v\u00e1rios munic\u00edpios - Daniel Matos\" \/>\n<meta property=\"og:description\" content=\"O munic\u00edpio de Fortuna mais uma vez recebeu a visita do candidato a deputado estadual Z\u00e9 In\u00e1cio (PT). Dessa vez, [&hellip;]\" \/>\n<meta property=\"og:url\" content=\"https:\/\/www.blogsoestado.com\/danielmatos\/em-reta-final-de-campanha-ze-inacio-percorre-varios-municipios\/\" \/>\n<meta property=\"og:site_name\" content=\"Daniel Matos\" \/>\n<meta property=\"article:published_time\" content=\"2014-09-29T19:15:48+00:00\" \/>\n<meta property=\"og:image\" content=\"https:\/\/www.blogsoestado.com\/danielmatos\/files\/2014\/09\/inacio-fortuna.jpg\" \/>\n<meta name=\"twitter:card\" content=\"summary_large_image\" \/>\n<meta name=\"twitter:label1\" content=\"Est. tempo de leitura\" \/>\n\t<meta name=\"twitter:data1\" content=\"3 minutos\" \/>\n<script type=\"application\/ld+json\" class=\"yoast-schema-graph\">{\"@context\":\"https:\/\/schema.org\",\"@graph\":[{\"@type\":\"WebPage\",\"@id\":\"https:\/\/www.blogsoestado.com\/danielmatos\/em-reta-final-de-campanha-ze-inacio-percorre-varios-municipios\/\",\"url\":\"https:\/\/www.blogsoestado.com\/danielmatos\/em-reta-final-de-campanha-ze-inacio-percorre-varios-municipios\/\",\"name\":\"Em reta final de campanha, Z\u00e9 In\u00e1cio percorre v\u00e1rios munic\u00edpios - Daniel Matos\",\"isPartOf\":{\"@id\":\"https:\/\/www.blogsoestado.com\/danielmatos\/#website\"},\"primaryImageOfPage\":{\"@id\":\"https:\/\/www.blogsoestado.com\/danielmatos\/em-reta-final-de-campanha-ze-inacio-percorre-varios-municipios\/#primaryimage\"},\"image\":{\"@id\":\"https:\/\/www.blogsoestado.com\/danielmatos\/em-reta-final-de-campanha-ze-inacio-percorre-varios-municipios\/#primaryimage\"},\"thumbnailUrl\":\"https:\/\/www.blogsoestado.com\/danielmatos\/files\/2014\/09\/inacio-fortuna.jpg\",\"datePublished\":\"2014-09-29T19:15:48+00:00\",\"author\":{\"@id\":\"\"},\"breadcrumb\":{\"@id\":\"https:\/\/www.blogsoestado.com\/danielmatos\/em-reta-final-de-campanha-ze-inacio-percorre-varios-municipios\/#breadcrumb\"},\"inLanguage\":\"pt-BR\",\"potentialAction\":[{\"@type\":\"ReadAction\",\"target\":[\"https:\/\/www.blogsoestado.com\/danielmatos\/em-reta-final-de-campanha-ze-inacio-percorre-varios-municipios\/\"]}]},{\"@type\":\"ImageObject\",\"inLanguage\":\"pt-BR\",\"@id\":\"https:\/\/www.blogsoestado.com\/danielmatos\/em-reta-final-de-campanha-ze-inacio-percorre-varios-municipios\/#primaryimage\",\"url\":\"https:\/\/www.blogsoestado.com\/danielmatos\/files\/2014\/09\/inacio-fortuna.jpg\",\"contentUrl\":\"https:\/\/www.blogsoestado.com\/danielmatos\/files\/2014\/09\/inacio-fortuna.jpg\"},{\"@type\":\"BreadcrumbList\",\"@id\":\"https:\/\/www.blogsoestado.com\/danielmatos\/em-reta-final-de-campanha-ze-inacio-percorre-varios-municipios\/#breadcrumb\",\"itemListElement\":[{\"@type\":\"ListItem\",\"position\":1,\"name\":\"In\u00edcio\",\"item\":\"https:\/\/www.blogsoestado.com\/danielmatos\/\"},{\"@type\":\"ListItem\",\"position\":2,\"name\":\"Em reta final de campanha, Z\u00e9 In\u00e1cio percorre v\u00e1rios munic\u00edpios\"}]},{\"@type\":\"WebSite\",\"@id\":\"https:\/\/www.blogsoestado.com\/danielmatos\/#website\",\"url\":\"https:\/\/www.blogsoestado.com\/danielmatos\/\",\"name\":\"Daniel Matos\",\"description\":\"\",\"potentialAction\":[{\"@type\":\"SearchAction\",\"target\":{\"@type\":\"EntryPoint\",\"urlTemplate\":\"https:\/\/www.blogsoestado.com\/danielmatos\/?s={search_term_string}\"},\"query-input\":{\"@type\":\"PropertyValueSpecification\",\"valueRequired\":true,\"valueName\":\"search_term_string\"}}],\"inLanguage\":\"pt-BR\"}]}<\/script>\n<!-- \/ Yoast SEO plugin. -->","yoast_head_json":{"title":"Em reta final de campanha, Z\u00e9 In\u00e1cio percorre v\u00e1rios munic\u00edpios - Daniel Matos","robots":{"index":"index","follow":"follow","max-snippet":"max-snippet:-1","max-image-preview":"max-image-preview:large","max-video-preview":"max-video-preview:-1"},"canonical":"https:\/\/www.blogsoestado.com\/danielmatos\/em-reta-final-de-campanha-ze-inacio-percorre-varios-municipios\/","og_locale":"pt_BR","og_type":"article","og_title":"Em reta final de campanha, Z\u00e9 In\u00e1cio percorre v\u00e1rios munic\u00edpios - Daniel Matos","og_description":"O munic\u00edpio de Fortuna mais uma vez recebeu a visita do candidato a deputado estadual Z\u00e9 In\u00e1cio (PT). Dessa vez, [&hellip;]","og_url":"https:\/\/www.blogsoestado.com\/danielmatos\/em-reta-final-de-campanha-ze-inacio-percorre-varios-municipios\/","og_site_name":"Daniel Matos","article_published_time":"2014-09-29T19:15:48+00:00","og_image":[{"url":"https:\/\/www.blogsoestado.com\/danielmatos\/files\/2014\/09\/inacio-fortuna.jpg","type":"","width":"","height":""}],"twitter_card":"summary_large_image","twitter_misc":{"Est. tempo de leitura":"3 minutos"},"schema":{"@context":"https:\/\/schema.org","@graph":[{"@type":"WebPage","@id":"https:\/\/www.blogsoestado.com\/danielmatos\/em-reta-final-de-campanha-ze-inacio-percorre-varios-municipios\/","url":"https:\/\/www.blogsoestado.com\/danielmatos\/em-reta-final-de-campanha-ze-inacio-percorre-varios-municipios\/","name":"Em reta final de campanha, Z\u00e9 In\u00e1cio percorre v\u00e1rios munic\u00edpios - Daniel Matos","isPartOf":{"@id":"https:\/\/www.blogsoestado.com\/danielmatos\/#website"},"primaryImageOfPage":{"@id":"https:\/\/www.blogsoestado.com\/danielmatos\/em-reta-final-de-campanha-ze-inacio-percorre-varios-municipios\/#primaryimage"},"image":{"@id":"https:\/\/www.blogsoestado.com\/danielmatos\/em-reta-final-de-campanha-ze-inacio-percorre-varios-municipios\/#primaryimage"},"thumbnailUrl":"https:\/\/www.blogsoestado.com\/danielmatos\/files\/2014\/09\/inacio-fortuna.jpg","datePublished":"2014-09-29T19:15:48+00:00","author":{"@id":""},"breadcrumb":{"@id":"https:\/\/www.blogsoestado.com\/danielmatos\/em-reta-final-de-campanha-ze-inacio-percorre-varios-municipios\/#breadcrumb"},"inLanguage":"pt-BR","potentialAction":[{"@type":"ReadAction","target":["https:\/\/www.blogsoestado.com\/danielmatos\/em-reta-final-de-campanha-ze-inacio-percorre-varios-municipios\/"]}]},{"@type":"ImageObject","inLanguage":"pt-BR","@id":"https:\/\/www.blogsoestado.com\/danielmatos\/em-reta-final-de-campanha-ze-inacio-percorre-varios-municipios\/#primaryimage","url":"https:\/\/www.blogsoestado.com\/danielmatos\/files\/2014\/09\/inacio-fortuna.jpg","contentUrl":"https:\/\/www.blogsoestado.com\/danielmatos\/files\/2014\/09\/inacio-fortuna.jpg"},{"@type":"BreadcrumbList","@id":"https:\/\/www.blogsoestado.com\/danielmatos\/em-reta-final-de-campanha-ze-inacio-percorre-varios-municipios\/#breadcrumb","itemListElement":[{"@type":"ListItem","position":1,"name":"In\u00edcio","item":"https:\/\/www.blogsoestado.com\/danielmatos\/"},{"@type":"ListItem","position":2,"name":"Em reta final de campanha, Z\u00e9 In\u00e1cio percorre v\u00e1rios munic\u00edpios"}]},{"@type":"WebSite","@id":"https:\/\/www.blogsoestado.com\/danielmatos\/#website","url":"https:\/\/www.blogsoestado.com\/danielmatos\/","name":"Daniel Matos","description":"","potentialAction":[{"@type":"SearchAction","target":{"@type":"EntryPoint","urlTemplate":"https:\/\/www.blogsoestado.com\/danielmatos\/?s={search_term_string}"},"query-input":{"@type":"PropertyValueSpecification","valueRequired":true,"valueName":"search_term_string"}}],"inLanguage":"pt-BR"}]}},"jetpack_featured_media_url":"","_links":{"self":[{"href":"https:\/\/www.blogsoestado.com\/danielmatos\/wp-json\/wp\/v2\/posts\/19537","targetHints":{"allow":["GET"]}}],"collection":[{"href":"https:\/\/www.blogsoestado.com\/danielmatos\/wp-json\/wp\/v2\/posts"}],"about":[{"href":"https:\/\/www.blogsoestado.com\/danielmatos\/wp-json\/wp\/v2\/types\/post"}],"replies":[{"embeddable":true,"href":"https:\/\/www.blogsoestado.com\/danielmatos\/wp-json\/wp\/v2\/comments?post=19537"}],"version-history":[{"count":0,"href":"https:\/\/www.blogsoestado.com\/danielmatos\/wp-json\/wp\/v2\/posts\/19537\/revisions"}],"wp:attachment":[{"href":"https:\/\/www.blogsoestado.com\/danielmatos\/wp-json\/wp\/v2\/media?parent=19537"}],"wp:term":[{"taxonomy":"category","embeddable":true,"href":"https:\/\/www.blogsoestado.com\/danielmatos\/wp-json\/wp\/v2\/categories?post=19537"},{"taxonomy":"post_tag","embeddable":true,"href":"https:\/\/www.blogsoestado.com\/danielmatos\/wp-json\/wp\/v2\/tags?post=19537"}],"curies":[{"name":"wp","href":"https:\/\/api.w.org\/{rel}","templated":true}]}}