{"id":1954,"date":"2010-03-25T17:19:54","date_gmt":"2010-03-25T20:19:54","guid":{"rendered":"https:\/\/www.blogsoestado.com\/danielmatos\/?p=1954"},"modified":"2010-03-25T17:19:54","modified_gmt":"2010-03-25T20:19:54","slug":"marcia-marinho-comemora-publicacao-de-lei-que-parcela-debitos-do-ipva","status":"publish","type":"post","link":"https:\/\/www.blogsoestado.com\/danielmatos\/marcia-marinho-comemora-publicacao-de-lei-que-parcela-debitos-do-ipva\/","title":{"rendered":"M\u00e1rcia Marinho comemora publica\u00e7\u00e3o de lei que parcela d\u00e9bitos do IPVA"},"content":{"rendered":"<p><img fetchpriority=\"high\" decoding=\"async\" class=\"alignleft size-full wp-image-1955\" src=\"https:\/\/www.blogsoestado.com\/danielmatos\/files\/2010\/03\/marcia-marinho.jpg\" alt=\"marcia marinho\" width=\"448\" height=\"299\" \/>A deputada M\u00e1rcia Marinho (PMDB) foi ontem \u00e0 tribuna da Assembl\u00e9ia Legislativa falar sobre a regulamenta\u00e7\u00e3o da lei que estipula o parcelamento de d\u00e9bitos anteriores do Imposto sobre Propriedade de Ve\u00edculos Automotores (IPVA) em at\u00e9 12 vezes. De acordo com o decreto de lei, para motos a parcela m\u00ednima \u00e9 de R$ 30,00 e para autom\u00f3veis, de R$ 100,00.<\/p>\n<p>M\u00e1rcia explicou que tudo come\u00e7ou quando ela deu entrada no projeto de lei, tendo que retir\u00e1-lo, j\u00e1 que \u00e9 um projeto sobre tributos e a autoria precisa ser do Executivo. Foi quando a deputada enviou o pedido ao Governo do Estado, na forma de indica\u00e7\u00e3o.<\/p>\n<p>\u201cFinalmente agora houve a regulamenta\u00e7\u00e3o pelo Decreto n\u00ba 26.302, de 10 de mar\u00e7o de 2010, com base na Medida Provis\u00f3ria n\u00ba 069, ent\u00e3o editada pelo Governo do Estado e publicada. Finalmente esta lei j\u00e1 est\u00e1 em vigor, isso me deixa muito feliz\u201d, comemorou.<\/p>\n<p>A deputada disse que por ser um imposto caro, milhares e milhares de maranhenses t\u00eam dificuldade para quitar os d\u00e9bitos do IPVA e que desde que chegou \u00e0 Assembleia, essa \u00e9 uma preocupa\u00e7\u00e3o sua. Ela reiterou que com a intensifica\u00e7\u00e3o das blitzen, cresceu o n\u00famero de motos e carros apreendidos, por causa de documentos irregulares.<\/p>\n<p>M\u00e1rcia Marinho informou tamb\u00e9m que a Receita Estadual est\u00e1 estudando a mudan\u00e7a da data do pagamento da primeira parcela do IPVA. Ficaria em mar\u00e7o ou abril, mais distante do tradicional aperto financeiro do come\u00e7o do ano.<\/p>\n<p>A parlamentar fez quest\u00e3o de frisar que a lei em vigor se refere a d\u00e9bitos anteriores do Imposto Sobre Propriedade de Ve\u00edculos Automotores. Ela lembrou que j\u00e1 existe um projeto de lei que est\u00e1 sub judice, do deputado Pav\u00e3o Filho (PDT), que estabelece o parcelamento do IPVA atual em seis vezes.<\/p>\n<p>A deputada contou que sua luta pela conquista da lei durou nove meses, \u201co per\u00edodo de uma gesta\u00e7\u00e3o\u201d, mas que valeu a pena. Ela tamb\u00e9m agradeceu a participa\u00e7\u00e3o de funcion\u00e1rios da AL no processo de regulamenta\u00e7\u00e3o da lei. \u201cGra\u00e7as ao apoio dos assessores desta Casa, aos quais eu quero agradecer, a Ana Elvira, o senhor Verde, o Maneton, o Br\u00e1ulio, que me ajudaram muito\u201d.<\/p>\n<p>A peemedebista agradeceu ainda pela ajuda recebida da equipe da Secretaria da Receita Estadual. \u201cAgrade\u00e7o ao Dr. Haickel, ao Dr. J\u00e2nio, gestor do IPVA, e toda sua equipe que tamb\u00e9m foi muito presente, todos ajudaram para que realmente essa mat\u00e9ria, esse projeto pudesse virar lei e ser efetivado\u201d, disse.<\/p>\n<p>M\u00e1rcia Marinho encerrou seu pronunciamento destacando o importante trabalho feito pela Assembleia Legislativa, e que, de acordo com ela, muitas vezes n\u00e3o \u00e9 reconhecido pela popula\u00e7\u00e3o, at\u00e9 por falta de divulga\u00e7\u00e3o.<\/p>\n","protected":false},"excerpt":{"rendered":"<p>A deputada M\u00e1rcia Marinho (PMDB) foi ontem \u00e0 tribuna da Assembl\u00e9ia Legislativa falar sobre a regulamenta\u00e7\u00e3o da lei que estipula [&hellip;]<\/p>\n","protected":false},"author":0,"featured_media":0,"comment_status":"open","ping_status":"open","sticky":false,"template":"","format":"standard","meta":{"site-sidebar-layout":"default","site-content-layout":"","ast-site-content-layout":"default","site-content-style":"default","site-sidebar-style":"default","ast-global-header-display":"","ast-banner-title-visibility":"","ast-main-header-display":"","ast-hfb-above-header-display":"","ast-hfb-below-header-display":"","ast-hfb-mobile-header-display":"","site-post-title":"","ast-breadcrumbs-content":"","ast-featured-img":"","footer-sml-layout":"","ast-disable-related-posts":"","theme-transparent-header-meta":"","adv-header-id-meta":"","stick-header-meta":"","header-above-stick-meta":"","header-main-stick-meta":"","header-below-stick-meta":"","astra-migrate-meta-layouts":"default","ast-page-background-enabled":"default","ast-page-background-meta":{"desktop":{"background-color":"var(--ast-global-color-5)","background-image":"","background-repeat":"repeat","background-position":"center center","background-size":"auto","background-attachment":"scroll","background-type":"","background-media":"","overlay-type":"","overlay-color":"","overlay-opacity":"","overlay-gradient":""},"tablet":{"background-color":"","background-image":"","background-repeat":"repeat","background-position":"center center","background-size":"auto","background-attachment":"scroll","background-type":"","background-media":"","overlay-type":"","overlay-color":"","overlay-opacity":"","overlay-gradient":""},"mobile":{"background-color":"","background-image":"","background-repeat":"repeat","background-position":"center center","background-size":"auto","background-attachment":"scroll","background-type":"","background-media":"","overlay-type":"","overlay-color":"","overlay-opacity":"","overlay-gradient":""}},"ast-content-background-meta":{"desktop":{"background-color":"var(--ast-global-color-4)","background-image":"","background-repeat":"repeat","background-position":"center center","background-size":"auto","background-attachment":"scroll","background-type":"","background-media":"","overlay-type":"","overlay-color":"","overlay-opacity":"","overlay-gradient":""},"tablet":{"background-color":"var(--ast-global-color-4)","background-image":"","background-repeat":"repeat","background-position":"center center","background-size":"auto","background-attachment":"scroll","background-type":"","background-media":"","overlay-type":"","overlay-color":"","overlay-opacity":"","overlay-gradient":""},"mobile":{"background-color":"var(--ast-global-color-4)","background-image":"","background-repeat":"repeat","background-position":"center center","background-size":"auto","background-attachment":"scroll","background-type":"","background-media":"","overlay-type":"","overlay-color":"","overlay-opacity":"","overlay-gradient":""}},"footnotes":""},"categories":[1],"tags":[],"class_list":["post-1954","post","type-post","status-publish","format-standard","hentry","category-sem-categoria"],"yoast_head":"<!-- This site is optimized with the Yoast SEO plugin v26.6 - https:\/\/yoast.com\/wordpress\/plugins\/seo\/ -->\n<title>M\u00e1rcia Marinho comemora publica\u00e7\u00e3o de lei que parcela d\u00e9bitos do IPVA - Daniel Matos<\/title>\n<meta name=\"robots\" content=\"index, follow, max-snippet:-1, max-image-preview:large, max-video-preview:-1\" \/>\n<link rel=\"canonical\" href=\"https:\/\/www.blogsoestado.com\/danielmatos\/marcia-marinho-comemora-publicacao-de-lei-que-parcela-debitos-do-ipva\/\" \/>\n<meta property=\"og:locale\" content=\"pt_BR\" \/>\n<meta property=\"og:type\" content=\"article\" \/>\n<meta property=\"og:title\" content=\"M\u00e1rcia Marinho comemora publica\u00e7\u00e3o de lei que parcela d\u00e9bitos do IPVA - Daniel Matos\" \/>\n<meta property=\"og:description\" content=\"A deputada M\u00e1rcia Marinho (PMDB) foi ontem \u00e0 tribuna da Assembl\u00e9ia Legislativa falar sobre a regulamenta\u00e7\u00e3o da lei que estipula [&hellip;]\" \/>\n<meta property=\"og:url\" content=\"https:\/\/www.blogsoestado.com\/danielmatos\/marcia-marinho-comemora-publicacao-de-lei-que-parcela-debitos-do-ipva\/\" \/>\n<meta property=\"og:site_name\" content=\"Daniel Matos\" \/>\n<meta property=\"article:published_time\" content=\"2010-03-25T20:19:54+00:00\" \/>\n<meta property=\"og:image\" content=\"https:\/\/www.blogsoestado.com\/danielmatos\/files\/2010\/03\/marcia-marinho.jpg\" \/>\n<meta name=\"twitter:card\" content=\"summary_large_image\" \/>\n<meta name=\"twitter:label1\" content=\"Est. tempo de leitura\" \/>\n\t<meta name=\"twitter:data1\" content=\"2 minutos\" \/>\n<script type=\"application\/ld+json\" class=\"yoast-schema-graph\">{\"@context\":\"https:\/\/schema.org\",\"@graph\":[{\"@type\":\"WebPage\",\"@id\":\"https:\/\/www.blogsoestado.com\/danielmatos\/marcia-marinho-comemora-publicacao-de-lei-que-parcela-debitos-do-ipva\/\",\"url\":\"https:\/\/www.blogsoestado.com\/danielmatos\/marcia-marinho-comemora-publicacao-de-lei-que-parcela-debitos-do-ipva\/\",\"name\":\"M\u00e1rcia Marinho comemora publica\u00e7\u00e3o de lei que parcela d\u00e9bitos do IPVA - Daniel Matos\",\"isPartOf\":{\"@id\":\"https:\/\/www.blogsoestado.com\/danielmatos\/#website\"},\"primaryImageOfPage\":{\"@id\":\"https:\/\/www.blogsoestado.com\/danielmatos\/marcia-marinho-comemora-publicacao-de-lei-que-parcela-debitos-do-ipva\/#primaryimage\"},\"image\":{\"@id\":\"https:\/\/www.blogsoestado.com\/danielmatos\/marcia-marinho-comemora-publicacao-de-lei-que-parcela-debitos-do-ipva\/#primaryimage\"},\"thumbnailUrl\":\"https:\/\/www.blogsoestado.com\/danielmatos\/files\/2010\/03\/marcia-marinho.jpg\",\"datePublished\":\"2010-03-25T20:19:54+00:00\",\"author\":{\"@id\":\"\"},\"breadcrumb\":{\"@id\":\"https:\/\/www.blogsoestado.com\/danielmatos\/marcia-marinho-comemora-publicacao-de-lei-que-parcela-debitos-do-ipva\/#breadcrumb\"},\"inLanguage\":\"pt-BR\",\"potentialAction\":[{\"@type\":\"ReadAction\",\"target\":[\"https:\/\/www.blogsoestado.com\/danielmatos\/marcia-marinho-comemora-publicacao-de-lei-que-parcela-debitos-do-ipva\/\"]}]},{\"@type\":\"ImageObject\",\"inLanguage\":\"pt-BR\",\"@id\":\"https:\/\/www.blogsoestado.com\/danielmatos\/marcia-marinho-comemora-publicacao-de-lei-que-parcela-debitos-do-ipva\/#primaryimage\",\"url\":\"https:\/\/www.blogsoestado.com\/danielmatos\/files\/2010\/03\/marcia-marinho.jpg\",\"contentUrl\":\"https:\/\/www.blogsoestado.com\/danielmatos\/files\/2010\/03\/marcia-marinho.jpg\"},{\"@type\":\"BreadcrumbList\",\"@id\":\"https:\/\/www.blogsoestado.com\/danielmatos\/marcia-marinho-comemora-publicacao-de-lei-que-parcela-debitos-do-ipva\/#breadcrumb\",\"itemListElement\":[{\"@type\":\"ListItem\",\"position\":1,\"name\":\"In\u00edcio\",\"item\":\"https:\/\/www.blogsoestado.com\/danielmatos\/\"},{\"@type\":\"ListItem\",\"position\":2,\"name\":\"M\u00e1rcia Marinho comemora publica\u00e7\u00e3o de lei que parcela d\u00e9bitos do IPVA\"}]},{\"@type\":\"WebSite\",\"@id\":\"https:\/\/www.blogsoestado.com\/danielmatos\/#website\",\"url\":\"https:\/\/www.blogsoestado.com\/danielmatos\/\",\"name\":\"Daniel Matos\",\"description\":\"\",\"potentialAction\":[{\"@type\":\"SearchAction\",\"target\":{\"@type\":\"EntryPoint\",\"urlTemplate\":\"https:\/\/www.blogsoestado.com\/danielmatos\/?s={search_term_string}\"},\"query-input\":{\"@type\":\"PropertyValueSpecification\",\"valueRequired\":true,\"valueName\":\"search_term_string\"}}],\"inLanguage\":\"pt-BR\"}]}<\/script>\n<!-- \/ Yoast SEO plugin. -->","yoast_head_json":{"title":"M\u00e1rcia Marinho comemora publica\u00e7\u00e3o de lei que parcela d\u00e9bitos do IPVA - Daniel Matos","robots":{"index":"index","follow":"follow","max-snippet":"max-snippet:-1","max-image-preview":"max-image-preview:large","max-video-preview":"max-video-preview:-1"},"canonical":"https:\/\/www.blogsoestado.com\/danielmatos\/marcia-marinho-comemora-publicacao-de-lei-que-parcela-debitos-do-ipva\/","og_locale":"pt_BR","og_type":"article","og_title":"M\u00e1rcia Marinho comemora publica\u00e7\u00e3o de lei que parcela d\u00e9bitos do IPVA - Daniel Matos","og_description":"A deputada M\u00e1rcia Marinho (PMDB) foi ontem \u00e0 tribuna da Assembl\u00e9ia Legislativa falar sobre a regulamenta\u00e7\u00e3o da lei que estipula [&hellip;]","og_url":"https:\/\/www.blogsoestado.com\/danielmatos\/marcia-marinho-comemora-publicacao-de-lei-que-parcela-debitos-do-ipva\/","og_site_name":"Daniel Matos","article_published_time":"2010-03-25T20:19:54+00:00","og_image":[{"url":"https:\/\/www.blogsoestado.com\/danielmatos\/files\/2010\/03\/marcia-marinho.jpg","type":"","width":"","height":""}],"twitter_card":"summary_large_image","twitter_misc":{"Est. tempo de leitura":"2 minutos"},"schema":{"@context":"https:\/\/schema.org","@graph":[{"@type":"WebPage","@id":"https:\/\/www.blogsoestado.com\/danielmatos\/marcia-marinho-comemora-publicacao-de-lei-que-parcela-debitos-do-ipva\/","url":"https:\/\/www.blogsoestado.com\/danielmatos\/marcia-marinho-comemora-publicacao-de-lei-que-parcela-debitos-do-ipva\/","name":"M\u00e1rcia Marinho comemora publica\u00e7\u00e3o de lei que parcela d\u00e9bitos do IPVA - Daniel Matos","isPartOf":{"@id":"https:\/\/www.blogsoestado.com\/danielmatos\/#website"},"primaryImageOfPage":{"@id":"https:\/\/www.blogsoestado.com\/danielmatos\/marcia-marinho-comemora-publicacao-de-lei-que-parcela-debitos-do-ipva\/#primaryimage"},"image":{"@id":"https:\/\/www.blogsoestado.com\/danielmatos\/marcia-marinho-comemora-publicacao-de-lei-que-parcela-debitos-do-ipva\/#primaryimage"},"thumbnailUrl":"https:\/\/www.blogsoestado.com\/danielmatos\/files\/2010\/03\/marcia-marinho.jpg","datePublished":"2010-03-25T20:19:54+00:00","author":{"@id":""},"breadcrumb":{"@id":"https:\/\/www.blogsoestado.com\/danielmatos\/marcia-marinho-comemora-publicacao-de-lei-que-parcela-debitos-do-ipva\/#breadcrumb"},"inLanguage":"pt-BR","potentialAction":[{"@type":"ReadAction","target":["https:\/\/www.blogsoestado.com\/danielmatos\/marcia-marinho-comemora-publicacao-de-lei-que-parcela-debitos-do-ipva\/"]}]},{"@type":"ImageObject","inLanguage":"pt-BR","@id":"https:\/\/www.blogsoestado.com\/danielmatos\/marcia-marinho-comemora-publicacao-de-lei-que-parcela-debitos-do-ipva\/#primaryimage","url":"https:\/\/www.blogsoestado.com\/danielmatos\/files\/2010\/03\/marcia-marinho.jpg","contentUrl":"https:\/\/www.blogsoestado.com\/danielmatos\/files\/2010\/03\/marcia-marinho.jpg"},{"@type":"BreadcrumbList","@id":"https:\/\/www.blogsoestado.com\/danielmatos\/marcia-marinho-comemora-publicacao-de-lei-que-parcela-debitos-do-ipva\/#breadcrumb","itemListElement":[{"@type":"ListItem","position":1,"name":"In\u00edcio","item":"https:\/\/www.blogsoestado.com\/danielmatos\/"},{"@type":"ListItem","position":2,"name":"M\u00e1rcia Marinho comemora publica\u00e7\u00e3o de lei que parcela d\u00e9bitos do IPVA"}]},{"@type":"WebSite","@id":"https:\/\/www.blogsoestado.com\/danielmatos\/#website","url":"https:\/\/www.blogsoestado.com\/danielmatos\/","name":"Daniel Matos","description":"","potentialAction":[{"@type":"SearchAction","target":{"@type":"EntryPoint","urlTemplate":"https:\/\/www.blogsoestado.com\/danielmatos\/?s={search_term_string}"},"query-input":{"@type":"PropertyValueSpecification","valueRequired":true,"valueName":"search_term_string"}}],"inLanguage":"pt-BR"}]}},"jetpack_featured_media_url":"","_links":{"self":[{"href":"https:\/\/www.blogsoestado.com\/danielmatos\/wp-json\/wp\/v2\/posts\/1954","targetHints":{"allow":["GET"]}}],"collection":[{"href":"https:\/\/www.blogsoestado.com\/danielmatos\/wp-json\/wp\/v2\/posts"}],"about":[{"href":"https:\/\/www.blogsoestado.com\/danielmatos\/wp-json\/wp\/v2\/types\/post"}],"replies":[{"embeddable":true,"href":"https:\/\/www.blogsoestado.com\/danielmatos\/wp-json\/wp\/v2\/comments?post=1954"}],"version-history":[{"count":0,"href":"https:\/\/www.blogsoestado.com\/danielmatos\/wp-json\/wp\/v2\/posts\/1954\/revisions"}],"wp:attachment":[{"href":"https:\/\/www.blogsoestado.com\/danielmatos\/wp-json\/wp\/v2\/media?parent=1954"}],"wp:term":[{"taxonomy":"category","embeddable":true,"href":"https:\/\/www.blogsoestado.com\/danielmatos\/wp-json\/wp\/v2\/categories?post=1954"},{"taxonomy":"post_tag","embeddable":true,"href":"https:\/\/www.blogsoestado.com\/danielmatos\/wp-json\/wp\/v2\/tags?post=1954"}],"curies":[{"name":"wp","href":"https:\/\/api.w.org\/{rel}","templated":true}]}}