{"id":19545,"date":"2014-09-30T09:00:34","date_gmt":"2014-09-30T12:00:34","guid":{"rendered":"https:\/\/www.blogsoestado.com\/danielmatos\/?p=19545"},"modified":"2014-09-30T09:00:34","modified_gmt":"2014-09-30T12:00:34","slug":"modernizado-antigo-pam-diamante-agora-e-centro-de-especialidades-medicas","status":"publish","type":"post","link":"https:\/\/www.blogsoestado.com\/danielmatos\/modernizado-antigo-pam-diamante-agora-e-centro-de-especialidades-medicas\/","title":{"rendered":"Modernizado, antigo PAM Diamante agora \u00e9 Centro de Especialidades M\u00e9dicas"},"content":{"rendered":"<figure id=\"attachment_19546\" aria-describedby=\"caption-attachment-19546\" style=\"width: 640px\" class=\"wp-caption aligncenter\"><a href=\"https:\/\/www.blogsoestado.com\/danielmatos\/files\/2014\/09\/roseana-pam-diamante.jpg\"><img fetchpriority=\"high\" decoding=\"async\" class=\"size-full wp-image-19546\" src=\"https:\/\/www.blogsoestado.com\/danielmatos\/files\/2014\/09\/roseana-pam-diamante.jpg\" alt=\"Roseana e o subsecret\u00e1rio de Sa\u00fade, Jos\u00e9 M\u00e1rcio Leite, descerram placa  marcando reinaugura\u00e7\u00e3o da unidade de sa\u00fade\" width=\"640\" height=\"427\" \/><\/a><figcaption id=\"caption-attachment-19546\" class=\"wp-caption-text\">Roseana Sarney e o subsecret\u00e1rio de Sa\u00fade, Jos\u00e9 M\u00e1rcio Leite, descerram placa marcando inaugura\u00e7\u00e3o da unidade de sa\u00fade<\/figcaption><\/figure>\n<p>A governadora Roseana Sarney e o secret\u00e1rio de Estado de Sa\u00fade, em exerc\u00edcio, Jos\u00e9 Marcio Leite, inauguraram, nesta segunda-feira (29), o Centro de Especialidades M\u00e9dicas e Diagn\u00f3stico do Diamante, pr\u00e9dio do antigo PAM Diamante. No local tamb\u00e9m ser\u00e1 a nova sede do Laborat\u00f3rio Central de Sa\u00fade Publica do Maranh\u00e3o (Lacen). Com essa obra, j\u00e1 s\u00e3o 61 unidades do Programa Sa\u00fade \u00e9 Vida entregues pelo governo do Estado, em S\u00e3o Lu\u00eds e no interior do Maranh\u00e3o, que se somam a 10 Unidades de Pronto Atendimento (UPAs), sendo cinco na capital e as demais no interior.<\/p>\n<p>\u201cEstou muito emocionada de estar aqui, hoje, para reabrir as portas do PAM Diamante. Esta reabertura significa muito mais do que reinaugurar uma unidade de atendimento. O PAM Diamante, com sua nova estrutura, foi planejado para complementar a rede de hospitais da nossa cidade. Quem vier aqui vai encontrar tudo de melhor que h\u00e1 em equipamento, servi\u00e7os e, tamb\u00e9m, profissionais preparados para prestar um atendimento de primeira\u201d, disse a governadora.<\/p>\n<p>Roseana Sarney aproveitou para anunciar que nesta ter\u00e7a-feira (30) inaugura a 11\u00aa UPA, desta vez beneficiando moradores do bairro Vila Luiz\u00e3o e adjac\u00eancia. \u201cDe 2009 at\u00e9 este ano apenas com os hospitais de 20 e 50 leitos j\u00e1 temos 48 em pleno funcionamento. O Maranh\u00e3o ganhou mais 1.130 leitos. Em S\u00e3o Lu\u00eds, o n\u00famero de m\u00e9dicos subiu de 730 para 948; no interior do estado, este n\u00famero subiu de 230 para 707 m\u00e9dicos\u201d, enumerou a governadora ao falar do sucesso do Programa Sa\u00fade \u00e9 Vida. Ela ressaltou ainda que outras tr\u00eas unidades do programa \u2013 nos munic\u00edpios de Nova York, S\u00e3o Jo\u00e3o do Para\u00edso e Bequim\u00e3o &#8211; est\u00e3o em pleno funcionamento e prontas para serem inauguradas.<\/p>\n<figure id=\"attachment_19547\" aria-describedby=\"caption-attachment-19547\" style=\"width: 640px\" class=\"wp-caption aligncenter\"><a href=\"https:\/\/www.blogsoestado.com\/danielmatos\/files\/2014\/09\/roseana-pam-diamante2.jpg\"><img decoding=\"async\" class=\"size-full wp-image-19547\" src=\"https:\/\/www.blogsoestado.com\/danielmatos\/files\/2014\/09\/roseana-pam-diamante2.jpg\" alt=\"Roseana se disse emocionada por reabrir portas do PAM Diamante \u00e0 popula\u00e7\u00e3o\" width=\"640\" height=\"419\" \/><\/a><figcaption id=\"caption-attachment-19547\" class=\"wp-caption-text\">Roseana se disse emocionada por reabrir as portas do PAM Diamante ao povo, com nova estrutura e profissionais preparados<\/figcaption><\/figure>\n<p>\u201cEntregamos o Carlos Macieira e tamb\u00e9m o Hospital Geral especializado no tratamento do c\u00e2ncer em nosso estado. Al\u00e9m do mais, continuamos com o nosso programa de inaugura\u00e7\u00f5es e construindo cinco grandes hospitais em Pinheiro, Balsas, Chapadinha, Imperatriz e Caxias\u201d, citou. Ela ressaltou que est\u00e3o em andamento o hospital de Viana e em reforma os hospitais de Bacabal e Timon. \u201c\u00c9 importante que se diga que todas essas obras j\u00e1 t\u00eam recursos garantidos em caixa para que sejam entregues \u00e0 popula\u00e7\u00e3o. Estou certa que o meu governo realiza uma revolu\u00e7\u00e3o na Sa\u00fade\u201d, completou a governadora.<\/p>\n<p><strong>Servi\u00e7os<br \/>\n<\/strong><\/p>\n<p>No Centro de Especialidades M\u00e9dicas e Diagn\u00f3stico do Diamante ser\u00e3o ofertadas \u00e0 popula\u00e7\u00e3o, consultas especializadas nas \u00e1reas de cardiologia, otorrinolaringologia, ortopedia, proctologia, dermatologia, gastroenterologia, neurologia, oftalmologia, cirurgia geral, ginecol\u00f3gica, tor\u00e1cica, pl\u00e1stica, buco maxilo, neurocirurgia, e exames de densitometria \u00f3ssea, endoscopia, ecocardiograma, eletrocardiograma, holter, mapa, ecodoppler vascular, teste ergom\u00e9trico, urodin\u00e2mica, citoscopia e penioscopia.<\/p>\n<figure id=\"attachment_19548\" aria-describedby=\"caption-attachment-19548\" style=\"width: 640px\" class=\"wp-caption aligncenter\"><a href=\"https:\/\/www.blogsoestado.com\/danielmatos\/files\/2014\/09\/roseana-pam-diamante3.jpg\"><img decoding=\"async\" class=\"size-full wp-image-19548\" src=\"https:\/\/www.blogsoestado.com\/danielmatos\/files\/2014\/09\/roseana-pam-diamante3.jpg\" alt=\"Governadora recebeu o carinho de funcion\u00e1rios e admiradores durante a inaugura\u00e7\u00e3o\" width=\"640\" height=\"416\" \/><\/a><figcaption id=\"caption-attachment-19548\" class=\"wp-caption-text\">Governadora recebeu o carinho de funcion\u00e1rios e admiradores na inaugura\u00e7\u00e3o do Centro de Especialidades M\u00e9dicas<\/figcaption><\/figure>\n<p>O secret\u00e1rio em exerc\u00edcio Jos\u00e9 Marcio Leite disse que a inaugura\u00e7\u00e3o \u00e9 uma conquista da sociedade, principalmente da popula\u00e7\u00e3o que n\u00e3o disp\u00f5e de plano de sa\u00fade. \u201cEstamos inaugurando aqui um servi\u00e7o vital para esta cidade e para o estado do Maranh\u00e3o. Na aten\u00e7\u00e3o prim\u00e1ria s\u00e3o atendidos e resolvidos 60% dos casos mais simples e aqui ser\u00e3o tratados os casos onde h\u00e1 suspeita de diagn\u00f3stico de um problema mais complexo. Aqui est\u00e3o os equipamentos e os profissionais que propiciam essa confirma\u00e7\u00e3o de diagn\u00f3stico\u201d, explicou Jos\u00e9 Marcio Leite.<\/p>\n<p>O Laborat\u00f3rio Central de Sa\u00fade P\u00fablica do Maranh\u00e3o (Lacen), por sua vez, ser\u00e1 respons\u00e1vel pelo diagn\u00f3stico laboratorial de m\u00e9dia e alta complexidade, atendendo as Vigil\u00e2ncias Sanit\u00e1ria, Epidemiol\u00f3gica e Ambiental dos 217 munic\u00edpios do Maranh\u00e3o. Entre os exames que ser\u00e3o realizados no local est\u00e1 o para detectar suspeitas de meningite, que at\u00e9 ent\u00e3o era encaminhado para o Instituto Evandro Chagas, no Par\u00e1, segundo informou Jos\u00e9 Marcio Leite.<\/p>\n<p><strong>Fonte:<\/strong> Secretaria Estadual de Comunica\u00e7\u00e3o (Secom)<\/p>\n","protected":false},"excerpt":{"rendered":"<p>A governadora Roseana Sarney e o secret\u00e1rio de Estado de Sa\u00fade, em exerc\u00edcio, Jos\u00e9 Marcio Leite, inauguraram, nesta segunda-feira (29), [&hellip;]<\/p>\n","protected":false},"author":0,"featured_media":0,"comment_status":"open","ping_status":"open","sticky":false,"template":"","format":"standard","meta":{"site-sidebar-layout":"default","site-content-layout":"","ast-site-content-layout":"default","site-content-style":"default","site-sidebar-style":"default","ast-global-header-display":"","ast-banner-title-visibility":"","ast-main-header-display":"","ast-hfb-above-header-display":"","ast-hfb-below-header-display":"","ast-hfb-mobile-header-display":"","site-post-title":"","ast-breadcrumbs-content":"","ast-featured-img":"","footer-sml-layout":"","ast-disable-related-posts":"","theme-transparent-header-meta":"","adv-header-id-meta":"","stick-header-meta":"","header-above-stick-meta":"","header-main-stick-meta":"","header-below-stick-meta":"","astra-migrate-meta-layouts":"default","ast-page-background-enabled":"default","ast-page-background-meta":{"desktop":{"background-color":"var(--ast-global-color-5)","background-image":"","background-repeat":"repeat","background-position":"center center","background-size":"auto","background-attachment":"scroll","background-type":"","background-media":"","overlay-type":"","overlay-color":"","overlay-opacity":"","overlay-gradient":""},"tablet":{"background-color":"","background-image":"","background-repeat":"repeat","background-position":"center center","background-size":"auto","background-attachment":"scroll","background-type":"","background-media":"","overlay-type":"","overlay-color":"","overlay-opacity":"","overlay-gradient":""},"mobile":{"background-color":"","background-image":"","background-repeat":"repeat","background-position":"center center","background-size":"auto","background-attachment":"scroll","background-type":"","background-media":"","overlay-type":"","overlay-color":"","overlay-opacity":"","overlay-gradient":""}},"ast-content-background-meta":{"desktop":{"background-color":"var(--ast-global-color-4)","background-image":"","background-repeat":"repeat","background-position":"center center","background-size":"auto","background-attachment":"scroll","background-type":"","background-media":"","overlay-type":"","overlay-color":"","overlay-opacity":"","overlay-gradient":""},"tablet":{"background-color":"var(--ast-global-color-4)","background-image":"","background-repeat":"repeat","background-position":"center center","background-size":"auto","background-attachment":"scroll","background-type":"","background-media":"","overlay-type":"","overlay-color":"","overlay-opacity":"","overlay-gradient":""},"mobile":{"background-color":"var(--ast-global-color-4)","background-image":"","background-repeat":"repeat","background-position":"center center","background-size":"auto","background-attachment":"scroll","background-type":"","background-media":"","overlay-type":"","overlay-color":"","overlay-opacity":"","overlay-gradient":""}},"footnotes":""},"categories":[1],"tags":[],"class_list":["post-19545","post","type-post","status-publish","format-standard","hentry","category-sem-categoria"],"yoast_head":"<!-- This site is optimized with the Yoast SEO plugin v26.6 - https:\/\/yoast.com\/wordpress\/plugins\/seo\/ -->\n<title>Modernizado, antigo PAM Diamante agora \u00e9 Centro de Especialidades M\u00e9dicas - Daniel Matos<\/title>\n<meta name=\"robots\" content=\"index, follow, max-snippet:-1, max-image-preview:large, max-video-preview:-1\" \/>\n<link rel=\"canonical\" href=\"https:\/\/www.blogsoestado.com\/danielmatos\/modernizado-antigo-pam-diamante-agora-e-centro-de-especialidades-medicas\/\" \/>\n<meta property=\"og:locale\" content=\"pt_BR\" \/>\n<meta property=\"og:type\" content=\"article\" \/>\n<meta property=\"og:title\" content=\"Modernizado, antigo PAM Diamante agora \u00e9 Centro de Especialidades M\u00e9dicas - Daniel Matos\" \/>\n<meta property=\"og:description\" content=\"A governadora Roseana Sarney e o secret\u00e1rio de Estado de Sa\u00fade, em exerc\u00edcio, Jos\u00e9 Marcio Leite, inauguraram, nesta segunda-feira (29), [&hellip;]\" \/>\n<meta property=\"og:url\" content=\"https:\/\/www.blogsoestado.com\/danielmatos\/modernizado-antigo-pam-diamante-agora-e-centro-de-especialidades-medicas\/\" \/>\n<meta property=\"og:site_name\" content=\"Daniel Matos\" \/>\n<meta property=\"article:published_time\" content=\"2014-09-30T12:00:34+00:00\" \/>\n<meta property=\"og:image\" content=\"https:\/\/www.blogsoestado.com\/danielmatos\/files\/2014\/09\/roseana-pam-diamante.jpg\" \/>\n<meta name=\"twitter:card\" content=\"summary_large_image\" \/>\n<meta name=\"twitter:label1\" content=\"Est. tempo de leitura\" \/>\n\t<meta name=\"twitter:data1\" content=\"4 minutos\" \/>\n<script type=\"application\/ld+json\" class=\"yoast-schema-graph\">{\"@context\":\"https:\/\/schema.org\",\"@graph\":[{\"@type\":\"WebPage\",\"@id\":\"https:\/\/www.blogsoestado.com\/danielmatos\/modernizado-antigo-pam-diamante-agora-e-centro-de-especialidades-medicas\/\",\"url\":\"https:\/\/www.blogsoestado.com\/danielmatos\/modernizado-antigo-pam-diamante-agora-e-centro-de-especialidades-medicas\/\",\"name\":\"Modernizado, antigo PAM Diamante agora \u00e9 Centro de Especialidades M\u00e9dicas - Daniel Matos\",\"isPartOf\":{\"@id\":\"https:\/\/www.blogsoestado.com\/danielmatos\/#website\"},\"primaryImageOfPage\":{\"@id\":\"https:\/\/www.blogsoestado.com\/danielmatos\/modernizado-antigo-pam-diamante-agora-e-centro-de-especialidades-medicas\/#primaryimage\"},\"image\":{\"@id\":\"https:\/\/www.blogsoestado.com\/danielmatos\/modernizado-antigo-pam-diamante-agora-e-centro-de-especialidades-medicas\/#primaryimage\"},\"thumbnailUrl\":\"https:\/\/www.blogsoestado.com\/danielmatos\/files\/2014\/09\/roseana-pam-diamante.jpg\",\"datePublished\":\"2014-09-30T12:00:34+00:00\",\"author\":{\"@id\":\"\"},\"breadcrumb\":{\"@id\":\"https:\/\/www.blogsoestado.com\/danielmatos\/modernizado-antigo-pam-diamante-agora-e-centro-de-especialidades-medicas\/#breadcrumb\"},\"inLanguage\":\"pt-BR\",\"potentialAction\":[{\"@type\":\"ReadAction\",\"target\":[\"https:\/\/www.blogsoestado.com\/danielmatos\/modernizado-antigo-pam-diamante-agora-e-centro-de-especialidades-medicas\/\"]}]},{\"@type\":\"ImageObject\",\"inLanguage\":\"pt-BR\",\"@id\":\"https:\/\/www.blogsoestado.com\/danielmatos\/modernizado-antigo-pam-diamante-agora-e-centro-de-especialidades-medicas\/#primaryimage\",\"url\":\"https:\/\/www.blogsoestado.com\/danielmatos\/files\/2014\/09\/roseana-pam-diamante.jpg\",\"contentUrl\":\"https:\/\/www.blogsoestado.com\/danielmatos\/files\/2014\/09\/roseana-pam-diamante.jpg\"},{\"@type\":\"BreadcrumbList\",\"@id\":\"https:\/\/www.blogsoestado.com\/danielmatos\/modernizado-antigo-pam-diamante-agora-e-centro-de-especialidades-medicas\/#breadcrumb\",\"itemListElement\":[{\"@type\":\"ListItem\",\"position\":1,\"name\":\"In\u00edcio\",\"item\":\"https:\/\/www.blogsoestado.com\/danielmatos\/\"},{\"@type\":\"ListItem\",\"position\":2,\"name\":\"Modernizado, antigo PAM Diamante agora \u00e9 Centro de Especialidades M\u00e9dicas\"}]},{\"@type\":\"WebSite\",\"@id\":\"https:\/\/www.blogsoestado.com\/danielmatos\/#website\",\"url\":\"https:\/\/www.blogsoestado.com\/danielmatos\/\",\"name\":\"Daniel Matos\",\"description\":\"\",\"potentialAction\":[{\"@type\":\"SearchAction\",\"target\":{\"@type\":\"EntryPoint\",\"urlTemplate\":\"https:\/\/www.blogsoestado.com\/danielmatos\/?s={search_term_string}\"},\"query-input\":{\"@type\":\"PropertyValueSpecification\",\"valueRequired\":true,\"valueName\":\"search_term_string\"}}],\"inLanguage\":\"pt-BR\"}]}<\/script>\n<!-- \/ Yoast SEO plugin. -->","yoast_head_json":{"title":"Modernizado, antigo PAM Diamante agora \u00e9 Centro de Especialidades M\u00e9dicas - Daniel Matos","robots":{"index":"index","follow":"follow","max-snippet":"max-snippet:-1","max-image-preview":"max-image-preview:large","max-video-preview":"max-video-preview:-1"},"canonical":"https:\/\/www.blogsoestado.com\/danielmatos\/modernizado-antigo-pam-diamante-agora-e-centro-de-especialidades-medicas\/","og_locale":"pt_BR","og_type":"article","og_title":"Modernizado, antigo PAM Diamante agora \u00e9 Centro de Especialidades M\u00e9dicas - Daniel Matos","og_description":"A governadora Roseana Sarney e o secret\u00e1rio de Estado de Sa\u00fade, em exerc\u00edcio, Jos\u00e9 Marcio Leite, inauguraram, nesta segunda-feira (29), [&hellip;]","og_url":"https:\/\/www.blogsoestado.com\/danielmatos\/modernizado-antigo-pam-diamante-agora-e-centro-de-especialidades-medicas\/","og_site_name":"Daniel Matos","article_published_time":"2014-09-30T12:00:34+00:00","og_image":[{"url":"https:\/\/www.blogsoestado.com\/danielmatos\/files\/2014\/09\/roseana-pam-diamante.jpg","type":"","width":"","height":""}],"twitter_card":"summary_large_image","twitter_misc":{"Est. tempo de leitura":"4 minutos"},"schema":{"@context":"https:\/\/schema.org","@graph":[{"@type":"WebPage","@id":"https:\/\/www.blogsoestado.com\/danielmatos\/modernizado-antigo-pam-diamante-agora-e-centro-de-especialidades-medicas\/","url":"https:\/\/www.blogsoestado.com\/danielmatos\/modernizado-antigo-pam-diamante-agora-e-centro-de-especialidades-medicas\/","name":"Modernizado, antigo PAM Diamante agora \u00e9 Centro de Especialidades M\u00e9dicas - Daniel Matos","isPartOf":{"@id":"https:\/\/www.blogsoestado.com\/danielmatos\/#website"},"primaryImageOfPage":{"@id":"https:\/\/www.blogsoestado.com\/danielmatos\/modernizado-antigo-pam-diamante-agora-e-centro-de-especialidades-medicas\/#primaryimage"},"image":{"@id":"https:\/\/www.blogsoestado.com\/danielmatos\/modernizado-antigo-pam-diamante-agora-e-centro-de-especialidades-medicas\/#primaryimage"},"thumbnailUrl":"https:\/\/www.blogsoestado.com\/danielmatos\/files\/2014\/09\/roseana-pam-diamante.jpg","datePublished":"2014-09-30T12:00:34+00:00","author":{"@id":""},"breadcrumb":{"@id":"https:\/\/www.blogsoestado.com\/danielmatos\/modernizado-antigo-pam-diamante-agora-e-centro-de-especialidades-medicas\/#breadcrumb"},"inLanguage":"pt-BR","potentialAction":[{"@type":"ReadAction","target":["https:\/\/www.blogsoestado.com\/danielmatos\/modernizado-antigo-pam-diamante-agora-e-centro-de-especialidades-medicas\/"]}]},{"@type":"ImageObject","inLanguage":"pt-BR","@id":"https:\/\/www.blogsoestado.com\/danielmatos\/modernizado-antigo-pam-diamante-agora-e-centro-de-especialidades-medicas\/#primaryimage","url":"https:\/\/www.blogsoestado.com\/danielmatos\/files\/2014\/09\/roseana-pam-diamante.jpg","contentUrl":"https:\/\/www.blogsoestado.com\/danielmatos\/files\/2014\/09\/roseana-pam-diamante.jpg"},{"@type":"BreadcrumbList","@id":"https:\/\/www.blogsoestado.com\/danielmatos\/modernizado-antigo-pam-diamante-agora-e-centro-de-especialidades-medicas\/#breadcrumb","itemListElement":[{"@type":"ListItem","position":1,"name":"In\u00edcio","item":"https:\/\/www.blogsoestado.com\/danielmatos\/"},{"@type":"ListItem","position":2,"name":"Modernizado, antigo PAM Diamante agora \u00e9 Centro de Especialidades M\u00e9dicas"}]},{"@type":"WebSite","@id":"https:\/\/www.blogsoestado.com\/danielmatos\/#website","url":"https:\/\/www.blogsoestado.com\/danielmatos\/","name":"Daniel Matos","description":"","potentialAction":[{"@type":"SearchAction","target":{"@type":"EntryPoint","urlTemplate":"https:\/\/www.blogsoestado.com\/danielmatos\/?s={search_term_string}"},"query-input":{"@type":"PropertyValueSpecification","valueRequired":true,"valueName":"search_term_string"}}],"inLanguage":"pt-BR"}]}},"jetpack_featured_media_url":"","_links":{"self":[{"href":"https:\/\/www.blogsoestado.com\/danielmatos\/wp-json\/wp\/v2\/posts\/19545","targetHints":{"allow":["GET"]}}],"collection":[{"href":"https:\/\/www.blogsoestado.com\/danielmatos\/wp-json\/wp\/v2\/posts"}],"about":[{"href":"https:\/\/www.blogsoestado.com\/danielmatos\/wp-json\/wp\/v2\/types\/post"}],"replies":[{"embeddable":true,"href":"https:\/\/www.blogsoestado.com\/danielmatos\/wp-json\/wp\/v2\/comments?post=19545"}],"version-history":[{"count":0,"href":"https:\/\/www.blogsoestado.com\/danielmatos\/wp-json\/wp\/v2\/posts\/19545\/revisions"}],"wp:attachment":[{"href":"https:\/\/www.blogsoestado.com\/danielmatos\/wp-json\/wp\/v2\/media?parent=19545"}],"wp:term":[{"taxonomy":"category","embeddable":true,"href":"https:\/\/www.blogsoestado.com\/danielmatos\/wp-json\/wp\/v2\/categories?post=19545"},{"taxonomy":"post_tag","embeddable":true,"href":"https:\/\/www.blogsoestado.com\/danielmatos\/wp-json\/wp\/v2\/tags?post=19545"}],"curies":[{"name":"wp","href":"https:\/\/api.w.org\/{rel}","templated":true}]}}