{"id":19551,"date":"2014-09-30T09:46:56","date_gmt":"2014-09-30T12:46:56","guid":{"rendered":"https:\/\/www.blogsoestado.com\/danielmatos\/?p=19551"},"modified":"2014-09-30T09:46:56","modified_gmt":"2014-09-30T12:46:56","slug":"dia-nacional-de-paralisacao-da-advocacia-publica-federal","status":"publish","type":"post","link":"https:\/\/www.blogsoestado.com\/danielmatos\/dia-nacional-de-paralisacao-da-advocacia-publica-federal\/","title":{"rendered":"Dia Nacional de Paralisa\u00e7\u00e3o da Advocacia P\u00fablica Federal"},"content":{"rendered":"<p>Para alertar a popula\u00e7\u00e3o sobre a car\u00eancia estrutural e a defasagem salarial sofridas pelos membros da Advocacia Geral da Uni\u00e3o (AGU), Advogados da Uni\u00e3o, Procuradores da Fazenda Nacional e Procuradores Federais com atua\u00e7\u00e3o no Maranh\u00e3o v\u00e3o paralisar suas atividades, nesta quarta-feira (1\u00ba de outubro).<\/p>\n<p>A mobiliza\u00e7\u00e3o \u00e9 parte do Dia Nacional de Paralisa\u00e7\u00e3o da Advocacia P\u00fablica Federal. Em S\u00e3o Lu\u00eds, os participantes se concentrar\u00e3o na se\u00e7\u00e3o maranhense da Ordem dos Advogados do Brasil (OAB-MA), no Calhau, a partir das 10h.<\/p>\n<p>No Maranh\u00e3o, as atividades da AGU s\u00e3o exercidas por 68 membros, sendo 13 Advogados da Uni\u00e3o, 20 Procuradores da Fazenda Nacional e 35 Procuradores Federais, todos genericamente denominados advogados p\u00fablicos federais. Em todo Brasil se encontram em atividade mais de 7.000 advogados p\u00fablicos federais.<\/p>\n<p>Os Advogados p\u00fablicos federais orientam governantes, principalmente, nos atos que geram despesas para os cofres p\u00fablicos, evitando a m\u00e1 aplica\u00e7\u00e3o dos recursos p\u00fablicos e defendem a Uni\u00e3o Federal em causas judiciais. Esses advogados garantem a execu\u00e7\u00e3o de pol\u00edticas p\u00fablicas (conjunto de a\u00e7\u00f5es do Estado para o bem coletivo), seja pela defesa judicial ou pelo assessoramento jur\u00eddico aos dirigentes do governo federal. Por exemplo: assessorando a cria\u00e7\u00e3o e defendendo o sistema de cotas e o ENEM, na \u00e1rea educacional; assessorando a cria\u00e7\u00e3o e execu\u00e7\u00e3o das obras do PAC, na \u00e1rea de infraestrutura, assessorando e defendendo a implementa\u00e7\u00e3o do programa bolsa fam\u00edlia e minha casa minha vida, na \u00e1rea social, a demarca\u00e7\u00e3o de \u00e1reas ind\u00edgenas e de territ\u00f3rios de quilombolas, entre outras pol\u00edticas p\u00fablicas.<\/p>\n<p>Atuam, ainda, na cobran\u00e7a e recupera\u00e7\u00e3o dos cr\u00e9ditos p\u00fablicos (da Uni\u00e3o e de suas autarquias e funda\u00e7\u00f5es p\u00fablicas), bem como no combate ao mau uso do dinheiro p\u00fablico.<\/p>\n<p><strong>REIVINDICA\u00c7\u00d5ES<\/strong><\/p>\n<p>No centro das reivindica\u00e7\u00f5es da mobiliza\u00e7\u00e3o desta quarta est\u00e1 a concess\u00e3o da autonomia \u00e0 Advocacia-Geral da Uni\u00e3o, como j\u00e1 ocorre com a Magistratura, com o Minist\u00e9rio P\u00fablico e, mais recentemente, como \u00e0 Defensoria P\u00fablica. Este \u00e9 um dos objetivos da Proposta de Emenda \u00e0 Constitui\u00e7\u00e3o n\u00ba 82\/2007.<\/p>\n<p>\u201cEsta falta de autonomia resulta em problemas como aus\u00eancia de estrutura predial, de log\u00edstica e de pessoal. Os advogados p\u00fablicos federais v\u00eam sendo remunerados com subs\u00eddios e at\u00e9 mesmo verbas indenizat\u00f3rias inferiores aos que s\u00e3o pagos \u00e0s demais carreiras jur\u00eddicas\u201d, explica o Advogado da Uni\u00e3o e um dos l\u00edderes da paralisa\u00e7\u00e3o da categoria no Maranh\u00e3o, Leonardo Marques.<\/p>\n<p>Segundo os advogados p\u00fablicos federais, o Governo Federal trata a AGU de modo discriminat\u00f3rio e insens\u00edvel, apesar das tr\u00eas greves deflagradas pela categoria em menos de uma d\u00e9cada. \u201cSe estas greves n\u00e3o tivessem ocorrido, o cen\u00e1rio da AGU seria ainda mais dram\u00e1tico\u201d, completa Marques.<\/p>\n<p>A categoria tamb\u00e9m defende o Projeto do Novo C\u00f3digo de Processo Civil, que modifica os honor\u00e1rios de sucumb\u00eancia e garante que o advogado p\u00fablico tamb\u00e9m possam receb\u00ea-los . Honor\u00e1rio de sucumb\u00eancia \u00e9 o valor pago ao advogado da parte vencedora pela parte vencida em uma disputa judicial. Atualmente, os \u00fanicos advogados a n\u00e3o receberem os honor\u00e1rios s\u00e3o os advogados p\u00fablicos federais, uma vez que todos os advogados privados e a grande maioria dos advogados p\u00fablicos estaduais e municipais j\u00e1 recebem.<\/p>\n<p><strong>CONCENTRA\u00c7\u00c3O DA MOBILIZA\u00c7\u00c3O<\/strong><\/p>\n<p>Na OAB-MA, no Calhau (Rua Dr. Pedro Emanoel de Oliveira, N\u00ba01), a partir das 10h.<\/p>\n","protected":false},"excerpt":{"rendered":"<p>Para alertar a popula\u00e7\u00e3o sobre a car\u00eancia estrutural e a defasagem salarial sofridas pelos membros da Advocacia Geral da Uni\u00e3o [&hellip;]<\/p>\n","protected":false},"author":0,"featured_media":0,"comment_status":"open","ping_status":"open","sticky":false,"template":"","format":"standard","meta":{"site-sidebar-layout":"default","site-content-layout":"","ast-site-content-layout":"default","site-content-style":"default","site-sidebar-style":"default","ast-global-header-display":"","ast-banner-title-visibility":"","ast-main-header-display":"","ast-hfb-above-header-display":"","ast-hfb-below-header-display":"","ast-hfb-mobile-header-display":"","site-post-title":"","ast-breadcrumbs-content":"","ast-featured-img":"","footer-sml-layout":"","ast-disable-related-posts":"","theme-transparent-header-meta":"","adv-header-id-meta":"","stick-header-meta":"","header-above-stick-meta":"","header-main-stick-meta":"","header-below-stick-meta":"","astra-migrate-meta-layouts":"default","ast-page-background-enabled":"default","ast-page-background-meta":{"desktop":{"background-color":"var(--ast-global-color-5)","background-image":"","background-repeat":"repeat","background-position":"center center","background-size":"auto","background-attachment":"scroll","background-type":"","background-media":"","overlay-type":"","overlay-color":"","overlay-opacity":"","overlay-gradient":""},"tablet":{"background-color":"","background-image":"","background-repeat":"repeat","background-position":"center center","background-size":"auto","background-attachment":"scroll","background-type":"","background-media":"","overlay-type":"","overlay-color":"","overlay-opacity":"","overlay-gradient":""},"mobile":{"background-color":"","background-image":"","background-repeat":"repeat","background-position":"center center","background-size":"auto","background-attachment":"scroll","background-type":"","background-media":"","overlay-type":"","overlay-color":"","overlay-opacity":"","overlay-gradient":""}},"ast-content-background-meta":{"desktop":{"background-color":"var(--ast-global-color-4)","background-image":"","background-repeat":"repeat","background-position":"center center","background-size":"auto","background-attachment":"scroll","background-type":"","background-media":"","overlay-type":"","overlay-color":"","overlay-opacity":"","overlay-gradient":""},"tablet":{"background-color":"var(--ast-global-color-4)","background-image":"","background-repeat":"repeat","background-position":"center center","background-size":"auto","background-attachment":"scroll","background-type":"","background-media":"","overlay-type":"","overlay-color":"","overlay-opacity":"","overlay-gradient":""},"mobile":{"background-color":"var(--ast-global-color-4)","background-image":"","background-repeat":"repeat","background-position":"center center","background-size":"auto","background-attachment":"scroll","background-type":"","background-media":"","overlay-type":"","overlay-color":"","overlay-opacity":"","overlay-gradient":""}},"footnotes":""},"categories":[1],"tags":[],"class_list":["post-19551","post","type-post","status-publish","format-standard","hentry","category-sem-categoria"],"yoast_head":"<!-- This site is optimized with the Yoast SEO plugin v26.6 - https:\/\/yoast.com\/wordpress\/plugins\/seo\/ -->\n<title>Dia Nacional de Paralisa\u00e7\u00e3o da Advocacia P\u00fablica Federal - Daniel Matos<\/title>\n<meta name=\"robots\" content=\"index, follow, max-snippet:-1, max-image-preview:large, max-video-preview:-1\" \/>\n<link rel=\"canonical\" href=\"https:\/\/www.blogsoestado.com\/danielmatos\/dia-nacional-de-paralisacao-da-advocacia-publica-federal\/\" \/>\n<meta property=\"og:locale\" content=\"pt_BR\" \/>\n<meta property=\"og:type\" content=\"article\" \/>\n<meta property=\"og:title\" content=\"Dia Nacional de Paralisa\u00e7\u00e3o da Advocacia P\u00fablica Federal - Daniel Matos\" \/>\n<meta property=\"og:description\" content=\"Para alertar a popula\u00e7\u00e3o sobre a car\u00eancia estrutural e a defasagem salarial sofridas pelos membros da Advocacia Geral da Uni\u00e3o [&hellip;]\" \/>\n<meta property=\"og:url\" content=\"https:\/\/www.blogsoestado.com\/danielmatos\/dia-nacional-de-paralisacao-da-advocacia-publica-federal\/\" \/>\n<meta property=\"og:site_name\" content=\"Daniel Matos\" \/>\n<meta property=\"article:published_time\" content=\"2014-09-30T12:46:56+00:00\" \/>\n<meta name=\"twitter:card\" content=\"summary_large_image\" \/>\n<meta name=\"twitter:label1\" content=\"Est. tempo de leitura\" \/>\n\t<meta name=\"twitter:data1\" content=\"3 minutos\" \/>\n<script type=\"application\/ld+json\" class=\"yoast-schema-graph\">{\"@context\":\"https:\/\/schema.org\",\"@graph\":[{\"@type\":\"WebPage\",\"@id\":\"https:\/\/www.blogsoestado.com\/danielmatos\/dia-nacional-de-paralisacao-da-advocacia-publica-federal\/\",\"url\":\"https:\/\/www.blogsoestado.com\/danielmatos\/dia-nacional-de-paralisacao-da-advocacia-publica-federal\/\",\"name\":\"Dia Nacional de Paralisa\u00e7\u00e3o da Advocacia P\u00fablica Federal - Daniel Matos\",\"isPartOf\":{\"@id\":\"https:\/\/www.blogsoestado.com\/danielmatos\/#website\"},\"datePublished\":\"2014-09-30T12:46:56+00:00\",\"author\":{\"@id\":\"\"},\"breadcrumb\":{\"@id\":\"https:\/\/www.blogsoestado.com\/danielmatos\/dia-nacional-de-paralisacao-da-advocacia-publica-federal\/#breadcrumb\"},\"inLanguage\":\"pt-BR\",\"potentialAction\":[{\"@type\":\"ReadAction\",\"target\":[\"https:\/\/www.blogsoestado.com\/danielmatos\/dia-nacional-de-paralisacao-da-advocacia-publica-federal\/\"]}]},{\"@type\":\"BreadcrumbList\",\"@id\":\"https:\/\/www.blogsoestado.com\/danielmatos\/dia-nacional-de-paralisacao-da-advocacia-publica-federal\/#breadcrumb\",\"itemListElement\":[{\"@type\":\"ListItem\",\"position\":1,\"name\":\"In\u00edcio\",\"item\":\"https:\/\/www.blogsoestado.com\/danielmatos\/\"},{\"@type\":\"ListItem\",\"position\":2,\"name\":\"Dia Nacional de Paralisa\u00e7\u00e3o da Advocacia P\u00fablica Federal\"}]},{\"@type\":\"WebSite\",\"@id\":\"https:\/\/www.blogsoestado.com\/danielmatos\/#website\",\"url\":\"https:\/\/www.blogsoestado.com\/danielmatos\/\",\"name\":\"Daniel Matos\",\"description\":\"\",\"potentialAction\":[{\"@type\":\"SearchAction\",\"target\":{\"@type\":\"EntryPoint\",\"urlTemplate\":\"https:\/\/www.blogsoestado.com\/danielmatos\/?s={search_term_string}\"},\"query-input\":{\"@type\":\"PropertyValueSpecification\",\"valueRequired\":true,\"valueName\":\"search_term_string\"}}],\"inLanguage\":\"pt-BR\"}]}<\/script>\n<!-- \/ Yoast SEO plugin. -->","yoast_head_json":{"title":"Dia Nacional de Paralisa\u00e7\u00e3o da Advocacia P\u00fablica Federal - Daniel Matos","robots":{"index":"index","follow":"follow","max-snippet":"max-snippet:-1","max-image-preview":"max-image-preview:large","max-video-preview":"max-video-preview:-1"},"canonical":"https:\/\/www.blogsoestado.com\/danielmatos\/dia-nacional-de-paralisacao-da-advocacia-publica-federal\/","og_locale":"pt_BR","og_type":"article","og_title":"Dia Nacional de Paralisa\u00e7\u00e3o da Advocacia P\u00fablica Federal - Daniel Matos","og_description":"Para alertar a popula\u00e7\u00e3o sobre a car\u00eancia estrutural e a defasagem salarial sofridas pelos membros da Advocacia Geral da Uni\u00e3o [&hellip;]","og_url":"https:\/\/www.blogsoestado.com\/danielmatos\/dia-nacional-de-paralisacao-da-advocacia-publica-federal\/","og_site_name":"Daniel Matos","article_published_time":"2014-09-30T12:46:56+00:00","twitter_card":"summary_large_image","twitter_misc":{"Est. tempo de leitura":"3 minutos"},"schema":{"@context":"https:\/\/schema.org","@graph":[{"@type":"WebPage","@id":"https:\/\/www.blogsoestado.com\/danielmatos\/dia-nacional-de-paralisacao-da-advocacia-publica-federal\/","url":"https:\/\/www.blogsoestado.com\/danielmatos\/dia-nacional-de-paralisacao-da-advocacia-publica-federal\/","name":"Dia Nacional de Paralisa\u00e7\u00e3o da Advocacia P\u00fablica Federal - Daniel Matos","isPartOf":{"@id":"https:\/\/www.blogsoestado.com\/danielmatos\/#website"},"datePublished":"2014-09-30T12:46:56+00:00","author":{"@id":""},"breadcrumb":{"@id":"https:\/\/www.blogsoestado.com\/danielmatos\/dia-nacional-de-paralisacao-da-advocacia-publica-federal\/#breadcrumb"},"inLanguage":"pt-BR","potentialAction":[{"@type":"ReadAction","target":["https:\/\/www.blogsoestado.com\/danielmatos\/dia-nacional-de-paralisacao-da-advocacia-publica-federal\/"]}]},{"@type":"BreadcrumbList","@id":"https:\/\/www.blogsoestado.com\/danielmatos\/dia-nacional-de-paralisacao-da-advocacia-publica-federal\/#breadcrumb","itemListElement":[{"@type":"ListItem","position":1,"name":"In\u00edcio","item":"https:\/\/www.blogsoestado.com\/danielmatos\/"},{"@type":"ListItem","position":2,"name":"Dia Nacional de Paralisa\u00e7\u00e3o da Advocacia P\u00fablica Federal"}]},{"@type":"WebSite","@id":"https:\/\/www.blogsoestado.com\/danielmatos\/#website","url":"https:\/\/www.blogsoestado.com\/danielmatos\/","name":"Daniel Matos","description":"","potentialAction":[{"@type":"SearchAction","target":{"@type":"EntryPoint","urlTemplate":"https:\/\/www.blogsoestado.com\/danielmatos\/?s={search_term_string}"},"query-input":{"@type":"PropertyValueSpecification","valueRequired":true,"valueName":"search_term_string"}}],"inLanguage":"pt-BR"}]}},"jetpack_featured_media_url":"","_links":{"self":[{"href":"https:\/\/www.blogsoestado.com\/danielmatos\/wp-json\/wp\/v2\/posts\/19551","targetHints":{"allow":["GET"]}}],"collection":[{"href":"https:\/\/www.blogsoestado.com\/danielmatos\/wp-json\/wp\/v2\/posts"}],"about":[{"href":"https:\/\/www.blogsoestado.com\/danielmatos\/wp-json\/wp\/v2\/types\/post"}],"replies":[{"embeddable":true,"href":"https:\/\/www.blogsoestado.com\/danielmatos\/wp-json\/wp\/v2\/comments?post=19551"}],"version-history":[{"count":0,"href":"https:\/\/www.blogsoestado.com\/danielmatos\/wp-json\/wp\/v2\/posts\/19551\/revisions"}],"wp:attachment":[{"href":"https:\/\/www.blogsoestado.com\/danielmatos\/wp-json\/wp\/v2\/media?parent=19551"}],"wp:term":[{"taxonomy":"category","embeddable":true,"href":"https:\/\/www.blogsoestado.com\/danielmatos\/wp-json\/wp\/v2\/categories?post=19551"},{"taxonomy":"post_tag","embeddable":true,"href":"https:\/\/www.blogsoestado.com\/danielmatos\/wp-json\/wp\/v2\/tags?post=19551"}],"curies":[{"name":"wp","href":"https:\/\/api.w.org\/{rel}","templated":true}]}}